{"id":968,"date":"2024-02-29T13:57:25","date_gmt":"2024-02-29T13:57:25","guid":{"rendered":"https:\/\/derutasyvinos.com\/?p=968"},"modified":"2024-03-21T13:59:21","modified_gmt":"2024-03-21T13:59:21","slug":"celler-masroig-ontdek-de-legende-van-pinyeres-negre","status":"publish","type":"post","link":"https:\/\/www.tempsbarcelona.com\/nl\/celler-masroig-ontdek-de-legende-van-pinyeres-negre\/","title":{"rendered":"Celler Masroig: Ontdek de legende van Pinyeres Negre"},"content":{"rendered":"<h2><span style=\"vertical-align: inherit;\"><span style=\"vertical-align: inherit;\">Un message dans Elke Slok<\/span><\/span><\/h2>\n<p><span style=\"vertical-align: inherit;\"><span style=\"vertical-align: inherit;\">Plus tard, nous parlerons du travail des Pinyeres Negre, un des classiques classiques de Celler Masroig. <\/span><span style=\"vertical-align: inherit;\">L&#8217;\u00e9chantillon \u00e9tait un m\u00e9lange de vari\u00e9t\u00e9s vari\u00e9es, mais il n&#8217;y a pas de m\u00e9lange qui soit recouvert de Cari\u00f1ena et de Grenache. <\/span><span style=\"vertical-align: inherit;\">Ce nom contient une l\u00e9gende fascinante sur l&#8217;\u00e9tat de Pinyeres, pour un vieux quartier o\u00f9 se trouvait un soldat, la v\u00e9rit\u00e9 \u00e9tait sur une ville locale. <\/span><span style=\"vertical-align: inherit;\">Un de ces gens a parl\u00e9 un jour dans le monde la semaine derni\u00e8re.<\/span><\/span><\/p>\n<p><span style=\"vertical-align: inherit;\"><span style=\"vertical-align: inherit;\">Le travail zintuiglijke a commenc\u00e9 avec une intense kersenkleur die vooruitloopt op de rijkdom die komen gaat. <\/span><span style=\"vertical-align: inherit;\">La semaine de l&#8217;ar\u00f4me contient des ingr\u00e9dients issus de la cro\u00fbte, du romig eikenhout, du chocolat et des fruits noirs. <\/span><span style=\"vertical-align: inherit;\">Cette nuance est une page sur laquelle les Masroigs s&#8217;engagent pour des personnages en eux-m\u00eames que vous cr\u00e9ez.<\/span><\/span><\/p>\n<h2><span style=\"vertical-align: inherit;\"><span style=\"vertical-align: inherit;\">Smaken die Resonateren rencontre la tradition<\/span><\/span><\/h2>\n<p><span style=\"vertical-align: inherit;\"><span style=\"vertical-align: inherit;\">Les mots sont fondus dans une symphonie de fruits rouges, crois\u00e9s et de tanins d\u00e9licats. <\/span><span style=\"vertical-align: inherit;\">Elke Slok est un produit du ma\u00eetre de la fabrication du vin, qui fait fondre le m\u00eame vert du terroir et du jarenlange \u00e0 l&#8217;\u00e9cart de Celler Masroig.<\/span><\/span><\/p>\n<h2><span style=\"vertical-align: inherit;\"><span style=\"vertical-align: inherit;\">Gardiens de la tradition depuis 1917<\/span><\/span><\/h2>\n<p><span style=\"vertical-align: inherit;\"><span style=\"vertical-align: inherit;\">Consid\u00e9r\u00e9 dans l&#8217;essentiel du commerce du Priorat, le Celler Masroig a \u00e9t\u00e9 abandonn\u00e9 en 1917 et est devenu propri\u00e9taire en 1917. En moins de 100 ans, il a \u00e9t\u00e9 cr\u00e9\u00e9 pour innover et continuer \u00e0 apprendre. <\/span><span style=\"vertical-align: inherit;\">Le van d&#8217;aujourd&#8217;hui est l&#8217;un des propri\u00e9taires les plus respect\u00e9s de l&#8217;entreprise sous le nom de Montsant.<\/span><\/span><\/p>\n<p><span style=\"vertical-align: inherit;\"><span style=\"vertical-align: inherit;\">Sinds de oprichting hebben de leden van Celler Masroig onvermoeibaar gewerkt en nouveau kennis et geavanceerde technieken toegepaste. <\/span><span style=\"vertical-align: inherit;\">Elke Oogst est un homme d&#8217;opinion qui vous a convaincu de la fa\u00e7on dont la tradition, l&#8217;innovation et l&#8217;harmonie sont possibles.<\/span><\/span><\/p>\n<h2><span style=\"vertical-align: inherit;\"><span style=\"vertical-align: inherit;\">Ontdek Montsant vanuit Masroig<\/span><\/span><\/h2>\n<p><span style=\"vertical-align: inherit;\"><span style=\"vertical-align: inherit;\">Celler Masroig, situ\u00e9 dans la r\u00e9gion du Priorat, ne produit pas de produits de qualit\u00e9 pour les femmes, mais je n&#8217;ai pas encore pens\u00e9 \u00e0 la route de la r\u00e9gion de Montsant pour y avoir acc\u00e8s. <\/span><span style=\"vertical-align: inherit;\">Elke fles est un pauvre du terroir, de geschiedenis et de passie die cette r\u00e9gion unique d\u00e9finie.<\/span><\/span><\/p>\n","protected":false},"excerpt":{"rendered":"<p>Un message dans Elke Slok Plus tard, nous parlerons du travail des Pinyeres Negre, un des classiques classiques de Celler Masroig. L&#8217;\u00e9chantillon \u00e9tait un m\u00e9lange de vari\u00e9t\u00e9s vari\u00e9es, mais il n&#8217;y a pas de m\u00e9lange qui soit recouvert de Cari\u00f1ena et de Grenache. Ce nom contient une l\u00e9gende fascinante sur l&#8217;\u00e9tat de Pinyeres, pour un [&hellip;]<\/p>\n","protected":false},"author":2,"featured_media":2755,"comment_status":"open","ping_status":"open","sticky":false,"template":"","format":"standard","meta":{"_et_pb_use_builder":"","_et_pb_old_content":"","_et_gb_content_width":"","footnotes":""},"categories":[35],"tags":[],"class_list":["post-968","post","type-post","status-publish","format-standard","has-post-thumbnail","hentry","category-geen-onderdeel-van-een-categorie"],"yoast_head":"<!-- This site is optimized with the Yoast SEO plugin v25.1 - https:\/\/yoast.com\/wordpress\/plugins\/seo\/ -->\n<title>Celler Masroig: Ontdek de legende van Pinyeres Negre - Temps Barcelona<\/title>\n<meta name=\"robots\" content=\"noindex, follow, max-snippet:-1, max-image-preview:large, max-video-preview:-1\" \/>\n<meta property=\"og:locale\" content=\"nl_NL\" \/>\n<meta property=\"og:type\" content=\"article\" \/>\n<meta property=\"og:title\" content=\"Celler Masroig: Ontdek de legende van Pinyeres Negre - Temps Barcelona\" \/>\n<meta property=\"og:description\" content=\"Un message dans Elke Slok Plus tard, nous parlerons du travail des Pinyeres Negre, un des classiques classiques de Celler Masroig. L&#8217;\u00e9chantillon \u00e9tait un m\u00e9lange de vari\u00e9t\u00e9s vari\u00e9es, mais il n&#8217;y a pas de m\u00e9lange qui soit recouvert de Cari\u00f1ena et de Grenache. Ce nom contient une l\u00e9gende fascinante sur l&#8217;\u00e9tat de Pinyeres, pour un [&hellip;]\" \/>\n<meta property=\"og:url\" content=\"https:\/\/www.tempsbarcelona.com\/nl\/celler-masroig-ontdek-de-legende-van-pinyeres-negre\/\" \/>\n<meta property=\"og:site_name\" content=\"Temps Barcelona\" \/>\n<meta property=\"article:published_time\" content=\"2024-02-29T13:57:25+00:00\" \/>\n<meta property=\"article:modified_time\" content=\"2024-03-21T13:59:21+00:00\" \/>\n<meta property=\"og:image\" content=\"https:\/\/www.tempsbarcelona.com\/wp-content\/uploads\/2024\/02\/IMG-20240516-WA0020.jpg\" \/>\n\t<meta property=\"og:image:width\" content=\"1500\" \/>\n\t<meta property=\"og:image:height\" content=\"2000\" \/>\n\t<meta property=\"og:image:type\" content=\"image\/jpeg\" \/>\n<meta name=\"author\" content=\"Viajero\" \/>\n<meta name=\"twitter:card\" content=\"summary_large_image\" \/>\n<meta name=\"twitter:label1\" content=\"Geschreven door\" \/>\n\t<meta name=\"twitter:data1\" content=\"Viajero\" \/>\n\t<meta name=\"twitter:label2\" content=\"Geschatte leestijd\" \/>\n\t<meta name=\"twitter:data2\" content=\"2 minuten\" \/>\n<script type=\"application\/ld+json\" class=\"yoast-schema-graph\">{\"@context\":\"https:\/\/schema.org\",\"@graph\":[{\"@type\":\"WebPage\",\"@id\":\"https:\/\/www.tempsbarcelona.com\/nl\/celler-masroig-ontdek-de-legende-van-pinyeres-negre\/\",\"url\":\"https:\/\/www.tempsbarcelona.com\/nl\/celler-masroig-ontdek-de-legende-van-pinyeres-negre\/\",\"name\":\"Celler Masroig: Ontdek de legende van Pinyeres Negre - Temps Barcelona\",\"isPartOf\":{\"@id\":\"https:\/\/www.tempsbarcelona.com\/nl\/#website\"},\"primaryImageOfPage\":{\"@id\":\"https:\/\/www.tempsbarcelona.com\/nl\/celler-masroig-ontdek-de-legende-van-pinyeres-negre\/#primaryimage\"},\"image\":{\"@id\":\"https:\/\/www.tempsbarcelona.com\/nl\/celler-masroig-ontdek-de-legende-van-pinyeres-negre\/#primaryimage\"},\"thumbnailUrl\":\"https:\/\/www.tempsbarcelona.com\/wp-content\/uploads\/2024\/02\/IMG-20240516-WA0020.jpg\",\"datePublished\":\"2024-02-29T13:57:25+00:00\",\"dateModified\":\"2024-03-21T13:59:21+00:00\",\"author\":{\"@id\":\"https:\/\/www.tempsbarcelona.com\/nl\/#\/schema\/person\/42e402d68007d6b23123a37e43aca822\"},\"breadcrumb\":{\"@id\":\"https:\/\/www.tempsbarcelona.com\/nl\/celler-masroig-ontdek-de-legende-van-pinyeres-negre\/#breadcrumb\"},\"inLanguage\":\"nl-NL\",\"potentialAction\":[{\"@type\":\"ReadAction\",\"target\":[\"https:\/\/www.tempsbarcelona.com\/nl\/celler-masroig-ontdek-de-legende-van-pinyeres-negre\/\"]}]},{\"@type\":\"ImageObject\",\"inLanguage\":\"nl-NL\",\"@id\":\"https:\/\/www.tempsbarcelona.com\/nl\/celler-masroig-ontdek-de-legende-van-pinyeres-negre\/#primaryimage\",\"url\":\"https:\/\/www.tempsbarcelona.com\/wp-content\/uploads\/2024\/02\/IMG-20240516-WA0020.jpg\",\"contentUrl\":\"https:\/\/www.tempsbarcelona.com\/wp-content\/uploads\/2024\/02\/IMG-20240516-WA0020.jpg\",\"width\":1500,\"height\":2000},{\"@type\":\"BreadcrumbList\",\"@id\":\"https:\/\/www.tempsbarcelona.com\/nl\/celler-masroig-ontdek-de-legende-van-pinyeres-negre\/#breadcrumb\",\"itemListElement\":[{\"@type\":\"ListItem\",\"position\":1,\"name\":\"Portada\",\"item\":\"https:\/\/www.tempsbarcelona.com\/nl\/temps-barcelona\/\"},{\"@type\":\"ListItem\",\"position\":2,\"name\":\"Celler Masroig: Ontdek de legende van Pinyeres Negre\"}]},{\"@type\":\"WebSite\",\"@id\":\"https:\/\/www.tempsbarcelona.com\/nl\/#website\",\"url\":\"https:\/\/www.tempsbarcelona.com\/nl\/\",\"name\":\"Temps Barcelona\",\"description\":\"\",\"potentialAction\":[{\"@type\":\"SearchAction\",\"target\":{\"@type\":\"EntryPoint\",\"urlTemplate\":\"https:\/\/www.tempsbarcelona.com\/nl\/?s={search_term_string}\"},\"query-input\":{\"@type\":\"PropertyValueSpecification\",\"valueRequired\":true,\"valueName\":\"search_term_string\"}}],\"inLanguage\":\"nl-NL\"},{\"@type\":\"Person\",\"@id\":\"https:\/\/www.tempsbarcelona.com\/nl\/#\/schema\/person\/42e402d68007d6b23123a37e43aca822\",\"name\":\"Viajero\",\"image\":{\"@type\":\"ImageObject\",\"inLanguage\":\"nl-NL\",\"@id\":\"https:\/\/www.tempsbarcelona.com\/nl\/#\/schema\/person\/image\/\",\"url\":\"https:\/\/secure.gravatar.com\/avatar\/adc63f40e2c832dac25e11feaef9ac523a32eaf25722d8b78fcb7c6603af7f85?s=96&d=mm&r=g\",\"contentUrl\":\"https:\/\/secure.gravatar.com\/avatar\/adc63f40e2c832dac25e11feaef9ac523a32eaf25722d8b78fcb7c6603af7f85?s=96&d=mm&r=g\",\"caption\":\"Viajero\"}}]}<\/script>\n<!-- \/ Yoast SEO plugin. -->","yoast_head_json":{"title":"Celler Masroig: Ontdek de legende van Pinyeres Negre - Temps Barcelona","robots":{"index":"noindex","follow":"follow","max-snippet":"max-snippet:-1","max-image-preview":"max-image-preview:large","max-video-preview":"max-video-preview:-1"},"og_locale":"nl_NL","og_type":"article","og_title":"Celler Masroig: Ontdek de legende van Pinyeres Negre - Temps Barcelona","og_description":"Un message dans Elke Slok Plus tard, nous parlerons du travail des Pinyeres Negre, un des classiques classiques de Celler Masroig. L&#8217;\u00e9chantillon \u00e9tait un m\u00e9lange de vari\u00e9t\u00e9s vari\u00e9es, mais il n&#8217;y a pas de m\u00e9lange qui soit recouvert de Cari\u00f1ena et de Grenache. Ce nom contient une l\u00e9gende fascinante sur l&#8217;\u00e9tat de Pinyeres, pour un [&hellip;]","og_url":"https:\/\/www.tempsbarcelona.com\/nl\/celler-masroig-ontdek-de-legende-van-pinyeres-negre\/","og_site_name":"Temps Barcelona","article_published_time":"2024-02-29T13:57:25+00:00","article_modified_time":"2024-03-21T13:59:21+00:00","og_image":[{"width":1500,"height":2000,"url":"https:\/\/www.tempsbarcelona.com\/wp-content\/uploads\/2024\/02\/IMG-20240516-WA0020.jpg","type":"image\/jpeg"}],"author":"Viajero","twitter_card":"summary_large_image","twitter_misc":{"Geschreven door":"Viajero","Geschatte leestijd":"2 minuten"},"schema":{"@context":"https:\/\/schema.org","@graph":[{"@type":"WebPage","@id":"https:\/\/www.tempsbarcelona.com\/nl\/celler-masroig-ontdek-de-legende-van-pinyeres-negre\/","url":"https:\/\/www.tempsbarcelona.com\/nl\/celler-masroig-ontdek-de-legende-van-pinyeres-negre\/","name":"Celler Masroig: Ontdek de legende van Pinyeres Negre - Temps Barcelona","isPartOf":{"@id":"https:\/\/www.tempsbarcelona.com\/nl\/#website"},"primaryImageOfPage":{"@id":"https:\/\/www.tempsbarcelona.com\/nl\/celler-masroig-ontdek-de-legende-van-pinyeres-negre\/#primaryimage"},"image":{"@id":"https:\/\/www.tempsbarcelona.com\/nl\/celler-masroig-ontdek-de-legende-van-pinyeres-negre\/#primaryimage"},"thumbnailUrl":"https:\/\/www.tempsbarcelona.com\/wp-content\/uploads\/2024\/02\/IMG-20240516-WA0020.jpg","datePublished":"2024-02-29T13:57:25+00:00","dateModified":"2024-03-21T13:59:21+00:00","author":{"@id":"https:\/\/www.tempsbarcelona.com\/nl\/#\/schema\/person\/42e402d68007d6b23123a37e43aca822"},"breadcrumb":{"@id":"https:\/\/www.tempsbarcelona.com\/nl\/celler-masroig-ontdek-de-legende-van-pinyeres-negre\/#breadcrumb"},"inLanguage":"nl-NL","potentialAction":[{"@type":"ReadAction","target":["https:\/\/www.tempsbarcelona.com\/nl\/celler-masroig-ontdek-de-legende-van-pinyeres-negre\/"]}]},{"@type":"ImageObject","inLanguage":"nl-NL","@id":"https:\/\/www.tempsbarcelona.com\/nl\/celler-masroig-ontdek-de-legende-van-pinyeres-negre\/#primaryimage","url":"https:\/\/www.tempsbarcelona.com\/wp-content\/uploads\/2024\/02\/IMG-20240516-WA0020.jpg","contentUrl":"https:\/\/www.tempsbarcelona.com\/wp-content\/uploads\/2024\/02\/IMG-20240516-WA0020.jpg","width":1500,"height":2000},{"@type":"BreadcrumbList","@id":"https:\/\/www.tempsbarcelona.com\/nl\/celler-masroig-ontdek-de-legende-van-pinyeres-negre\/#breadcrumb","itemListElement":[{"@type":"ListItem","position":1,"name":"Portada","item":"https:\/\/www.tempsbarcelona.com\/nl\/temps-barcelona\/"},{"@type":"ListItem","position":2,"name":"Celler Masroig: Ontdek de legende van Pinyeres Negre"}]},{"@type":"WebSite","@id":"https:\/\/www.tempsbarcelona.com\/nl\/#website","url":"https:\/\/www.tempsbarcelona.com\/nl\/","name":"Temps Barcelona","description":"","potentialAction":[{"@type":"SearchAction","target":{"@type":"EntryPoint","urlTemplate":"https:\/\/www.tempsbarcelona.com\/nl\/?s={search_term_string}"},"query-input":{"@type":"PropertyValueSpecification","valueRequired":true,"valueName":"search_term_string"}}],"inLanguage":"nl-NL"},{"@type":"Person","@id":"https:\/\/www.tempsbarcelona.com\/nl\/#\/schema\/person\/42e402d68007d6b23123a37e43aca822","name":"Viajero","image":{"@type":"ImageObject","inLanguage":"nl-NL","@id":"https:\/\/www.tempsbarcelona.com\/nl\/#\/schema\/person\/image\/","url":"https:\/\/secure.gravatar.com\/avatar\/adc63f40e2c832dac25e11feaef9ac523a32eaf25722d8b78fcb7c6603af7f85?s=96&d=mm&r=g","contentUrl":"https:\/\/secure.gravatar.com\/avatar\/adc63f40e2c832dac25e11feaef9ac523a32eaf25722d8b78fcb7c6603af7f85?s=96&d=mm&r=g","caption":"Viajero"}}]}},"_links":{"self":[{"href":"https:\/\/www.tempsbarcelona.com\/nl\/wp-json\/wp\/v2\/posts\/968","targetHints":{"allow":["GET"]}}],"collection":[{"href":"https:\/\/www.tempsbarcelona.com\/nl\/wp-json\/wp\/v2\/posts"}],"about":[{"href":"https:\/\/www.tempsbarcelona.com\/nl\/wp-json\/wp\/v2\/types\/post"}],"author":[{"embeddable":true,"href":"https:\/\/www.tempsbarcelona.com\/nl\/wp-json\/wp\/v2\/users\/2"}],"replies":[{"embeddable":true,"href":"https:\/\/www.tempsbarcelona.com\/nl\/wp-json\/wp\/v2\/comments?post=968"}],"version-history":[{"count":2,"href":"https:\/\/www.tempsbarcelona.com\/nl\/wp-json\/wp\/v2\/posts\/968\/revisions"}],"predecessor-version":[{"id":1472,"href":"https:\/\/www.tempsbarcelona.com\/nl\/wp-json\/wp\/v2\/posts\/968\/revisions\/1472"}],"wp:featuredmedia":[{"embeddable":true,"href":"https:\/\/www.tempsbarcelona.com\/nl\/wp-json\/wp\/v2\/media\/2755"}],"wp:attachment":[{"href":"https:\/\/www.tempsbarcelona.com\/nl\/wp-json\/wp\/v2\/media?parent=968"}],"wp:term":[{"taxonomy":"category","embeddable":true,"href":"https:\/\/www.tempsbarcelona.com\/nl\/wp-json\/wp\/v2\/categories?post=968"},{"taxonomy":"post_tag","embeddable":true,"href":"https:\/\/www.tempsbarcelona.com\/nl\/wp-json\/wp\/v2\/tags?post=968"}],"curies":[{"name":"wp","href":"https:\/\/api.w.org\/{rel}","templated":true}]}}