{"id":3376,"date":"2024-08-22T11:30:41","date_gmt":"2024-08-22T11:30:41","guid":{"rendered":"https:\/\/derutasyvinos.com\/?p=3376"},"modified":"2024-05-31T09:08:14","modified_gmt":"2024-05-31T09:08:14","slug":"wijndomein-finca-la-luz-in-andalusie","status":"publish","type":"post","link":"https:\/\/www.tempsbarcelona.com\/nl\/wijndomein-finca-la-luz-in-andalusie\/","title":{"rendered":"Wijndomein Finca La Luz in Andalusi\u00eb"},"content":{"rendered":"<p>Genesteld in het hart van het zonnige Andalusi\u00eb, is Finca La Luz een wijndomein waar traditie en innovatie samenkomen om onvergetelijke ervaringen te cre\u00ebren. Dit domein helpt bij het ontdekken van Spaanse wijnen, de lokale keuken en spannende activiteiten.<\/p>\n<p>Finca La Luz strekt zich uit over hectaren pittoreske wijngaarden, zorgvuldig onderhouden om uitzonderlijke wijnen te produceren. Het warme en droge klimaat van Andalusi\u00eb, gecombineerd met de vruchtbare bodems, biedt ideale omstandigheden voor de teelt van lokale en internationale druivensoorten. Onder de geteelde vari\u00ebteiten vinden we Palomino, Pedro Xim\u00e9nez en Moscatel, die wijnen met rijke en complexe smaken voortbrengen.<\/p>\n<p>Elke stap in de productie, van de oogst tot het bottelen, wordt uitgevoerd met grote aandacht voor detail. Moderne wijntechnieken worden gecombineerd met traditionele methoden om wijnen te produceren die de essentie van Andalusi\u00eb vastleggen. Bezoekers kunnen deelnemen aan rondleidingen door de wijngaarden en kelders, waar ze de geheimen van het wijnmaken ontdekken en exclusieve cuv\u00e9es proeven.<\/p>\n<p>De wijnen van Finca La Luz belichamen de ziel van Andalusi\u00eb. De witte wijnen, fris en aromatisch, onthullen bloemige en citrusachtige tonen, terwijl de rode wijnen, krachtig en fluweelachtig, aroma&#8217;s van rijp fruit, specerijen en eiken bieden. De zoete wijnen, zoals de beroemde Sherry, betoveren met hun complexe smaken en natuurlijke zoetheid.<\/p>\n<p>Wijnliefhebbers kunnen deelnemen aan proeverijen waar ze leren de nuances van verschillende druivensoorten en jaargangen te waarderen. Elke proeverij is een ware zintuiglijke verkenning, geleid door gepassioneerde experts.<\/p>\n<h2>Andalusische Gastronomie<\/h2>\n<p>Het restaurant van Finca La Luz, gelegen op de top van een heuvel met een adembenemend uitzicht over de wijngaarden, biedt authentieke en verfijnde gerechten. Getalenteerde chefs gebruiken lokale en seizoensgebonden ingredi\u00ebnten om gerechten te cre\u00ebren die de smaken van Andalusi\u00eb vieren. Van heerlijke tapas tot gegrilde visgerechten en traditionele desserts zoals churros, elke maaltijd is een feest voor de zintuigen.<\/p>\n<p>Bezoekers kunnen ook deelnemen aan kookworkshops waar ze leren typische gerechten te bereiden onder leiding van ervaren chefs. Deze workshops zijn een unieke gelegenheid om zich onder te dompelen in de lokale culinaire cultuur terwijl ze genieten van de wijnen van het domein.<\/p>\n<p>Finca La Luz biedt ook veel activiteiten om volop te genieten van de natuurlijke schoonheid van de regio. Wandelpaden en fietsroutes doorkruisen de wijngaarden en olijfgaarden en bieden spectaculaire uitzichten op het Andalusische platteland. Buitenliefhebbers kunnen ook kiezen voor paardrijtochten of 4&#215;4-excursies om de omgeving te verkennen.<\/p>\n","protected":false},"excerpt":{"rendered":"<p>Genesteld in het hart van het zonnige Andalusi\u00eb, is Finca La Luz een wijndomein waar traditie en innovatie samenkomen om onvergetelijke ervaringen te cre\u00ebren. Dit domein helpt bij het ontdekken van Spaanse wijnen, de lokale keuken en spannende activiteiten. Finca La Luz strekt zich uit over hectaren pittoreske wijngaarden, zorgvuldig onderhouden om uitzonderlijke wijnen te [&hellip;]<\/p>\n","protected":false},"author":2,"featured_media":3371,"comment_status":"open","ping_status":"open","sticky":false,"template":"","format":"standard","meta":{"_et_pb_use_builder":"","_et_pb_old_content":"","_et_gb_content_width":"","footnotes":""},"categories":[35],"tags":[],"class_list":["post-3376","post","type-post","status-publish","format-standard","has-post-thumbnail","hentry","category-geen-onderdeel-van-een-categorie"],"yoast_head":"<!-- This site is optimized with the Yoast SEO plugin v25.1 - https:\/\/yoast.com\/wordpress\/plugins\/seo\/ -->\n<title>Wijndomein Finca La Luz in Andalusi\u00eb - Temps Barcelona<\/title>\n<meta name=\"robots\" content=\"noindex, follow, max-snippet:-1, max-image-preview:large, max-video-preview:-1\" \/>\n<meta property=\"og:locale\" content=\"nl_NL\" \/>\n<meta property=\"og:type\" content=\"article\" \/>\n<meta property=\"og:title\" content=\"Wijndomein Finca La Luz in Andalusi\u00eb - Temps Barcelona\" \/>\n<meta property=\"og:description\" content=\"Genesteld in het hart van het zonnige Andalusi\u00eb, is Finca La Luz een wijndomein waar traditie en innovatie samenkomen om onvergetelijke ervaringen te cre\u00ebren. Dit domein helpt bij het ontdekken van Spaanse wijnen, de lokale keuken en spannende activiteiten. Finca La Luz strekt zich uit over hectaren pittoreske wijngaarden, zorgvuldig onderhouden om uitzonderlijke wijnen te [&hellip;]\" \/>\n<meta property=\"og:url\" content=\"https:\/\/www.tempsbarcelona.com\/nl\/wijndomein-finca-la-luz-in-andalusie\/\" \/>\n<meta property=\"og:site_name\" content=\"Temps Barcelona\" \/>\n<meta property=\"article:published_time\" content=\"2024-08-22T11:30:41+00:00\" \/>\n<meta property=\"og:image\" content=\"https:\/\/www.tempsbarcelona.com\/wp-content\/uploads\/2024\/08\/WhatsApp-Image-2024-05-28-at-13.37.47.jpeg\" \/>\n\t<meta property=\"og:image:width\" content=\"1080\" \/>\n\t<meta property=\"og:image:height\" content=\"1920\" \/>\n\t<meta property=\"og:image:type\" content=\"image\/jpeg\" \/>\n<meta name=\"author\" content=\"Viajero\" \/>\n<meta name=\"twitter:card\" content=\"summary_large_image\" \/>\n<meta name=\"twitter:label1\" content=\"Geschreven door\" \/>\n\t<meta name=\"twitter:data1\" content=\"Viajero\" \/>\n\t<meta name=\"twitter:label2\" content=\"Geschatte leestijd\" \/>\n\t<meta name=\"twitter:data2\" content=\"2 minuten\" \/>\n<script type=\"application\/ld+json\" class=\"yoast-schema-graph\">{\"@context\":\"https:\/\/schema.org\",\"@graph\":[{\"@type\":\"WebPage\",\"@id\":\"https:\/\/www.tempsbarcelona.com\/nl\/wijndomein-finca-la-luz-in-andalusie\/\",\"url\":\"https:\/\/www.tempsbarcelona.com\/nl\/wijndomein-finca-la-luz-in-andalusie\/\",\"name\":\"Wijndomein Finca La Luz in Andalusi\u00eb - Temps Barcelona\",\"isPartOf\":{\"@id\":\"https:\/\/www.tempsbarcelona.com\/nl\/#website\"},\"primaryImageOfPage\":{\"@id\":\"https:\/\/www.tempsbarcelona.com\/nl\/wijndomein-finca-la-luz-in-andalusie\/#primaryimage\"},\"image\":{\"@id\":\"https:\/\/www.tempsbarcelona.com\/nl\/wijndomein-finca-la-luz-in-andalusie\/#primaryimage\"},\"thumbnailUrl\":\"https:\/\/www.tempsbarcelona.com\/wp-content\/uploads\/2024\/08\/WhatsApp-Image-2024-05-28-at-13.37.47.jpeg\",\"datePublished\":\"2024-08-22T11:30:41+00:00\",\"author\":{\"@id\":\"https:\/\/www.tempsbarcelona.com\/nl\/#\/schema\/person\/42e402d68007d6b23123a37e43aca822\"},\"breadcrumb\":{\"@id\":\"https:\/\/www.tempsbarcelona.com\/nl\/wijndomein-finca-la-luz-in-andalusie\/#breadcrumb\"},\"inLanguage\":\"nl-NL\",\"potentialAction\":[{\"@type\":\"ReadAction\",\"target\":[\"https:\/\/www.tempsbarcelona.com\/nl\/wijndomein-finca-la-luz-in-andalusie\/\"]}]},{\"@type\":\"ImageObject\",\"inLanguage\":\"nl-NL\",\"@id\":\"https:\/\/www.tempsbarcelona.com\/nl\/wijndomein-finca-la-luz-in-andalusie\/#primaryimage\",\"url\":\"https:\/\/www.tempsbarcelona.com\/wp-content\/uploads\/2024\/08\/WhatsApp-Image-2024-05-28-at-13.37.47.jpeg\",\"contentUrl\":\"https:\/\/www.tempsbarcelona.com\/wp-content\/uploads\/2024\/08\/WhatsApp-Image-2024-05-28-at-13.37.47.jpeg\",\"width\":1080,\"height\":1920},{\"@type\":\"BreadcrumbList\",\"@id\":\"https:\/\/www.tempsbarcelona.com\/nl\/wijndomein-finca-la-luz-in-andalusie\/#breadcrumb\",\"itemListElement\":[{\"@type\":\"ListItem\",\"position\":1,\"name\":\"Portada\",\"item\":\"https:\/\/www.tempsbarcelona.com\/nl\/temps-barcelona\/\"},{\"@type\":\"ListItem\",\"position\":2,\"name\":\"Wijndomein Finca La Luz in Andalusi\u00eb\"}]},{\"@type\":\"WebSite\",\"@id\":\"https:\/\/www.tempsbarcelona.com\/nl\/#website\",\"url\":\"https:\/\/www.tempsbarcelona.com\/nl\/\",\"name\":\"Temps Barcelona\",\"description\":\"\",\"potentialAction\":[{\"@type\":\"SearchAction\",\"target\":{\"@type\":\"EntryPoint\",\"urlTemplate\":\"https:\/\/www.tempsbarcelona.com\/nl\/?s={search_term_string}\"},\"query-input\":{\"@type\":\"PropertyValueSpecification\",\"valueRequired\":true,\"valueName\":\"search_term_string\"}}],\"inLanguage\":\"nl-NL\"},{\"@type\":\"Person\",\"@id\":\"https:\/\/www.tempsbarcelona.com\/nl\/#\/schema\/person\/42e402d68007d6b23123a37e43aca822\",\"name\":\"Viajero\",\"image\":{\"@type\":\"ImageObject\",\"inLanguage\":\"nl-NL\",\"@id\":\"https:\/\/www.tempsbarcelona.com\/nl\/#\/schema\/person\/image\/\",\"url\":\"https:\/\/secure.gravatar.com\/avatar\/adc63f40e2c832dac25e11feaef9ac523a32eaf25722d8b78fcb7c6603af7f85?s=96&d=mm&r=g\",\"contentUrl\":\"https:\/\/secure.gravatar.com\/avatar\/adc63f40e2c832dac25e11feaef9ac523a32eaf25722d8b78fcb7c6603af7f85?s=96&d=mm&r=g\",\"caption\":\"Viajero\"}}]}<\/script>\n<!-- \/ Yoast SEO plugin. -->","yoast_head_json":{"title":"Wijndomein Finca La Luz in Andalusi\u00eb - Temps Barcelona","robots":{"index":"noindex","follow":"follow","max-snippet":"max-snippet:-1","max-image-preview":"max-image-preview:large","max-video-preview":"max-video-preview:-1"},"og_locale":"nl_NL","og_type":"article","og_title":"Wijndomein Finca La Luz in Andalusi\u00eb - Temps Barcelona","og_description":"Genesteld in het hart van het zonnige Andalusi\u00eb, is Finca La Luz een wijndomein waar traditie en innovatie samenkomen om onvergetelijke ervaringen te cre\u00ebren. Dit domein helpt bij het ontdekken van Spaanse wijnen, de lokale keuken en spannende activiteiten. Finca La Luz strekt zich uit over hectaren pittoreske wijngaarden, zorgvuldig onderhouden om uitzonderlijke wijnen te [&hellip;]","og_url":"https:\/\/www.tempsbarcelona.com\/nl\/wijndomein-finca-la-luz-in-andalusie\/","og_site_name":"Temps Barcelona","article_published_time":"2024-08-22T11:30:41+00:00","og_image":[{"width":1080,"height":1920,"url":"https:\/\/www.tempsbarcelona.com\/wp-content\/uploads\/2024\/08\/WhatsApp-Image-2024-05-28-at-13.37.47.jpeg","type":"image\/jpeg"}],"author":"Viajero","twitter_card":"summary_large_image","twitter_misc":{"Geschreven door":"Viajero","Geschatte leestijd":"2 minuten"},"schema":{"@context":"https:\/\/schema.org","@graph":[{"@type":"WebPage","@id":"https:\/\/www.tempsbarcelona.com\/nl\/wijndomein-finca-la-luz-in-andalusie\/","url":"https:\/\/www.tempsbarcelona.com\/nl\/wijndomein-finca-la-luz-in-andalusie\/","name":"Wijndomein Finca La Luz in Andalusi\u00eb - Temps Barcelona","isPartOf":{"@id":"https:\/\/www.tempsbarcelona.com\/nl\/#website"},"primaryImageOfPage":{"@id":"https:\/\/www.tempsbarcelona.com\/nl\/wijndomein-finca-la-luz-in-andalusie\/#primaryimage"},"image":{"@id":"https:\/\/www.tempsbarcelona.com\/nl\/wijndomein-finca-la-luz-in-andalusie\/#primaryimage"},"thumbnailUrl":"https:\/\/www.tempsbarcelona.com\/wp-content\/uploads\/2024\/08\/WhatsApp-Image-2024-05-28-at-13.37.47.jpeg","datePublished":"2024-08-22T11:30:41+00:00","author":{"@id":"https:\/\/www.tempsbarcelona.com\/nl\/#\/schema\/person\/42e402d68007d6b23123a37e43aca822"},"breadcrumb":{"@id":"https:\/\/www.tempsbarcelona.com\/nl\/wijndomein-finca-la-luz-in-andalusie\/#breadcrumb"},"inLanguage":"nl-NL","potentialAction":[{"@type":"ReadAction","target":["https:\/\/www.tempsbarcelona.com\/nl\/wijndomein-finca-la-luz-in-andalusie\/"]}]},{"@type":"ImageObject","inLanguage":"nl-NL","@id":"https:\/\/www.tempsbarcelona.com\/nl\/wijndomein-finca-la-luz-in-andalusie\/#primaryimage","url":"https:\/\/www.tempsbarcelona.com\/wp-content\/uploads\/2024\/08\/WhatsApp-Image-2024-05-28-at-13.37.47.jpeg","contentUrl":"https:\/\/www.tempsbarcelona.com\/wp-content\/uploads\/2024\/08\/WhatsApp-Image-2024-05-28-at-13.37.47.jpeg","width":1080,"height":1920},{"@type":"BreadcrumbList","@id":"https:\/\/www.tempsbarcelona.com\/nl\/wijndomein-finca-la-luz-in-andalusie\/#breadcrumb","itemListElement":[{"@type":"ListItem","position":1,"name":"Portada","item":"https:\/\/www.tempsbarcelona.com\/nl\/temps-barcelona\/"},{"@type":"ListItem","position":2,"name":"Wijndomein Finca La Luz in Andalusi\u00eb"}]},{"@type":"WebSite","@id":"https:\/\/www.tempsbarcelona.com\/nl\/#website","url":"https:\/\/www.tempsbarcelona.com\/nl\/","name":"Temps Barcelona","description":"","potentialAction":[{"@type":"SearchAction","target":{"@type":"EntryPoint","urlTemplate":"https:\/\/www.tempsbarcelona.com\/nl\/?s={search_term_string}"},"query-input":{"@type":"PropertyValueSpecification","valueRequired":true,"valueName":"search_term_string"}}],"inLanguage":"nl-NL"},{"@type":"Person","@id":"https:\/\/www.tempsbarcelona.com\/nl\/#\/schema\/person\/42e402d68007d6b23123a37e43aca822","name":"Viajero","image":{"@type":"ImageObject","inLanguage":"nl-NL","@id":"https:\/\/www.tempsbarcelona.com\/nl\/#\/schema\/person\/image\/","url":"https:\/\/secure.gravatar.com\/avatar\/adc63f40e2c832dac25e11feaef9ac523a32eaf25722d8b78fcb7c6603af7f85?s=96&d=mm&r=g","contentUrl":"https:\/\/secure.gravatar.com\/avatar\/adc63f40e2c832dac25e11feaef9ac523a32eaf25722d8b78fcb7c6603af7f85?s=96&d=mm&r=g","caption":"Viajero"}}]}},"_links":{"self":[{"href":"https:\/\/www.tempsbarcelona.com\/nl\/wp-json\/wp\/v2\/posts\/3376","targetHints":{"allow":["GET"]}}],"collection":[{"href":"https:\/\/www.tempsbarcelona.com\/nl\/wp-json\/wp\/v2\/posts"}],"about":[{"href":"https:\/\/www.tempsbarcelona.com\/nl\/wp-json\/wp\/v2\/types\/post"}],"author":[{"embeddable":true,"href":"https:\/\/www.tempsbarcelona.com\/nl\/wp-json\/wp\/v2\/users\/2"}],"replies":[{"embeddable":true,"href":"https:\/\/www.tempsbarcelona.com\/nl\/wp-json\/wp\/v2\/comments?post=3376"}],"version-history":[{"count":1,"href":"https:\/\/www.tempsbarcelona.com\/nl\/wp-json\/wp\/v2\/posts\/3376\/revisions"}],"predecessor-version":[{"id":3377,"href":"https:\/\/www.tempsbarcelona.com\/nl\/wp-json\/wp\/v2\/posts\/3376\/revisions\/3377"}],"wp:featuredmedia":[{"embeddable":true,"href":"https:\/\/www.tempsbarcelona.com\/nl\/wp-json\/wp\/v2\/media\/3371"}],"wp:attachment":[{"href":"https:\/\/www.tempsbarcelona.com\/nl\/wp-json\/wp\/v2\/media?parent=3376"}],"wp:term":[{"taxonomy":"category","embeddable":true,"href":"https:\/\/www.tempsbarcelona.com\/nl\/wp-json\/wp\/v2\/categories?post=3376"},{"taxonomy":"post_tag","embeddable":true,"href":"https:\/\/www.tempsbarcelona.com\/nl\/wp-json\/wp\/v2\/tags?post=3376"}],"curies":[{"name":"wp","href":"https:\/\/api.w.org\/{rel}","templated":true}]}}