{"id":1312,"date":"2024-02-13T14:19:07","date_gmt":"2024-02-13T14:19:07","guid":{"rendered":"https:\/\/derutasyvinos.com\/?p=1312"},"modified":"2024-03-20T13:22:02","modified_gmt":"2024-03-20T13:22:02","slug":"de-ziel-van-montsant-enchanted-reisschema","status":"publish","type":"post","link":"https:\/\/www.tempsbarcelona.com\/nl\/de-ziel-van-montsant-enchanted-reisschema\/","title":{"rendered":"De ziel van Montsant: Enchanted reisschema"},"content":{"rendered":"<p><span style=\"vertical-align: inherit;\"><span style=\"vertical-align: inherit;\">Avec le circuit, un charmant cursus unique, con\u00e7u pour tous les grands, id\u00e9al pour les familles, pour les enfants. <\/span><span style=\"vertical-align: inherit;\">D\u00e9couvrez l&#8217;un des meilleurs personnages et des fascinants personnages du Montsant dans le Priorat. <\/span><span style=\"vertical-align: inherit;\">Nous n&#8217;avons pas encore d\u00e9couvert les desserts des Cadolles Fondes et les desserts traditionnels des Ulldemolins, notamment les Orelletes, qui ont fait leurs preuves.<\/span><\/span><\/p>\n<h2><span style=\"vertical-align: inherit;\"><span style=\"vertical-align: inherit;\">Bergen\u00a0:\u00a0Heilige\u00a0Berg<\/span><\/span><\/h2>\n<p><span style=\"vertical-align: inherit;\"><span style=\"vertical-align: inherit;\">Le nom du Berg, Montsant, est cens\u00e9 \u00eatre l&#8217;essence m\u00eame de ce qu&#8217;est le Berg \u00e9lev\u00e9. <\/span><span style=\"vertical-align: inherit;\">Eeuwenlang a \u00e9t\u00e9 dit massivement un plat id\u00e9al pour la m\u00e9ditation, un pays o\u00f9 l&#8217;ordre est pour l&#8217;homme avec Dieu, de nature \u00e0 lui-m\u00eame. <\/span><span style=\"vertical-align: inherit;\">Les experts dans le paysage du Montsant obtiennent cette parole spirituelle. <\/span><span style=\"vertical-align: inherit;\">Le roi de Sant Bartomeu, g\u00e9r\u00e9 en 1160 par le fr\u00e8re Guerau Miquel, est l&#8217;ancien de ce lieu, associ\u00e9 \u00e0 la reine Helene du roi Sanxa.<\/span><\/span><\/p>\n<h2><span style=\"vertical-align: inherit;\"><span style=\"vertical-align: inherit;\">Bezoek porte de la nature<\/span><\/span><\/h2>\n<p><span style=\"vertical-align: inherit;\"><span style=\"vertical-align: inherit;\">L&#8217;itin\u00e9raire commence par l&#8217;\u00eele de Sant Antoni d&#8217;Ulldemolins, porte de marque et marquage routier. <\/span><span style=\"vertical-align: inherit;\">Verlaat de weg aan de rechterkant, volg het pad dat naar de petite heuvel gaat en vervolgens naar de rivier de Montsant. <\/span><span style=\"vertical-align: inherit;\">Les Snelkoppelingen zijn mogelijk om sommige spoorafwijkingen te vermijden en de bron van de Gleva te verbinden. <\/span><span style=\"vertical-align: inherit;\">Le tapis est en contact avec les gants de Cadolles Fondes et se trouve entre les deux c\u00f4t\u00e9s de la porte de l&#8217;eau \u00e0 proximit\u00e9 de l&#8217;eau.<\/span><\/span><\/p>\n<h2><span style=\"vertical-align: inherit;\"><span style=\"vertical-align: inherit;\">Verken de belangrijkste punten<\/span><\/span><\/h2>\n<p><span style=\"vertical-align: inherit;\"><span style=\"vertical-align: inherit;\">La route est plus longue que le chemin parall\u00e8le \u00e0 la rivi\u00e8re, porte le bois \u00e0 l&#8217;oevers. <\/span><span style=\"vertical-align: inherit;\">Il y a des points de vente pour les voyageurs sur la place de Leyde, les pourris des Trois Juradets et les chiens de Pastera. <\/span><span style=\"vertical-align: inherit;\">Le pad slingert se trouve \u00e0 proximit\u00e9 des Trois Jurats, tandis que le ravin de Sant Bartomeu est \u00e0 terre. <\/span><span style=\"vertical-align: inherit;\">Un charmant hangbrug se trouve pr\u00e8s de l&#8217;ermitagepad et au bord de la rivi\u00e8re.<\/span><\/span><\/p>\n<h2><span style=\"vertical-align: inherit;\"><span style=\"vertical-align: inherit;\">Merveille de Sant Bartomeu<\/span><\/span><\/h2>\n<p><span style=\"vertical-align: inherit;\"><span style=\"vertical-align: inherit;\">La grande grotte de Kluis, situ\u00e9e pr\u00e8s d&#8217;un autre endroit, offre un aper\u00e7u de la vie du fr\u00e8re Guerau. <\/span><span style=\"vertical-align: inherit;\">La spiritualit\u00e9 est enseign\u00e9e par ce peuple uni.<\/span><\/span><\/p>\n<p><span style=\"vertical-align: inherit;\"><span style=\"vertical-align: inherit;\">Le terugkeer gebeurt door het pad in de tegenovergestelde richeting te volgen, waardoor wandelaars de travailler dans ce fascinant paysage kunnen herbeleven. <\/span><span style=\"vertical-align: inherit;\">Geniet van elke s&#8217;est mis en laat je meeslepen door de Magie van Montsant.<\/span><\/span><\/p>\n","protected":false},"excerpt":{"rendered":"<p>Avec le circuit, un charmant cursus unique, con\u00e7u pour tous les grands, id\u00e9al pour les familles, pour les enfants. D\u00e9couvrez l&#8217;un des meilleurs personnages et des fascinants personnages du Montsant dans le Priorat. Nous n&#8217;avons pas encore d\u00e9couvert les desserts des Cadolles Fondes et les desserts traditionnels des Ulldemolins, notamment les Orelletes, qui ont fait [&hellip;]<\/p>\n","protected":false},"author":2,"featured_media":1690,"comment_status":"open","ping_status":"open","sticky":false,"template":"","format":"standard","meta":{"_et_pb_use_builder":"off","_et_pb_old_content":"","_et_gb_content_width":"","footnotes":""},"categories":[35],"tags":[],"class_list":["post-1312","post","type-post","status-publish","format-standard","has-post-thumbnail","hentry","category-geen-onderdeel-van-een-categorie"],"yoast_head":"<!-- This site is optimized with the Yoast SEO plugin v25.1 - https:\/\/yoast.com\/wordpress\/plugins\/seo\/ -->\n<title>De ziel van Montsant: Enchanted reisschema - Temps Barcelona<\/title>\n<meta name=\"robots\" content=\"noindex, follow, max-snippet:-1, max-image-preview:large, max-video-preview:-1\" \/>\n<meta property=\"og:locale\" content=\"nl_NL\" \/>\n<meta property=\"og:type\" content=\"article\" \/>\n<meta property=\"og:title\" content=\"De ziel van Montsant: Enchanted reisschema - Temps Barcelona\" \/>\n<meta property=\"og:description\" content=\"Avec le circuit, un charmant cursus unique, con\u00e7u pour tous les grands, id\u00e9al pour les familles, pour les enfants. D\u00e9couvrez l&#8217;un des meilleurs personnages et des fascinants personnages du Montsant dans le Priorat. Nous n&#8217;avons pas encore d\u00e9couvert les desserts des Cadolles Fondes et les desserts traditionnels des Ulldemolins, notamment les Orelletes, qui ont fait [&hellip;]\" \/>\n<meta property=\"og:url\" content=\"https:\/\/www.tempsbarcelona.com\/nl\/de-ziel-van-montsant-enchanted-reisschema\/\" \/>\n<meta property=\"og:site_name\" content=\"Temps Barcelona\" \/>\n<meta property=\"article:published_time\" content=\"2024-02-13T14:19:07+00:00\" \/>\n<meta property=\"article:modified_time\" content=\"2024-03-20T13:22:02+00:00\" \/>\n<meta property=\"og:image\" content=\"https:\/\/www.tempsbarcelona.com\/wp-content\/uploads\/2024\/02\/IMG-20240403-WA0053.jpg\" \/>\n\t<meta property=\"og:image:width\" content=\"1080\" \/>\n\t<meta property=\"og:image:height\" content=\"1920\" \/>\n\t<meta property=\"og:image:type\" content=\"image\/jpeg\" \/>\n<meta name=\"author\" content=\"Viajero\" \/>\n<meta name=\"twitter:card\" content=\"summary_large_image\" \/>\n<meta name=\"twitter:label1\" content=\"Geschreven door\" \/>\n\t<meta name=\"twitter:data1\" content=\"Viajero\" \/>\n\t<meta name=\"twitter:label2\" content=\"Geschatte leestijd\" \/>\n\t<meta name=\"twitter:data2\" content=\"2 minuten\" \/>\n<script type=\"application\/ld+json\" class=\"yoast-schema-graph\">{\"@context\":\"https:\/\/schema.org\",\"@graph\":[{\"@type\":\"WebPage\",\"@id\":\"https:\/\/www.tempsbarcelona.com\/nl\/de-ziel-van-montsant-enchanted-reisschema\/\",\"url\":\"https:\/\/www.tempsbarcelona.com\/nl\/de-ziel-van-montsant-enchanted-reisschema\/\",\"name\":\"De ziel van Montsant: Enchanted reisschema - Temps Barcelona\",\"isPartOf\":{\"@id\":\"https:\/\/www.tempsbarcelona.com\/nl\/#website\"},\"primaryImageOfPage\":{\"@id\":\"https:\/\/www.tempsbarcelona.com\/nl\/de-ziel-van-montsant-enchanted-reisschema\/#primaryimage\"},\"image\":{\"@id\":\"https:\/\/www.tempsbarcelona.com\/nl\/de-ziel-van-montsant-enchanted-reisschema\/#primaryimage\"},\"thumbnailUrl\":\"https:\/\/www.tempsbarcelona.com\/wp-content\/uploads\/2024\/02\/IMG-20240403-WA0053.jpg\",\"datePublished\":\"2024-02-13T14:19:07+00:00\",\"dateModified\":\"2024-03-20T13:22:02+00:00\",\"author\":{\"@id\":\"https:\/\/www.tempsbarcelona.com\/nl\/#\/schema\/person\/42e402d68007d6b23123a37e43aca822\"},\"breadcrumb\":{\"@id\":\"https:\/\/www.tempsbarcelona.com\/nl\/de-ziel-van-montsant-enchanted-reisschema\/#breadcrumb\"},\"inLanguage\":\"nl-NL\",\"potentialAction\":[{\"@type\":\"ReadAction\",\"target\":[\"https:\/\/www.tempsbarcelona.com\/nl\/de-ziel-van-montsant-enchanted-reisschema\/\"]}]},{\"@type\":\"ImageObject\",\"inLanguage\":\"nl-NL\",\"@id\":\"https:\/\/www.tempsbarcelona.com\/nl\/de-ziel-van-montsant-enchanted-reisschema\/#primaryimage\",\"url\":\"https:\/\/www.tempsbarcelona.com\/wp-content\/uploads\/2024\/02\/IMG-20240403-WA0053.jpg\",\"contentUrl\":\"https:\/\/www.tempsbarcelona.com\/wp-content\/uploads\/2024\/02\/IMG-20240403-WA0053.jpg\",\"width\":1080,\"height\":1920},{\"@type\":\"BreadcrumbList\",\"@id\":\"https:\/\/www.tempsbarcelona.com\/nl\/de-ziel-van-montsant-enchanted-reisschema\/#breadcrumb\",\"itemListElement\":[{\"@type\":\"ListItem\",\"position\":1,\"name\":\"Portada\",\"item\":\"https:\/\/www.tempsbarcelona.com\/nl\/temps-barcelona\/\"},{\"@type\":\"ListItem\",\"position\":2,\"name\":\"De ziel van Montsant: Enchanted reisschema\"}]},{\"@type\":\"WebSite\",\"@id\":\"https:\/\/www.tempsbarcelona.com\/nl\/#website\",\"url\":\"https:\/\/www.tempsbarcelona.com\/nl\/\",\"name\":\"Temps Barcelona\",\"description\":\"\",\"potentialAction\":[{\"@type\":\"SearchAction\",\"target\":{\"@type\":\"EntryPoint\",\"urlTemplate\":\"https:\/\/www.tempsbarcelona.com\/nl\/?s={search_term_string}\"},\"query-input\":{\"@type\":\"PropertyValueSpecification\",\"valueRequired\":true,\"valueName\":\"search_term_string\"}}],\"inLanguage\":\"nl-NL\"},{\"@type\":\"Person\",\"@id\":\"https:\/\/www.tempsbarcelona.com\/nl\/#\/schema\/person\/42e402d68007d6b23123a37e43aca822\",\"name\":\"Viajero\",\"image\":{\"@type\":\"ImageObject\",\"inLanguage\":\"nl-NL\",\"@id\":\"https:\/\/www.tempsbarcelona.com\/nl\/#\/schema\/person\/image\/\",\"url\":\"https:\/\/secure.gravatar.com\/avatar\/adc63f40e2c832dac25e11feaef9ac523a32eaf25722d8b78fcb7c6603af7f85?s=96&d=mm&r=g\",\"contentUrl\":\"https:\/\/secure.gravatar.com\/avatar\/adc63f40e2c832dac25e11feaef9ac523a32eaf25722d8b78fcb7c6603af7f85?s=96&d=mm&r=g\",\"caption\":\"Viajero\"}}]}<\/script>\n<!-- \/ Yoast SEO plugin. -->","yoast_head_json":{"title":"De ziel van Montsant: Enchanted reisschema - Temps Barcelona","robots":{"index":"noindex","follow":"follow","max-snippet":"max-snippet:-1","max-image-preview":"max-image-preview:large","max-video-preview":"max-video-preview:-1"},"og_locale":"nl_NL","og_type":"article","og_title":"De ziel van Montsant: Enchanted reisschema - Temps Barcelona","og_description":"Avec le circuit, un charmant cursus unique, con\u00e7u pour tous les grands, id\u00e9al pour les familles, pour les enfants. D\u00e9couvrez l&#8217;un des meilleurs personnages et des fascinants personnages du Montsant dans le Priorat. Nous n&#8217;avons pas encore d\u00e9couvert les desserts des Cadolles Fondes et les desserts traditionnels des Ulldemolins, notamment les Orelletes, qui ont fait [&hellip;]","og_url":"https:\/\/www.tempsbarcelona.com\/nl\/de-ziel-van-montsant-enchanted-reisschema\/","og_site_name":"Temps Barcelona","article_published_time":"2024-02-13T14:19:07+00:00","article_modified_time":"2024-03-20T13:22:02+00:00","og_image":[{"width":1080,"height":1920,"url":"https:\/\/www.tempsbarcelona.com\/wp-content\/uploads\/2024\/02\/IMG-20240403-WA0053.jpg","type":"image\/jpeg"}],"author":"Viajero","twitter_card":"summary_large_image","twitter_misc":{"Geschreven door":"Viajero","Geschatte leestijd":"2 minuten"},"schema":{"@context":"https:\/\/schema.org","@graph":[{"@type":"WebPage","@id":"https:\/\/www.tempsbarcelona.com\/nl\/de-ziel-van-montsant-enchanted-reisschema\/","url":"https:\/\/www.tempsbarcelona.com\/nl\/de-ziel-van-montsant-enchanted-reisschema\/","name":"De ziel van Montsant: Enchanted reisschema - Temps Barcelona","isPartOf":{"@id":"https:\/\/www.tempsbarcelona.com\/nl\/#website"},"primaryImageOfPage":{"@id":"https:\/\/www.tempsbarcelona.com\/nl\/de-ziel-van-montsant-enchanted-reisschema\/#primaryimage"},"image":{"@id":"https:\/\/www.tempsbarcelona.com\/nl\/de-ziel-van-montsant-enchanted-reisschema\/#primaryimage"},"thumbnailUrl":"https:\/\/www.tempsbarcelona.com\/wp-content\/uploads\/2024\/02\/IMG-20240403-WA0053.jpg","datePublished":"2024-02-13T14:19:07+00:00","dateModified":"2024-03-20T13:22:02+00:00","author":{"@id":"https:\/\/www.tempsbarcelona.com\/nl\/#\/schema\/person\/42e402d68007d6b23123a37e43aca822"},"breadcrumb":{"@id":"https:\/\/www.tempsbarcelona.com\/nl\/de-ziel-van-montsant-enchanted-reisschema\/#breadcrumb"},"inLanguage":"nl-NL","potentialAction":[{"@type":"ReadAction","target":["https:\/\/www.tempsbarcelona.com\/nl\/de-ziel-van-montsant-enchanted-reisschema\/"]}]},{"@type":"ImageObject","inLanguage":"nl-NL","@id":"https:\/\/www.tempsbarcelona.com\/nl\/de-ziel-van-montsant-enchanted-reisschema\/#primaryimage","url":"https:\/\/www.tempsbarcelona.com\/wp-content\/uploads\/2024\/02\/IMG-20240403-WA0053.jpg","contentUrl":"https:\/\/www.tempsbarcelona.com\/wp-content\/uploads\/2024\/02\/IMG-20240403-WA0053.jpg","width":1080,"height":1920},{"@type":"BreadcrumbList","@id":"https:\/\/www.tempsbarcelona.com\/nl\/de-ziel-van-montsant-enchanted-reisschema\/#breadcrumb","itemListElement":[{"@type":"ListItem","position":1,"name":"Portada","item":"https:\/\/www.tempsbarcelona.com\/nl\/temps-barcelona\/"},{"@type":"ListItem","position":2,"name":"De ziel van Montsant: Enchanted reisschema"}]},{"@type":"WebSite","@id":"https:\/\/www.tempsbarcelona.com\/nl\/#website","url":"https:\/\/www.tempsbarcelona.com\/nl\/","name":"Temps Barcelona","description":"","potentialAction":[{"@type":"SearchAction","target":{"@type":"EntryPoint","urlTemplate":"https:\/\/www.tempsbarcelona.com\/nl\/?s={search_term_string}"},"query-input":{"@type":"PropertyValueSpecification","valueRequired":true,"valueName":"search_term_string"}}],"inLanguage":"nl-NL"},{"@type":"Person","@id":"https:\/\/www.tempsbarcelona.com\/nl\/#\/schema\/person\/42e402d68007d6b23123a37e43aca822","name":"Viajero","image":{"@type":"ImageObject","inLanguage":"nl-NL","@id":"https:\/\/www.tempsbarcelona.com\/nl\/#\/schema\/person\/image\/","url":"https:\/\/secure.gravatar.com\/avatar\/adc63f40e2c832dac25e11feaef9ac523a32eaf25722d8b78fcb7c6603af7f85?s=96&d=mm&r=g","contentUrl":"https:\/\/secure.gravatar.com\/avatar\/adc63f40e2c832dac25e11feaef9ac523a32eaf25722d8b78fcb7c6603af7f85?s=96&d=mm&r=g","caption":"Viajero"}}]}},"_links":{"self":[{"href":"https:\/\/www.tempsbarcelona.com\/nl\/wp-json\/wp\/v2\/posts\/1312","targetHints":{"allow":["GET"]}}],"collection":[{"href":"https:\/\/www.tempsbarcelona.com\/nl\/wp-json\/wp\/v2\/posts"}],"about":[{"href":"https:\/\/www.tempsbarcelona.com\/nl\/wp-json\/wp\/v2\/types\/post"}],"author":[{"embeddable":true,"href":"https:\/\/www.tempsbarcelona.com\/nl\/wp-json\/wp\/v2\/users\/2"}],"replies":[{"embeddable":true,"href":"https:\/\/www.tempsbarcelona.com\/nl\/wp-json\/wp\/v2\/comments?post=1312"}],"version-history":[{"count":3,"href":"https:\/\/www.tempsbarcelona.com\/nl\/wp-json\/wp\/v2\/posts\/1312\/revisions"}],"predecessor-version":[{"id":1467,"href":"https:\/\/www.tempsbarcelona.com\/nl\/wp-json\/wp\/v2\/posts\/1312\/revisions\/1467"}],"wp:featuredmedia":[{"embeddable":true,"href":"https:\/\/www.tempsbarcelona.com\/nl\/wp-json\/wp\/v2\/media\/1690"}],"wp:attachment":[{"href":"https:\/\/www.tempsbarcelona.com\/nl\/wp-json\/wp\/v2\/media?parent=1312"}],"wp:term":[{"taxonomy":"category","embeddable":true,"href":"https:\/\/www.tempsbarcelona.com\/nl\/wp-json\/wp\/v2\/categories?post=1312"},{"taxonomy":"post_tag","embeddable":true,"href":"https:\/\/www.tempsbarcelona.com\/nl\/wp-json\/wp\/v2\/tags?post=1312"}],"curies":[{"name":"wp","href":"https:\/\/api.w.org\/{rel}","templated":true}]}}