{"id":1043,"date":"2024-02-22T13:16:16","date_gmt":"2024-02-22T13:16:16","guid":{"rendered":"https:\/\/derutasyvinos.com\/?p=1043"},"modified":"2024-03-25T09:51:17","modified_gmt":"2024-03-25T09:51:17","slug":"mystieke-verkenning-halloween-in-priorat","status":"publish","type":"post","link":"https:\/\/www.tempsbarcelona.com\/nl\/mystieke-verkenning-halloween-in-priorat\/","title":{"rendered":"Mystieke verkenning: Halloween in Priorat"},"content":{"rendered":"<p><span style=\"vertical-align: inherit;\"><span style=\"vertical-align: inherit;\">Bienvenue dans le Priorat mystique, o\u00f9 des gens ont un aper\u00e7u du festival des wapitis d&#8217;anciennes traditions. Au cours de ces festivit\u00e9s se d\u00e9roule la \u00ab Nuit des Bruixes \u00bb de la Nuit des Sorci\u00e8res, une \u0153uvre unique, le myst\u00e8re, le folklore et une simple magie combin\u00e9e.<\/span><\/span><\/p>\n<h2><span style=\"vertical-align: inherit;\"><span style=\"vertical-align: inherit;\">Oorsprong van de Nits de Bruixes<\/span><\/span><\/h2>\n<p><span style=\"vertical-align: inherit;\"><span style=\"vertical-align: inherit;\">La nuit du Bruix, pass\u00e9e \u00e0 Salom\u00f3, dans la r\u00e9gion du Priorat, a perdu ses affaires dans l&#8217;ancien patrimoine de la r\u00e9gion. Deze mystieke nacht, vaak gekoppeld an de zomerzonnewendevieringen, trekt bezoekers met zijn boeiende sfeer in bewaarde traditions van generatie op generatie.<\/span><\/span><\/p>\n<p><span style=\"vertical-align: inherit;\"><span style=\"vertical-align: inherit;\">Halloween ne m&#8217;int\u00e9resse pas \u00e0 un autre monde. Les visiteurs locaux et les bezoekers kleden zich dans de meilleurs costumes et roepen tijden op waarin magie centroal stond dans le jour du jour. Des d\u00e9fil\u00e9s avec des lumi\u00e8res zwakke, des lantaarns scintillants et de la musique boeinde sont publi\u00e9s et cr\u00e9ent un endroit myst\u00e9rieux.<\/span><\/span><\/p>\n<h2><span style=\"vertical-align: inherit;\"><span style=\"vertical-align: inherit;\">Rituel van vuur en nachtspreuken<\/span><\/span><\/h2>\n<p><span style=\"vertical-align: inherit;\"><span style=\"vertical-align: inherit;\">De nacht bereikt zijn hoogtepunt met het vuurritueel. De vlammen dansen onder een sterrenhemel en verlichten de gemaskerde gezichten. Spreuken et myst\u00e9rieux verhalen worden gedeeld et m\u00eame de magische erfenis van de regio door. Il s&#8217;agit d&#8217;un moi qui exerce son activit\u00e9 et qui se d\u00e9roule dans un vent d&#8217;hiver fascinant.<\/span><\/span><\/p>\n<p><span style=\"vertical-align: inherit;\"><span style=\"vertical-align: inherit;\">La Nuit des Sorci\u00e8res n&#8217;est pas que magie, mais aussi gastronomie. Les amateurs de cuisine traditionnelle locale ont fait leurs preuves dans les sp\u00e9cialit\u00e9s culinaires de chaque r\u00e9gion. L&#8217;authenticit\u00e9 a m\u00eame une dimension suppl\u00e9mentaire pour les frais interm\u00e9diaires.<\/span><\/span><\/p>\n<h2><span style=\"vertical-align: inherit;\"><span style=\"vertical-align: inherit;\">Harmonie Magique : Vin et Sorcellerie<\/span><\/span><\/h2>\n<p><span style=\"vertical-align: inherit;\"><span style=\"vertical-align: inherit;\">Depuis le Priorat, gr\u00e2ce \u00e0 vos femmes uitzonderlijke, vous avez jou\u00e9 un r\u00f4le magistral dans la Nuit des Bruix. Des locaux ouverts \u00e0 tous pour des projets d&#8217;assistance, des magasins sp\u00e9ciaux pour ceux qui d\u00e9couvrent l&#8217;essentiel myst\u00e9rieux des vastes \u00e9tendues g\u00e9n\u00e9r\u00e9es. Les zones locales de grenache et de cari\u00f1\u00e1n ont \u00e9t\u00e9 exploit\u00e9es avec beaucoup d&#8217;efforts pour cr\u00e9er une harmonie magique entre les membres de l&#8217;\u00e9quipe.<\/span><\/span><\/p>\n<h2><span style=\"vertical-align: inherit;\"><span style=\"vertical-align: inherit;\">Une nuit, ils se sont mis \u00e0 verbaliser<\/span><\/span><\/h2>\n<p><span style=\"vertical-align: inherit;\"><span style=\"vertical-align: inherit;\">De Nit de Bruixes est vraiment plus qu&#8217;un festival. C&#8217;est un onderdompeling en direction de Ziel van de Priorat, un jour la magie est dans l&#8217;air et dans le verleden zich vermengt met het heden. Terwijl de lichten vervagen et de gemaskerde gezichten in de duisternis vervagen, wordt elke deelnemer getuige van de levende geschedenis van cette meilleure r\u00e9gion. Parmi les nouveaux d\u00e9fil\u00e9s magiques, les rituels mystiques des dieux entre les femmes, la Nuit des Bruix est \u00e0 un pied que le zintuigen wakker fait et le geest betovert. \u00c0 Salomo, cette myst\u00e9rieuse tradition a maintenant lieu, cette nuit magique et ce n&#8217;est plus rien dans l&#8217;op\u00e9ration zoek qui est proche d&#8217;un entrepreneur \u00e0 son niveau le plus \u00e9lev\u00e9 pour qu&#8217;il soit sous votre d\u00f4me.<\/span><\/span><\/p>\n","protected":false},"excerpt":{"rendered":"<p>Bienvenue dans le Priorat mystique, o\u00f9 des gens ont un aper\u00e7u du festival des wapitis d&#8217;anciennes traditions. Au cours de ces festivit\u00e9s se d\u00e9roule la \u00ab Nuit des Bruixes \u00bb de la Nuit des Sorci\u00e8res, une \u0153uvre unique, le myst\u00e8re, le folklore et une simple magie combin\u00e9e. Oorsprong van de Nits de Bruixes La nuit [&hellip;]<\/p>\n","protected":false},"author":2,"featured_media":2725,"comment_status":"open","ping_status":"open","sticky":false,"template":"","format":"standard","meta":{"_et_pb_use_builder":"off","_et_pb_old_content":"","_et_gb_content_width":"","footnotes":""},"categories":[35],"tags":[],"class_list":["post-1043","post","type-post","status-publish","format-standard","has-post-thumbnail","hentry","category-geen-onderdeel-van-een-categorie"],"yoast_head":"<!-- This site is optimized with the Yoast SEO plugin v25.1 - https:\/\/yoast.com\/wordpress\/plugins\/seo\/ -->\n<title>Mystieke verkenning: Halloween in Priorat - Temps Barcelona<\/title>\n<meta name=\"robots\" content=\"noindex, follow, max-snippet:-1, max-image-preview:large, max-video-preview:-1\" \/>\n<meta property=\"og:locale\" content=\"nl_NL\" \/>\n<meta property=\"og:type\" content=\"article\" \/>\n<meta property=\"og:title\" content=\"Mystieke verkenning: Halloween in Priorat - Temps Barcelona\" \/>\n<meta property=\"og:description\" content=\"Bienvenue dans le Priorat mystique, o\u00f9 des gens ont un aper\u00e7u du festival des wapitis d&#8217;anciennes traditions. Au cours de ces festivit\u00e9s se d\u00e9roule la \u00ab Nuit des Bruixes \u00bb de la Nuit des Sorci\u00e8res, une \u0153uvre unique, le myst\u00e8re, le folklore et une simple magie combin\u00e9e. Oorsprong van de Nits de Bruixes La nuit [&hellip;]\" \/>\n<meta property=\"og:url\" content=\"https:\/\/www.tempsbarcelona.com\/nl\/mystieke-verkenning-halloween-in-priorat\/\" \/>\n<meta property=\"og:site_name\" content=\"Temps Barcelona\" \/>\n<meta property=\"article:published_time\" content=\"2024-02-22T13:16:16+00:00\" \/>\n<meta property=\"article:modified_time\" content=\"2024-03-25T09:51:17+00:00\" \/>\n<meta property=\"og:image\" content=\"https:\/\/www.tempsbarcelona.com\/wp-content\/uploads\/2024\/02\/Screenshot-2024-02-22-14.15.37.png\" \/>\n\t<meta property=\"og:image:width\" content=\"694\" \/>\n\t<meta property=\"og:image:height\" content=\"473\" \/>\n\t<meta property=\"og:image:type\" content=\"image\/png\" \/>\n<meta name=\"author\" content=\"Viajero\" \/>\n<meta name=\"twitter:card\" content=\"summary_large_image\" \/>\n<meta name=\"twitter:label1\" content=\"Geschreven door\" \/>\n\t<meta name=\"twitter:data1\" content=\"Viajero\" \/>\n\t<meta name=\"twitter:label2\" content=\"Geschatte leestijd\" \/>\n\t<meta name=\"twitter:data2\" content=\"3 minuten\" \/>\n<script type=\"application\/ld+json\" class=\"yoast-schema-graph\">{\"@context\":\"https:\/\/schema.org\",\"@graph\":[{\"@type\":\"WebPage\",\"@id\":\"https:\/\/www.tempsbarcelona.com\/nl\/mystieke-verkenning-halloween-in-priorat\/\",\"url\":\"https:\/\/www.tempsbarcelona.com\/nl\/mystieke-verkenning-halloween-in-priorat\/\",\"name\":\"Mystieke verkenning: Halloween in Priorat - Temps Barcelona\",\"isPartOf\":{\"@id\":\"https:\/\/www.tempsbarcelona.com\/nl\/#website\"},\"primaryImageOfPage\":{\"@id\":\"https:\/\/www.tempsbarcelona.com\/nl\/mystieke-verkenning-halloween-in-priorat\/#primaryimage\"},\"image\":{\"@id\":\"https:\/\/www.tempsbarcelona.com\/nl\/mystieke-verkenning-halloween-in-priorat\/#primaryimage\"},\"thumbnailUrl\":\"https:\/\/www.tempsbarcelona.com\/wp-content\/uploads\/2024\/02\/IMG-20240516-WA0016.jpg\",\"datePublished\":\"2024-02-22T13:16:16+00:00\",\"dateModified\":\"2024-03-25T09:51:17+00:00\",\"author\":{\"@id\":\"https:\/\/www.tempsbarcelona.com\/nl\/#\/schema\/person\/42e402d68007d6b23123a37e43aca822\"},\"breadcrumb\":{\"@id\":\"https:\/\/www.tempsbarcelona.com\/nl\/mystieke-verkenning-halloween-in-priorat\/#breadcrumb\"},\"inLanguage\":\"nl-NL\",\"potentialAction\":[{\"@type\":\"ReadAction\",\"target\":[\"https:\/\/www.tempsbarcelona.com\/nl\/mystieke-verkenning-halloween-in-priorat\/\"]}]},{\"@type\":\"ImageObject\",\"inLanguage\":\"nl-NL\",\"@id\":\"https:\/\/www.tempsbarcelona.com\/nl\/mystieke-verkenning-halloween-in-priorat\/#primaryimage\",\"url\":\"https:\/\/www.tempsbarcelona.com\/wp-content\/uploads\/2024\/02\/IMG-20240516-WA0016.jpg\",\"contentUrl\":\"https:\/\/www.tempsbarcelona.com\/wp-content\/uploads\/2024\/02\/IMG-20240516-WA0016.jpg\",\"width\":1500,\"height\":2000},{\"@type\":\"BreadcrumbList\",\"@id\":\"https:\/\/www.tempsbarcelona.com\/nl\/mystieke-verkenning-halloween-in-priorat\/#breadcrumb\",\"itemListElement\":[{\"@type\":\"ListItem\",\"position\":1,\"name\":\"Portada\",\"item\":\"https:\/\/www.tempsbarcelona.com\/nl\/temps-barcelona\/\"},{\"@type\":\"ListItem\",\"position\":2,\"name\":\"Mystieke verkenning: Halloween in Priorat\"}]},{\"@type\":\"WebSite\",\"@id\":\"https:\/\/www.tempsbarcelona.com\/nl\/#website\",\"url\":\"https:\/\/www.tempsbarcelona.com\/nl\/\",\"name\":\"Temps Barcelona\",\"description\":\"\",\"potentialAction\":[{\"@type\":\"SearchAction\",\"target\":{\"@type\":\"EntryPoint\",\"urlTemplate\":\"https:\/\/www.tempsbarcelona.com\/nl\/?s={search_term_string}\"},\"query-input\":{\"@type\":\"PropertyValueSpecification\",\"valueRequired\":true,\"valueName\":\"search_term_string\"}}],\"inLanguage\":\"nl-NL\"},{\"@type\":\"Person\",\"@id\":\"https:\/\/www.tempsbarcelona.com\/nl\/#\/schema\/person\/42e402d68007d6b23123a37e43aca822\",\"name\":\"Viajero\",\"image\":{\"@type\":\"ImageObject\",\"inLanguage\":\"nl-NL\",\"@id\":\"https:\/\/www.tempsbarcelona.com\/nl\/#\/schema\/person\/image\/\",\"url\":\"https:\/\/secure.gravatar.com\/avatar\/adc63f40e2c832dac25e11feaef9ac523a32eaf25722d8b78fcb7c6603af7f85?s=96&d=mm&r=g\",\"contentUrl\":\"https:\/\/secure.gravatar.com\/avatar\/adc63f40e2c832dac25e11feaef9ac523a32eaf25722d8b78fcb7c6603af7f85?s=96&d=mm&r=g\",\"caption\":\"Viajero\"}}]}<\/script>\n<!-- \/ Yoast SEO plugin. -->","yoast_head_json":{"title":"Mystieke verkenning: Halloween in Priorat - Temps Barcelona","robots":{"index":"noindex","follow":"follow","max-snippet":"max-snippet:-1","max-image-preview":"max-image-preview:large","max-video-preview":"max-video-preview:-1"},"og_locale":"nl_NL","og_type":"article","og_title":"Mystieke verkenning: Halloween in Priorat - Temps Barcelona","og_description":"Bienvenue dans le Priorat mystique, o\u00f9 des gens ont un aper\u00e7u du festival des wapitis d&#8217;anciennes traditions. Au cours de ces festivit\u00e9s se d\u00e9roule la \u00ab Nuit des Bruixes \u00bb de la Nuit des Sorci\u00e8res, une \u0153uvre unique, le myst\u00e8re, le folklore et une simple magie combin\u00e9e. Oorsprong van de Nits de Bruixes La nuit [&hellip;]","og_url":"https:\/\/www.tempsbarcelona.com\/nl\/mystieke-verkenning-halloween-in-priorat\/","og_site_name":"Temps Barcelona","article_published_time":"2024-02-22T13:16:16+00:00","article_modified_time":"2024-03-25T09:51:17+00:00","og_image":[{"width":694,"height":473,"url":"https:\/\/www.tempsbarcelona.com\/wp-content\/uploads\/2024\/02\/Screenshot-2024-02-22-14.15.37.png","type":"image\/png"}],"author":"Viajero","twitter_card":"summary_large_image","twitter_misc":{"Geschreven door":"Viajero","Geschatte leestijd":"3 minuten"},"schema":{"@context":"https:\/\/schema.org","@graph":[{"@type":"WebPage","@id":"https:\/\/www.tempsbarcelona.com\/nl\/mystieke-verkenning-halloween-in-priorat\/","url":"https:\/\/www.tempsbarcelona.com\/nl\/mystieke-verkenning-halloween-in-priorat\/","name":"Mystieke verkenning: Halloween in Priorat - Temps Barcelona","isPartOf":{"@id":"https:\/\/www.tempsbarcelona.com\/nl\/#website"},"primaryImageOfPage":{"@id":"https:\/\/www.tempsbarcelona.com\/nl\/mystieke-verkenning-halloween-in-priorat\/#primaryimage"},"image":{"@id":"https:\/\/www.tempsbarcelona.com\/nl\/mystieke-verkenning-halloween-in-priorat\/#primaryimage"},"thumbnailUrl":"https:\/\/www.tempsbarcelona.com\/wp-content\/uploads\/2024\/02\/IMG-20240516-WA0016.jpg","datePublished":"2024-02-22T13:16:16+00:00","dateModified":"2024-03-25T09:51:17+00:00","author":{"@id":"https:\/\/www.tempsbarcelona.com\/nl\/#\/schema\/person\/42e402d68007d6b23123a37e43aca822"},"breadcrumb":{"@id":"https:\/\/www.tempsbarcelona.com\/nl\/mystieke-verkenning-halloween-in-priorat\/#breadcrumb"},"inLanguage":"nl-NL","potentialAction":[{"@type":"ReadAction","target":["https:\/\/www.tempsbarcelona.com\/nl\/mystieke-verkenning-halloween-in-priorat\/"]}]},{"@type":"ImageObject","inLanguage":"nl-NL","@id":"https:\/\/www.tempsbarcelona.com\/nl\/mystieke-verkenning-halloween-in-priorat\/#primaryimage","url":"https:\/\/www.tempsbarcelona.com\/wp-content\/uploads\/2024\/02\/IMG-20240516-WA0016.jpg","contentUrl":"https:\/\/www.tempsbarcelona.com\/wp-content\/uploads\/2024\/02\/IMG-20240516-WA0016.jpg","width":1500,"height":2000},{"@type":"BreadcrumbList","@id":"https:\/\/www.tempsbarcelona.com\/nl\/mystieke-verkenning-halloween-in-priorat\/#breadcrumb","itemListElement":[{"@type":"ListItem","position":1,"name":"Portada","item":"https:\/\/www.tempsbarcelona.com\/nl\/temps-barcelona\/"},{"@type":"ListItem","position":2,"name":"Mystieke verkenning: Halloween in Priorat"}]},{"@type":"WebSite","@id":"https:\/\/www.tempsbarcelona.com\/nl\/#website","url":"https:\/\/www.tempsbarcelona.com\/nl\/","name":"Temps Barcelona","description":"","potentialAction":[{"@type":"SearchAction","target":{"@type":"EntryPoint","urlTemplate":"https:\/\/www.tempsbarcelona.com\/nl\/?s={search_term_string}"},"query-input":{"@type":"PropertyValueSpecification","valueRequired":true,"valueName":"search_term_string"}}],"inLanguage":"nl-NL"},{"@type":"Person","@id":"https:\/\/www.tempsbarcelona.com\/nl\/#\/schema\/person\/42e402d68007d6b23123a37e43aca822","name":"Viajero","image":{"@type":"ImageObject","inLanguage":"nl-NL","@id":"https:\/\/www.tempsbarcelona.com\/nl\/#\/schema\/person\/image\/","url":"https:\/\/secure.gravatar.com\/avatar\/adc63f40e2c832dac25e11feaef9ac523a32eaf25722d8b78fcb7c6603af7f85?s=96&d=mm&r=g","contentUrl":"https:\/\/secure.gravatar.com\/avatar\/adc63f40e2c832dac25e11feaef9ac523a32eaf25722d8b78fcb7c6603af7f85?s=96&d=mm&r=g","caption":"Viajero"}}]}},"_links":{"self":[{"href":"https:\/\/www.tempsbarcelona.com\/nl\/wp-json\/wp\/v2\/posts\/1043","targetHints":{"allow":["GET"]}}],"collection":[{"href":"https:\/\/www.tempsbarcelona.com\/nl\/wp-json\/wp\/v2\/posts"}],"about":[{"href":"https:\/\/www.tempsbarcelona.com\/nl\/wp-json\/wp\/v2\/types\/post"}],"author":[{"embeddable":true,"href":"https:\/\/www.tempsbarcelona.com\/nl\/wp-json\/wp\/v2\/users\/2"}],"replies":[{"embeddable":true,"href":"https:\/\/www.tempsbarcelona.com\/nl\/wp-json\/wp\/v2\/comments?post=1043"}],"version-history":[{"count":2,"href":"https:\/\/www.tempsbarcelona.com\/nl\/wp-json\/wp\/v2\/posts\/1043\/revisions"}],"predecessor-version":[{"id":1500,"href":"https:\/\/www.tempsbarcelona.com\/nl\/wp-json\/wp\/v2\/posts\/1043\/revisions\/1500"}],"wp:featuredmedia":[{"embeddable":true,"href":"https:\/\/www.tempsbarcelona.com\/nl\/wp-json\/wp\/v2\/media\/2725"}],"wp:attachment":[{"href":"https:\/\/www.tempsbarcelona.com\/nl\/wp-json\/wp\/v2\/media?parent=1043"}],"wp:term":[{"taxonomy":"category","embeddable":true,"href":"https:\/\/www.tempsbarcelona.com\/nl\/wp-json\/wp\/v2\/categories?post=1043"},{"taxonomy":"post_tag","embeddable":true,"href":"https:\/\/www.tempsbarcelona.com\/nl\/wp-json\/wp\/v2\/tags?post=1043"}],"curies":[{"name":"wp","href":"https:\/\/api.w.org\/{rel}","templated":true}]}}