{"id":3711,"date":"2024-11-12T11:30:11","date_gmt":"2024-11-12T11:30:11","guid":{"rendered":"https:\/\/derutasyvinos.com\/?p=3711"},"modified":"2024-06-05T14:21:34","modified_gmt":"2024-06-05T14:21:34","slug":"le-domaine-almaviva-en-argentine","status":"publish","type":"post","link":"https:\/\/www.tempsbarcelona.com\/fr\/le-domaine-almaviva-en-argentine\/","title":{"rendered":"Le Domaine Almaviva en Argentine"},"content":{"rendered":"<p><span style=\"font-weight: 400;\">Le domaine Almaviva est un joyau viticole nich\u00e9 dans les paysages magnifiques de l&rsquo;Argentine. Le Domaine est r\u00e9put\u00e9 pour ses vins d&rsquo;exception, qui capturent l&rsquo;essence m\u00eame de la r\u00e9gion. Les vignobles du domaine b\u00e9n\u00e9ficient d&rsquo;un terroir unique et de conditions climatiques id\u00e9ales, permettant de produire des vins de qualit\u00e9 sup\u00e9rieure.<\/span><\/p>\n<p><span style=\"font-weight: 400;\">\u00a0Explorez les vignobles pittoresques du domaine lors de visites guid\u00e9es. Apprenez sur les diff\u00e9rentes \u00e9tapes de la viticulture et d\u00e9couvrez les secrets de la production des vins Almaviva.<\/span><\/p>\n<h2><b>Gastronomie Argentine\u00a0<\/b><\/h2>\n<p><span style=\"font-weight: 400;\">Le Domaine Almaviva offre \u00e9galement une exp\u00e9rience gastronomique inoubliable, mettant en valeur les d\u00e9lices de la cuisine argentine. D\u00e9gustez des plats traditionnels argentins pr\u00e9par\u00e9s avec des ingr\u00e9dients frais et locaux, dans le cadre enchanteur du restaurant du domaine. Savourez des grillades succulentes, des empanadas croustillantes et d&rsquo;autres sp\u00e9cialit\u00e9s argentines.<\/span><\/p>\n<p><span style=\"font-weight: 400;\">\u00a0Apprenez \u00e0 pr\u00e9parer des plats embl\u00e9matiques tels que l&rsquo;asado, la parrillada et les alfajores, et d\u00e9couvrez les secrets de la cuisine argentine.<\/span><\/p>\n<h2><b>\u00a0Aventure et D\u00e9tente<\/b><\/h2>\n<p><span style=\"font-weight: 400;\">En plus des plaisirs \u0153nologiques et gastronomiques, le Domaine Almaviva propose une vari\u00e9t\u00e9 d&rsquo;activit\u00e9s pour tous les go\u00fbts. Explorez les sentiers de randonn\u00e9e qui serpentent \u00e0 travers les vignobles et les paysages naturels environnants. Profitez de l&rsquo;air frais et des vues spectaculaires sur la campagne argentine. Offrez-vous un moment de relaxation dans les jardins paisibles du domaine, o\u00f9 vous pourrez vous ressourcer en toute tranquillit\u00e9. Profitez \u00e9galement des installations de spa pour un moment de d\u00e9tente ultime.<\/span><\/p>\n","protected":false},"excerpt":{"rendered":"<p>Le domaine Almaviva est un joyau viticole nich\u00e9 dans les paysages magnifiques de l&rsquo;Argentine. Le Domaine est r\u00e9put\u00e9 pour ses vins d&rsquo;exception, qui capturent l&rsquo;essence m\u00eame de la r\u00e9gion. Les vignobles du domaine b\u00e9n\u00e9ficient d&rsquo;un terroir unique et de conditions climatiques id\u00e9ales, permettant de produire des vins de qualit\u00e9 sup\u00e9rieure. \u00a0Explorez les vignobles pittoresques du [&hellip;]<\/p>\n","protected":false},"author":2,"featured_media":3703,"comment_status":"open","ping_status":"open","sticky":false,"template":"","format":"standard","meta":{"_et_pb_use_builder":"","_et_pb_old_content":"","_et_gb_content_width":"","footnotes":""},"categories":[34],"tags":[],"class_list":["post-3711","post","type-post","status-publish","format-standard","has-post-thumbnail","hentry","category-non-classifiee"],"yoast_head":"<!-- This site is optimized with the Yoast SEO plugin v25.1 - https:\/\/yoast.com\/wordpress\/plugins\/seo\/ -->\n<title>Le Domaine Almaviva en Argentine - Temps Barcelona<\/title>\n<meta name=\"robots\" content=\"noindex, follow, max-snippet:-1, max-image-preview:large, max-video-preview:-1\" \/>\n<meta property=\"og:locale\" content=\"fr_FR\" \/>\n<meta property=\"og:type\" content=\"article\" \/>\n<meta property=\"og:title\" content=\"Le Domaine Almaviva en Argentine - Temps Barcelona\" \/>\n<meta property=\"og:description\" content=\"Le domaine Almaviva est un joyau viticole nich\u00e9 dans les paysages magnifiques de l&rsquo;Argentine. Le Domaine est r\u00e9put\u00e9 pour ses vins d&rsquo;exception, qui capturent l&rsquo;essence m\u00eame de la r\u00e9gion. Les vignobles du domaine b\u00e9n\u00e9ficient d&rsquo;un terroir unique et de conditions climatiques id\u00e9ales, permettant de produire des vins de qualit\u00e9 sup\u00e9rieure. \u00a0Explorez les vignobles pittoresques du [&hellip;]\" \/>\n<meta property=\"og:url\" content=\"https:\/\/www.tempsbarcelona.com\/fr\/le-domaine-almaviva-en-argentine\/\" \/>\n<meta property=\"og:site_name\" content=\"Temps Barcelona\" \/>\n<meta property=\"article:published_time\" content=\"2024-11-12T11:30:11+00:00\" \/>\n<meta property=\"og:image\" content=\"https:\/\/www.tempsbarcelona.com\/wp-content\/uploads\/2024\/06\/WhatsApp-Image-2024-06-05-at-16.09.58.jpeg\" \/>\n\t<meta property=\"og:image:width\" content=\"1536\" \/>\n\t<meta property=\"og:image:height\" content=\"2048\" \/>\n\t<meta property=\"og:image:type\" content=\"image\/jpeg\" \/>\n<meta name=\"author\" content=\"Viajero\" \/>\n<meta name=\"twitter:card\" content=\"summary_large_image\" \/>\n<meta name=\"twitter:label1\" content=\"\u00c9crit par\" \/>\n\t<meta name=\"twitter:data1\" content=\"Viajero\" \/>\n\t<meta name=\"twitter:label2\" content=\"Dur\u00e9e de lecture estim\u00e9e\" \/>\n\t<meta name=\"twitter:data2\" content=\"2 minutes\" \/>\n<script type=\"application\/ld+json\" class=\"yoast-schema-graph\">{\"@context\":\"https:\/\/schema.org\",\"@graph\":[{\"@type\":\"WebPage\",\"@id\":\"https:\/\/www.tempsbarcelona.com\/fr\/le-domaine-almaviva-en-argentine\/\",\"url\":\"https:\/\/www.tempsbarcelona.com\/fr\/le-domaine-almaviva-en-argentine\/\",\"name\":\"Le Domaine Almaviva en Argentine - Temps Barcelona\",\"isPartOf\":{\"@id\":\"https:\/\/www.tempsbarcelona.com\/fr\/#website\"},\"primaryImageOfPage\":{\"@id\":\"https:\/\/www.tempsbarcelona.com\/fr\/le-domaine-almaviva-en-argentine\/#primaryimage\"},\"image\":{\"@id\":\"https:\/\/www.tempsbarcelona.com\/fr\/le-domaine-almaviva-en-argentine\/#primaryimage\"},\"thumbnailUrl\":\"https:\/\/www.tempsbarcelona.com\/wp-content\/uploads\/2024\/06\/WhatsApp-Image-2024-06-05-at-16.09.58.jpeg\",\"datePublished\":\"2024-11-12T11:30:11+00:00\",\"author\":{\"@id\":\"https:\/\/www.tempsbarcelona.com\/fr\/#\/schema\/person\/42e402d68007d6b23123a37e43aca822\"},\"breadcrumb\":{\"@id\":\"https:\/\/www.tempsbarcelona.com\/fr\/le-domaine-almaviva-en-argentine\/#breadcrumb\"},\"inLanguage\":\"fr-FR\",\"potentialAction\":[{\"@type\":\"ReadAction\",\"target\":[\"https:\/\/www.tempsbarcelona.com\/fr\/le-domaine-almaviva-en-argentine\/\"]}]},{\"@type\":\"ImageObject\",\"inLanguage\":\"fr-FR\",\"@id\":\"https:\/\/www.tempsbarcelona.com\/fr\/le-domaine-almaviva-en-argentine\/#primaryimage\",\"url\":\"https:\/\/www.tempsbarcelona.com\/wp-content\/uploads\/2024\/06\/WhatsApp-Image-2024-06-05-at-16.09.58.jpeg\",\"contentUrl\":\"https:\/\/www.tempsbarcelona.com\/wp-content\/uploads\/2024\/06\/WhatsApp-Image-2024-06-05-at-16.09.58.jpeg\",\"width\":1536,\"height\":2048},{\"@type\":\"BreadcrumbList\",\"@id\":\"https:\/\/www.tempsbarcelona.com\/fr\/le-domaine-almaviva-en-argentine\/#breadcrumb\",\"itemListElement\":[{\"@type\":\"ListItem\",\"position\":1,\"name\":\"Portada\",\"item\":\"https:\/\/www.tempsbarcelona.com\/fr\/temps-barcelona\/\"},{\"@type\":\"ListItem\",\"position\":2,\"name\":\"Le Domaine Almaviva en Argentine\"}]},{\"@type\":\"WebSite\",\"@id\":\"https:\/\/www.tempsbarcelona.com\/fr\/#website\",\"url\":\"https:\/\/www.tempsbarcelona.com\/fr\/\",\"name\":\"Temps Barcelona\",\"description\":\"\",\"potentialAction\":[{\"@type\":\"SearchAction\",\"target\":{\"@type\":\"EntryPoint\",\"urlTemplate\":\"https:\/\/www.tempsbarcelona.com\/fr\/?s={search_term_string}\"},\"query-input\":{\"@type\":\"PropertyValueSpecification\",\"valueRequired\":true,\"valueName\":\"search_term_string\"}}],\"inLanguage\":\"fr-FR\"},{\"@type\":\"Person\",\"@id\":\"https:\/\/www.tempsbarcelona.com\/fr\/#\/schema\/person\/42e402d68007d6b23123a37e43aca822\",\"name\":\"Viajero\",\"image\":{\"@type\":\"ImageObject\",\"inLanguage\":\"fr-FR\",\"@id\":\"https:\/\/www.tempsbarcelona.com\/fr\/#\/schema\/person\/image\/\",\"url\":\"https:\/\/secure.gravatar.com\/avatar\/adc63f40e2c832dac25e11feaef9ac523a32eaf25722d8b78fcb7c6603af7f85?s=96&d=mm&r=g\",\"contentUrl\":\"https:\/\/secure.gravatar.com\/avatar\/adc63f40e2c832dac25e11feaef9ac523a32eaf25722d8b78fcb7c6603af7f85?s=96&d=mm&r=g\",\"caption\":\"Viajero\"}}]}<\/script>\n<!-- \/ Yoast SEO plugin. -->","yoast_head_json":{"title":"Le Domaine Almaviva en Argentine - Temps Barcelona","robots":{"index":"noindex","follow":"follow","max-snippet":"max-snippet:-1","max-image-preview":"max-image-preview:large","max-video-preview":"max-video-preview:-1"},"og_locale":"fr_FR","og_type":"article","og_title":"Le Domaine Almaviva en Argentine - Temps Barcelona","og_description":"Le domaine Almaviva est un joyau viticole nich\u00e9 dans les paysages magnifiques de l&rsquo;Argentine. Le Domaine est r\u00e9put\u00e9 pour ses vins d&rsquo;exception, qui capturent l&rsquo;essence m\u00eame de la r\u00e9gion. Les vignobles du domaine b\u00e9n\u00e9ficient d&rsquo;un terroir unique et de conditions climatiques id\u00e9ales, permettant de produire des vins de qualit\u00e9 sup\u00e9rieure. \u00a0Explorez les vignobles pittoresques du [&hellip;]","og_url":"https:\/\/www.tempsbarcelona.com\/fr\/le-domaine-almaviva-en-argentine\/","og_site_name":"Temps Barcelona","article_published_time":"2024-11-12T11:30:11+00:00","og_image":[{"width":1536,"height":2048,"url":"https:\/\/www.tempsbarcelona.com\/wp-content\/uploads\/2024\/06\/WhatsApp-Image-2024-06-05-at-16.09.58.jpeg","type":"image\/jpeg"}],"author":"Viajero","twitter_card":"summary_large_image","twitter_misc":{"\u00c9crit par":"Viajero","Dur\u00e9e de lecture estim\u00e9e":"2 minutes"},"schema":{"@context":"https:\/\/schema.org","@graph":[{"@type":"WebPage","@id":"https:\/\/www.tempsbarcelona.com\/fr\/le-domaine-almaviva-en-argentine\/","url":"https:\/\/www.tempsbarcelona.com\/fr\/le-domaine-almaviva-en-argentine\/","name":"Le Domaine Almaviva en Argentine - Temps Barcelona","isPartOf":{"@id":"https:\/\/www.tempsbarcelona.com\/fr\/#website"},"primaryImageOfPage":{"@id":"https:\/\/www.tempsbarcelona.com\/fr\/le-domaine-almaviva-en-argentine\/#primaryimage"},"image":{"@id":"https:\/\/www.tempsbarcelona.com\/fr\/le-domaine-almaviva-en-argentine\/#primaryimage"},"thumbnailUrl":"https:\/\/www.tempsbarcelona.com\/wp-content\/uploads\/2024\/06\/WhatsApp-Image-2024-06-05-at-16.09.58.jpeg","datePublished":"2024-11-12T11:30:11+00:00","author":{"@id":"https:\/\/www.tempsbarcelona.com\/fr\/#\/schema\/person\/42e402d68007d6b23123a37e43aca822"},"breadcrumb":{"@id":"https:\/\/www.tempsbarcelona.com\/fr\/le-domaine-almaviva-en-argentine\/#breadcrumb"},"inLanguage":"fr-FR","potentialAction":[{"@type":"ReadAction","target":["https:\/\/www.tempsbarcelona.com\/fr\/le-domaine-almaviva-en-argentine\/"]}]},{"@type":"ImageObject","inLanguage":"fr-FR","@id":"https:\/\/www.tempsbarcelona.com\/fr\/le-domaine-almaviva-en-argentine\/#primaryimage","url":"https:\/\/www.tempsbarcelona.com\/wp-content\/uploads\/2024\/06\/WhatsApp-Image-2024-06-05-at-16.09.58.jpeg","contentUrl":"https:\/\/www.tempsbarcelona.com\/wp-content\/uploads\/2024\/06\/WhatsApp-Image-2024-06-05-at-16.09.58.jpeg","width":1536,"height":2048},{"@type":"BreadcrumbList","@id":"https:\/\/www.tempsbarcelona.com\/fr\/le-domaine-almaviva-en-argentine\/#breadcrumb","itemListElement":[{"@type":"ListItem","position":1,"name":"Portada","item":"https:\/\/www.tempsbarcelona.com\/fr\/temps-barcelona\/"},{"@type":"ListItem","position":2,"name":"Le Domaine Almaviva en Argentine"}]},{"@type":"WebSite","@id":"https:\/\/www.tempsbarcelona.com\/fr\/#website","url":"https:\/\/www.tempsbarcelona.com\/fr\/","name":"Temps Barcelona","description":"","potentialAction":[{"@type":"SearchAction","target":{"@type":"EntryPoint","urlTemplate":"https:\/\/www.tempsbarcelona.com\/fr\/?s={search_term_string}"},"query-input":{"@type":"PropertyValueSpecification","valueRequired":true,"valueName":"search_term_string"}}],"inLanguage":"fr-FR"},{"@type":"Person","@id":"https:\/\/www.tempsbarcelona.com\/fr\/#\/schema\/person\/42e402d68007d6b23123a37e43aca822","name":"Viajero","image":{"@type":"ImageObject","inLanguage":"fr-FR","@id":"https:\/\/www.tempsbarcelona.com\/fr\/#\/schema\/person\/image\/","url":"https:\/\/secure.gravatar.com\/avatar\/adc63f40e2c832dac25e11feaef9ac523a32eaf25722d8b78fcb7c6603af7f85?s=96&d=mm&r=g","contentUrl":"https:\/\/secure.gravatar.com\/avatar\/adc63f40e2c832dac25e11feaef9ac523a32eaf25722d8b78fcb7c6603af7f85?s=96&d=mm&r=g","caption":"Viajero"}}]}},"_links":{"self":[{"href":"https:\/\/www.tempsbarcelona.com\/fr\/wp-json\/wp\/v2\/posts\/3711","targetHints":{"allow":["GET"]}}],"collection":[{"href":"https:\/\/www.tempsbarcelona.com\/fr\/wp-json\/wp\/v2\/posts"}],"about":[{"href":"https:\/\/www.tempsbarcelona.com\/fr\/wp-json\/wp\/v2\/types\/post"}],"author":[{"embeddable":true,"href":"https:\/\/www.tempsbarcelona.com\/fr\/wp-json\/wp\/v2\/users\/2"}],"replies":[{"embeddable":true,"href":"https:\/\/www.tempsbarcelona.com\/fr\/wp-json\/wp\/v2\/comments?post=3711"}],"version-history":[{"count":1,"href":"https:\/\/www.tempsbarcelona.com\/fr\/wp-json\/wp\/v2\/posts\/3711\/revisions"}],"predecessor-version":[{"id":3712,"href":"https:\/\/www.tempsbarcelona.com\/fr\/wp-json\/wp\/v2\/posts\/3711\/revisions\/3712"}],"wp:featuredmedia":[{"embeddable":true,"href":"https:\/\/www.tempsbarcelona.com\/fr\/wp-json\/wp\/v2\/media\/3703"}],"wp:attachment":[{"href":"https:\/\/www.tempsbarcelona.com\/fr\/wp-json\/wp\/v2\/media?parent=3711"}],"wp:term":[{"taxonomy":"category","embeddable":true,"href":"https:\/\/www.tempsbarcelona.com\/fr\/wp-json\/wp\/v2\/categories?post=3711"},{"taxonomy":"post_tag","embeddable":true,"href":"https:\/\/www.tempsbarcelona.com\/fr\/wp-json\/wp\/v2\/tags?post=3711"}],"curies":[{"name":"wp","href":"https:\/\/api.w.org\/{rel}","templated":true}]}}