{"id":3636,"date":"2024-10-22T11:30:56","date_gmt":"2024-10-22T11:30:56","guid":{"rendered":"https:\/\/derutasyvinos.com\/?p=3636"},"modified":"2024-06-05T09:33:52","modified_gmt":"2024-06-05T09:33:52","slug":"caruso-minini-un-tresor-viticole-en-sicile","status":"publish","type":"post","link":"https:\/\/www.tempsbarcelona.com\/fr\/caruso-minini-un-tresor-viticole-en-sicile\/","title":{"rendered":"\u00a0Caruso &#038; Minini : Un Tr\u00e9sor Viticole en Sicile"},"content":{"rendered":"<p>&nbsp;<\/p>\n<p><span style=\"font-weight: 400;\">Chez Caruso &amp; Minini, une maison de vin embl\u00e9matique nich\u00e9e au c\u0153ur de la Sicile. Avec son h\u00e9ritage familial, son terroir exceptionnel et sa passion pour l&rsquo;art de la vinification, ce domaine viticole vous promet une exp\u00e9rience sensorielle inoubliable.\u00a0<\/span><\/p>\n<p><span style=\"font-weight: 400;\">Caruso &amp; Minini tire son nom des familles Caruso et Minini, dont l&rsquo;histoire viticole remonte \u00e0 plusieurs g\u00e9n\u00e9rations en Sicile. Avec un profond respect pour le terroir et les traditions locales, le domaine produit une large gamme de vins de qualit\u00e9, allant des blancs frais aux rouges cors\u00e9s, en passant par les ros\u00e9s fruit\u00e9s.<\/span><\/p>\n<p><span style=\"font-weight: 400;\">Vous pourrez explorer les caves historiques de Caruso &amp; Minini, o\u00f9 les vins vieillissent dans des f\u00fbts de ch\u00eane fran\u00e7ais et slov\u00e8ne. Apprenez-en davantage sur les techniques de vinification traditionnelles et d\u00e9couvrez les secrets de la production de vin en Sicile.<\/span><\/p>\n<h2><b>Gastronomie Sicilienne\u00a0<\/b><\/h2>\n<p><span style=\"font-weight: 400;\">La Sicile est r\u00e9put\u00e9e pour sa cuisine m\u00e9diterran\u00e9enne riche en saveurs et en traditions. Au sein du domaine, d\u00e9couvrez des plats d\u00e9licieux inspir\u00e9s des recettes ancestrales de la r\u00e9gion, pr\u00e9par\u00e9s avec des ingr\u00e9dients frais et locaux.<\/span><\/p>\n<p><span style=\"font-weight: 400;\">Savourez des repas \u00e9labor\u00e9s avec soin par les chefs talentueux de Caruso &amp; Minini, mettant en valeur les d\u00e9lices de la cuisine sicilienne. Accompagnez chaque plat d&rsquo;un vin du domaine pour une exp\u00e9rience gustative authentique.<\/span><\/p>\n<p><span style=\"font-weight: 400;\">Apprenez les secrets de la cuisine sicilienne lors de cours interactifs anim\u00e9s par des chefs locaux. Initiez-vous aux recettes traditionnelles de p\u00e2tes, de poissons et de desserts, et repartez avec de nouvelles comp\u00e9tences culinaires \u00e0 partager avec vos proches.<\/span><\/p>\n<h2><b>Activit\u00e9s et D\u00e9couvertes<\/b><\/h2>\n<p><span style=\"font-weight: 400;\">En plus des plaisirs viticoles et culinaires, Caruso &amp; Minini propose une vari\u00e9t\u00e9 d&rsquo;activit\u00e9s pour compl\u00e9ter votre exp\u00e9rience en Sicile. Explorez les magnifiques paysages du domaine lors de balades \u00e0 travers les vignobles, o\u00f9 vous pourrez admirer les rang\u00e9es de vignes baign\u00e9es de soleil et les vues panoramiques sur la campagne sicilienne. Visitez les sites historiques \u00e0 proximit\u00e9, tels que les temples grecs d&rsquo;Agrigente ou les cath\u00e9drales baroques de Palerme. Offrez-vous un moment de d\u00e9tente dans les jardins paisibles du domaine, o\u00f9 vous pourrez vous ressourcer au milieu de la nature sicilienne et profiter de la tranquillit\u00e9 environnante.<\/span><\/p>\n<p>&nbsp;<\/p>\n","protected":false},"excerpt":{"rendered":"<p>&nbsp; Chez Caruso &amp; Minini, une maison de vin embl\u00e9matique nich\u00e9e au c\u0153ur de la Sicile. Avec son h\u00e9ritage familial, son terroir exceptionnel et sa passion pour l&rsquo;art de la vinification, ce domaine viticole vous promet une exp\u00e9rience sensorielle inoubliable.\u00a0 Caruso &amp; Minini tire son nom des familles Caruso et Minini, dont l&rsquo;histoire viticole remonte [&hellip;]<\/p>\n","protected":false},"author":2,"featured_media":3628,"comment_status":"open","ping_status":"open","sticky":false,"template":"","format":"standard","meta":{"_et_pb_use_builder":"","_et_pb_old_content":"","_et_gb_content_width":"","footnotes":""},"categories":[34],"tags":[],"class_list":["post-3636","post","type-post","status-publish","format-standard","has-post-thumbnail","hentry","category-non-classifiee"],"yoast_head":"<!-- This site is optimized with the Yoast SEO plugin v25.1 - https:\/\/yoast.com\/wordpress\/plugins\/seo\/ -->\n<title>\u00a0Caruso &amp; Minini : Un Tr\u00e9sor Viticole en Sicile - Temps Barcelona<\/title>\n<meta name=\"robots\" content=\"noindex, follow, max-snippet:-1, max-image-preview:large, max-video-preview:-1\" \/>\n<meta property=\"og:locale\" content=\"fr_FR\" \/>\n<meta property=\"og:type\" content=\"article\" \/>\n<meta property=\"og:title\" content=\"\u00a0Caruso &amp; Minini : Un Tr\u00e9sor Viticole en Sicile - Temps Barcelona\" \/>\n<meta property=\"og:description\" content=\"&nbsp; Chez Caruso &amp; Minini, une maison de vin embl\u00e9matique nich\u00e9e au c\u0153ur de la Sicile. Avec son h\u00e9ritage familial, son terroir exceptionnel et sa passion pour l&rsquo;art de la vinification, ce domaine viticole vous promet une exp\u00e9rience sensorielle inoubliable.\u00a0 Caruso &amp; Minini tire son nom des familles Caruso et Minini, dont l&rsquo;histoire viticole remonte [&hellip;]\" \/>\n<meta property=\"og:url\" content=\"https:\/\/www.tempsbarcelona.com\/fr\/caruso-minini-un-tresor-viticole-en-sicile\/\" \/>\n<meta property=\"og:site_name\" content=\"Temps Barcelona\" \/>\n<meta property=\"article:published_time\" content=\"2024-10-22T11:30:56+00:00\" \/>\n<meta property=\"og:image\" content=\"https:\/\/www.tempsbarcelona.com\/wp-content\/uploads\/2024\/06\/WhatsApp-Image-2024-06-03-at-11.52.34.jpeg\" \/>\n\t<meta property=\"og:image:width\" content=\"1080\" \/>\n\t<meta property=\"og:image:height\" content=\"1920\" \/>\n\t<meta property=\"og:image:type\" content=\"image\/jpeg\" \/>\n<meta name=\"author\" content=\"Viajero\" \/>\n<meta name=\"twitter:card\" content=\"summary_large_image\" \/>\n<meta name=\"twitter:label1\" content=\"\u00c9crit par\" \/>\n\t<meta name=\"twitter:data1\" content=\"Viajero\" \/>\n\t<meta name=\"twitter:label2\" content=\"Dur\u00e9e de lecture estim\u00e9e\" \/>\n\t<meta name=\"twitter:data2\" content=\"2 minutes\" \/>\n<script type=\"application\/ld+json\" class=\"yoast-schema-graph\">{\"@context\":\"https:\/\/schema.org\",\"@graph\":[{\"@type\":\"WebPage\",\"@id\":\"https:\/\/www.tempsbarcelona.com\/fr\/caruso-minini-un-tresor-viticole-en-sicile\/\",\"url\":\"https:\/\/www.tempsbarcelona.com\/fr\/caruso-minini-un-tresor-viticole-en-sicile\/\",\"name\":\"\u00a0Caruso & Minini : Un Tr\u00e9sor Viticole en Sicile - Temps Barcelona\",\"isPartOf\":{\"@id\":\"https:\/\/www.tempsbarcelona.com\/fr\/#website\"},\"primaryImageOfPage\":{\"@id\":\"https:\/\/www.tempsbarcelona.com\/fr\/caruso-minini-un-tresor-viticole-en-sicile\/#primaryimage\"},\"image\":{\"@id\":\"https:\/\/www.tempsbarcelona.com\/fr\/caruso-minini-un-tresor-viticole-en-sicile\/#primaryimage\"},\"thumbnailUrl\":\"https:\/\/www.tempsbarcelona.com\/wp-content\/uploads\/2024\/06\/WhatsApp-Image-2024-06-03-at-11.52.34.jpeg\",\"datePublished\":\"2024-10-22T11:30:56+00:00\",\"author\":{\"@id\":\"https:\/\/www.tempsbarcelona.com\/fr\/#\/schema\/person\/42e402d68007d6b23123a37e43aca822\"},\"breadcrumb\":{\"@id\":\"https:\/\/www.tempsbarcelona.com\/fr\/caruso-minini-un-tresor-viticole-en-sicile\/#breadcrumb\"},\"inLanguage\":\"fr-FR\",\"potentialAction\":[{\"@type\":\"ReadAction\",\"target\":[\"https:\/\/www.tempsbarcelona.com\/fr\/caruso-minini-un-tresor-viticole-en-sicile\/\"]}]},{\"@type\":\"ImageObject\",\"inLanguage\":\"fr-FR\",\"@id\":\"https:\/\/www.tempsbarcelona.com\/fr\/caruso-minini-un-tresor-viticole-en-sicile\/#primaryimage\",\"url\":\"https:\/\/www.tempsbarcelona.com\/wp-content\/uploads\/2024\/06\/WhatsApp-Image-2024-06-03-at-11.52.34.jpeg\",\"contentUrl\":\"https:\/\/www.tempsbarcelona.com\/wp-content\/uploads\/2024\/06\/WhatsApp-Image-2024-06-03-at-11.52.34.jpeg\",\"width\":1080,\"height\":1920},{\"@type\":\"BreadcrumbList\",\"@id\":\"https:\/\/www.tempsbarcelona.com\/fr\/caruso-minini-un-tresor-viticole-en-sicile\/#breadcrumb\",\"itemListElement\":[{\"@type\":\"ListItem\",\"position\":1,\"name\":\"Portada\",\"item\":\"https:\/\/www.tempsbarcelona.com\/fr\/temps-barcelona\/\"},{\"@type\":\"ListItem\",\"position\":2,\"name\":\"\u00a0Caruso &#038; Minini : Un Tr\u00e9sor Viticole en Sicile\"}]},{\"@type\":\"WebSite\",\"@id\":\"https:\/\/www.tempsbarcelona.com\/fr\/#website\",\"url\":\"https:\/\/www.tempsbarcelona.com\/fr\/\",\"name\":\"Temps Barcelona\",\"description\":\"\",\"potentialAction\":[{\"@type\":\"SearchAction\",\"target\":{\"@type\":\"EntryPoint\",\"urlTemplate\":\"https:\/\/www.tempsbarcelona.com\/fr\/?s={search_term_string}\"},\"query-input\":{\"@type\":\"PropertyValueSpecification\",\"valueRequired\":true,\"valueName\":\"search_term_string\"}}],\"inLanguage\":\"fr-FR\"},{\"@type\":\"Person\",\"@id\":\"https:\/\/www.tempsbarcelona.com\/fr\/#\/schema\/person\/42e402d68007d6b23123a37e43aca822\",\"name\":\"Viajero\",\"image\":{\"@type\":\"ImageObject\",\"inLanguage\":\"fr-FR\",\"@id\":\"https:\/\/www.tempsbarcelona.com\/fr\/#\/schema\/person\/image\/\",\"url\":\"https:\/\/secure.gravatar.com\/avatar\/adc63f40e2c832dac25e11feaef9ac523a32eaf25722d8b78fcb7c6603af7f85?s=96&d=mm&r=g\",\"contentUrl\":\"https:\/\/secure.gravatar.com\/avatar\/adc63f40e2c832dac25e11feaef9ac523a32eaf25722d8b78fcb7c6603af7f85?s=96&d=mm&r=g\",\"caption\":\"Viajero\"}}]}<\/script>\n<!-- \/ Yoast SEO plugin. -->","yoast_head_json":{"title":"\u00a0Caruso & Minini : Un Tr\u00e9sor Viticole en Sicile - Temps Barcelona","robots":{"index":"noindex","follow":"follow","max-snippet":"max-snippet:-1","max-image-preview":"max-image-preview:large","max-video-preview":"max-video-preview:-1"},"og_locale":"fr_FR","og_type":"article","og_title":"\u00a0Caruso & Minini : Un Tr\u00e9sor Viticole en Sicile - Temps Barcelona","og_description":"&nbsp; Chez Caruso &amp; Minini, une maison de vin embl\u00e9matique nich\u00e9e au c\u0153ur de la Sicile. Avec son h\u00e9ritage familial, son terroir exceptionnel et sa passion pour l&rsquo;art de la vinification, ce domaine viticole vous promet une exp\u00e9rience sensorielle inoubliable.\u00a0 Caruso &amp; Minini tire son nom des familles Caruso et Minini, dont l&rsquo;histoire viticole remonte [&hellip;]","og_url":"https:\/\/www.tempsbarcelona.com\/fr\/caruso-minini-un-tresor-viticole-en-sicile\/","og_site_name":"Temps Barcelona","article_published_time":"2024-10-22T11:30:56+00:00","og_image":[{"width":1080,"height":1920,"url":"https:\/\/www.tempsbarcelona.com\/wp-content\/uploads\/2024\/06\/WhatsApp-Image-2024-06-03-at-11.52.34.jpeg","type":"image\/jpeg"}],"author":"Viajero","twitter_card":"summary_large_image","twitter_misc":{"\u00c9crit par":"Viajero","Dur\u00e9e de lecture estim\u00e9e":"2 minutes"},"schema":{"@context":"https:\/\/schema.org","@graph":[{"@type":"WebPage","@id":"https:\/\/www.tempsbarcelona.com\/fr\/caruso-minini-un-tresor-viticole-en-sicile\/","url":"https:\/\/www.tempsbarcelona.com\/fr\/caruso-minini-un-tresor-viticole-en-sicile\/","name":"\u00a0Caruso & Minini : Un Tr\u00e9sor Viticole en Sicile - Temps Barcelona","isPartOf":{"@id":"https:\/\/www.tempsbarcelona.com\/fr\/#website"},"primaryImageOfPage":{"@id":"https:\/\/www.tempsbarcelona.com\/fr\/caruso-minini-un-tresor-viticole-en-sicile\/#primaryimage"},"image":{"@id":"https:\/\/www.tempsbarcelona.com\/fr\/caruso-minini-un-tresor-viticole-en-sicile\/#primaryimage"},"thumbnailUrl":"https:\/\/www.tempsbarcelona.com\/wp-content\/uploads\/2024\/06\/WhatsApp-Image-2024-06-03-at-11.52.34.jpeg","datePublished":"2024-10-22T11:30:56+00:00","author":{"@id":"https:\/\/www.tempsbarcelona.com\/fr\/#\/schema\/person\/42e402d68007d6b23123a37e43aca822"},"breadcrumb":{"@id":"https:\/\/www.tempsbarcelona.com\/fr\/caruso-minini-un-tresor-viticole-en-sicile\/#breadcrumb"},"inLanguage":"fr-FR","potentialAction":[{"@type":"ReadAction","target":["https:\/\/www.tempsbarcelona.com\/fr\/caruso-minini-un-tresor-viticole-en-sicile\/"]}]},{"@type":"ImageObject","inLanguage":"fr-FR","@id":"https:\/\/www.tempsbarcelona.com\/fr\/caruso-minini-un-tresor-viticole-en-sicile\/#primaryimage","url":"https:\/\/www.tempsbarcelona.com\/wp-content\/uploads\/2024\/06\/WhatsApp-Image-2024-06-03-at-11.52.34.jpeg","contentUrl":"https:\/\/www.tempsbarcelona.com\/wp-content\/uploads\/2024\/06\/WhatsApp-Image-2024-06-03-at-11.52.34.jpeg","width":1080,"height":1920},{"@type":"BreadcrumbList","@id":"https:\/\/www.tempsbarcelona.com\/fr\/caruso-minini-un-tresor-viticole-en-sicile\/#breadcrumb","itemListElement":[{"@type":"ListItem","position":1,"name":"Portada","item":"https:\/\/www.tempsbarcelona.com\/fr\/temps-barcelona\/"},{"@type":"ListItem","position":2,"name":"\u00a0Caruso &#038; Minini : Un Tr\u00e9sor Viticole en Sicile"}]},{"@type":"WebSite","@id":"https:\/\/www.tempsbarcelona.com\/fr\/#website","url":"https:\/\/www.tempsbarcelona.com\/fr\/","name":"Temps Barcelona","description":"","potentialAction":[{"@type":"SearchAction","target":{"@type":"EntryPoint","urlTemplate":"https:\/\/www.tempsbarcelona.com\/fr\/?s={search_term_string}"},"query-input":{"@type":"PropertyValueSpecification","valueRequired":true,"valueName":"search_term_string"}}],"inLanguage":"fr-FR"},{"@type":"Person","@id":"https:\/\/www.tempsbarcelona.com\/fr\/#\/schema\/person\/42e402d68007d6b23123a37e43aca822","name":"Viajero","image":{"@type":"ImageObject","inLanguage":"fr-FR","@id":"https:\/\/www.tempsbarcelona.com\/fr\/#\/schema\/person\/image\/","url":"https:\/\/secure.gravatar.com\/avatar\/adc63f40e2c832dac25e11feaef9ac523a32eaf25722d8b78fcb7c6603af7f85?s=96&d=mm&r=g","contentUrl":"https:\/\/secure.gravatar.com\/avatar\/adc63f40e2c832dac25e11feaef9ac523a32eaf25722d8b78fcb7c6603af7f85?s=96&d=mm&r=g","caption":"Viajero"}}]}},"_links":{"self":[{"href":"https:\/\/www.tempsbarcelona.com\/fr\/wp-json\/wp\/v2\/posts\/3636","targetHints":{"allow":["GET"]}}],"collection":[{"href":"https:\/\/www.tempsbarcelona.com\/fr\/wp-json\/wp\/v2\/posts"}],"about":[{"href":"https:\/\/www.tempsbarcelona.com\/fr\/wp-json\/wp\/v2\/types\/post"}],"author":[{"embeddable":true,"href":"https:\/\/www.tempsbarcelona.com\/fr\/wp-json\/wp\/v2\/users\/2"}],"replies":[{"embeddable":true,"href":"https:\/\/www.tempsbarcelona.com\/fr\/wp-json\/wp\/v2\/comments?post=3636"}],"version-history":[{"count":1,"href":"https:\/\/www.tempsbarcelona.com\/fr\/wp-json\/wp\/v2\/posts\/3636\/revisions"}],"predecessor-version":[{"id":3637,"href":"https:\/\/www.tempsbarcelona.com\/fr\/wp-json\/wp\/v2\/posts\/3636\/revisions\/3637"}],"wp:featuredmedia":[{"embeddable":true,"href":"https:\/\/www.tempsbarcelona.com\/fr\/wp-json\/wp\/v2\/media\/3628"}],"wp:attachment":[{"href":"https:\/\/www.tempsbarcelona.com\/fr\/wp-json\/wp\/v2\/media?parent=3636"}],"wp:term":[{"taxonomy":"category","embeddable":true,"href":"https:\/\/www.tempsbarcelona.com\/fr\/wp-json\/wp\/v2\/categories?post=3636"},{"taxonomy":"post_tag","embeddable":true,"href":"https:\/\/www.tempsbarcelona.com\/fr\/wp-json\/wp\/v2\/tags?post=3636"}],"curies":[{"name":"wp","href":"https:\/\/api.w.org\/{rel}","templated":true}]}}