{"id":3531,"date":"2024-10-01T11:30:02","date_gmt":"2024-10-01T11:30:02","guid":{"rendered":"https:\/\/derutasyvinos.com\/?p=3531"},"modified":"2024-06-03T13:01:45","modified_gmt":"2024-06-03T13:01:45","slug":"le-domaine-feraud-et-fils-un-voyage-oenologique-au-coeur-de-la-provence","status":"publish","type":"post","link":"https:\/\/www.tempsbarcelona.com\/fr\/le-domaine-feraud-et-fils-un-voyage-oenologique-au-coeur-de-la-provence\/","title":{"rendered":"Le Domaine F\u00e9raud et Fils : Un Voyage \u0152nologique au C\u0153ur de la Provence"},"content":{"rendered":"<p><span style=\"font-weight: 400;\">Le Domaine F\u00e9raud et Fils, une perle viticole situ\u00e9e au c\u0153ur de la pittoresque r\u00e9gion de Provence. Nich\u00e9 parmi les collines verdoyantes et les champs de lavande, ce domaine familial vous invite \u00e0 explorer l&rsquo;art du vin, \u00e0 savourer une cuisine proven\u00e7ale authentique et \u00e0 profiter d&rsquo;une gamme d&rsquo;activit\u00e9s enrichissantes.<\/span><\/p>\n<p><span style=\"font-weight: 400;\">Le Domaine est r\u00e9put\u00e9 pour ses vins \u00e9l\u00e9gants qui capturent l&rsquo;essence m\u00eame de la Provence. Avec des c\u00e9pages typiquement proven\u00e7aux tels que le Grenache, le Syrah et le Mourv\u00e8dre, chaque bouteille raconte une histoire unique du terroir ensoleill\u00e9 et des traditions vinicoles ancestrales. Lors de votre visite, participez \u00e0 une d\u00e9gustation pour d\u00e9couvrir la palette de saveurs et les ar\u00f4mes envo\u00fbtants de ces vins exceptionnels.<\/span><\/p>\n<h2><b>La Gastronomie Proven\u00e7ale<\/b><\/h2>\n<p><span style=\"font-weight: 400;\">Le domaine ne se contente pas seulement de produire des vins de qualit\u00e9, mais offre \u00e9galement une exp\u00e9rience gastronomique inoubliable. Le restaurant du domaine propose une cuisine proven\u00e7ale raffin\u00e9e, mettant en valeur les produits frais et locaux de la r\u00e9gion. D\u00e9gustez des plats traditionnels tels que la ratatouille, la bouillabaisse et la tapenade, accompagn\u00e9s des vins du domaine pour des accords parfaits.<\/span><\/p>\n<p><span style=\"font-weight: 400;\">En plus des d\u00e9gustations de vins et des repas gastronomiques, le Domaine F\u00e9raud et Fils propose une multitude d&rsquo;activit\u00e9s pour enrichir votre s\u00e9jour. Des balades \u00e0 v\u00e9lo traversant les vignobles pittoresques de la r\u00e9gion, en d\u00e9couvrant les paysages magnifiques de la Provence. Pour une exp\u00e9rience plus immersive, participez \u00e0 une visite guid\u00e9e du domaine et des caves, o\u00f9 vous pourrez en apprendre davantage sur l&rsquo;histoire du domaine et sur les techniques de vinification. Enfin, ne manquez pas de vous d\u00e9tendre dans les jardins paisibles du domaine, o\u00f9 vous pourrez profiter de la tranquillit\u00e9 et de la beaut\u00e9 de la nature environnante.<\/span><\/p>\n","protected":false},"excerpt":{"rendered":"<p>Le Domaine F\u00e9raud et Fils, une perle viticole situ\u00e9e au c\u0153ur de la pittoresque r\u00e9gion de Provence. Nich\u00e9 parmi les collines verdoyantes et les champs de lavande, ce domaine familial vous invite \u00e0 explorer l&rsquo;art du vin, \u00e0 savourer une cuisine proven\u00e7ale authentique et \u00e0 profiter d&rsquo;une gamme d&rsquo;activit\u00e9s enrichissantes. Le Domaine est r\u00e9put\u00e9 pour [&hellip;]<\/p>\n","protected":false},"author":2,"featured_media":3525,"comment_status":"open","ping_status":"open","sticky":false,"template":"","format":"standard","meta":{"_et_pb_use_builder":"","_et_pb_old_content":"","_et_gb_content_width":"","footnotes":""},"categories":[34],"tags":[],"class_list":["post-3531","post","type-post","status-publish","format-standard","has-post-thumbnail","hentry","category-non-classifiee"],"yoast_head":"<!-- This site is optimized with the Yoast SEO plugin v25.1 - https:\/\/yoast.com\/wordpress\/plugins\/seo\/ -->\n<title>Le Domaine F\u00e9raud et Fils : Un Voyage \u0152nologique au C\u0153ur de la Provence - Temps Barcelona<\/title>\n<meta name=\"robots\" content=\"noindex, follow, max-snippet:-1, max-image-preview:large, max-video-preview:-1\" \/>\n<meta property=\"og:locale\" content=\"fr_FR\" \/>\n<meta property=\"og:type\" content=\"article\" \/>\n<meta property=\"og:title\" content=\"Le Domaine F\u00e9raud et Fils : Un Voyage \u0152nologique au C\u0153ur de la Provence - Temps Barcelona\" \/>\n<meta property=\"og:description\" content=\"Le Domaine F\u00e9raud et Fils, une perle viticole situ\u00e9e au c\u0153ur de la pittoresque r\u00e9gion de Provence. Nich\u00e9 parmi les collines verdoyantes et les champs de lavande, ce domaine familial vous invite \u00e0 explorer l&rsquo;art du vin, \u00e0 savourer une cuisine proven\u00e7ale authentique et \u00e0 profiter d&rsquo;une gamme d&rsquo;activit\u00e9s enrichissantes. Le Domaine est r\u00e9put\u00e9 pour [&hellip;]\" \/>\n<meta property=\"og:url\" content=\"https:\/\/www.tempsbarcelona.com\/fr\/le-domaine-feraud-et-fils-un-voyage-oenologique-au-coeur-de-la-provence\/\" \/>\n<meta property=\"og:site_name\" content=\"Temps Barcelona\" \/>\n<meta property=\"article:published_time\" content=\"2024-10-01T11:30:02+00:00\" \/>\n<meta property=\"og:image\" content=\"https:\/\/www.tempsbarcelona.com\/wp-content\/uploads\/2024\/06\/WhatsApp-Image-2024-06-03-at-11.48.39.jpeg\" \/>\n\t<meta property=\"og:image:width\" content=\"1080\" \/>\n\t<meta property=\"og:image:height\" content=\"1920\" \/>\n\t<meta property=\"og:image:type\" content=\"image\/jpeg\" \/>\n<meta name=\"author\" content=\"Viajero\" \/>\n<meta name=\"twitter:card\" content=\"summary_large_image\" \/>\n<meta name=\"twitter:label1\" content=\"\u00c9crit par\" \/>\n\t<meta name=\"twitter:data1\" content=\"Viajero\" \/>\n\t<meta name=\"twitter:label2\" content=\"Dur\u00e9e de lecture estim\u00e9e\" \/>\n\t<meta name=\"twitter:data2\" content=\"2 minutes\" \/>\n<script type=\"application\/ld+json\" class=\"yoast-schema-graph\">{\"@context\":\"https:\/\/schema.org\",\"@graph\":[{\"@type\":\"WebPage\",\"@id\":\"https:\/\/www.tempsbarcelona.com\/fr\/le-domaine-feraud-et-fils-un-voyage-oenologique-au-coeur-de-la-provence\/\",\"url\":\"https:\/\/www.tempsbarcelona.com\/fr\/le-domaine-feraud-et-fils-un-voyage-oenologique-au-coeur-de-la-provence\/\",\"name\":\"Le Domaine F\u00e9raud et Fils : Un Voyage \u0152nologique au C\u0153ur de la Provence - Temps Barcelona\",\"isPartOf\":{\"@id\":\"https:\/\/www.tempsbarcelona.com\/fr\/#website\"},\"primaryImageOfPage\":{\"@id\":\"https:\/\/www.tempsbarcelona.com\/fr\/le-domaine-feraud-et-fils-un-voyage-oenologique-au-coeur-de-la-provence\/#primaryimage\"},\"image\":{\"@id\":\"https:\/\/www.tempsbarcelona.com\/fr\/le-domaine-feraud-et-fils-un-voyage-oenologique-au-coeur-de-la-provence\/#primaryimage\"},\"thumbnailUrl\":\"https:\/\/www.tempsbarcelona.com\/wp-content\/uploads\/2024\/06\/WhatsApp-Image-2024-06-03-at-11.48.39.jpeg\",\"datePublished\":\"2024-10-01T11:30:02+00:00\",\"author\":{\"@id\":\"https:\/\/www.tempsbarcelona.com\/fr\/#\/schema\/person\/42e402d68007d6b23123a37e43aca822\"},\"breadcrumb\":{\"@id\":\"https:\/\/www.tempsbarcelona.com\/fr\/le-domaine-feraud-et-fils-un-voyage-oenologique-au-coeur-de-la-provence\/#breadcrumb\"},\"inLanguage\":\"fr-FR\",\"potentialAction\":[{\"@type\":\"ReadAction\",\"target\":[\"https:\/\/www.tempsbarcelona.com\/fr\/le-domaine-feraud-et-fils-un-voyage-oenologique-au-coeur-de-la-provence\/\"]}]},{\"@type\":\"ImageObject\",\"inLanguage\":\"fr-FR\",\"@id\":\"https:\/\/www.tempsbarcelona.com\/fr\/le-domaine-feraud-et-fils-un-voyage-oenologique-au-coeur-de-la-provence\/#primaryimage\",\"url\":\"https:\/\/www.tempsbarcelona.com\/wp-content\/uploads\/2024\/06\/WhatsApp-Image-2024-06-03-at-11.48.39.jpeg\",\"contentUrl\":\"https:\/\/www.tempsbarcelona.com\/wp-content\/uploads\/2024\/06\/WhatsApp-Image-2024-06-03-at-11.48.39.jpeg\",\"width\":1080,\"height\":1920},{\"@type\":\"BreadcrumbList\",\"@id\":\"https:\/\/www.tempsbarcelona.com\/fr\/le-domaine-feraud-et-fils-un-voyage-oenologique-au-coeur-de-la-provence\/#breadcrumb\",\"itemListElement\":[{\"@type\":\"ListItem\",\"position\":1,\"name\":\"Portada\",\"item\":\"https:\/\/www.tempsbarcelona.com\/fr\/temps-barcelona\/\"},{\"@type\":\"ListItem\",\"position\":2,\"name\":\"Le Domaine F\u00e9raud et Fils : Un Voyage \u0152nologique au C\u0153ur de la Provence\"}]},{\"@type\":\"WebSite\",\"@id\":\"https:\/\/www.tempsbarcelona.com\/fr\/#website\",\"url\":\"https:\/\/www.tempsbarcelona.com\/fr\/\",\"name\":\"Temps Barcelona\",\"description\":\"\",\"potentialAction\":[{\"@type\":\"SearchAction\",\"target\":{\"@type\":\"EntryPoint\",\"urlTemplate\":\"https:\/\/www.tempsbarcelona.com\/fr\/?s={search_term_string}\"},\"query-input\":{\"@type\":\"PropertyValueSpecification\",\"valueRequired\":true,\"valueName\":\"search_term_string\"}}],\"inLanguage\":\"fr-FR\"},{\"@type\":\"Person\",\"@id\":\"https:\/\/www.tempsbarcelona.com\/fr\/#\/schema\/person\/42e402d68007d6b23123a37e43aca822\",\"name\":\"Viajero\",\"image\":{\"@type\":\"ImageObject\",\"inLanguage\":\"fr-FR\",\"@id\":\"https:\/\/www.tempsbarcelona.com\/fr\/#\/schema\/person\/image\/\",\"url\":\"https:\/\/secure.gravatar.com\/avatar\/adc63f40e2c832dac25e11feaef9ac523a32eaf25722d8b78fcb7c6603af7f85?s=96&d=mm&r=g\",\"contentUrl\":\"https:\/\/secure.gravatar.com\/avatar\/adc63f40e2c832dac25e11feaef9ac523a32eaf25722d8b78fcb7c6603af7f85?s=96&d=mm&r=g\",\"caption\":\"Viajero\"}}]}<\/script>\n<!-- \/ Yoast SEO plugin. -->","yoast_head_json":{"title":"Le Domaine F\u00e9raud et Fils : Un Voyage \u0152nologique au C\u0153ur de la Provence - Temps Barcelona","robots":{"index":"noindex","follow":"follow","max-snippet":"max-snippet:-1","max-image-preview":"max-image-preview:large","max-video-preview":"max-video-preview:-1"},"og_locale":"fr_FR","og_type":"article","og_title":"Le Domaine F\u00e9raud et Fils : Un Voyage \u0152nologique au C\u0153ur de la Provence - Temps Barcelona","og_description":"Le Domaine F\u00e9raud et Fils, une perle viticole situ\u00e9e au c\u0153ur de la pittoresque r\u00e9gion de Provence. Nich\u00e9 parmi les collines verdoyantes et les champs de lavande, ce domaine familial vous invite \u00e0 explorer l&rsquo;art du vin, \u00e0 savourer une cuisine proven\u00e7ale authentique et \u00e0 profiter d&rsquo;une gamme d&rsquo;activit\u00e9s enrichissantes. Le Domaine est r\u00e9put\u00e9 pour [&hellip;]","og_url":"https:\/\/www.tempsbarcelona.com\/fr\/le-domaine-feraud-et-fils-un-voyage-oenologique-au-coeur-de-la-provence\/","og_site_name":"Temps Barcelona","article_published_time":"2024-10-01T11:30:02+00:00","og_image":[{"width":1080,"height":1920,"url":"https:\/\/www.tempsbarcelona.com\/wp-content\/uploads\/2024\/06\/WhatsApp-Image-2024-06-03-at-11.48.39.jpeg","type":"image\/jpeg"}],"author":"Viajero","twitter_card":"summary_large_image","twitter_misc":{"\u00c9crit par":"Viajero","Dur\u00e9e de lecture estim\u00e9e":"2 minutes"},"schema":{"@context":"https:\/\/schema.org","@graph":[{"@type":"WebPage","@id":"https:\/\/www.tempsbarcelona.com\/fr\/le-domaine-feraud-et-fils-un-voyage-oenologique-au-coeur-de-la-provence\/","url":"https:\/\/www.tempsbarcelona.com\/fr\/le-domaine-feraud-et-fils-un-voyage-oenologique-au-coeur-de-la-provence\/","name":"Le Domaine F\u00e9raud et Fils : Un Voyage \u0152nologique au C\u0153ur de la Provence - Temps Barcelona","isPartOf":{"@id":"https:\/\/www.tempsbarcelona.com\/fr\/#website"},"primaryImageOfPage":{"@id":"https:\/\/www.tempsbarcelona.com\/fr\/le-domaine-feraud-et-fils-un-voyage-oenologique-au-coeur-de-la-provence\/#primaryimage"},"image":{"@id":"https:\/\/www.tempsbarcelona.com\/fr\/le-domaine-feraud-et-fils-un-voyage-oenologique-au-coeur-de-la-provence\/#primaryimage"},"thumbnailUrl":"https:\/\/www.tempsbarcelona.com\/wp-content\/uploads\/2024\/06\/WhatsApp-Image-2024-06-03-at-11.48.39.jpeg","datePublished":"2024-10-01T11:30:02+00:00","author":{"@id":"https:\/\/www.tempsbarcelona.com\/fr\/#\/schema\/person\/42e402d68007d6b23123a37e43aca822"},"breadcrumb":{"@id":"https:\/\/www.tempsbarcelona.com\/fr\/le-domaine-feraud-et-fils-un-voyage-oenologique-au-coeur-de-la-provence\/#breadcrumb"},"inLanguage":"fr-FR","potentialAction":[{"@type":"ReadAction","target":["https:\/\/www.tempsbarcelona.com\/fr\/le-domaine-feraud-et-fils-un-voyage-oenologique-au-coeur-de-la-provence\/"]}]},{"@type":"ImageObject","inLanguage":"fr-FR","@id":"https:\/\/www.tempsbarcelona.com\/fr\/le-domaine-feraud-et-fils-un-voyage-oenologique-au-coeur-de-la-provence\/#primaryimage","url":"https:\/\/www.tempsbarcelona.com\/wp-content\/uploads\/2024\/06\/WhatsApp-Image-2024-06-03-at-11.48.39.jpeg","contentUrl":"https:\/\/www.tempsbarcelona.com\/wp-content\/uploads\/2024\/06\/WhatsApp-Image-2024-06-03-at-11.48.39.jpeg","width":1080,"height":1920},{"@type":"BreadcrumbList","@id":"https:\/\/www.tempsbarcelona.com\/fr\/le-domaine-feraud-et-fils-un-voyage-oenologique-au-coeur-de-la-provence\/#breadcrumb","itemListElement":[{"@type":"ListItem","position":1,"name":"Portada","item":"https:\/\/www.tempsbarcelona.com\/fr\/temps-barcelona\/"},{"@type":"ListItem","position":2,"name":"Le Domaine F\u00e9raud et Fils : Un Voyage \u0152nologique au C\u0153ur de la Provence"}]},{"@type":"WebSite","@id":"https:\/\/www.tempsbarcelona.com\/fr\/#website","url":"https:\/\/www.tempsbarcelona.com\/fr\/","name":"Temps Barcelona","description":"","potentialAction":[{"@type":"SearchAction","target":{"@type":"EntryPoint","urlTemplate":"https:\/\/www.tempsbarcelona.com\/fr\/?s={search_term_string}"},"query-input":{"@type":"PropertyValueSpecification","valueRequired":true,"valueName":"search_term_string"}}],"inLanguage":"fr-FR"},{"@type":"Person","@id":"https:\/\/www.tempsbarcelona.com\/fr\/#\/schema\/person\/42e402d68007d6b23123a37e43aca822","name":"Viajero","image":{"@type":"ImageObject","inLanguage":"fr-FR","@id":"https:\/\/www.tempsbarcelona.com\/fr\/#\/schema\/person\/image\/","url":"https:\/\/secure.gravatar.com\/avatar\/adc63f40e2c832dac25e11feaef9ac523a32eaf25722d8b78fcb7c6603af7f85?s=96&d=mm&r=g","contentUrl":"https:\/\/secure.gravatar.com\/avatar\/adc63f40e2c832dac25e11feaef9ac523a32eaf25722d8b78fcb7c6603af7f85?s=96&d=mm&r=g","caption":"Viajero"}}]}},"_links":{"self":[{"href":"https:\/\/www.tempsbarcelona.com\/fr\/wp-json\/wp\/v2\/posts\/3531","targetHints":{"allow":["GET"]}}],"collection":[{"href":"https:\/\/www.tempsbarcelona.com\/fr\/wp-json\/wp\/v2\/posts"}],"about":[{"href":"https:\/\/www.tempsbarcelona.com\/fr\/wp-json\/wp\/v2\/types\/post"}],"author":[{"embeddable":true,"href":"https:\/\/www.tempsbarcelona.com\/fr\/wp-json\/wp\/v2\/users\/2"}],"replies":[{"embeddable":true,"href":"https:\/\/www.tempsbarcelona.com\/fr\/wp-json\/wp\/v2\/comments?post=3531"}],"version-history":[{"count":1,"href":"https:\/\/www.tempsbarcelona.com\/fr\/wp-json\/wp\/v2\/posts\/3531\/revisions"}],"predecessor-version":[{"id":3532,"href":"https:\/\/www.tempsbarcelona.com\/fr\/wp-json\/wp\/v2\/posts\/3531\/revisions\/3532"}],"wp:featuredmedia":[{"embeddable":true,"href":"https:\/\/www.tempsbarcelona.com\/fr\/wp-json\/wp\/v2\/media\/3525"}],"wp:attachment":[{"href":"https:\/\/www.tempsbarcelona.com\/fr\/wp-json\/wp\/v2\/media?parent=3531"}],"wp:term":[{"taxonomy":"category","embeddable":true,"href":"https:\/\/www.tempsbarcelona.com\/fr\/wp-json\/wp\/v2\/categories?post=3531"},{"taxonomy":"post_tag","embeddable":true,"href":"https:\/\/www.tempsbarcelona.com\/fr\/wp-json\/wp\/v2\/tags?post=3531"}],"curies":[{"name":"wp","href":"https:\/\/api.w.org\/{rel}","templated":true}]}}