{"id":3303,"date":"2024-08-06T11:30:58","date_gmt":"2024-08-06T11:30:58","guid":{"rendered":"https:\/\/derutasyvinos.com\/?p=3303"},"modified":"2024-05-29T14:42:01","modified_gmt":"2024-05-29T14:42:01","slug":"un-tresor-cache-de-lile-de-cuba","status":"publish","type":"post","link":"https:\/\/www.tempsbarcelona.com\/fr\/un-tresor-cache-de-lile-de-cuba\/","title":{"rendered":"Un Tr\u00e9sor Cach\u00e9 de l&rsquo;\u00cele de Cuba"},"content":{"rendered":"<p><span style=\"font-weight: 400;\">Le Domaine Viticole de Cuba, un joyau m\u00e9connu nich\u00e9 au c\u0153ur des paysages exotiques de l&rsquo;\u00eele. Situ\u00e9 dans la vall\u00e9e verdoyante de Vi\u00f1ales, ce domaine viticole offre une exp\u00e9rience unique o\u00f9 le vin, la gastronomie et les activit\u00e9s de plein air se conjuguent pour cr\u00e9er des souvenirs inoubliables.<\/span><\/p>\n<p><span style=\"font-weight: 400;\">Bien que Cuba ne soit pas traditionnellement connue pour sa production de vin, le Domaine Viticole de Vi\u00f1ales a su relever ce d\u00e9fi avec brio. Gr\u00e2ce \u00e0 son climat tropical et \u00e0 ses sols fertiles, le domaine produit une gamme de vins uniques aux saveurs exotiques. Du vin blanc frais aux ar\u00f4mes de fruits tropicaux au rouge cors\u00e9 aux notes \u00e9pic\u00e9es, chaque bouteille raconte l&rsquo;histoire ensoleill\u00e9e de Cuba.<\/span><\/p>\n<h2><b>Gastronomie Cr\u00e9ole et Fusion<\/b><\/h2>\n<p><span style=\"font-weight: 400;\">Le restaurant du domaine propose une cuisine cr\u00e9ole et fusion mettant en valeur les ingr\u00e9dients locaux et les produits frais de la r\u00e9gion. De d\u00e9licieux plats traditionnels cubains, tels que le Ropa Vieja et le Moros y Cristianos, sont accompagn\u00e9s de vins du domaine soigneusement s\u00e9lectionn\u00e9s pour compl\u00e9ter les saveurs riches et complexes. Que vous soyez un amateur de fruits de mer frais ou un adepte de la cuisine cubaine \u00e9pic\u00e9e, le restaurant du domaine saura satisfaire toutes vos envies gastronomiques.<\/span><\/p>\n<p><span style=\"font-weight: 400;\">Le Domaine propose une vari\u00e9t\u00e9 d&rsquo;activit\u00e9s pour enrichir votre s\u00e9jour. Partez \u00e0 la d\u00e9couverte des vignobles lors de visites guid\u00e9es o\u00f9 vous pourrez en apprendre davantage sur les techniques de viticulture tropicale. Profitez d&rsquo;une randonn\u00e9e \u00e0 travers les pittoresques mogotes de Vi\u00f1ales, des formations rocheuses uniques qui offrent des vues spectaculaires sur la vall\u00e9e verdoyante. Vous pouvez \u00e9galement participer \u00e0 des cours de cuisine cubaine pour apprendre \u00e0 pr\u00e9parer des plats authentiques avec les chefs locaux.<\/span><\/p>\n<p><span style=\"font-weight: 400;\">Pour une exp\u00e9rience ultime, ne manquez pas de faire une excursion \u00e0 cheval \u00e0 travers la campagne cubaine, en passant par des plantations de tabac et des villages pittoresques. Vous pourrez ainsi d\u00e9couvrir la beaut\u00e9 naturelle et la richesse culturelle de Cuba d&rsquo;une mani\u00e8re authentique et immersive.<\/span><\/p>\n<p>&nbsp;<\/p>\n","protected":false},"excerpt":{"rendered":"<p>Le Domaine Viticole de Cuba, un joyau m\u00e9connu nich\u00e9 au c\u0153ur des paysages exotiques de l&rsquo;\u00eele. Situ\u00e9 dans la vall\u00e9e verdoyante de Vi\u00f1ales, ce domaine viticole offre une exp\u00e9rience unique o\u00f9 le vin, la gastronomie et les activit\u00e9s de plein air se conjuguent pour cr\u00e9er des souvenirs inoubliables. Bien que Cuba ne soit pas traditionnellement [&hellip;]<\/p>\n","protected":false},"author":2,"featured_media":3295,"comment_status":"open","ping_status":"open","sticky":false,"template":"","format":"standard","meta":{"_et_pb_use_builder":"","_et_pb_old_content":"","_et_gb_content_width":"","footnotes":""},"categories":[34],"tags":[],"class_list":["post-3303","post","type-post","status-publish","format-standard","has-post-thumbnail","hentry","category-non-classifiee"],"yoast_head":"<!-- This site is optimized with the Yoast SEO plugin v25.1 - https:\/\/yoast.com\/wordpress\/plugins\/seo\/ -->\n<title>Un Tr\u00e9sor Cach\u00e9 de l&#039;\u00cele de Cuba - Temps Barcelona<\/title>\n<meta name=\"robots\" content=\"noindex, follow, max-snippet:-1, max-image-preview:large, max-video-preview:-1\" \/>\n<meta property=\"og:locale\" content=\"fr_FR\" \/>\n<meta property=\"og:type\" content=\"article\" \/>\n<meta property=\"og:title\" content=\"Un Tr\u00e9sor Cach\u00e9 de l&#039;\u00cele de Cuba - Temps Barcelona\" \/>\n<meta property=\"og:description\" content=\"Le Domaine Viticole de Cuba, un joyau m\u00e9connu nich\u00e9 au c\u0153ur des paysages exotiques de l&rsquo;\u00eele. Situ\u00e9 dans la vall\u00e9e verdoyante de Vi\u00f1ales, ce domaine viticole offre une exp\u00e9rience unique o\u00f9 le vin, la gastronomie et les activit\u00e9s de plein air se conjuguent pour cr\u00e9er des souvenirs inoubliables. Bien que Cuba ne soit pas traditionnellement [&hellip;]\" \/>\n<meta property=\"og:url\" content=\"https:\/\/www.tempsbarcelona.com\/fr\/un-tresor-cache-de-lile-de-cuba\/\" \/>\n<meta property=\"og:site_name\" content=\"Temps Barcelona\" \/>\n<meta property=\"article:published_time\" content=\"2024-08-06T11:30:58+00:00\" \/>\n<meta property=\"og:image\" content=\"https:\/\/www.tempsbarcelona.com\/wp-content\/uploads\/2024\/05\/WhatsApp-Image-2024-05-29-at-12.46.09-1.jpeg\" \/>\n\t<meta property=\"og:image:width\" content=\"900\" \/>\n\t<meta property=\"og:image:height\" content=\"1600\" \/>\n\t<meta property=\"og:image:type\" content=\"image\/jpeg\" \/>\n<meta name=\"author\" content=\"Viajero\" \/>\n<meta name=\"twitter:card\" content=\"summary_large_image\" \/>\n<meta name=\"twitter:label1\" content=\"\u00c9crit par\" \/>\n\t<meta name=\"twitter:data1\" content=\"Viajero\" \/>\n\t<meta name=\"twitter:label2\" content=\"Dur\u00e9e de lecture estim\u00e9e\" \/>\n\t<meta name=\"twitter:data2\" content=\"2 minutes\" \/>\n<script type=\"application\/ld+json\" class=\"yoast-schema-graph\">{\"@context\":\"https:\/\/schema.org\",\"@graph\":[{\"@type\":\"WebPage\",\"@id\":\"https:\/\/www.tempsbarcelona.com\/fr\/un-tresor-cache-de-lile-de-cuba\/\",\"url\":\"https:\/\/www.tempsbarcelona.com\/fr\/un-tresor-cache-de-lile-de-cuba\/\",\"name\":\"Un Tr\u00e9sor Cach\u00e9 de l'\u00cele de Cuba - Temps Barcelona\",\"isPartOf\":{\"@id\":\"https:\/\/www.tempsbarcelona.com\/fr\/#website\"},\"primaryImageOfPage\":{\"@id\":\"https:\/\/www.tempsbarcelona.com\/fr\/un-tresor-cache-de-lile-de-cuba\/#primaryimage\"},\"image\":{\"@id\":\"https:\/\/www.tempsbarcelona.com\/fr\/un-tresor-cache-de-lile-de-cuba\/#primaryimage\"},\"thumbnailUrl\":\"https:\/\/www.tempsbarcelona.com\/wp-content\/uploads\/2024\/05\/WhatsApp-Image-2024-05-29-at-12.46.09-1.jpeg\",\"datePublished\":\"2024-08-06T11:30:58+00:00\",\"author\":{\"@id\":\"https:\/\/www.tempsbarcelona.com\/fr\/#\/schema\/person\/42e402d68007d6b23123a37e43aca822\"},\"breadcrumb\":{\"@id\":\"https:\/\/www.tempsbarcelona.com\/fr\/un-tresor-cache-de-lile-de-cuba\/#breadcrumb\"},\"inLanguage\":\"fr-FR\",\"potentialAction\":[{\"@type\":\"ReadAction\",\"target\":[\"https:\/\/www.tempsbarcelona.com\/fr\/un-tresor-cache-de-lile-de-cuba\/\"]}]},{\"@type\":\"ImageObject\",\"inLanguage\":\"fr-FR\",\"@id\":\"https:\/\/www.tempsbarcelona.com\/fr\/un-tresor-cache-de-lile-de-cuba\/#primaryimage\",\"url\":\"https:\/\/www.tempsbarcelona.com\/wp-content\/uploads\/2024\/05\/WhatsApp-Image-2024-05-29-at-12.46.09-1.jpeg\",\"contentUrl\":\"https:\/\/www.tempsbarcelona.com\/wp-content\/uploads\/2024\/05\/WhatsApp-Image-2024-05-29-at-12.46.09-1.jpeg\",\"width\":900,\"height\":1600},{\"@type\":\"BreadcrumbList\",\"@id\":\"https:\/\/www.tempsbarcelona.com\/fr\/un-tresor-cache-de-lile-de-cuba\/#breadcrumb\",\"itemListElement\":[{\"@type\":\"ListItem\",\"position\":1,\"name\":\"Portada\",\"item\":\"https:\/\/www.tempsbarcelona.com\/fr\/temps-barcelona\/\"},{\"@type\":\"ListItem\",\"position\":2,\"name\":\"Un Tr\u00e9sor Cach\u00e9 de l&#8217;\u00cele de Cuba\"}]},{\"@type\":\"WebSite\",\"@id\":\"https:\/\/www.tempsbarcelona.com\/fr\/#website\",\"url\":\"https:\/\/www.tempsbarcelona.com\/fr\/\",\"name\":\"Temps Barcelona\",\"description\":\"\",\"potentialAction\":[{\"@type\":\"SearchAction\",\"target\":{\"@type\":\"EntryPoint\",\"urlTemplate\":\"https:\/\/www.tempsbarcelona.com\/fr\/?s={search_term_string}\"},\"query-input\":{\"@type\":\"PropertyValueSpecification\",\"valueRequired\":true,\"valueName\":\"search_term_string\"}}],\"inLanguage\":\"fr-FR\"},{\"@type\":\"Person\",\"@id\":\"https:\/\/www.tempsbarcelona.com\/fr\/#\/schema\/person\/42e402d68007d6b23123a37e43aca822\",\"name\":\"Viajero\",\"image\":{\"@type\":\"ImageObject\",\"inLanguage\":\"fr-FR\",\"@id\":\"https:\/\/www.tempsbarcelona.com\/fr\/#\/schema\/person\/image\/\",\"url\":\"https:\/\/secure.gravatar.com\/avatar\/adc63f40e2c832dac25e11feaef9ac523a32eaf25722d8b78fcb7c6603af7f85?s=96&d=mm&r=g\",\"contentUrl\":\"https:\/\/secure.gravatar.com\/avatar\/adc63f40e2c832dac25e11feaef9ac523a32eaf25722d8b78fcb7c6603af7f85?s=96&d=mm&r=g\",\"caption\":\"Viajero\"}}]}<\/script>\n<!-- \/ Yoast SEO plugin. -->","yoast_head_json":{"title":"Un Tr\u00e9sor Cach\u00e9 de l'\u00cele de Cuba - Temps Barcelona","robots":{"index":"noindex","follow":"follow","max-snippet":"max-snippet:-1","max-image-preview":"max-image-preview:large","max-video-preview":"max-video-preview:-1"},"og_locale":"fr_FR","og_type":"article","og_title":"Un Tr\u00e9sor Cach\u00e9 de l'\u00cele de Cuba - Temps Barcelona","og_description":"Le Domaine Viticole de Cuba, un joyau m\u00e9connu nich\u00e9 au c\u0153ur des paysages exotiques de l&rsquo;\u00eele. Situ\u00e9 dans la vall\u00e9e verdoyante de Vi\u00f1ales, ce domaine viticole offre une exp\u00e9rience unique o\u00f9 le vin, la gastronomie et les activit\u00e9s de plein air se conjuguent pour cr\u00e9er des souvenirs inoubliables. Bien que Cuba ne soit pas traditionnellement [&hellip;]","og_url":"https:\/\/www.tempsbarcelona.com\/fr\/un-tresor-cache-de-lile-de-cuba\/","og_site_name":"Temps Barcelona","article_published_time":"2024-08-06T11:30:58+00:00","og_image":[{"width":900,"height":1600,"url":"https:\/\/www.tempsbarcelona.com\/wp-content\/uploads\/2024\/05\/WhatsApp-Image-2024-05-29-at-12.46.09-1.jpeg","type":"image\/jpeg"}],"author":"Viajero","twitter_card":"summary_large_image","twitter_misc":{"\u00c9crit par":"Viajero","Dur\u00e9e de lecture estim\u00e9e":"2 minutes"},"schema":{"@context":"https:\/\/schema.org","@graph":[{"@type":"WebPage","@id":"https:\/\/www.tempsbarcelona.com\/fr\/un-tresor-cache-de-lile-de-cuba\/","url":"https:\/\/www.tempsbarcelona.com\/fr\/un-tresor-cache-de-lile-de-cuba\/","name":"Un Tr\u00e9sor Cach\u00e9 de l'\u00cele de Cuba - Temps Barcelona","isPartOf":{"@id":"https:\/\/www.tempsbarcelona.com\/fr\/#website"},"primaryImageOfPage":{"@id":"https:\/\/www.tempsbarcelona.com\/fr\/un-tresor-cache-de-lile-de-cuba\/#primaryimage"},"image":{"@id":"https:\/\/www.tempsbarcelona.com\/fr\/un-tresor-cache-de-lile-de-cuba\/#primaryimage"},"thumbnailUrl":"https:\/\/www.tempsbarcelona.com\/wp-content\/uploads\/2024\/05\/WhatsApp-Image-2024-05-29-at-12.46.09-1.jpeg","datePublished":"2024-08-06T11:30:58+00:00","author":{"@id":"https:\/\/www.tempsbarcelona.com\/fr\/#\/schema\/person\/42e402d68007d6b23123a37e43aca822"},"breadcrumb":{"@id":"https:\/\/www.tempsbarcelona.com\/fr\/un-tresor-cache-de-lile-de-cuba\/#breadcrumb"},"inLanguage":"fr-FR","potentialAction":[{"@type":"ReadAction","target":["https:\/\/www.tempsbarcelona.com\/fr\/un-tresor-cache-de-lile-de-cuba\/"]}]},{"@type":"ImageObject","inLanguage":"fr-FR","@id":"https:\/\/www.tempsbarcelona.com\/fr\/un-tresor-cache-de-lile-de-cuba\/#primaryimage","url":"https:\/\/www.tempsbarcelona.com\/wp-content\/uploads\/2024\/05\/WhatsApp-Image-2024-05-29-at-12.46.09-1.jpeg","contentUrl":"https:\/\/www.tempsbarcelona.com\/wp-content\/uploads\/2024\/05\/WhatsApp-Image-2024-05-29-at-12.46.09-1.jpeg","width":900,"height":1600},{"@type":"BreadcrumbList","@id":"https:\/\/www.tempsbarcelona.com\/fr\/un-tresor-cache-de-lile-de-cuba\/#breadcrumb","itemListElement":[{"@type":"ListItem","position":1,"name":"Portada","item":"https:\/\/www.tempsbarcelona.com\/fr\/temps-barcelona\/"},{"@type":"ListItem","position":2,"name":"Un Tr\u00e9sor Cach\u00e9 de l&#8217;\u00cele de Cuba"}]},{"@type":"WebSite","@id":"https:\/\/www.tempsbarcelona.com\/fr\/#website","url":"https:\/\/www.tempsbarcelona.com\/fr\/","name":"Temps Barcelona","description":"","potentialAction":[{"@type":"SearchAction","target":{"@type":"EntryPoint","urlTemplate":"https:\/\/www.tempsbarcelona.com\/fr\/?s={search_term_string}"},"query-input":{"@type":"PropertyValueSpecification","valueRequired":true,"valueName":"search_term_string"}}],"inLanguage":"fr-FR"},{"@type":"Person","@id":"https:\/\/www.tempsbarcelona.com\/fr\/#\/schema\/person\/42e402d68007d6b23123a37e43aca822","name":"Viajero","image":{"@type":"ImageObject","inLanguage":"fr-FR","@id":"https:\/\/www.tempsbarcelona.com\/fr\/#\/schema\/person\/image\/","url":"https:\/\/secure.gravatar.com\/avatar\/adc63f40e2c832dac25e11feaef9ac523a32eaf25722d8b78fcb7c6603af7f85?s=96&d=mm&r=g","contentUrl":"https:\/\/secure.gravatar.com\/avatar\/adc63f40e2c832dac25e11feaef9ac523a32eaf25722d8b78fcb7c6603af7f85?s=96&d=mm&r=g","caption":"Viajero"}}]}},"_links":{"self":[{"href":"https:\/\/www.tempsbarcelona.com\/fr\/wp-json\/wp\/v2\/posts\/3303","targetHints":{"allow":["GET"]}}],"collection":[{"href":"https:\/\/www.tempsbarcelona.com\/fr\/wp-json\/wp\/v2\/posts"}],"about":[{"href":"https:\/\/www.tempsbarcelona.com\/fr\/wp-json\/wp\/v2\/types\/post"}],"author":[{"embeddable":true,"href":"https:\/\/www.tempsbarcelona.com\/fr\/wp-json\/wp\/v2\/users\/2"}],"replies":[{"embeddable":true,"href":"https:\/\/www.tempsbarcelona.com\/fr\/wp-json\/wp\/v2\/comments?post=3303"}],"version-history":[{"count":1,"href":"https:\/\/www.tempsbarcelona.com\/fr\/wp-json\/wp\/v2\/posts\/3303\/revisions"}],"predecessor-version":[{"id":3304,"href":"https:\/\/www.tempsbarcelona.com\/fr\/wp-json\/wp\/v2\/posts\/3303\/revisions\/3304"}],"wp:featuredmedia":[{"embeddable":true,"href":"https:\/\/www.tempsbarcelona.com\/fr\/wp-json\/wp\/v2\/media\/3295"}],"wp:attachment":[{"href":"https:\/\/www.tempsbarcelona.com\/fr\/wp-json\/wp\/v2\/media?parent=3303"}],"wp:term":[{"taxonomy":"category","embeddable":true,"href":"https:\/\/www.tempsbarcelona.com\/fr\/wp-json\/wp\/v2\/categories?post=3303"},{"taxonomy":"post_tag","embeddable":true,"href":"https:\/\/www.tempsbarcelona.com\/fr\/wp-json\/wp\/v2\/tags?post=3303"}],"curies":[{"name":"wp","href":"https:\/\/api.w.org\/{rel}","templated":true}]}}