{"id":3000,"date":"2024-05-20T11:30:59","date_gmt":"2024-05-20T11:30:59","guid":{"rendered":"https:\/\/derutasyvinos.com\/?p=3000"},"modified":"2024-05-17T07:48:23","modified_gmt":"2024-05-17T07:48:23","slug":"chateau-lynch-bages","status":"publish","type":"post","link":"https:\/\/www.tempsbarcelona.com\/fr\/chateau-lynch-bages\/","title":{"rendered":"Ch\u00e2teau Lynch-Bages"},"content":{"rendered":"<p>Situ\u00e9 au c\u0153ur de la prestigieuse r\u00e9gion viticole du M\u00e9doc bordelais, Ch\u00e2teau Lynch-Bages incarne l&rsquo;excellence et la tradition de la viticulture bordelaise depuis le XVIIIe si\u00e8cle. Fond\u00e9e par le propri\u00e9taire irlandais Thomas Lynch, la propri\u00e9t\u00e9 s&rsquo;est d\u00e9velopp\u00e9e au fil des g\u00e9n\u00e9rations pour devenir l&rsquo;un des joyaux de la couronne de l&rsquo;appellation Pauillac.<\/p>\n<p>Avec environ 100 hectares de vignoble, Ch\u00e2teau Lynch-Bages cultive des c\u00e9pages nobles tels que le Cabernet Sauvignon, le Merlot, le Cabernet Franc et le Petit Verdot, sur des sols de graves typiques de la r\u00e9gion. Une vinification m\u00e9ticuleuse et traditionnelle, combin\u00e9e \u00e0 un vieillissement en barriques de ch\u00eane, conf\u00e8re aux vins une richesse, une structure et une complexit\u00e9 incomparables.<\/p>\n<p>Ch\u00e2teau Lynch-Bages produit plusieurs cuv\u00e9es prestigieuses, parmi lesquelles son embl\u00e9matique Grand Vin, Ch\u00e2teau Lynch-Bages, et des seconds vins comme Echo de Lynch-Bages. Ces vins se distinguent par leur caract\u00e8re puissant, leur \u00e9l\u00e9gance et leur capacit\u00e9 \u00e0 vieillir avec gr\u00e2ce.<\/p>\n<p>\u00c0 la d\u00e9gustation, Ch\u00e2teau Lynch-Bages Rouge r\u00e9v\u00e8le une couleur profonde et intense, des ar\u00f4mes complexes de fruits noirs, de cassis, de c\u00e8dre et des touches d&rsquo;\u00e9pices et de bois. En bouche, il offre une structure ferme, des tanins \u00e9l\u00e9gants et une finale persistante, promettant un potentiel de vieillissement remarquable.<\/p>\n<p>Ch\u00e2teau Lynch-Bages, avec son histoire centenaire, son terroir exceptionnel et ses vins de qualit\u00e9 exceptionnelle, reste une visite incontournable pour les amateurs de bon vin du monde entier, incarnant l&rsquo;excellence et le prestige de la viticulture bordelaise.<\/p>\n<p>Pour plus d&rsquo;informations sur ce vin, veuillez visiter notre site web : [enjoywinebcn.com](https:\/\/www.enjoywinebcn.com\/fr\/recherche?controller=search&amp;orderby=position&amp;orderway=desc&amp;ssa_submit=&amp;search_query=lynch).<\/p>\n","protected":false},"excerpt":{"rendered":"<p>Situ\u00e9 au c\u0153ur de la prestigieuse r\u00e9gion viticole du M\u00e9doc bordelais, Ch\u00e2teau Lynch-Bages incarne l&rsquo;excellence et la tradition de la viticulture bordelaise depuis le XVIIIe si\u00e8cle. Fond\u00e9e par le propri\u00e9taire irlandais Thomas Lynch, la propri\u00e9t\u00e9 s&rsquo;est d\u00e9velopp\u00e9e au fil des g\u00e9n\u00e9rations pour devenir l&rsquo;un des joyaux de la couronne de l&rsquo;appellation Pauillac. Avec environ 100 [&hellip;]<\/p>\n","protected":false},"author":2,"featured_media":2993,"comment_status":"open","ping_status":"open","sticky":false,"template":"","format":"standard","meta":{"_et_pb_use_builder":"","_et_pb_old_content":"","_et_gb_content_width":"","footnotes":""},"categories":[34],"tags":[],"class_list":["post-3000","post","type-post","status-publish","format-standard","has-post-thumbnail","hentry","category-non-classifiee"],"yoast_head":"<!-- This site is optimized with the Yoast SEO plugin v25.1 - https:\/\/yoast.com\/wordpress\/plugins\/seo\/ -->\n<title>Ch\u00e2teau Lynch-Bages - Temps Barcelona<\/title>\n<meta name=\"robots\" content=\"noindex, follow, max-snippet:-1, max-image-preview:large, max-video-preview:-1\" \/>\n<meta property=\"og:locale\" content=\"fr_FR\" \/>\n<meta property=\"og:type\" content=\"article\" \/>\n<meta property=\"og:title\" content=\"Ch\u00e2teau Lynch-Bages - Temps Barcelona\" \/>\n<meta property=\"og:description\" content=\"Situ\u00e9 au c\u0153ur de la prestigieuse r\u00e9gion viticole du M\u00e9doc bordelais, Ch\u00e2teau Lynch-Bages incarne l&rsquo;excellence et la tradition de la viticulture bordelaise depuis le XVIIIe si\u00e8cle. Fond\u00e9e par le propri\u00e9taire irlandais Thomas Lynch, la propri\u00e9t\u00e9 s&rsquo;est d\u00e9velopp\u00e9e au fil des g\u00e9n\u00e9rations pour devenir l&rsquo;un des joyaux de la couronne de l&rsquo;appellation Pauillac. Avec environ 100 [&hellip;]\" \/>\n<meta property=\"og:url\" content=\"https:\/\/www.tempsbarcelona.com\/fr\/chateau-lynch-bages\/\" \/>\n<meta property=\"og:site_name\" content=\"Temps Barcelona\" \/>\n<meta property=\"article:published_time\" content=\"2024-05-20T11:30:59+00:00\" \/>\n<meta property=\"og:image\" content=\"https:\/\/www.tempsbarcelona.com\/wp-content\/uploads\/2024\/05\/IMG-20240517-WA0000.jpg\" \/>\n\t<meta property=\"og:image:width\" content=\"1536\" \/>\n\t<meta property=\"og:image:height\" content=\"2048\" \/>\n\t<meta property=\"og:image:type\" content=\"image\/jpeg\" \/>\n<meta name=\"author\" content=\"Viajero\" \/>\n<meta name=\"twitter:card\" content=\"summary_large_image\" \/>\n<meta name=\"twitter:label1\" content=\"\u00c9crit par\" \/>\n\t<meta name=\"twitter:data1\" content=\"Viajero\" \/>\n\t<meta name=\"twitter:label2\" content=\"Dur\u00e9e de lecture estim\u00e9e\" \/>\n\t<meta name=\"twitter:data2\" content=\"2 minutes\" \/>\n<script type=\"application\/ld+json\" class=\"yoast-schema-graph\">{\"@context\":\"https:\/\/schema.org\",\"@graph\":[{\"@type\":\"WebPage\",\"@id\":\"https:\/\/www.tempsbarcelona.com\/fr\/chateau-lynch-bages\/\",\"url\":\"https:\/\/www.tempsbarcelona.com\/fr\/chateau-lynch-bages\/\",\"name\":\"Ch\u00e2teau Lynch-Bages - Temps Barcelona\",\"isPartOf\":{\"@id\":\"https:\/\/www.tempsbarcelona.com\/fr\/#website\"},\"primaryImageOfPage\":{\"@id\":\"https:\/\/www.tempsbarcelona.com\/fr\/chateau-lynch-bages\/#primaryimage\"},\"image\":{\"@id\":\"https:\/\/www.tempsbarcelona.com\/fr\/chateau-lynch-bages\/#primaryimage\"},\"thumbnailUrl\":\"https:\/\/www.tempsbarcelona.com\/wp-content\/uploads\/2024\/05\/IMG-20240517-WA0000.jpg\",\"datePublished\":\"2024-05-20T11:30:59+00:00\",\"author\":{\"@id\":\"https:\/\/www.tempsbarcelona.com\/fr\/#\/schema\/person\/42e402d68007d6b23123a37e43aca822\"},\"breadcrumb\":{\"@id\":\"https:\/\/www.tempsbarcelona.com\/fr\/chateau-lynch-bages\/#breadcrumb\"},\"inLanguage\":\"fr-FR\",\"potentialAction\":[{\"@type\":\"ReadAction\",\"target\":[\"https:\/\/www.tempsbarcelona.com\/fr\/chateau-lynch-bages\/\"]}]},{\"@type\":\"ImageObject\",\"inLanguage\":\"fr-FR\",\"@id\":\"https:\/\/www.tempsbarcelona.com\/fr\/chateau-lynch-bages\/#primaryimage\",\"url\":\"https:\/\/www.tempsbarcelona.com\/wp-content\/uploads\/2024\/05\/IMG-20240517-WA0000.jpg\",\"contentUrl\":\"https:\/\/www.tempsbarcelona.com\/wp-content\/uploads\/2024\/05\/IMG-20240517-WA0000.jpg\",\"width\":1536,\"height\":2048},{\"@type\":\"BreadcrumbList\",\"@id\":\"https:\/\/www.tempsbarcelona.com\/fr\/chateau-lynch-bages\/#breadcrumb\",\"itemListElement\":[{\"@type\":\"ListItem\",\"position\":1,\"name\":\"Portada\",\"item\":\"https:\/\/www.tempsbarcelona.com\/fr\/temps-barcelona\/\"},{\"@type\":\"ListItem\",\"position\":2,\"name\":\"Ch\u00e2teau Lynch-Bages\"}]},{\"@type\":\"WebSite\",\"@id\":\"https:\/\/www.tempsbarcelona.com\/fr\/#website\",\"url\":\"https:\/\/www.tempsbarcelona.com\/fr\/\",\"name\":\"Temps Barcelona\",\"description\":\"\",\"potentialAction\":[{\"@type\":\"SearchAction\",\"target\":{\"@type\":\"EntryPoint\",\"urlTemplate\":\"https:\/\/www.tempsbarcelona.com\/fr\/?s={search_term_string}\"},\"query-input\":{\"@type\":\"PropertyValueSpecification\",\"valueRequired\":true,\"valueName\":\"search_term_string\"}}],\"inLanguage\":\"fr-FR\"},{\"@type\":\"Person\",\"@id\":\"https:\/\/www.tempsbarcelona.com\/fr\/#\/schema\/person\/42e402d68007d6b23123a37e43aca822\",\"name\":\"Viajero\",\"image\":{\"@type\":\"ImageObject\",\"inLanguage\":\"fr-FR\",\"@id\":\"https:\/\/www.tempsbarcelona.com\/fr\/#\/schema\/person\/image\/\",\"url\":\"https:\/\/secure.gravatar.com\/avatar\/adc63f40e2c832dac25e11feaef9ac523a32eaf25722d8b78fcb7c6603af7f85?s=96&d=mm&r=g\",\"contentUrl\":\"https:\/\/secure.gravatar.com\/avatar\/adc63f40e2c832dac25e11feaef9ac523a32eaf25722d8b78fcb7c6603af7f85?s=96&d=mm&r=g\",\"caption\":\"Viajero\"}}]}<\/script>\n<!-- \/ Yoast SEO plugin. -->","yoast_head_json":{"title":"Ch\u00e2teau Lynch-Bages - Temps Barcelona","robots":{"index":"noindex","follow":"follow","max-snippet":"max-snippet:-1","max-image-preview":"max-image-preview:large","max-video-preview":"max-video-preview:-1"},"og_locale":"fr_FR","og_type":"article","og_title":"Ch\u00e2teau Lynch-Bages - Temps Barcelona","og_description":"Situ\u00e9 au c\u0153ur de la prestigieuse r\u00e9gion viticole du M\u00e9doc bordelais, Ch\u00e2teau Lynch-Bages incarne l&rsquo;excellence et la tradition de la viticulture bordelaise depuis le XVIIIe si\u00e8cle. Fond\u00e9e par le propri\u00e9taire irlandais Thomas Lynch, la propri\u00e9t\u00e9 s&rsquo;est d\u00e9velopp\u00e9e au fil des g\u00e9n\u00e9rations pour devenir l&rsquo;un des joyaux de la couronne de l&rsquo;appellation Pauillac. Avec environ 100 [&hellip;]","og_url":"https:\/\/www.tempsbarcelona.com\/fr\/chateau-lynch-bages\/","og_site_name":"Temps Barcelona","article_published_time":"2024-05-20T11:30:59+00:00","og_image":[{"width":1536,"height":2048,"url":"https:\/\/www.tempsbarcelona.com\/wp-content\/uploads\/2024\/05\/IMG-20240517-WA0000.jpg","type":"image\/jpeg"}],"author":"Viajero","twitter_card":"summary_large_image","twitter_misc":{"\u00c9crit par":"Viajero","Dur\u00e9e de lecture estim\u00e9e":"2 minutes"},"schema":{"@context":"https:\/\/schema.org","@graph":[{"@type":"WebPage","@id":"https:\/\/www.tempsbarcelona.com\/fr\/chateau-lynch-bages\/","url":"https:\/\/www.tempsbarcelona.com\/fr\/chateau-lynch-bages\/","name":"Ch\u00e2teau Lynch-Bages - Temps Barcelona","isPartOf":{"@id":"https:\/\/www.tempsbarcelona.com\/fr\/#website"},"primaryImageOfPage":{"@id":"https:\/\/www.tempsbarcelona.com\/fr\/chateau-lynch-bages\/#primaryimage"},"image":{"@id":"https:\/\/www.tempsbarcelona.com\/fr\/chateau-lynch-bages\/#primaryimage"},"thumbnailUrl":"https:\/\/www.tempsbarcelona.com\/wp-content\/uploads\/2024\/05\/IMG-20240517-WA0000.jpg","datePublished":"2024-05-20T11:30:59+00:00","author":{"@id":"https:\/\/www.tempsbarcelona.com\/fr\/#\/schema\/person\/42e402d68007d6b23123a37e43aca822"},"breadcrumb":{"@id":"https:\/\/www.tempsbarcelona.com\/fr\/chateau-lynch-bages\/#breadcrumb"},"inLanguage":"fr-FR","potentialAction":[{"@type":"ReadAction","target":["https:\/\/www.tempsbarcelona.com\/fr\/chateau-lynch-bages\/"]}]},{"@type":"ImageObject","inLanguage":"fr-FR","@id":"https:\/\/www.tempsbarcelona.com\/fr\/chateau-lynch-bages\/#primaryimage","url":"https:\/\/www.tempsbarcelona.com\/wp-content\/uploads\/2024\/05\/IMG-20240517-WA0000.jpg","contentUrl":"https:\/\/www.tempsbarcelona.com\/wp-content\/uploads\/2024\/05\/IMG-20240517-WA0000.jpg","width":1536,"height":2048},{"@type":"BreadcrumbList","@id":"https:\/\/www.tempsbarcelona.com\/fr\/chateau-lynch-bages\/#breadcrumb","itemListElement":[{"@type":"ListItem","position":1,"name":"Portada","item":"https:\/\/www.tempsbarcelona.com\/fr\/temps-barcelona\/"},{"@type":"ListItem","position":2,"name":"Ch\u00e2teau Lynch-Bages"}]},{"@type":"WebSite","@id":"https:\/\/www.tempsbarcelona.com\/fr\/#website","url":"https:\/\/www.tempsbarcelona.com\/fr\/","name":"Temps Barcelona","description":"","potentialAction":[{"@type":"SearchAction","target":{"@type":"EntryPoint","urlTemplate":"https:\/\/www.tempsbarcelona.com\/fr\/?s={search_term_string}"},"query-input":{"@type":"PropertyValueSpecification","valueRequired":true,"valueName":"search_term_string"}}],"inLanguage":"fr-FR"},{"@type":"Person","@id":"https:\/\/www.tempsbarcelona.com\/fr\/#\/schema\/person\/42e402d68007d6b23123a37e43aca822","name":"Viajero","image":{"@type":"ImageObject","inLanguage":"fr-FR","@id":"https:\/\/www.tempsbarcelona.com\/fr\/#\/schema\/person\/image\/","url":"https:\/\/secure.gravatar.com\/avatar\/adc63f40e2c832dac25e11feaef9ac523a32eaf25722d8b78fcb7c6603af7f85?s=96&d=mm&r=g","contentUrl":"https:\/\/secure.gravatar.com\/avatar\/adc63f40e2c832dac25e11feaef9ac523a32eaf25722d8b78fcb7c6603af7f85?s=96&d=mm&r=g","caption":"Viajero"}}]}},"_links":{"self":[{"href":"https:\/\/www.tempsbarcelona.com\/fr\/wp-json\/wp\/v2\/posts\/3000","targetHints":{"allow":["GET"]}}],"collection":[{"href":"https:\/\/www.tempsbarcelona.com\/fr\/wp-json\/wp\/v2\/posts"}],"about":[{"href":"https:\/\/www.tempsbarcelona.com\/fr\/wp-json\/wp\/v2\/types\/post"}],"author":[{"embeddable":true,"href":"https:\/\/www.tempsbarcelona.com\/fr\/wp-json\/wp\/v2\/users\/2"}],"replies":[{"embeddable":true,"href":"https:\/\/www.tempsbarcelona.com\/fr\/wp-json\/wp\/v2\/comments?post=3000"}],"version-history":[{"count":1,"href":"https:\/\/www.tempsbarcelona.com\/fr\/wp-json\/wp\/v2\/posts\/3000\/revisions"}],"predecessor-version":[{"id":3001,"href":"https:\/\/www.tempsbarcelona.com\/fr\/wp-json\/wp\/v2\/posts\/3000\/revisions\/3001"}],"wp:featuredmedia":[{"embeddable":true,"href":"https:\/\/www.tempsbarcelona.com\/fr\/wp-json\/wp\/v2\/media\/2993"}],"wp:attachment":[{"href":"https:\/\/www.tempsbarcelona.com\/fr\/wp-json\/wp\/v2\/media?parent=3000"}],"wp:term":[{"taxonomy":"category","embeddable":true,"href":"https:\/\/www.tempsbarcelona.com\/fr\/wp-json\/wp\/v2\/categories?post=3000"},{"taxonomy":"post_tag","embeddable":true,"href":"https:\/\/www.tempsbarcelona.com\/fr\/wp-json\/wp\/v2\/tags?post=3000"}],"curies":[{"name":"wp","href":"https:\/\/api.w.org\/{rel}","templated":true}]}}