{"id":2417,"date":"2024-05-13T09:58:10","date_gmt":"2024-05-13T09:58:10","guid":{"rendered":"https:\/\/derutasyvinos.com\/?p=2417"},"modified":"2024-05-13T10:25:46","modified_gmt":"2024-05-13T10:25:46","slug":"lexperience-de-laperol-spritz-simpregner-de-lesprit-italien","status":"publish","type":"post","link":"https:\/\/www.tempsbarcelona.com\/fr\/lexperience-de-laperol-spritz-simpregner-de-lesprit-italien\/","title":{"rendered":"L&rsquo;Exp\u00e9rience de l&rsquo;Aperol Spritz : S&rsquo;Impr\u00e9gner de l&rsquo;Esprit Italien"},"content":{"rendered":"<p>Dans les paysages baign\u00e9s de soleil d&rsquo;Italie, o\u00f9 chaque moment est impr\u00e9gn\u00e9 d&rsquo;une sensation de joie et de vitalit\u00e9, il existe une boisson qui incarne l&rsquo;essence m\u00eame de la culture italienne : l&rsquo;Aperol Spritz. Avec ses teintes vibrantes, son go\u00fbt revigorant et son riche patrimoine, ce cocktail embl\u00e9matique a transcend\u00e9 les fronti\u00e8res pour devenir un ph\u00e9nom\u00e8ne mondial. Rejoignez-nous alors que nous plongeons au c\u0153ur du bien-aim\u00e9 Aperol Spritz italien et explorons l&rsquo;exp\u00e9rience italienne par excellence qu&rsquo;il incarne.<\/p>\n<h1>De Joyau Local \u00e0 Ic\u00f4ne Mondiale :<\/h1>\n<p>Enracin\u00e9 dans la pittoresque r\u00e9gion de Veneto, nich\u00e9e dans le nord-est de l&rsquo;Italie, l&rsquo;Aperol Spritz \u00e9merge comme un t\u00e9moignage du riche patrimoine culinaire de l&rsquo;Italie. N\u00e9 au d\u00e9but du XXe si\u00e8cle au milieu de l&rsquo;ambiance anim\u00e9e des caf\u00e9s de Padoue et de Venise, ce m\u00e9lange exquis a \u00e9t\u00e9 cr\u00e9\u00e9 pour stimuler les sens et le palais. Une symphonie d&rsquo;Aperol, de prosecco et d&rsquo;eau gazeuse, garnie d&rsquo;une tranche d&rsquo;orange, l&rsquo;Aperol Spritz a captiv\u00e9 les c\u0153urs des habitants et des voyageurs avec son go\u00fbt rafra\u00eechissant et son charme envo\u00fbtant.<\/p>\n<h1>Cr\u00e9ation de la Symphonie des Saveurs :<\/h1>\n<p>Au c\u0153ur de l&rsquo;Aperol Spritz r\u00e9side sa simplicit\u00e9 \u00e9l\u00e9gante et son \u00e9quilibre parfait des saveurs. Pr\u00e9parer ce cocktail bien-aim\u00e9 est un art, une danse d\u00e9licate des ingr\u00e9dients qui aboutit \u00e0 une fusion harmonieuse de notes am\u00e8res, douces et p\u00e9tillantes. Alors que la glace cliquette dans le verre, des parts \u00e9gales d&rsquo;Aperol et de prosecco sont vers\u00e9es, suivies d&rsquo;un filet d&rsquo;eau gazeuse pour donner de l&rsquo;effervescence. Une touche finale d&rsquo;une tranche d&rsquo;orange vibrante compl\u00e8te le chef-d&rsquo;\u0153uvre, invitant les sens \u00e0 un voyage d&rsquo;indulgence et de d\u00e9lice.<\/p>\n<h1>Culture de l&rsquo;Aperitivo : Un Pr\u00e9lude au Plaisir Italien<\/h1>\n<p>Au-del\u00e0 de son attrait culinaire, l&rsquo;Aperol Spritz incarne une signification culturelle plus profonde en tant que symbole de convivialit\u00e9 et de camaraderie. Enracin\u00e9 dans la tradition ch\u00e9rie de l&rsquo;ap\u00e9ritif, ou des boissons avant le d\u00eener, ce cocktail bien-aim\u00e9 r\u00e9unit les gens pour se d\u00e9tendre, socialiser et savourer les plaisirs simples de la vie. Qu&rsquo;il soit d\u00e9gust\u00e9 sur une place anim\u00e9e \u00e0 Rome ou sur une terrasse tranquille surplombant la c\u00f4te amalfitaine, l&rsquo;Aperol Spritz favorise des moments de connexion et de joie au milieu de l&rsquo;agitation de la vie quotidienne.<\/p>\n<h1>S&rsquo;Impr\u00e9gner de l&rsquo;Esprit Italien :<\/h1>\n<p>Dans un monde rempli de tendances \u00e9ph\u00e9m\u00e8res et de plaisirs fugaces, l&rsquo;Aperol Spritz se dresse comme un symbole intemporel de l&rsquo;\u00e9l\u00e9gance italienne et de la joie de vivre. Sa couleur captivante, son go\u00fbt revigorant et sa r\u00e9sonance culturelle continuent de captiver les c\u0153urs et les palais du monde entier. Qu&rsquo;il soit d\u00e9gust\u00e9 en plein air lors d&rsquo;une chaude soir\u00e9e d&rsquo;\u00e9t\u00e9 ou appr\u00e9ci\u00e9 au coin du feu lors des frimas de l&rsquo;hiver, l&rsquo;Aperol Spritz nous invite \u00e0 savourer les plaisirs simples de la vie et \u00e0 embrasser la beaut\u00e9 du moment pr\u00e9sent. Alors levez votre verre, trinquez \u00e0 la dolce vita et laissez les saveurs vibrantes de l&rsquo;Aperol Spritz italien vous transporter dans un monde de bonheur ensoleill\u00e9. Sant\u00e9 !<\/p>\n","protected":false},"excerpt":{"rendered":"<p>Dans les paysages baign\u00e9s de soleil d&rsquo;Italie, o\u00f9 chaque moment est impr\u00e9gn\u00e9 d&rsquo;une sensation de joie et de vitalit\u00e9, il existe une boisson qui incarne l&rsquo;essence m\u00eame de la culture italienne : l&rsquo;Aperol Spritz. Avec ses teintes vibrantes, son go\u00fbt revigorant et son riche patrimoine, ce cocktail embl\u00e9matique a transcend\u00e9 les fronti\u00e8res pour devenir un [&hellip;]<\/p>\n","protected":false},"author":2,"featured_media":2646,"comment_status":"open","ping_status":"open","sticky":false,"template":"","format":"standard","meta":{"_et_pb_use_builder":"","_et_pb_old_content":"","_et_gb_content_width":"","footnotes":""},"categories":[88,34],"tags":[],"class_list":["post-2417","post","type-post","status-publish","format-standard","has-post-thumbnail","hentry","category-italia-2","category-non-classifiee"],"yoast_head":"<!-- This site is optimized with the Yoast SEO plugin v25.1 - https:\/\/yoast.com\/wordpress\/plugins\/seo\/ -->\n<title>L&#039;Exp\u00e9rience de l&#039;Aperol Spritz : S&#039;Impr\u00e9gner de l&#039;Esprit Italien - Temps Barcelona<\/title>\n<meta name=\"robots\" content=\"noindex, follow, max-snippet:-1, max-image-preview:large, max-video-preview:-1\" \/>\n<meta property=\"og:locale\" content=\"fr_FR\" \/>\n<meta property=\"og:type\" content=\"article\" \/>\n<meta property=\"og:title\" content=\"L&#039;Exp\u00e9rience de l&#039;Aperol Spritz : S&#039;Impr\u00e9gner de l&#039;Esprit Italien - Temps Barcelona\" \/>\n<meta property=\"og:description\" content=\"Dans les paysages baign\u00e9s de soleil d&rsquo;Italie, o\u00f9 chaque moment est impr\u00e9gn\u00e9 d&rsquo;une sensation de joie et de vitalit\u00e9, il existe une boisson qui incarne l&rsquo;essence m\u00eame de la culture italienne : l&rsquo;Aperol Spritz. Avec ses teintes vibrantes, son go\u00fbt revigorant et son riche patrimoine, ce cocktail embl\u00e9matique a transcend\u00e9 les fronti\u00e8res pour devenir un [&hellip;]\" \/>\n<meta property=\"og:url\" content=\"https:\/\/www.tempsbarcelona.com\/fr\/lexperience-de-laperol-spritz-simpregner-de-lesprit-italien\/\" \/>\n<meta property=\"og:site_name\" content=\"Temps Barcelona\" \/>\n<meta property=\"article:published_time\" content=\"2024-05-13T09:58:10+00:00\" \/>\n<meta property=\"article:modified_time\" content=\"2024-05-13T10:25:46+00:00\" \/>\n<meta property=\"og:image\" content=\"https:\/\/www.tempsbarcelona.com\/wp-content\/uploads\/2024\/05\/aperol-spritz-index-64873f08af990.jpg\" \/>\n\t<meta property=\"og:image:width\" content=\"1200\" \/>\n\t<meta property=\"og:image:height\" content=\"900\" \/>\n\t<meta property=\"og:image:type\" content=\"image\/jpeg\" \/>\n<meta name=\"author\" content=\"Viajero\" \/>\n<meta name=\"twitter:card\" content=\"summary_large_image\" \/>\n<meta name=\"twitter:label1\" content=\"\u00c9crit par\" \/>\n\t<meta name=\"twitter:data1\" content=\"Viajero\" \/>\n\t<meta name=\"twitter:label2\" content=\"Dur\u00e9e de lecture estim\u00e9e\" \/>\n\t<meta name=\"twitter:data2\" content=\"3 minutes\" \/>\n<script type=\"application\/ld+json\" class=\"yoast-schema-graph\">{\"@context\":\"https:\/\/schema.org\",\"@graph\":[{\"@type\":\"WebPage\",\"@id\":\"https:\/\/www.tempsbarcelona.com\/fr\/lexperience-de-laperol-spritz-simpregner-de-lesprit-italien\/\",\"url\":\"https:\/\/www.tempsbarcelona.com\/fr\/lexperience-de-laperol-spritz-simpregner-de-lesprit-italien\/\",\"name\":\"L'Exp\u00e9rience de l'Aperol Spritz : S'Impr\u00e9gner de l'Esprit Italien - Temps Barcelona\",\"isPartOf\":{\"@id\":\"https:\/\/www.tempsbarcelona.com\/fr\/#website\"},\"primaryImageOfPage\":{\"@id\":\"https:\/\/www.tempsbarcelona.com\/fr\/lexperience-de-laperol-spritz-simpregner-de-lesprit-italien\/#primaryimage\"},\"image\":{\"@id\":\"https:\/\/www.tempsbarcelona.com\/fr\/lexperience-de-laperol-spritz-simpregner-de-lesprit-italien\/#primaryimage\"},\"thumbnailUrl\":\"https:\/\/www.tempsbarcelona.com\/wp-content\/uploads\/2024\/05\/IMG-20240403-WA00272.jpg\",\"datePublished\":\"2024-05-13T09:58:10+00:00\",\"dateModified\":\"2024-05-13T10:25:46+00:00\",\"author\":{\"@id\":\"https:\/\/www.tempsbarcelona.com\/fr\/#\/schema\/person\/42e402d68007d6b23123a37e43aca822\"},\"breadcrumb\":{\"@id\":\"https:\/\/www.tempsbarcelona.com\/fr\/lexperience-de-laperol-spritz-simpregner-de-lesprit-italien\/#breadcrumb\"},\"inLanguage\":\"fr-FR\",\"potentialAction\":[{\"@type\":\"ReadAction\",\"target\":[\"https:\/\/www.tempsbarcelona.com\/fr\/lexperience-de-laperol-spritz-simpregner-de-lesprit-italien\/\"]}]},{\"@type\":\"ImageObject\",\"inLanguage\":\"fr-FR\",\"@id\":\"https:\/\/www.tempsbarcelona.com\/fr\/lexperience-de-laperol-spritz-simpregner-de-lesprit-italien\/#primaryimage\",\"url\":\"https:\/\/www.tempsbarcelona.com\/wp-content\/uploads\/2024\/05\/IMG-20240403-WA00272.jpg\",\"contentUrl\":\"https:\/\/www.tempsbarcelona.com\/wp-content\/uploads\/2024\/05\/IMG-20240403-WA00272.jpg\",\"width\":1080,\"height\":1920},{\"@type\":\"BreadcrumbList\",\"@id\":\"https:\/\/www.tempsbarcelona.com\/fr\/lexperience-de-laperol-spritz-simpregner-de-lesprit-italien\/#breadcrumb\",\"itemListElement\":[{\"@type\":\"ListItem\",\"position\":1,\"name\":\"Portada\",\"item\":\"https:\/\/www.tempsbarcelona.com\/fr\/temps-barcelona\/\"},{\"@type\":\"ListItem\",\"position\":2,\"name\":\"L&#8217;Exp\u00e9rience de l&#8217;Aperol Spritz : S&#8217;Impr\u00e9gner de l&#8217;Esprit Italien\"}]},{\"@type\":\"WebSite\",\"@id\":\"https:\/\/www.tempsbarcelona.com\/fr\/#website\",\"url\":\"https:\/\/www.tempsbarcelona.com\/fr\/\",\"name\":\"Temps Barcelona\",\"description\":\"\",\"potentialAction\":[{\"@type\":\"SearchAction\",\"target\":{\"@type\":\"EntryPoint\",\"urlTemplate\":\"https:\/\/www.tempsbarcelona.com\/fr\/?s={search_term_string}\"},\"query-input\":{\"@type\":\"PropertyValueSpecification\",\"valueRequired\":true,\"valueName\":\"search_term_string\"}}],\"inLanguage\":\"fr-FR\"},{\"@type\":\"Person\",\"@id\":\"https:\/\/www.tempsbarcelona.com\/fr\/#\/schema\/person\/42e402d68007d6b23123a37e43aca822\",\"name\":\"Viajero\",\"image\":{\"@type\":\"ImageObject\",\"inLanguage\":\"fr-FR\",\"@id\":\"https:\/\/www.tempsbarcelona.com\/fr\/#\/schema\/person\/image\/\",\"url\":\"https:\/\/secure.gravatar.com\/avatar\/adc63f40e2c832dac25e11feaef9ac523a32eaf25722d8b78fcb7c6603af7f85?s=96&d=mm&r=g\",\"contentUrl\":\"https:\/\/secure.gravatar.com\/avatar\/adc63f40e2c832dac25e11feaef9ac523a32eaf25722d8b78fcb7c6603af7f85?s=96&d=mm&r=g\",\"caption\":\"Viajero\"}}]}<\/script>\n<!-- \/ Yoast SEO plugin. -->","yoast_head_json":{"title":"L'Exp\u00e9rience de l'Aperol Spritz : S'Impr\u00e9gner de l'Esprit Italien - Temps Barcelona","robots":{"index":"noindex","follow":"follow","max-snippet":"max-snippet:-1","max-image-preview":"max-image-preview:large","max-video-preview":"max-video-preview:-1"},"og_locale":"fr_FR","og_type":"article","og_title":"L'Exp\u00e9rience de l'Aperol Spritz : S'Impr\u00e9gner de l'Esprit Italien - Temps Barcelona","og_description":"Dans les paysages baign\u00e9s de soleil d&rsquo;Italie, o\u00f9 chaque moment est impr\u00e9gn\u00e9 d&rsquo;une sensation de joie et de vitalit\u00e9, il existe une boisson qui incarne l&rsquo;essence m\u00eame de la culture italienne : l&rsquo;Aperol Spritz. Avec ses teintes vibrantes, son go\u00fbt revigorant et son riche patrimoine, ce cocktail embl\u00e9matique a transcend\u00e9 les fronti\u00e8res pour devenir un [&hellip;]","og_url":"https:\/\/www.tempsbarcelona.com\/fr\/lexperience-de-laperol-spritz-simpregner-de-lesprit-italien\/","og_site_name":"Temps Barcelona","article_published_time":"2024-05-13T09:58:10+00:00","article_modified_time":"2024-05-13T10:25:46+00:00","og_image":[{"width":1200,"height":900,"url":"https:\/\/www.tempsbarcelona.com\/wp-content\/uploads\/2024\/05\/aperol-spritz-index-64873f08af990.jpg","type":"image\/jpeg"}],"author":"Viajero","twitter_card":"summary_large_image","twitter_misc":{"\u00c9crit par":"Viajero","Dur\u00e9e de lecture estim\u00e9e":"3 minutes"},"schema":{"@context":"https:\/\/schema.org","@graph":[{"@type":"WebPage","@id":"https:\/\/www.tempsbarcelona.com\/fr\/lexperience-de-laperol-spritz-simpregner-de-lesprit-italien\/","url":"https:\/\/www.tempsbarcelona.com\/fr\/lexperience-de-laperol-spritz-simpregner-de-lesprit-italien\/","name":"L'Exp\u00e9rience de l'Aperol Spritz : S'Impr\u00e9gner de l'Esprit Italien - Temps Barcelona","isPartOf":{"@id":"https:\/\/www.tempsbarcelona.com\/fr\/#website"},"primaryImageOfPage":{"@id":"https:\/\/www.tempsbarcelona.com\/fr\/lexperience-de-laperol-spritz-simpregner-de-lesprit-italien\/#primaryimage"},"image":{"@id":"https:\/\/www.tempsbarcelona.com\/fr\/lexperience-de-laperol-spritz-simpregner-de-lesprit-italien\/#primaryimage"},"thumbnailUrl":"https:\/\/www.tempsbarcelona.com\/wp-content\/uploads\/2024\/05\/IMG-20240403-WA00272.jpg","datePublished":"2024-05-13T09:58:10+00:00","dateModified":"2024-05-13T10:25:46+00:00","author":{"@id":"https:\/\/www.tempsbarcelona.com\/fr\/#\/schema\/person\/42e402d68007d6b23123a37e43aca822"},"breadcrumb":{"@id":"https:\/\/www.tempsbarcelona.com\/fr\/lexperience-de-laperol-spritz-simpregner-de-lesprit-italien\/#breadcrumb"},"inLanguage":"fr-FR","potentialAction":[{"@type":"ReadAction","target":["https:\/\/www.tempsbarcelona.com\/fr\/lexperience-de-laperol-spritz-simpregner-de-lesprit-italien\/"]}]},{"@type":"ImageObject","inLanguage":"fr-FR","@id":"https:\/\/www.tempsbarcelona.com\/fr\/lexperience-de-laperol-spritz-simpregner-de-lesprit-italien\/#primaryimage","url":"https:\/\/www.tempsbarcelona.com\/wp-content\/uploads\/2024\/05\/IMG-20240403-WA00272.jpg","contentUrl":"https:\/\/www.tempsbarcelona.com\/wp-content\/uploads\/2024\/05\/IMG-20240403-WA00272.jpg","width":1080,"height":1920},{"@type":"BreadcrumbList","@id":"https:\/\/www.tempsbarcelona.com\/fr\/lexperience-de-laperol-spritz-simpregner-de-lesprit-italien\/#breadcrumb","itemListElement":[{"@type":"ListItem","position":1,"name":"Portada","item":"https:\/\/www.tempsbarcelona.com\/fr\/temps-barcelona\/"},{"@type":"ListItem","position":2,"name":"L&#8217;Exp\u00e9rience de l&#8217;Aperol Spritz : S&#8217;Impr\u00e9gner de l&#8217;Esprit Italien"}]},{"@type":"WebSite","@id":"https:\/\/www.tempsbarcelona.com\/fr\/#website","url":"https:\/\/www.tempsbarcelona.com\/fr\/","name":"Temps Barcelona","description":"","potentialAction":[{"@type":"SearchAction","target":{"@type":"EntryPoint","urlTemplate":"https:\/\/www.tempsbarcelona.com\/fr\/?s={search_term_string}"},"query-input":{"@type":"PropertyValueSpecification","valueRequired":true,"valueName":"search_term_string"}}],"inLanguage":"fr-FR"},{"@type":"Person","@id":"https:\/\/www.tempsbarcelona.com\/fr\/#\/schema\/person\/42e402d68007d6b23123a37e43aca822","name":"Viajero","image":{"@type":"ImageObject","inLanguage":"fr-FR","@id":"https:\/\/www.tempsbarcelona.com\/fr\/#\/schema\/person\/image\/","url":"https:\/\/secure.gravatar.com\/avatar\/adc63f40e2c832dac25e11feaef9ac523a32eaf25722d8b78fcb7c6603af7f85?s=96&d=mm&r=g","contentUrl":"https:\/\/secure.gravatar.com\/avatar\/adc63f40e2c832dac25e11feaef9ac523a32eaf25722d8b78fcb7c6603af7f85?s=96&d=mm&r=g","caption":"Viajero"}}]}},"_links":{"self":[{"href":"https:\/\/www.tempsbarcelona.com\/fr\/wp-json\/wp\/v2\/posts\/2417","targetHints":{"allow":["GET"]}}],"collection":[{"href":"https:\/\/www.tempsbarcelona.com\/fr\/wp-json\/wp\/v2\/posts"}],"about":[{"href":"https:\/\/www.tempsbarcelona.com\/fr\/wp-json\/wp\/v2\/types\/post"}],"author":[{"embeddable":true,"href":"https:\/\/www.tempsbarcelona.com\/fr\/wp-json\/wp\/v2\/users\/2"}],"replies":[{"embeddable":true,"href":"https:\/\/www.tempsbarcelona.com\/fr\/wp-json\/wp\/v2\/comments?post=2417"}],"version-history":[{"count":1,"href":"https:\/\/www.tempsbarcelona.com\/fr\/wp-json\/wp\/v2\/posts\/2417\/revisions"}],"predecessor-version":[{"id":2418,"href":"https:\/\/www.tempsbarcelona.com\/fr\/wp-json\/wp\/v2\/posts\/2417\/revisions\/2418"}],"wp:featuredmedia":[{"embeddable":true,"href":"https:\/\/www.tempsbarcelona.com\/fr\/wp-json\/wp\/v2\/media\/2646"}],"wp:attachment":[{"href":"https:\/\/www.tempsbarcelona.com\/fr\/wp-json\/wp\/v2\/media?parent=2417"}],"wp:term":[{"taxonomy":"category","embeddable":true,"href":"https:\/\/www.tempsbarcelona.com\/fr\/wp-json\/wp\/v2\/categories?post=2417"},{"taxonomy":"post_tag","embeddable":true,"href":"https:\/\/www.tempsbarcelona.com\/fr\/wp-json\/wp\/v2\/tags?post=2417"}],"curies":[{"name":"wp","href":"https:\/\/api.w.org\/{rel}","templated":true}]}}