{"id":2341,"date":"2024-05-06T12:40:49","date_gmt":"2024-05-06T12:40:49","guid":{"rendered":"https:\/\/derutasyvinos.com\/?p=2341"},"modified":"2024-05-06T12:46:14","modified_gmt":"2024-05-06T12:46:14","slug":"explorant-les-delices-des-caipirinhas-un-voyage-a-travers-la-culture-bresilienne-dans-un-verre","status":"publish","type":"post","link":"https:\/\/www.tempsbarcelona.com\/fr\/explorant-les-delices-des-caipirinhas-un-voyage-a-travers-la-culture-bresilienne-dans-un-verre\/","title":{"rendered":"Explorant les D\u00e9lices des Caipirinhas : Un Voyage \u00e0 Travers la Culture Br\u00e9silienne dans un Verre"},"content":{"rendered":"<p>Dans le vaste paysage des cocktails mondiaux, peu sont aussi embl\u00e9matiques de leurs origines culturelles que la Ca\u00efpirinha. Originaire du Br\u00e9sil, ce m\u00e9lange rafra\u00eechissant n&rsquo;est pas seulement une boisson ; c&rsquo;est une fen\u00eatre sur l&rsquo;\u00e2me du pays, capturant sa vitalit\u00e9, sa chaleur et sa passion pour la vie. Rejoignez-nous pour un voyage \u00e0 travers l&rsquo;histoire, les ingr\u00e9dients et la signification culturelle de la Ca\u00efpirinha, alors que nous plongeons dans son riche h\u00e9ritage et ses saveurs tentantes.<\/p>\n<h1>Retracer les Origines de la Ca\u00efpirinha : Des Champs de Canne \u00e0 Sucre Ruraux aux Centres Urbains<\/h1>\n<p>Les racines de la Ca\u00efpirinha remontent aux plantations de canne \u00e0 sucre du Br\u00e9sil rural au 19\u00e8me si\u00e8cle. C&rsquo;est l\u00e0 que les travailleurs, ou \u00ab\u00a0cacha\u00e7eiros\u00a0\u00bb, cherchaient du r\u00e9confort contre la chaleur \u00e9touffante et le travail \u00e9puisant. Ils ont concoct\u00e9 un \u00e9lixir simple mais puissant en utilisant seulement trois ingr\u00e9dients : la cacha\u00e7a, le citron vert et le sucre. Cette boisson modeste a rapidement trouv\u00e9 sa place dans les centres urbains, o\u00f9 elle a \u00e9volu\u00e9 d&rsquo;un rem\u00e8de rustique en un cocktail appr\u00e9ci\u00e9 par toutes les classes de la soci\u00e9t\u00e9.<\/p>\n<h1>D\u00e9voiler les Ingr\u00e9dients Cl\u00e9s : Cacha\u00e7a, Citron Vert et Sucre &#8211; Elaboration de la Ca\u00efpirinha Parfaite<\/h1>\n<p>Au c\u0153ur de chaque Ca\u00efpirinha se trouve la cacha\u00e7a, un spiritueux distill\u00e9 \u00e0 base de jus de canne \u00e0 sucre ferment\u00e9. Contrairement au rhum, qui est fabriqu\u00e9 \u00e0 partir de m\u00e9lasse, la cacha\u00e7a conserve l&rsquo;essence pure de la canne \u00e0 sucre, lui conf\u00e9rant une saveur herbac\u00e9e distinctive avec des notes d&rsquo;agrumes et d&rsquo;\u00e9pices. Associ\u00e9e \u00e0 des quartiers de citron vert fra\u00eechement press\u00e9s et saupoudr\u00e9e de sucre, elle cr\u00e9e un \u00e9quilibre harmonieux entre le doux, l&rsquo;acide et l&rsquo;esprit qui est \u00e0 la fois rafra\u00eechissant et revigorant.<\/p>\n<h1>Au-del\u00e0 du Go\u00fbt : La Signification Culturelle de la Ca\u00efpirinha dans la Soci\u00e9t\u00e9 Br\u00e9silienne<\/h1>\n<p>Au-del\u00e0 de son go\u00fbt exquis, la Ca\u00efpirinha rev\u00eat une profonde signification culturelle pour le peuple br\u00e9silien. Elle incarne l&rsquo;esprit de la \u00ab\u00a0saudade\u00a0\u00bb, un mot portugais qui \u00e9voque un sentiment de nostalgie pour quelque chose de perdu ou de lointain. \u00c0 chaque gorg\u00e9e, on peut presque entendre les rythmes de samba, sentir les plages baign\u00e9es de soleil et percevoir la joie de vivre qui impr\u00e8gne la culture br\u00e9silienne. C&rsquo;est une boisson qui rassemble les gens, favorisant la camaraderie et la c\u00e9l\u00e9bration lors de festivals, de f\u00eates et de rassemblements \u00e0 travers le pays.<\/p>\n<h1>Au-del\u00e0 de la Tradition : Exploration des Variations Infinies et des Tours Cr\u00e9atifs sur la Recette Classique de la Ca\u00efpirinha<\/h1>\n<p>Bien que la Ca\u00efpirinha classique reste un favori intemporel, il existe d&rsquo;innombrables variations \u00e0 explorer, chacune offrant une touche unique \u00e0 la recette originale. Des infusions de fruits exotiques comme la passion et l&rsquo;ananas aux ajouts \u00e0 base de plantes comme le basilic et la menthe, les possibilit\u00e9s sont limit\u00e9es seulement par l&rsquo;imagination. Que ce soit d\u00e9gust\u00e9e lors d&rsquo;une chaude soir\u00e9e d&rsquo;\u00e9t\u00e9 ou comme accompagnement festif \u00e0 un festin traditionnel br\u00e9silien, chaque variation offre un aper\u00e7u tentant des saveurs diverses du Br\u00e9sil.<\/p>\n<h1>Lever un Verre \u00e0 la Tradition et \u00e0 l&rsquo;Innovation : C\u00e9l\u00e9brer le Riche Patrimoine de la Ca\u00efpirinha<\/h1>\n<p>En conclusion, la Ca\u00efpirinha est bien plus qu&rsquo;un simple cocktail ; c&rsquo;est un symbole de l&rsquo;identit\u00e9, de la r\u00e9silience et de la joie de vivre br\u00e9siliennes. De ses modestes origines dans les plantations de canne \u00e0 sucre \u00e0 son statut d&rsquo;ic\u00f4ne mondiale de la mixologie, elle a travers\u00e9 les \u00e2ges, captivant les c\u0153urs et les palais des gens du monde entier. Alors, la prochaine fois que vous l\u00e8verez un verre de Ca\u00efpirinha, prenez un moment pour savourer non seulement les saveurs, mais le riche tissu de culture et d&rsquo;histoire qu&rsquo;elle repr\u00e9sente. Sant\u00e9 !<\/p>\n","protected":false},"excerpt":{"rendered":"<p>Dans le vaste paysage des cocktails mondiaux, peu sont aussi embl\u00e9matiques de leurs origines culturelles que la Ca\u00efpirinha. Originaire du Br\u00e9sil, ce m\u00e9lange rafra\u00eechissant n&rsquo;est pas seulement une boisson ; c&rsquo;est une fen\u00eatre sur l&rsquo;\u00e2me du pays, capturant sa vitalit\u00e9, sa chaleur et sa passion pour la vie. Rejoignez-nous pour un voyage \u00e0 travers l&rsquo;histoire, [&hellip;]<\/p>\n","protected":false},"author":2,"featured_media":2658,"comment_status":"open","ping_status":"open","sticky":false,"template":"","format":"standard","meta":{"_et_pb_use_builder":"","_et_pb_old_content":"","_et_gb_content_width":"","footnotes":""},"categories":[102],"tags":[],"class_list":["post-2341","post","type-post","status-publish","format-standard","has-post-thumbnail","hentry","category-bresil"],"yoast_head":"<!-- This site is optimized with the Yoast SEO plugin v25.1 - https:\/\/yoast.com\/wordpress\/plugins\/seo\/ -->\n<title>Explorant les D\u00e9lices des Caipirinhas : Un Voyage \u00e0 Travers la Culture Br\u00e9silienne dans un Verre - Temps Barcelona<\/title>\n<meta name=\"robots\" content=\"noindex, follow, max-snippet:-1, max-image-preview:large, max-video-preview:-1\" \/>\n<meta property=\"og:locale\" content=\"fr_FR\" \/>\n<meta property=\"og:type\" content=\"article\" \/>\n<meta property=\"og:title\" content=\"Explorant les D\u00e9lices des Caipirinhas : Un Voyage \u00e0 Travers la Culture Br\u00e9silienne dans un Verre - Temps Barcelona\" \/>\n<meta property=\"og:description\" content=\"Dans le vaste paysage des cocktails mondiaux, peu sont aussi embl\u00e9matiques de leurs origines culturelles que la Ca\u00efpirinha. Originaire du Br\u00e9sil, ce m\u00e9lange rafra\u00eechissant n&rsquo;est pas seulement une boisson ; c&rsquo;est une fen\u00eatre sur l&rsquo;\u00e2me du pays, capturant sa vitalit\u00e9, sa chaleur et sa passion pour la vie. Rejoignez-nous pour un voyage \u00e0 travers l&rsquo;histoire, [&hellip;]\" \/>\n<meta property=\"og:url\" content=\"https:\/\/www.tempsbarcelona.com\/fr\/explorant-les-delices-des-caipirinhas-un-voyage-a-travers-la-culture-bresilienne-dans-un-verre\/\" \/>\n<meta property=\"og:site_name\" content=\"Temps Barcelona\" \/>\n<meta property=\"article:published_time\" content=\"2024-05-06T12:40:49+00:00\" \/>\n<meta property=\"article:modified_time\" content=\"2024-05-06T12:46:14+00:00\" \/>\n<meta property=\"og:image\" content=\"https:\/\/www.tempsbarcelona.com\/wp-content\/uploads\/2024\/05\/Mambo_Caipirinha_RRSS-1-1140x500-1.jpg\" \/>\n\t<meta property=\"og:image:width\" content=\"1140\" \/>\n\t<meta property=\"og:image:height\" content=\"500\" \/>\n\t<meta property=\"og:image:type\" content=\"image\/jpeg\" \/>\n<meta name=\"author\" content=\"Viajero\" \/>\n<meta name=\"twitter:card\" content=\"summary_large_image\" \/>\n<meta name=\"twitter:label1\" content=\"\u00c9crit par\" \/>\n\t<meta name=\"twitter:data1\" content=\"Viajero\" \/>\n\t<meta name=\"twitter:label2\" content=\"Dur\u00e9e de lecture estim\u00e9e\" \/>\n\t<meta name=\"twitter:data2\" content=\"3 minutes\" \/>\n<script type=\"application\/ld+json\" class=\"yoast-schema-graph\">{\"@context\":\"https:\/\/schema.org\",\"@graph\":[{\"@type\":\"WebPage\",\"@id\":\"https:\/\/www.tempsbarcelona.com\/fr\/explorant-les-delices-des-caipirinhas-un-voyage-a-travers-la-culture-bresilienne-dans-un-verre\/\",\"url\":\"https:\/\/www.tempsbarcelona.com\/fr\/explorant-les-delices-des-caipirinhas-un-voyage-a-travers-la-culture-bresilienne-dans-un-verre\/\",\"name\":\"Explorant les D\u00e9lices des Caipirinhas : Un Voyage \u00e0 Travers la Culture Br\u00e9silienne dans un Verre - Temps Barcelona\",\"isPartOf\":{\"@id\":\"https:\/\/www.tempsbarcelona.com\/fr\/#website\"},\"primaryImageOfPage\":{\"@id\":\"https:\/\/www.tempsbarcelona.com\/fr\/explorant-les-delices-des-caipirinhas-un-voyage-a-travers-la-culture-bresilienne-dans-un-verre\/#primaryimage\"},\"image\":{\"@id\":\"https:\/\/www.tempsbarcelona.com\/fr\/explorant-les-delices-des-caipirinhas-un-voyage-a-travers-la-culture-bresilienne-dans-un-verre\/#primaryimage\"},\"thumbnailUrl\":\"https:\/\/www.tempsbarcelona.com\/wp-content\/uploads\/2024\/05\/IMG-20240403-WA00372.jpg\",\"datePublished\":\"2024-05-06T12:40:49+00:00\",\"dateModified\":\"2024-05-06T12:46:14+00:00\",\"author\":{\"@id\":\"https:\/\/www.tempsbarcelona.com\/fr\/#\/schema\/person\/42e402d68007d6b23123a37e43aca822\"},\"breadcrumb\":{\"@id\":\"https:\/\/www.tempsbarcelona.com\/fr\/explorant-les-delices-des-caipirinhas-un-voyage-a-travers-la-culture-bresilienne-dans-un-verre\/#breadcrumb\"},\"inLanguage\":\"fr-FR\",\"potentialAction\":[{\"@type\":\"ReadAction\",\"target\":[\"https:\/\/www.tempsbarcelona.com\/fr\/explorant-les-delices-des-caipirinhas-un-voyage-a-travers-la-culture-bresilienne-dans-un-verre\/\"]}]},{\"@type\":\"ImageObject\",\"inLanguage\":\"fr-FR\",\"@id\":\"https:\/\/www.tempsbarcelona.com\/fr\/explorant-les-delices-des-caipirinhas-un-voyage-a-travers-la-culture-bresilienne-dans-un-verre\/#primaryimage\",\"url\":\"https:\/\/www.tempsbarcelona.com\/wp-content\/uploads\/2024\/05\/IMG-20240403-WA00372.jpg\",\"contentUrl\":\"https:\/\/www.tempsbarcelona.com\/wp-content\/uploads\/2024\/05\/IMG-20240403-WA00372.jpg\",\"width\":1080,\"height\":1920},{\"@type\":\"BreadcrumbList\",\"@id\":\"https:\/\/www.tempsbarcelona.com\/fr\/explorant-les-delices-des-caipirinhas-un-voyage-a-travers-la-culture-bresilienne-dans-un-verre\/#breadcrumb\",\"itemListElement\":[{\"@type\":\"ListItem\",\"position\":1,\"name\":\"Portada\",\"item\":\"https:\/\/www.tempsbarcelona.com\/fr\/temps-barcelona\/\"},{\"@type\":\"ListItem\",\"position\":2,\"name\":\"Explorant les D\u00e9lices des Caipirinhas : Un Voyage \u00e0 Travers la Culture Br\u00e9silienne dans un Verre\"}]},{\"@type\":\"WebSite\",\"@id\":\"https:\/\/www.tempsbarcelona.com\/fr\/#website\",\"url\":\"https:\/\/www.tempsbarcelona.com\/fr\/\",\"name\":\"Temps Barcelona\",\"description\":\"\",\"potentialAction\":[{\"@type\":\"SearchAction\",\"target\":{\"@type\":\"EntryPoint\",\"urlTemplate\":\"https:\/\/www.tempsbarcelona.com\/fr\/?s={search_term_string}\"},\"query-input\":{\"@type\":\"PropertyValueSpecification\",\"valueRequired\":true,\"valueName\":\"search_term_string\"}}],\"inLanguage\":\"fr-FR\"},{\"@type\":\"Person\",\"@id\":\"https:\/\/www.tempsbarcelona.com\/fr\/#\/schema\/person\/42e402d68007d6b23123a37e43aca822\",\"name\":\"Viajero\",\"image\":{\"@type\":\"ImageObject\",\"inLanguage\":\"fr-FR\",\"@id\":\"https:\/\/www.tempsbarcelona.com\/fr\/#\/schema\/person\/image\/\",\"url\":\"https:\/\/secure.gravatar.com\/avatar\/adc63f40e2c832dac25e11feaef9ac523a32eaf25722d8b78fcb7c6603af7f85?s=96&d=mm&r=g\",\"contentUrl\":\"https:\/\/secure.gravatar.com\/avatar\/adc63f40e2c832dac25e11feaef9ac523a32eaf25722d8b78fcb7c6603af7f85?s=96&d=mm&r=g\",\"caption\":\"Viajero\"}}]}<\/script>\n<!-- \/ Yoast SEO plugin. -->","yoast_head_json":{"title":"Explorant les D\u00e9lices des Caipirinhas : Un Voyage \u00e0 Travers la Culture Br\u00e9silienne dans un Verre - Temps Barcelona","robots":{"index":"noindex","follow":"follow","max-snippet":"max-snippet:-1","max-image-preview":"max-image-preview:large","max-video-preview":"max-video-preview:-1"},"og_locale":"fr_FR","og_type":"article","og_title":"Explorant les D\u00e9lices des Caipirinhas : Un Voyage \u00e0 Travers la Culture Br\u00e9silienne dans un Verre - Temps Barcelona","og_description":"Dans le vaste paysage des cocktails mondiaux, peu sont aussi embl\u00e9matiques de leurs origines culturelles que la Ca\u00efpirinha. Originaire du Br\u00e9sil, ce m\u00e9lange rafra\u00eechissant n&rsquo;est pas seulement une boisson ; c&rsquo;est une fen\u00eatre sur l&rsquo;\u00e2me du pays, capturant sa vitalit\u00e9, sa chaleur et sa passion pour la vie. Rejoignez-nous pour un voyage \u00e0 travers l&rsquo;histoire, [&hellip;]","og_url":"https:\/\/www.tempsbarcelona.com\/fr\/explorant-les-delices-des-caipirinhas-un-voyage-a-travers-la-culture-bresilienne-dans-un-verre\/","og_site_name":"Temps Barcelona","article_published_time":"2024-05-06T12:40:49+00:00","article_modified_time":"2024-05-06T12:46:14+00:00","og_image":[{"width":1140,"height":500,"url":"https:\/\/www.tempsbarcelona.com\/wp-content\/uploads\/2024\/05\/Mambo_Caipirinha_RRSS-1-1140x500-1.jpg","type":"image\/jpeg"}],"author":"Viajero","twitter_card":"summary_large_image","twitter_misc":{"\u00c9crit par":"Viajero","Dur\u00e9e de lecture estim\u00e9e":"3 minutes"},"schema":{"@context":"https:\/\/schema.org","@graph":[{"@type":"WebPage","@id":"https:\/\/www.tempsbarcelona.com\/fr\/explorant-les-delices-des-caipirinhas-un-voyage-a-travers-la-culture-bresilienne-dans-un-verre\/","url":"https:\/\/www.tempsbarcelona.com\/fr\/explorant-les-delices-des-caipirinhas-un-voyage-a-travers-la-culture-bresilienne-dans-un-verre\/","name":"Explorant les D\u00e9lices des Caipirinhas : Un Voyage \u00e0 Travers la Culture Br\u00e9silienne dans un Verre - Temps Barcelona","isPartOf":{"@id":"https:\/\/www.tempsbarcelona.com\/fr\/#website"},"primaryImageOfPage":{"@id":"https:\/\/www.tempsbarcelona.com\/fr\/explorant-les-delices-des-caipirinhas-un-voyage-a-travers-la-culture-bresilienne-dans-un-verre\/#primaryimage"},"image":{"@id":"https:\/\/www.tempsbarcelona.com\/fr\/explorant-les-delices-des-caipirinhas-un-voyage-a-travers-la-culture-bresilienne-dans-un-verre\/#primaryimage"},"thumbnailUrl":"https:\/\/www.tempsbarcelona.com\/wp-content\/uploads\/2024\/05\/IMG-20240403-WA00372.jpg","datePublished":"2024-05-06T12:40:49+00:00","dateModified":"2024-05-06T12:46:14+00:00","author":{"@id":"https:\/\/www.tempsbarcelona.com\/fr\/#\/schema\/person\/42e402d68007d6b23123a37e43aca822"},"breadcrumb":{"@id":"https:\/\/www.tempsbarcelona.com\/fr\/explorant-les-delices-des-caipirinhas-un-voyage-a-travers-la-culture-bresilienne-dans-un-verre\/#breadcrumb"},"inLanguage":"fr-FR","potentialAction":[{"@type":"ReadAction","target":["https:\/\/www.tempsbarcelona.com\/fr\/explorant-les-delices-des-caipirinhas-un-voyage-a-travers-la-culture-bresilienne-dans-un-verre\/"]}]},{"@type":"ImageObject","inLanguage":"fr-FR","@id":"https:\/\/www.tempsbarcelona.com\/fr\/explorant-les-delices-des-caipirinhas-un-voyage-a-travers-la-culture-bresilienne-dans-un-verre\/#primaryimage","url":"https:\/\/www.tempsbarcelona.com\/wp-content\/uploads\/2024\/05\/IMG-20240403-WA00372.jpg","contentUrl":"https:\/\/www.tempsbarcelona.com\/wp-content\/uploads\/2024\/05\/IMG-20240403-WA00372.jpg","width":1080,"height":1920},{"@type":"BreadcrumbList","@id":"https:\/\/www.tempsbarcelona.com\/fr\/explorant-les-delices-des-caipirinhas-un-voyage-a-travers-la-culture-bresilienne-dans-un-verre\/#breadcrumb","itemListElement":[{"@type":"ListItem","position":1,"name":"Portada","item":"https:\/\/www.tempsbarcelona.com\/fr\/temps-barcelona\/"},{"@type":"ListItem","position":2,"name":"Explorant les D\u00e9lices des Caipirinhas : Un Voyage \u00e0 Travers la Culture Br\u00e9silienne dans un Verre"}]},{"@type":"WebSite","@id":"https:\/\/www.tempsbarcelona.com\/fr\/#website","url":"https:\/\/www.tempsbarcelona.com\/fr\/","name":"Temps Barcelona","description":"","potentialAction":[{"@type":"SearchAction","target":{"@type":"EntryPoint","urlTemplate":"https:\/\/www.tempsbarcelona.com\/fr\/?s={search_term_string}"},"query-input":{"@type":"PropertyValueSpecification","valueRequired":true,"valueName":"search_term_string"}}],"inLanguage":"fr-FR"},{"@type":"Person","@id":"https:\/\/www.tempsbarcelona.com\/fr\/#\/schema\/person\/42e402d68007d6b23123a37e43aca822","name":"Viajero","image":{"@type":"ImageObject","inLanguage":"fr-FR","@id":"https:\/\/www.tempsbarcelona.com\/fr\/#\/schema\/person\/image\/","url":"https:\/\/secure.gravatar.com\/avatar\/adc63f40e2c832dac25e11feaef9ac523a32eaf25722d8b78fcb7c6603af7f85?s=96&d=mm&r=g","contentUrl":"https:\/\/secure.gravatar.com\/avatar\/adc63f40e2c832dac25e11feaef9ac523a32eaf25722d8b78fcb7c6603af7f85?s=96&d=mm&r=g","caption":"Viajero"}}]}},"_links":{"self":[{"href":"https:\/\/www.tempsbarcelona.com\/fr\/wp-json\/wp\/v2\/posts\/2341","targetHints":{"allow":["GET"]}}],"collection":[{"href":"https:\/\/www.tempsbarcelona.com\/fr\/wp-json\/wp\/v2\/posts"}],"about":[{"href":"https:\/\/www.tempsbarcelona.com\/fr\/wp-json\/wp\/v2\/types\/post"}],"author":[{"embeddable":true,"href":"https:\/\/www.tempsbarcelona.com\/fr\/wp-json\/wp\/v2\/users\/2"}],"replies":[{"embeddable":true,"href":"https:\/\/www.tempsbarcelona.com\/fr\/wp-json\/wp\/v2\/comments?post=2341"}],"version-history":[{"count":1,"href":"https:\/\/www.tempsbarcelona.com\/fr\/wp-json\/wp\/v2\/posts\/2341\/revisions"}],"predecessor-version":[{"id":2342,"href":"https:\/\/www.tempsbarcelona.com\/fr\/wp-json\/wp\/v2\/posts\/2341\/revisions\/2342"}],"wp:featuredmedia":[{"embeddable":true,"href":"https:\/\/www.tempsbarcelona.com\/fr\/wp-json\/wp\/v2\/media\/2658"}],"wp:attachment":[{"href":"https:\/\/www.tempsbarcelona.com\/fr\/wp-json\/wp\/v2\/media?parent=2341"}],"wp:term":[{"taxonomy":"category","embeddable":true,"href":"https:\/\/www.tempsbarcelona.com\/fr\/wp-json\/wp\/v2\/categories?post=2341"},{"taxonomy":"post_tag","embeddable":true,"href":"https:\/\/www.tempsbarcelona.com\/fr\/wp-json\/wp\/v2\/tags?post=2341"}],"curies":[{"name":"wp","href":"https:\/\/api.w.org\/{rel}","templated":true}]}}