{"id":1542,"date":"2024-03-26T10:54:00","date_gmt":"2024-03-26T10:54:00","guid":{"rendered":"https:\/\/derutasyvinos.com\/?p=1542"},"modified":"2024-03-26T11:21:10","modified_gmt":"2024-03-26T11:21:10","slug":"un-temoignage-de-tradition-et-dexcellence-celler-cecilio","status":"publish","type":"post","link":"https:\/\/www.tempsbarcelona.com\/fr\/un-temoignage-de-tradition-et-dexcellence-celler-cecilio\/","title":{"rendered":"Un T\u00e9moignage de Tradition et d&rsquo;Excellence : Celler Cecilio"},"content":{"rendered":"<p><span style=\"vertical-align: inherit;\"><span style=\"vertical-align: inherit;\">Nich\u00e9 pour les paysages picturaux de la c\u00e9l\u00e8bre r\u00e9gion viticole d&rsquo;Espagne, Celler Cecilio s&rsquo;habille comme une collection de tradition ancestrale et un travail minutieux dans l&rsquo;\u00e9laboration de vins exquis. Fond\u00e9e en 1942, cette cave familiale maintient constamment un standard d&rsquo;excellence, poss\u00e8de un h\u00e9ritage de passion et de savoir-faire, qui s&rsquo;enrichit de son histoire.<\/span><\/span><\/p>\n<h1><strong><span style=\"vertical-align: inherit;\"><span style=\"vertical-align: inherit;\">Un patrimoine d&rsquo;excellence<\/span><\/span><\/strong><\/h1>\n<p><span style=\"vertical-align: inherit;\"><span style=\"vertical-align: inherit;\">Fond\u00e9e par le p\u00e8re du propri\u00e9taire actuel, Celler Cecilio est bien plus qu&rsquo;une simple cave &#8211; c&rsquo;est l&rsquo;histoire de g\u00e9n\u00e9rations unies par un amour partag\u00e9 pour l&rsquo;art de la vinification. En franchissant se portes, envelopp\u00e9 par le charme et l&rsquo;esprit de plus de 70 ans de d\u00e9vouement sans interruption \u00e0 l&rsquo;artisanat.<\/span><\/span><\/p>\n<p><span style=\"vertical-align: inherit;\"><span style=\"vertical-align: inherit;\">Chaque bouteille de vin portant le nom de Celler Cecilio est une collection de cet h\u00e9ritage, un m\u00e9lange de tradition et d&rsquo;innovation qui capture l&rsquo;essence de la r\u00e9gion du Priorat. Ici, au milieu de la beaut\u00e9 sauvage du paysage et des vignobles baign\u00e9s de soleil, les raisins secs sont soigneusement cultiv\u00e9s \u00e0 la perfection, veillant \u00e0 ce que chaque gorg\u00e9e raconte une histoire de la terre d&rsquo;o\u00f9 elle provient.<\/span><\/span><\/p>\n<h2><strong><span style=\"vertical-align: inherit;\"><span style=\"vertical-align: inherit;\">Un esprit pionnier<\/span><\/span><\/strong><\/h2>\n<p><span style=\"vertical-align: inherit;\"><span style=\"vertical-align: inherit;\">Celler Cecilio \u00e0 l&rsquo;honneur d&rsquo;\u00eatre la premi\u00e8re cave \u00e0 s&rsquo;enregistrer aupr\u00e8s de l&rsquo;Organisme de R\u00e9glementation du DOQ Priorat, t\u00e9moignant ainsi de son esprit pionnier et de son engagement envers la qualit\u00e9. Cette reconnaissance prestigieuse de l&rsquo;engagement ind\u00e9fectible de la famille Cecilio \u00e0 maintenir les normes d&rsquo;excellence qui d\u00e9finissent les vins de la r\u00e9gion.<\/span><\/span><\/p>\n<p><span style=\"vertical-align: inherit;\"><span style=\"vertical-align: inherit;\">Avec un profond respect de la tradition et un engagement ind\u00e9fectible envers la qualit\u00e9, Celler Cecilio continue de repousser les limites, \u00e9laborant des vignes qui refl\u00e8tent non seulement le terroir du Priorat mais aussi la passion et l&rsquo;expertise de ceux qui veillent sur ses vignobles.<\/span><\/span><\/p>\n<h3><strong><span style=\"vertical-align: inherit;\"><span style=\"vertical-align: inherit;\">Un Voyage \u00e0 Travers le Temps et le Go\u00fbt<\/span><\/span><\/strong><\/h3>\n<p><span style=\"vertical-align: inherit;\"><span style=\"vertical-align: inherit;\">Pour les amateurs et les connaisseurs de vin, une visite au Celler Cecilio est un voyage \u00e0 travers les temps et les go\u00fbts. Des visites guid\u00e9es de la grotte offrent un aper\u00e7u du processus m\u00e9ticuleux derri\u00e8re chaque bouteille, de la vigne au verre. Les visiteurs peuvent se promener \u00e0 travers les vignobles, o\u00f9 les vignes se dressent en tant que diennes silencieuses d&rsquo;une histoire riche, avant de se pr\u00e9lasser pour une exp\u00e9rience de d\u00e9gustation qui promet de ravir les sens.<\/span><\/span><\/p>\n<p><span style=\"vertical-align: inherit;\"><span style=\"vertical-align: inherit;\">Que soit les saveurs audacieuses et complexes de leurs vins rouges ou les notes fra\u00eeches et rafra\u00eechissantes de leurs vins blancs, chaque offre de Celler Cecilio est un chef-d&rsquo;\u0153uvre qui attend d&rsquo;\u00eatre savour\u00e9. Des profondeurs terrestres de leurs r\u00e9serves vieillies \u00e0 la fra\u00eecheur vibrante de leurs jeunes vins, il y a quelque chose pour satisfaire chaque palais et chaque occasion.<\/span><\/span><\/p>\n<h4><strong><span style=\"vertical-align: inherit;\"><span style=\"vertical-align: inherit;\">Envisager l&rsquo;Avenir<\/span><\/span><\/strong><\/h4>\n<p><span style=\"vertical-align: inherit;\"><span style=\"vertical-align: inherit;\">Alors que Celler Cecilio regarde vers l&rsquo;avenir, elle le fait avec un profond respect pour ses racines. La famille Cecilio reste engag\u00e9e dans la pr\u00e9servation des traditions qui ont fait de leurs vins des l\u00e9gendes tout en embrassant l&rsquo;innovation pour continuer \u00e0 repousser les limites de l&rsquo;excellence.<\/span><\/span><\/p>\n<p><span style=\"vertical-align: inherit;\"><span style=\"vertical-align: inherit;\">Pour ceux qui conservent l&rsquo;art et le savoir-faire derri\u00e8re une bouteille de vin vraiment exceptionnelle, Celler Cecilio est un nom habill\u00e9 d&rsquo;un phare de qualit\u00e9 et de tradition. La visite de cette grotte l\u00e9gendaire s&rsquo;accompagne d&rsquo;une exp\u00e9rience de d\u00e9gustation : c&rsquo;est un voyage \u00e0 travers le temps, une exploration de la passion et une opportunit\u00e9 de savourer l&rsquo;essence du Priorat de ces derni\u00e8res ann\u00e9es.<\/span><\/span><\/p>\n<p><span style=\"vertical-align: inherit;\"><span style=\"vertical-align: inherit;\">Au c\u0153ur des vignobles d&rsquo;Espagne, au milieu des vignes qui font partie de la vue, Celler Cecilio reste un t\u00e9moignage de la magie durable de l&rsquo;art de la vinification. Ici, dans cet oasis de tradition et d&rsquo;excellence, chaque bouteille raconte une histoire &#8211; une histoire de famille, de d\u00e9vouement et de la beaut\u00e9 intemporelle du Priorat.<\/span><\/span><\/p>\n","protected":false},"excerpt":{"rendered":"<p>Nich\u00e9 pour les paysages picturaux de la c\u00e9l\u00e8bre r\u00e9gion viticole d&rsquo;Espagne, Celler Cecilio s&rsquo;habille comme une collection de tradition ancestrale et un travail minutieux dans l&rsquo;\u00e9laboration de vins exquis. Fond\u00e9e en 1942, cette cave familiale maintient constamment un standard d&rsquo;excellence, poss\u00e8de un h\u00e9ritage de passion et de savoir-faire, qui s&rsquo;enrichit de son histoire. Un patrimoine [&hellip;]<\/p>\n","protected":false},"author":2,"featured_media":1536,"comment_status":"open","ping_status":"open","sticky":false,"template":"","format":"standard","meta":{"_et_pb_use_builder":"","_et_pb_old_content":"","_et_gb_content_width":"","footnotes":""},"categories":[34],"tags":[],"class_list":["post-1542","post","type-post","status-publish","format-standard","has-post-thumbnail","hentry","category-non-classifiee"],"yoast_head":"<!-- This site is optimized with the Yoast SEO plugin v25.1 - https:\/\/yoast.com\/wordpress\/plugins\/seo\/ -->\n<title>Un T\u00e9moignage de Tradition et d&#039;Excellence : Celler Cecilio - Temps Barcelona<\/title>\n<meta name=\"robots\" content=\"noindex, follow, max-snippet:-1, max-image-preview:large, max-video-preview:-1\" \/>\n<meta property=\"og:locale\" content=\"fr_FR\" \/>\n<meta property=\"og:type\" content=\"article\" \/>\n<meta property=\"og:title\" content=\"Un T\u00e9moignage de Tradition et d&#039;Excellence : Celler Cecilio - Temps Barcelona\" \/>\n<meta property=\"og:description\" content=\"Nich\u00e9 pour les paysages picturaux de la c\u00e9l\u00e8bre r\u00e9gion viticole d&rsquo;Espagne, Celler Cecilio s&rsquo;habille comme une collection de tradition ancestrale et un travail minutieux dans l&rsquo;\u00e9laboration de vins exquis. Fond\u00e9e en 1942, cette cave familiale maintient constamment un standard d&rsquo;excellence, poss\u00e8de un h\u00e9ritage de passion et de savoir-faire, qui s&rsquo;enrichit de son histoire. Un patrimoine [&hellip;]\" \/>\n<meta property=\"og:url\" content=\"https:\/\/www.tempsbarcelona.com\/fr\/un-temoignage-de-tradition-et-dexcellence-celler-cecilio\/\" \/>\n<meta property=\"og:site_name\" content=\"Temps Barcelona\" \/>\n<meta property=\"article:published_time\" content=\"2024-03-26T10:54:00+00:00\" \/>\n<meta property=\"article:modified_time\" content=\"2024-03-26T11:21:10+00:00\" \/>\n<meta property=\"og:image\" content=\"https:\/\/www.tempsbarcelona.com\/wp-content\/uploads\/2024\/03\/V7242bodeguesprioratcellercecilio20_0-1.jpg\" \/>\n\t<meta property=\"og:image:width\" content=\"800\" \/>\n\t<meta property=\"og:image:height\" content=\"532\" \/>\n\t<meta property=\"og:image:type\" content=\"image\/jpeg\" \/>\n<meta name=\"author\" content=\"Viajero\" \/>\n<meta name=\"twitter:card\" content=\"summary_large_image\" \/>\n<meta name=\"twitter:label1\" content=\"\u00c9crit par\" \/>\n\t<meta name=\"twitter:data1\" content=\"Viajero\" \/>\n\t<meta name=\"twitter:label2\" content=\"Dur\u00e9e de lecture estim\u00e9e\" \/>\n\t<meta name=\"twitter:data2\" content=\"3 minutes\" \/>\n<script type=\"application\/ld+json\" class=\"yoast-schema-graph\">{\"@context\":\"https:\/\/schema.org\",\"@graph\":[{\"@type\":\"WebPage\",\"@id\":\"https:\/\/www.tempsbarcelona.com\/fr\/un-temoignage-de-tradition-et-dexcellence-celler-cecilio\/\",\"url\":\"https:\/\/www.tempsbarcelona.com\/fr\/un-temoignage-de-tradition-et-dexcellence-celler-cecilio\/\",\"name\":\"Un T\u00e9moignage de Tradition et d'Excellence : Celler Cecilio - Temps Barcelona\",\"isPartOf\":{\"@id\":\"https:\/\/www.tempsbarcelona.com\/fr\/#website\"},\"primaryImageOfPage\":{\"@id\":\"https:\/\/www.tempsbarcelona.com\/fr\/un-temoignage-de-tradition-et-dexcellence-celler-cecilio\/#primaryimage\"},\"image\":{\"@id\":\"https:\/\/www.tempsbarcelona.com\/fr\/un-temoignage-de-tradition-et-dexcellence-celler-cecilio\/#primaryimage\"},\"thumbnailUrl\":\"https:\/\/www.tempsbarcelona.com\/wp-content\/uploads\/2024\/03\/V7242bodeguesprioratcellercecilio20_0-1.jpg\",\"datePublished\":\"2024-03-26T10:54:00+00:00\",\"dateModified\":\"2024-03-26T11:21:10+00:00\",\"author\":{\"@id\":\"https:\/\/www.tempsbarcelona.com\/fr\/#\/schema\/person\/42e402d68007d6b23123a37e43aca822\"},\"breadcrumb\":{\"@id\":\"https:\/\/www.tempsbarcelona.com\/fr\/un-temoignage-de-tradition-et-dexcellence-celler-cecilio\/#breadcrumb\"},\"inLanguage\":\"fr-FR\",\"potentialAction\":[{\"@type\":\"ReadAction\",\"target\":[\"https:\/\/www.tempsbarcelona.com\/fr\/un-temoignage-de-tradition-et-dexcellence-celler-cecilio\/\"]}]},{\"@type\":\"ImageObject\",\"inLanguage\":\"fr-FR\",\"@id\":\"https:\/\/www.tempsbarcelona.com\/fr\/un-temoignage-de-tradition-et-dexcellence-celler-cecilio\/#primaryimage\",\"url\":\"https:\/\/www.tempsbarcelona.com\/wp-content\/uploads\/2024\/03\/V7242bodeguesprioratcellercecilio20_0-1.jpg\",\"contentUrl\":\"https:\/\/www.tempsbarcelona.com\/wp-content\/uploads\/2024\/03\/V7242bodeguesprioratcellercecilio20_0-1.jpg\",\"width\":800,\"height\":532},{\"@type\":\"BreadcrumbList\",\"@id\":\"https:\/\/www.tempsbarcelona.com\/fr\/un-temoignage-de-tradition-et-dexcellence-celler-cecilio\/#breadcrumb\",\"itemListElement\":[{\"@type\":\"ListItem\",\"position\":1,\"name\":\"Portada\",\"item\":\"https:\/\/www.tempsbarcelona.com\/fr\/temps-barcelona\/\"},{\"@type\":\"ListItem\",\"position\":2,\"name\":\"Un T\u00e9moignage de Tradition et d&#8217;Excellence : Celler Cecilio\"}]},{\"@type\":\"WebSite\",\"@id\":\"https:\/\/www.tempsbarcelona.com\/fr\/#website\",\"url\":\"https:\/\/www.tempsbarcelona.com\/fr\/\",\"name\":\"Temps Barcelona\",\"description\":\"\",\"potentialAction\":[{\"@type\":\"SearchAction\",\"target\":{\"@type\":\"EntryPoint\",\"urlTemplate\":\"https:\/\/www.tempsbarcelona.com\/fr\/?s={search_term_string}\"},\"query-input\":{\"@type\":\"PropertyValueSpecification\",\"valueRequired\":true,\"valueName\":\"search_term_string\"}}],\"inLanguage\":\"fr-FR\"},{\"@type\":\"Person\",\"@id\":\"https:\/\/www.tempsbarcelona.com\/fr\/#\/schema\/person\/42e402d68007d6b23123a37e43aca822\",\"name\":\"Viajero\",\"image\":{\"@type\":\"ImageObject\",\"inLanguage\":\"fr-FR\",\"@id\":\"https:\/\/www.tempsbarcelona.com\/fr\/#\/schema\/person\/image\/\",\"url\":\"https:\/\/secure.gravatar.com\/avatar\/adc63f40e2c832dac25e11feaef9ac523a32eaf25722d8b78fcb7c6603af7f85?s=96&d=mm&r=g\",\"contentUrl\":\"https:\/\/secure.gravatar.com\/avatar\/adc63f40e2c832dac25e11feaef9ac523a32eaf25722d8b78fcb7c6603af7f85?s=96&d=mm&r=g\",\"caption\":\"Viajero\"}}]}<\/script>\n<!-- \/ Yoast SEO plugin. -->","yoast_head_json":{"title":"Un T\u00e9moignage de Tradition et d'Excellence : Celler Cecilio - Temps Barcelona","robots":{"index":"noindex","follow":"follow","max-snippet":"max-snippet:-1","max-image-preview":"max-image-preview:large","max-video-preview":"max-video-preview:-1"},"og_locale":"fr_FR","og_type":"article","og_title":"Un T\u00e9moignage de Tradition et d'Excellence : Celler Cecilio - Temps Barcelona","og_description":"Nich\u00e9 pour les paysages picturaux de la c\u00e9l\u00e8bre r\u00e9gion viticole d&rsquo;Espagne, Celler Cecilio s&rsquo;habille comme une collection de tradition ancestrale et un travail minutieux dans l&rsquo;\u00e9laboration de vins exquis. Fond\u00e9e en 1942, cette cave familiale maintient constamment un standard d&rsquo;excellence, poss\u00e8de un h\u00e9ritage de passion et de savoir-faire, qui s&rsquo;enrichit de son histoire. Un patrimoine [&hellip;]","og_url":"https:\/\/www.tempsbarcelona.com\/fr\/un-temoignage-de-tradition-et-dexcellence-celler-cecilio\/","og_site_name":"Temps Barcelona","article_published_time":"2024-03-26T10:54:00+00:00","article_modified_time":"2024-03-26T11:21:10+00:00","og_image":[{"width":800,"height":532,"url":"https:\/\/www.tempsbarcelona.com\/wp-content\/uploads\/2024\/03\/V7242bodeguesprioratcellercecilio20_0-1.jpg","type":"image\/jpeg"}],"author":"Viajero","twitter_card":"summary_large_image","twitter_misc":{"\u00c9crit par":"Viajero","Dur\u00e9e de lecture estim\u00e9e":"3 minutes"},"schema":{"@context":"https:\/\/schema.org","@graph":[{"@type":"WebPage","@id":"https:\/\/www.tempsbarcelona.com\/fr\/un-temoignage-de-tradition-et-dexcellence-celler-cecilio\/","url":"https:\/\/www.tempsbarcelona.com\/fr\/un-temoignage-de-tradition-et-dexcellence-celler-cecilio\/","name":"Un T\u00e9moignage de Tradition et d'Excellence : Celler Cecilio - Temps Barcelona","isPartOf":{"@id":"https:\/\/www.tempsbarcelona.com\/fr\/#website"},"primaryImageOfPage":{"@id":"https:\/\/www.tempsbarcelona.com\/fr\/un-temoignage-de-tradition-et-dexcellence-celler-cecilio\/#primaryimage"},"image":{"@id":"https:\/\/www.tempsbarcelona.com\/fr\/un-temoignage-de-tradition-et-dexcellence-celler-cecilio\/#primaryimage"},"thumbnailUrl":"https:\/\/www.tempsbarcelona.com\/wp-content\/uploads\/2024\/03\/V7242bodeguesprioratcellercecilio20_0-1.jpg","datePublished":"2024-03-26T10:54:00+00:00","dateModified":"2024-03-26T11:21:10+00:00","author":{"@id":"https:\/\/www.tempsbarcelona.com\/fr\/#\/schema\/person\/42e402d68007d6b23123a37e43aca822"},"breadcrumb":{"@id":"https:\/\/www.tempsbarcelona.com\/fr\/un-temoignage-de-tradition-et-dexcellence-celler-cecilio\/#breadcrumb"},"inLanguage":"fr-FR","potentialAction":[{"@type":"ReadAction","target":["https:\/\/www.tempsbarcelona.com\/fr\/un-temoignage-de-tradition-et-dexcellence-celler-cecilio\/"]}]},{"@type":"ImageObject","inLanguage":"fr-FR","@id":"https:\/\/www.tempsbarcelona.com\/fr\/un-temoignage-de-tradition-et-dexcellence-celler-cecilio\/#primaryimage","url":"https:\/\/www.tempsbarcelona.com\/wp-content\/uploads\/2024\/03\/V7242bodeguesprioratcellercecilio20_0-1.jpg","contentUrl":"https:\/\/www.tempsbarcelona.com\/wp-content\/uploads\/2024\/03\/V7242bodeguesprioratcellercecilio20_0-1.jpg","width":800,"height":532},{"@type":"BreadcrumbList","@id":"https:\/\/www.tempsbarcelona.com\/fr\/un-temoignage-de-tradition-et-dexcellence-celler-cecilio\/#breadcrumb","itemListElement":[{"@type":"ListItem","position":1,"name":"Portada","item":"https:\/\/www.tempsbarcelona.com\/fr\/temps-barcelona\/"},{"@type":"ListItem","position":2,"name":"Un T\u00e9moignage de Tradition et d&#8217;Excellence : Celler Cecilio"}]},{"@type":"WebSite","@id":"https:\/\/www.tempsbarcelona.com\/fr\/#website","url":"https:\/\/www.tempsbarcelona.com\/fr\/","name":"Temps Barcelona","description":"","potentialAction":[{"@type":"SearchAction","target":{"@type":"EntryPoint","urlTemplate":"https:\/\/www.tempsbarcelona.com\/fr\/?s={search_term_string}"},"query-input":{"@type":"PropertyValueSpecification","valueRequired":true,"valueName":"search_term_string"}}],"inLanguage":"fr-FR"},{"@type":"Person","@id":"https:\/\/www.tempsbarcelona.com\/fr\/#\/schema\/person\/42e402d68007d6b23123a37e43aca822","name":"Viajero","image":{"@type":"ImageObject","inLanguage":"fr-FR","@id":"https:\/\/www.tempsbarcelona.com\/fr\/#\/schema\/person\/image\/","url":"https:\/\/secure.gravatar.com\/avatar\/adc63f40e2c832dac25e11feaef9ac523a32eaf25722d8b78fcb7c6603af7f85?s=96&d=mm&r=g","contentUrl":"https:\/\/secure.gravatar.com\/avatar\/adc63f40e2c832dac25e11feaef9ac523a32eaf25722d8b78fcb7c6603af7f85?s=96&d=mm&r=g","caption":"Viajero"}}]}},"_links":{"self":[{"href":"https:\/\/www.tempsbarcelona.com\/fr\/wp-json\/wp\/v2\/posts\/1542","targetHints":{"allow":["GET"]}}],"collection":[{"href":"https:\/\/www.tempsbarcelona.com\/fr\/wp-json\/wp\/v2\/posts"}],"about":[{"href":"https:\/\/www.tempsbarcelona.com\/fr\/wp-json\/wp\/v2\/types\/post"}],"author":[{"embeddable":true,"href":"https:\/\/www.tempsbarcelona.com\/fr\/wp-json\/wp\/v2\/users\/2"}],"replies":[{"embeddable":true,"href":"https:\/\/www.tempsbarcelona.com\/fr\/wp-json\/wp\/v2\/comments?post=1542"}],"version-history":[{"count":2,"href":"https:\/\/www.tempsbarcelona.com\/fr\/wp-json\/wp\/v2\/posts\/1542\/revisions"}],"predecessor-version":[{"id":1557,"href":"https:\/\/www.tempsbarcelona.com\/fr\/wp-json\/wp\/v2\/posts\/1542\/revisions\/1557"}],"wp:featuredmedia":[{"embeddable":true,"href":"https:\/\/www.tempsbarcelona.com\/fr\/wp-json\/wp\/v2\/media\/1536"}],"wp:attachment":[{"href":"https:\/\/www.tempsbarcelona.com\/fr\/wp-json\/wp\/v2\/media?parent=1542"}],"wp:term":[{"taxonomy":"category","embeddable":true,"href":"https:\/\/www.tempsbarcelona.com\/fr\/wp-json\/wp\/v2\/categories?post=1542"},{"taxonomy":"post_tag","embeddable":true,"href":"https:\/\/www.tempsbarcelona.com\/fr\/wp-json\/wp\/v2\/tags?post=1542"}],"curies":[{"name":"wp","href":"https:\/\/api.w.org\/{rel}","templated":true}]}}