{"id":1513,"date":"2024-03-26T10:24:05","date_gmt":"2024-03-26T10:24:05","guid":{"rendered":"https:\/\/derutasyvinos.com\/?p=1513"},"modified":"2024-03-26T10:24:05","modified_gmt":"2024-03-26T10:24:05","slug":"plongez-dans-la-tradition-la-fete-de-sant-antoni-a-el-lloar","status":"publish","type":"post","link":"https:\/\/www.tempsbarcelona.com\/fr\/plongez-dans-la-tradition-la-fete-de-sant-antoni-a-el-lloar\/","title":{"rendered":"Plongez dans la tradition : La F\u00eate de Sant Antoni \u00e0 El Lloar"},"content":{"rendered":"<p>Chaque ann\u00e9e, le petit village pittoresque d&rsquo;El Lloar, nich\u00e9 dans les montagnes du Priorat en Catalogne, c\u00e9l\u00e8bre avec ferveur la F\u00eate de Sant Antoni. Cette c\u00e9l\u00e9bration en l&rsquo;honneur du saint patron des animaux est un \u00e9v\u00e9nement embl\u00e9matique qui rassemble la communaut\u00e9 locale et les visiteurs dans une ambiance de joie et de convivialit\u00e9.<\/p>\n<p>La F\u00eate de Sant Antoni trouve ses origines dans les traditions ancestrales de la r\u00e9gion, o\u00f9 les habitants venaient autrefois demander la b\u00e9n\u00e9diction de Sant Antoni pour leurs animaux et leurs r\u00e9coltes. Aujourd&rsquo;hui, cette tradition perdure, mais elle s&rsquo;est \u00e9galement transform\u00e9e en une c\u00e9l\u00e9bration joyeuse de la culture locale.<\/p>\n<h2>Un programme riche en festivit\u00e9s<\/h2>\n<p>Les festivit\u00e9s de la F\u00eate de Sant Antoni commencent t\u00f4t le matin, lorsque les habitants se rassemblent sur la place du village pour assister \u00e0 la messe en l&rsquo;honneur du saint. Ensuite, les festivit\u00e9s se poursuivent avec une procession color\u00e9e \u00e0 travers les rues du village, accompagn\u00e9e de danses traditionnelles, de musique folklorique et de d\u00e9monstrations \u00e9questres impressionnantes.<\/p>\n<h2>Gastronomie et traditions<\/h2>\n<p>La F\u00eate de Sant Antoni est \u00e9galement l&rsquo;occasion de d\u00e9guster des plats traditionnels de la r\u00e9gion, pr\u00e9par\u00e9s avec soin par les habitants. Les visiteurs pourront savourer des sp\u00e9cialit\u00e9s catalanes telles que la calcotada, des grillades de viande succulentes et des desserts typiques, le tout arros\u00e9 de d\u00e9licieux vins locaux du Priorat.<\/p>\n<p>Parmi les vins embl\u00e9matiques du Priorat, vous pourrez d\u00e9couvrir :<\/p>\n<ul>\n<li><strong>Clos Mogador<\/strong>: Un vin rouge complexe et \u00e9l\u00e9gant, avec des ar\u00f4mes de fruits noirs m\u00fbrs, d&rsquo;\u00e9pices et de notes min\u00e9rales, produit par le c\u00e9l\u00e8bre domaine Ren\u00e9 Barbier.<\/li>\n<li><strong>Clos Erasmus<\/strong>: Un vin rouge puissant et concentr\u00e9, offrant une palette de saveurs riches et intenses, avec une belle structure tannique et une longue finale, produit par le domaine \u00e9ponyme de Daphne Glorian.<\/li>\n<li><strong>Alvaro Palacios L&rsquo;Ermita<\/strong>: Un vin rouge d&rsquo;une grande finesse et d&rsquo;une grande profondeur, avec des notes de fruits rouges, de fleurs et d&rsquo;\u00e9pices, provenant de vignes centenaires situ\u00e9es dans le village de Gratallops.<\/li>\n<\/ul>\n<p>Au-del\u00e0 des festivit\u00e9s officielles, la F\u00eate de Sant Antoni est avant tout un moment de partage et de convivialit\u00e9, o\u00f9 les habitants et les visiteurs se retrouvent pour c\u00e9l\u00e9brer ensemble leur patrimoine culturel et leurs traditions. C&rsquo;est l&rsquo;occasion id\u00e9ale de d\u00e9couvrir l&rsquo;authenticit\u00e9 et l&rsquo;hospitalit\u00e9 de la r\u00e9gion du Priorat.<\/p>\n<h2>Une exp\u00e9rience inoubliable<\/h2>\n<p>Que vous soyez passionn\u00e9 de culture, de gastronomie ou simplement en qu\u00eate de nouvelles exp\u00e9riences, la F\u00eate de Sant Antoni \u00e0 El Lloar promet une immersion totale dans la vie et les traditions du Priorat. C&rsquo;est une occasion unique de cr\u00e9er des souvenirs inoubliables et de vivre des moments de joie et de partage au c\u0153ur d&rsquo;une communaut\u00e9 chaleureuse et accueillante.<\/p>\n","protected":false},"excerpt":{"rendered":"<p>Chaque ann\u00e9e, le petit village pittoresque d&rsquo;El Lloar, nich\u00e9 dans les montagnes du Priorat en Catalogne, c\u00e9l\u00e8bre avec ferveur la F\u00eate de Sant Antoni. Cette c\u00e9l\u00e9bration en l&rsquo;honneur du saint patron des animaux est un \u00e9v\u00e9nement embl\u00e9matique qui rassemble la communaut\u00e9 locale et les visiteurs dans une ambiance de joie et de convivialit\u00e9. La F\u00eate [&hellip;]<\/p>\n","protected":false},"author":2,"featured_media":1514,"comment_status":"open","ping_status":"open","sticky":false,"template":"","format":"standard","meta":{"_et_pb_use_builder":"","_et_pb_old_content":"","_et_gb_content_width":"","footnotes":""},"categories":[34],"tags":[],"class_list":["post-1513","post","type-post","status-publish","format-standard","has-post-thumbnail","hentry","category-non-classifiee"],"yoast_head":"<!-- This site is optimized with the Yoast SEO plugin v25.1 - https:\/\/yoast.com\/wordpress\/plugins\/seo\/ -->\n<title>Plongez dans la tradition : La F\u00eate de Sant Antoni \u00e0 El Lloar - Temps Barcelona<\/title>\n<meta name=\"robots\" content=\"noindex, follow, max-snippet:-1, max-image-preview:large, max-video-preview:-1\" \/>\n<meta property=\"og:locale\" content=\"fr_FR\" \/>\n<meta property=\"og:type\" content=\"article\" \/>\n<meta property=\"og:title\" content=\"Plongez dans la tradition : La F\u00eate de Sant Antoni \u00e0 El Lloar - Temps Barcelona\" \/>\n<meta property=\"og:description\" content=\"Chaque ann\u00e9e, le petit village pittoresque d&rsquo;El Lloar, nich\u00e9 dans les montagnes du Priorat en Catalogne, c\u00e9l\u00e8bre avec ferveur la F\u00eate de Sant Antoni. Cette c\u00e9l\u00e9bration en l&rsquo;honneur du saint patron des animaux est un \u00e9v\u00e9nement embl\u00e9matique qui rassemble la communaut\u00e9 locale et les visiteurs dans une ambiance de joie et de convivialit\u00e9. La F\u00eate [&hellip;]\" \/>\n<meta property=\"og:url\" content=\"https:\/\/www.tempsbarcelona.com\/fr\/plongez-dans-la-tradition-la-fete-de-sant-antoni-a-el-lloar\/\" \/>\n<meta property=\"og:site_name\" content=\"Temps Barcelona\" \/>\n<meta property=\"article:published_time\" content=\"2024-03-26T10:24:05+00:00\" \/>\n<meta property=\"og:image\" content=\"https:\/\/www.tempsbarcelona.com\/wp-content\/uploads\/2024\/03\/Screenshot-2024-03-18-14.37.33.png\" \/>\n\t<meta property=\"og:image:width\" content=\"685\" \/>\n\t<meta property=\"og:image:height\" content=\"382\" \/>\n\t<meta property=\"og:image:type\" content=\"image\/png\" \/>\n<meta name=\"author\" content=\"Viajero\" \/>\n<meta name=\"twitter:card\" content=\"summary_large_image\" \/>\n<meta name=\"twitter:label1\" content=\"\u00c9crit par\" \/>\n\t<meta name=\"twitter:data1\" content=\"Viajero\" \/>\n\t<meta name=\"twitter:label2\" content=\"Dur\u00e9e de lecture estim\u00e9e\" \/>\n\t<meta name=\"twitter:data2\" content=\"3 minutes\" \/>\n<script type=\"application\/ld+json\" class=\"yoast-schema-graph\">{\"@context\":\"https:\/\/schema.org\",\"@graph\":[{\"@type\":\"WebPage\",\"@id\":\"https:\/\/www.tempsbarcelona.com\/fr\/plongez-dans-la-tradition-la-fete-de-sant-antoni-a-el-lloar\/\",\"url\":\"https:\/\/www.tempsbarcelona.com\/fr\/plongez-dans-la-tradition-la-fete-de-sant-antoni-a-el-lloar\/\",\"name\":\"Plongez dans la tradition : La F\u00eate de Sant Antoni \u00e0 El Lloar - Temps Barcelona\",\"isPartOf\":{\"@id\":\"https:\/\/www.tempsbarcelona.com\/fr\/#website\"},\"primaryImageOfPage\":{\"@id\":\"https:\/\/www.tempsbarcelona.com\/fr\/plongez-dans-la-tradition-la-fete-de-sant-antoni-a-el-lloar\/#primaryimage\"},\"image\":{\"@id\":\"https:\/\/www.tempsbarcelona.com\/fr\/plongez-dans-la-tradition-la-fete-de-sant-antoni-a-el-lloar\/#primaryimage\"},\"thumbnailUrl\":\"https:\/\/www.tempsbarcelona.com\/wp-content\/uploads\/2024\/03\/Screenshot-2024-03-18-14.37.33.png\",\"datePublished\":\"2024-03-26T10:24:05+00:00\",\"author\":{\"@id\":\"https:\/\/www.tempsbarcelona.com\/fr\/#\/schema\/person\/42e402d68007d6b23123a37e43aca822\"},\"breadcrumb\":{\"@id\":\"https:\/\/www.tempsbarcelona.com\/fr\/plongez-dans-la-tradition-la-fete-de-sant-antoni-a-el-lloar\/#breadcrumb\"},\"inLanguage\":\"fr-FR\",\"potentialAction\":[{\"@type\":\"ReadAction\",\"target\":[\"https:\/\/www.tempsbarcelona.com\/fr\/plongez-dans-la-tradition-la-fete-de-sant-antoni-a-el-lloar\/\"]}]},{\"@type\":\"ImageObject\",\"inLanguage\":\"fr-FR\",\"@id\":\"https:\/\/www.tempsbarcelona.com\/fr\/plongez-dans-la-tradition-la-fete-de-sant-antoni-a-el-lloar\/#primaryimage\",\"url\":\"https:\/\/www.tempsbarcelona.com\/wp-content\/uploads\/2024\/03\/Screenshot-2024-03-18-14.37.33.png\",\"contentUrl\":\"https:\/\/www.tempsbarcelona.com\/wp-content\/uploads\/2024\/03\/Screenshot-2024-03-18-14.37.33.png\",\"width\":685,\"height\":382},{\"@type\":\"BreadcrumbList\",\"@id\":\"https:\/\/www.tempsbarcelona.com\/fr\/plongez-dans-la-tradition-la-fete-de-sant-antoni-a-el-lloar\/#breadcrumb\",\"itemListElement\":[{\"@type\":\"ListItem\",\"position\":1,\"name\":\"Portada\",\"item\":\"https:\/\/www.tempsbarcelona.com\/fr\/temps-barcelona\/\"},{\"@type\":\"ListItem\",\"position\":2,\"name\":\"Plongez dans la tradition : La F\u00eate de Sant Antoni \u00e0 El Lloar\"}]},{\"@type\":\"WebSite\",\"@id\":\"https:\/\/www.tempsbarcelona.com\/fr\/#website\",\"url\":\"https:\/\/www.tempsbarcelona.com\/fr\/\",\"name\":\"Temps Barcelona\",\"description\":\"\",\"potentialAction\":[{\"@type\":\"SearchAction\",\"target\":{\"@type\":\"EntryPoint\",\"urlTemplate\":\"https:\/\/www.tempsbarcelona.com\/fr\/?s={search_term_string}\"},\"query-input\":{\"@type\":\"PropertyValueSpecification\",\"valueRequired\":true,\"valueName\":\"search_term_string\"}}],\"inLanguage\":\"fr-FR\"},{\"@type\":\"Person\",\"@id\":\"https:\/\/www.tempsbarcelona.com\/fr\/#\/schema\/person\/42e402d68007d6b23123a37e43aca822\",\"name\":\"Viajero\",\"image\":{\"@type\":\"ImageObject\",\"inLanguage\":\"fr-FR\",\"@id\":\"https:\/\/www.tempsbarcelona.com\/fr\/#\/schema\/person\/image\/\",\"url\":\"https:\/\/secure.gravatar.com\/avatar\/adc63f40e2c832dac25e11feaef9ac523a32eaf25722d8b78fcb7c6603af7f85?s=96&d=mm&r=g\",\"contentUrl\":\"https:\/\/secure.gravatar.com\/avatar\/adc63f40e2c832dac25e11feaef9ac523a32eaf25722d8b78fcb7c6603af7f85?s=96&d=mm&r=g\",\"caption\":\"Viajero\"}}]}<\/script>\n<!-- \/ Yoast SEO plugin. -->","yoast_head_json":{"title":"Plongez dans la tradition : La F\u00eate de Sant Antoni \u00e0 El Lloar - Temps Barcelona","robots":{"index":"noindex","follow":"follow","max-snippet":"max-snippet:-1","max-image-preview":"max-image-preview:large","max-video-preview":"max-video-preview:-1"},"og_locale":"fr_FR","og_type":"article","og_title":"Plongez dans la tradition : La F\u00eate de Sant Antoni \u00e0 El Lloar - Temps Barcelona","og_description":"Chaque ann\u00e9e, le petit village pittoresque d&rsquo;El Lloar, nich\u00e9 dans les montagnes du Priorat en Catalogne, c\u00e9l\u00e8bre avec ferveur la F\u00eate de Sant Antoni. Cette c\u00e9l\u00e9bration en l&rsquo;honneur du saint patron des animaux est un \u00e9v\u00e9nement embl\u00e9matique qui rassemble la communaut\u00e9 locale et les visiteurs dans une ambiance de joie et de convivialit\u00e9. La F\u00eate [&hellip;]","og_url":"https:\/\/www.tempsbarcelona.com\/fr\/plongez-dans-la-tradition-la-fete-de-sant-antoni-a-el-lloar\/","og_site_name":"Temps Barcelona","article_published_time":"2024-03-26T10:24:05+00:00","og_image":[{"width":685,"height":382,"url":"https:\/\/www.tempsbarcelona.com\/wp-content\/uploads\/2024\/03\/Screenshot-2024-03-18-14.37.33.png","type":"image\/png"}],"author":"Viajero","twitter_card":"summary_large_image","twitter_misc":{"\u00c9crit par":"Viajero","Dur\u00e9e de lecture estim\u00e9e":"3 minutes"},"schema":{"@context":"https:\/\/schema.org","@graph":[{"@type":"WebPage","@id":"https:\/\/www.tempsbarcelona.com\/fr\/plongez-dans-la-tradition-la-fete-de-sant-antoni-a-el-lloar\/","url":"https:\/\/www.tempsbarcelona.com\/fr\/plongez-dans-la-tradition-la-fete-de-sant-antoni-a-el-lloar\/","name":"Plongez dans la tradition : La F\u00eate de Sant Antoni \u00e0 El Lloar - Temps Barcelona","isPartOf":{"@id":"https:\/\/www.tempsbarcelona.com\/fr\/#website"},"primaryImageOfPage":{"@id":"https:\/\/www.tempsbarcelona.com\/fr\/plongez-dans-la-tradition-la-fete-de-sant-antoni-a-el-lloar\/#primaryimage"},"image":{"@id":"https:\/\/www.tempsbarcelona.com\/fr\/plongez-dans-la-tradition-la-fete-de-sant-antoni-a-el-lloar\/#primaryimage"},"thumbnailUrl":"https:\/\/www.tempsbarcelona.com\/wp-content\/uploads\/2024\/03\/Screenshot-2024-03-18-14.37.33.png","datePublished":"2024-03-26T10:24:05+00:00","author":{"@id":"https:\/\/www.tempsbarcelona.com\/fr\/#\/schema\/person\/42e402d68007d6b23123a37e43aca822"},"breadcrumb":{"@id":"https:\/\/www.tempsbarcelona.com\/fr\/plongez-dans-la-tradition-la-fete-de-sant-antoni-a-el-lloar\/#breadcrumb"},"inLanguage":"fr-FR","potentialAction":[{"@type":"ReadAction","target":["https:\/\/www.tempsbarcelona.com\/fr\/plongez-dans-la-tradition-la-fete-de-sant-antoni-a-el-lloar\/"]}]},{"@type":"ImageObject","inLanguage":"fr-FR","@id":"https:\/\/www.tempsbarcelona.com\/fr\/plongez-dans-la-tradition-la-fete-de-sant-antoni-a-el-lloar\/#primaryimage","url":"https:\/\/www.tempsbarcelona.com\/wp-content\/uploads\/2024\/03\/Screenshot-2024-03-18-14.37.33.png","contentUrl":"https:\/\/www.tempsbarcelona.com\/wp-content\/uploads\/2024\/03\/Screenshot-2024-03-18-14.37.33.png","width":685,"height":382},{"@type":"BreadcrumbList","@id":"https:\/\/www.tempsbarcelona.com\/fr\/plongez-dans-la-tradition-la-fete-de-sant-antoni-a-el-lloar\/#breadcrumb","itemListElement":[{"@type":"ListItem","position":1,"name":"Portada","item":"https:\/\/www.tempsbarcelona.com\/fr\/temps-barcelona\/"},{"@type":"ListItem","position":2,"name":"Plongez dans la tradition : La F\u00eate de Sant Antoni \u00e0 El Lloar"}]},{"@type":"WebSite","@id":"https:\/\/www.tempsbarcelona.com\/fr\/#website","url":"https:\/\/www.tempsbarcelona.com\/fr\/","name":"Temps Barcelona","description":"","potentialAction":[{"@type":"SearchAction","target":{"@type":"EntryPoint","urlTemplate":"https:\/\/www.tempsbarcelona.com\/fr\/?s={search_term_string}"},"query-input":{"@type":"PropertyValueSpecification","valueRequired":true,"valueName":"search_term_string"}}],"inLanguage":"fr-FR"},{"@type":"Person","@id":"https:\/\/www.tempsbarcelona.com\/fr\/#\/schema\/person\/42e402d68007d6b23123a37e43aca822","name":"Viajero","image":{"@type":"ImageObject","inLanguage":"fr-FR","@id":"https:\/\/www.tempsbarcelona.com\/fr\/#\/schema\/person\/image\/","url":"https:\/\/secure.gravatar.com\/avatar\/adc63f40e2c832dac25e11feaef9ac523a32eaf25722d8b78fcb7c6603af7f85?s=96&d=mm&r=g","contentUrl":"https:\/\/secure.gravatar.com\/avatar\/adc63f40e2c832dac25e11feaef9ac523a32eaf25722d8b78fcb7c6603af7f85?s=96&d=mm&r=g","caption":"Viajero"}}]}},"_links":{"self":[{"href":"https:\/\/www.tempsbarcelona.com\/fr\/wp-json\/wp\/v2\/posts\/1513","targetHints":{"allow":["GET"]}}],"collection":[{"href":"https:\/\/www.tempsbarcelona.com\/fr\/wp-json\/wp\/v2\/posts"}],"about":[{"href":"https:\/\/www.tempsbarcelona.com\/fr\/wp-json\/wp\/v2\/types\/post"}],"author":[{"embeddable":true,"href":"https:\/\/www.tempsbarcelona.com\/fr\/wp-json\/wp\/v2\/users\/2"}],"replies":[{"embeddable":true,"href":"https:\/\/www.tempsbarcelona.com\/fr\/wp-json\/wp\/v2\/comments?post=1513"}],"version-history":[{"count":1,"href":"https:\/\/www.tempsbarcelona.com\/fr\/wp-json\/wp\/v2\/posts\/1513\/revisions"}],"predecessor-version":[{"id":1519,"href":"https:\/\/www.tempsbarcelona.com\/fr\/wp-json\/wp\/v2\/posts\/1513\/revisions\/1519"}],"wp:featuredmedia":[{"embeddable":true,"href":"https:\/\/www.tempsbarcelona.com\/fr\/wp-json\/wp\/v2\/media\/1514"}],"wp:attachment":[{"href":"https:\/\/www.tempsbarcelona.com\/fr\/wp-json\/wp\/v2\/media?parent=1513"}],"wp:term":[{"taxonomy":"category","embeddable":true,"href":"https:\/\/www.tempsbarcelona.com\/fr\/wp-json\/wp\/v2\/categories?post=1513"},{"taxonomy":"post_tag","embeddable":true,"href":"https:\/\/www.tempsbarcelona.com\/fr\/wp-json\/wp\/v2\/tags?post=1513"}],"curies":[{"name":"wp","href":"https:\/\/api.w.org\/{rel}","templated":true}]}}