{"id":1389,"date":"2024-02-09T09:32:27","date_gmt":"2024-02-09T09:32:27","guid":{"rendered":"https:\/\/derutasyvinos.com\/?p=1389"},"modified":"2024-03-12T15:10:16","modified_gmt":"2024-03-12T15:10:16","slug":"cabaces-decouvrir-le-patrimoine-et-la-spiritualite-des-monts-metalliferes","status":"publish","type":"post","link":"https:\/\/www.tempsbarcelona.com\/fr\/cabaces-decouvrir-le-patrimoine-et-la-spiritualite-des-monts-metalliferes\/","title":{"rendered":"Cabac\u00e9s : D\u00e9couvrir le patrimoine et la spiritualit\u00e9 des Monts M\u00e9tallif\u00e8res"},"content":{"rendered":"<h2><\/h2>\n<h2><b>Exploration spirituelle : trois ermitages sur une seule promenade<\/b><\/h2>\n<p><span style=\"font-weight: 400;\">Commencez votre voyage dans la charmante ville de Cabac\u00e9s, o\u00f9 chaque rue r\u00e9sonne avec l&rsquo;histoire de la viticulture. Parcourez le sentier Serra de les Pinedes-Coves Altes pour une aventure qui vous m\u00e8nera \u00e0 travers trois ermitages nich\u00e9s dans le parc naturel de la Serra de Montsant. Un itin\u00e9raire con\u00e7u pour les amoureux d&rsquo;histoire et de spiritualit\u00e9, accessible \u00e0 tous les randonneurs.<\/span><\/p>\n<h2><b>La montagne initiale : d\u00e9fis doux et descente vers La Foia<\/b><\/h2>\n<p><span style=\"font-weight: 400;\">M\u00eame si la mont\u00e9e initiale peut \u00eatre un peu exigeante, elle est abordable pour tout le monde. Suivez les indications pour le sentier Serra de les Pinedes-Coves Altes et empruntez le chemin qui m\u00e8ne \u00e0 l&rsquo;ermitage, clairement indiqu\u00e9 par des panneaux en bois Turisme de Catalunya. La descente, aussi douce que la mont\u00e9e, vous m\u00e8nera \u00e0 La Foia, o\u00f9 vous pourrez prendre un repos bien m\u00e9rit\u00e9 et profiter des installations propos\u00e9es.<\/span><\/p>\n<h2><b>Toutes saisons, tous plaisirs : conseils et pr\u00e9cautions<\/b><\/h2>\n<p><span style=\"font-weight: 400;\">Cette excursion est id\u00e9ale en toutes saisons, mais la prudence est de mise lors des journ\u00e9es chaudes. L&rsquo;ermitage de Foia offre une pause rafra\u00eechissante. Attention, cette aventure n&rsquo;est pas recommand\u00e9e aux jeunes enfants. Assurez-vous d&rsquo;apporter de l&rsquo;eau, des collations et votre appareil photo pour capturer chaque instant de cette exp\u00e9rience unique.<\/span><\/p>\n<h2><b>Itin\u00e9raire : Attraits et d\u00e9couvertes<\/b><\/h2>\n<p><span style=\"font-weight: 400;\">Le parcours commence sur le parking de la ville et vous guide \u00e0 travers des ruelles pittoresques, r\u00e9v\u00e9lant des joyaux historiques comme l&rsquo;ermitage de Sant Joan. En suivant les sentiers et les panneaux en b\u00e9ton, explorez des points d&rsquo;int\u00e9r\u00eat tels que L&rsquo;Aubereda, la Serra dels Solans, La Covassa et bien d&rsquo;autres.<\/span><\/p>\n<h2><b>Enrichissez votre aventure : \u00e9v\u00e9nements locaux et charmes naturels<\/b><\/h2>\n<p><span style=\"font-weight: 400;\">Profitez d&rsquo;une nature pr\u00e9serv\u00e9e et du patrimoine local, du chant des oiseaux aux fleurs sauvages. Lors d&rsquo;\u00e9v\u00e9nements locaux, de festivals et de c\u00e9l\u00e9brations, impr\u00e9gnez-vous de l&rsquo;ambiance festive de Cabac\u00e9s. Prenez le temps de vous arr\u00eater dans des endroits pittoresques pour d\u00e9jeuner et prendre de superbes photos.<\/span><\/p>\n<h2><b>Conseils pratiques : Mat\u00e9riel et pr\u00e9paration<\/b><\/h2>\n<p><span style=\"font-weight: 400;\">N&rsquo;oubliez pas d&rsquo;apporter de l&rsquo;eau, des collations \u00e9nerg\u00e9tiques et des v\u00eatements adapt\u00e9s \u00e0 la randonn\u00e9e. Si vous avez l&rsquo;occasion de visiter les lieux lors d&rsquo;\u00e9v\u00e9nements locaux, assurez-vous de les inclure dans votre itin\u00e9raire pour une exp\u00e9rience encore plus enrichissante.<\/span><\/p>\n<p><span style=\"font-weight: 400;\">Cette excursion \u00e0 Cabac\u00e9s promet une immersion totale dans la nature intacte et le patrimoine spirituel du Montsant, avec des d\u00e9couvertes fascinantes tout au long du parcours. Profitez de la beaut\u00e9 des paysages, des tr\u00e9sors cach\u00e9s, des oiseaux chanteurs et des fleurs sauvages qui font de cette aventure une aventure inoubliable. N&rsquo;oubliez pas d&rsquo;apporter de l&rsquo;eau, des collations \u00e9nerg\u00e9tiques et votre appareil photo pour capturer ces moments m\u00e9morables.<\/span><\/p>\n<h2><b>Celler Baronia del Montsant : Une odyss\u00e9e \u0153nologique<\/b><\/h2>\n<p><span style=\"font-weight: 400;\">Poursuivant votre recherche de vins \u00e0 Cabac\u00e9s, le domaine Celler Baronia del Montsant se pr\u00e9sente comme une \u00e9tape incontournable. D\u00e9couvrez l&rsquo;\u00e9l\u00e9gance en bouteille avec son vin embl\u00e9matique, \u00ab\u00a0Baronia del Montsant Reserva\u00a0\u00bb. Issu d&rsquo;une s\u00e9lection minutieuse de raisins Garnacha et Cari\u00f1ena, ce vin incarne l&rsquo;essence du terroir de Cabac\u00e9s. Vieilli en f\u00fbts de ch\u00eane fran\u00e7ais pendant 18 mois, Baronia del Montsant Reserva est un t\u00e9moignage de l&rsquo;union entre tradition et innovation. En d\u00e9gustation, ce vin r\u00e9v\u00e8le des notes complexes de fruits rouges et de m\u00fbres, accompagn\u00e9es d&rsquo;\u00e9l\u00e9gantes touches de vanille et de cacao. En bouche, la structure est charpent\u00e9e et les tanins velout\u00e9s offrent une exp\u00e9rience gustative riche et \u00e9quilibr\u00e9e. D\u00e9gustez ce vin d&rsquo;exception dans le cadre enchanteur de Cabac\u00e9s. Ses saveurs profondes se m\u00e9langent harmonieusement \u00e0 l&rsquo;atmosph\u00e8re historique et spirituelle de la r\u00e9gion, cr\u00e9ant une exp\u00e9rience de d\u00e9gustation m\u00e9morable. Associez-le \u00e0 des produits locaux, tels que des fromages artisanaux et des charcuteries, pour une exploration compl\u00e8te des saveurs catalanes.<\/span><\/p>\n<h2><b>Embrassez l&rsquo;\u00e2me du Montsant<\/b><\/h2>\n<p><span style=\"font-weight: 400;\">Au terme de cette exploration immersive \u00e0 travers les routes pittoresques et les tr\u00e9sors cach\u00e9s du Montsant, nous vous invitons \u00e0 r\u00e9fl\u00e9chir sur l&rsquo;essence de cette r\u00e9gion unique. Montsant, avec sa nature pr\u00e9serv\u00e9e, son patrimoine spirituel et son patrimoine viticole, offre bien plus qu&rsquo;une aventure en plein air. A chaque pas r\u00e9sonne l&rsquo;histoire s\u00e9culaire du vignoble, chaque ruelle de village est t\u00e9moin d&rsquo;une tradition ancienne et chaque panorama offre un d\u00e9cor majestueux.<\/span><\/p>\n","protected":false},"excerpt":{"rendered":"<p>Exploration spirituelle : trois ermitages sur une seule promenade Commencez votre voyage dans la charmante ville de Cabac\u00e9s, o\u00f9 chaque rue r\u00e9sonne avec l&rsquo;histoire de la viticulture. Parcourez le sentier Serra de les Pinedes-Coves Altes pour une aventure qui vous m\u00e8nera \u00e0 travers trois ermitages nich\u00e9s dans le parc naturel de la Serra de Montsant. [&hellip;]<\/p>\n","protected":false},"author":2,"featured_media":2965,"comment_status":"open","ping_status":"open","sticky":false,"template":"","format":"standard","meta":{"_et_pb_use_builder":"off","_et_pb_old_content":"","_et_gb_content_width":"","footnotes":""},"categories":[34],"tags":[],"class_list":["post-1389","post","type-post","status-publish","format-standard","has-post-thumbnail","hentry","category-non-classifiee"],"yoast_head":"<!-- This site is optimized with the Yoast SEO plugin v25.1 - https:\/\/yoast.com\/wordpress\/plugins\/seo\/ -->\n<title>Cabac\u00e9s : D\u00e9couvrir le patrimoine et la spiritualit\u00e9 des Monts M\u00e9tallif\u00e8res - Temps Barcelona<\/title>\n<meta name=\"robots\" content=\"noindex, follow, max-snippet:-1, max-image-preview:large, max-video-preview:-1\" \/>\n<meta property=\"og:locale\" content=\"fr_FR\" \/>\n<meta property=\"og:type\" content=\"article\" \/>\n<meta property=\"og:title\" content=\"Cabac\u00e9s : D\u00e9couvrir le patrimoine et la spiritualit\u00e9 des Monts M\u00e9tallif\u00e8res - Temps Barcelona\" \/>\n<meta property=\"og:description\" content=\"Exploration spirituelle : trois ermitages sur une seule promenade Commencez votre voyage dans la charmante ville de Cabac\u00e9s, o\u00f9 chaque rue r\u00e9sonne avec l&rsquo;histoire de la viticulture. Parcourez le sentier Serra de les Pinedes-Coves Altes pour une aventure qui vous m\u00e8nera \u00e0 travers trois ermitages nich\u00e9s dans le parc naturel de la Serra de Montsant. [&hellip;]\" \/>\n<meta property=\"og:url\" content=\"https:\/\/www.tempsbarcelona.com\/fr\/cabaces-decouvrir-le-patrimoine-et-la-spiritualite-des-monts-metalliferes\/\" \/>\n<meta property=\"og:site_name\" content=\"Temps Barcelona\" \/>\n<meta property=\"article:published_time\" content=\"2024-02-09T09:32:27+00:00\" \/>\n<meta property=\"article:modified_time\" content=\"2024-03-12T15:10:16+00:00\" \/>\n<meta property=\"og:image\" content=\"https:\/\/www.tempsbarcelona.com\/wp-content\/uploads\/2024\/02\/IMG-20240516-WA0043.jpg\" \/>\n\t<meta property=\"og:image:width\" content=\"677\" \/>\n\t<meta property=\"og:image:height\" content=\"600\" \/>\n\t<meta property=\"og:image:type\" content=\"image\/jpeg\" \/>\n<meta name=\"author\" content=\"Viajero\" \/>\n<meta name=\"twitter:card\" content=\"summary_large_image\" \/>\n<meta name=\"twitter:label1\" content=\"\u00c9crit par\" \/>\n\t<meta name=\"twitter:data1\" content=\"Viajero\" \/>\n\t<meta name=\"twitter:label2\" content=\"Dur\u00e9e de lecture estim\u00e9e\" \/>\n\t<meta name=\"twitter:data2\" content=\"4 minutes\" \/>\n<script type=\"application\/ld+json\" class=\"yoast-schema-graph\">{\"@context\":\"https:\/\/schema.org\",\"@graph\":[{\"@type\":\"WebPage\",\"@id\":\"https:\/\/www.tempsbarcelona.com\/fr\/cabaces-decouvrir-le-patrimoine-et-la-spiritualite-des-monts-metalliferes\/\",\"url\":\"https:\/\/www.tempsbarcelona.com\/fr\/cabaces-decouvrir-le-patrimoine-et-la-spiritualite-des-monts-metalliferes\/\",\"name\":\"Cabac\u00e9s : D\u00e9couvrir le patrimoine et la spiritualit\u00e9 des Monts M\u00e9tallif\u00e8res - Temps Barcelona\",\"isPartOf\":{\"@id\":\"https:\/\/www.tempsbarcelona.com\/fr\/#website\"},\"primaryImageOfPage\":{\"@id\":\"https:\/\/www.tempsbarcelona.com\/fr\/cabaces-decouvrir-le-patrimoine-et-la-spiritualite-des-monts-metalliferes\/#primaryimage\"},\"image\":{\"@id\":\"https:\/\/www.tempsbarcelona.com\/fr\/cabaces-decouvrir-le-patrimoine-et-la-spiritualite-des-monts-metalliferes\/#primaryimage\"},\"thumbnailUrl\":\"https:\/\/www.tempsbarcelona.com\/wp-content\/uploads\/2024\/02\/IMG-20240516-WA0043.jpg\",\"datePublished\":\"2024-02-09T09:32:27+00:00\",\"dateModified\":\"2024-03-12T15:10:16+00:00\",\"author\":{\"@id\":\"https:\/\/www.tempsbarcelona.com\/fr\/#\/schema\/person\/42e402d68007d6b23123a37e43aca822\"},\"breadcrumb\":{\"@id\":\"https:\/\/www.tempsbarcelona.com\/fr\/cabaces-decouvrir-le-patrimoine-et-la-spiritualite-des-monts-metalliferes\/#breadcrumb\"},\"inLanguage\":\"fr-FR\",\"potentialAction\":[{\"@type\":\"ReadAction\",\"target\":[\"https:\/\/www.tempsbarcelona.com\/fr\/cabaces-decouvrir-le-patrimoine-et-la-spiritualite-des-monts-metalliferes\/\"]}]},{\"@type\":\"ImageObject\",\"inLanguage\":\"fr-FR\",\"@id\":\"https:\/\/www.tempsbarcelona.com\/fr\/cabaces-decouvrir-le-patrimoine-et-la-spiritualite-des-monts-metalliferes\/#primaryimage\",\"url\":\"https:\/\/www.tempsbarcelona.com\/wp-content\/uploads\/2024\/02\/IMG-20240516-WA0043.jpg\",\"contentUrl\":\"https:\/\/www.tempsbarcelona.com\/wp-content\/uploads\/2024\/02\/IMG-20240516-WA0043.jpg\",\"width\":677,\"height\":600},{\"@type\":\"BreadcrumbList\",\"@id\":\"https:\/\/www.tempsbarcelona.com\/fr\/cabaces-decouvrir-le-patrimoine-et-la-spiritualite-des-monts-metalliferes\/#breadcrumb\",\"itemListElement\":[{\"@type\":\"ListItem\",\"position\":1,\"name\":\"Portada\",\"item\":\"https:\/\/www.tempsbarcelona.com\/fr\/temps-barcelona\/\"},{\"@type\":\"ListItem\",\"position\":2,\"name\":\"Cabac\u00e9s : D\u00e9couvrir le patrimoine et la spiritualit\u00e9 des Monts M\u00e9tallif\u00e8res\"}]},{\"@type\":\"WebSite\",\"@id\":\"https:\/\/www.tempsbarcelona.com\/fr\/#website\",\"url\":\"https:\/\/www.tempsbarcelona.com\/fr\/\",\"name\":\"Temps Barcelona\",\"description\":\"\",\"potentialAction\":[{\"@type\":\"SearchAction\",\"target\":{\"@type\":\"EntryPoint\",\"urlTemplate\":\"https:\/\/www.tempsbarcelona.com\/fr\/?s={search_term_string}\"},\"query-input\":{\"@type\":\"PropertyValueSpecification\",\"valueRequired\":true,\"valueName\":\"search_term_string\"}}],\"inLanguage\":\"fr-FR\"},{\"@type\":\"Person\",\"@id\":\"https:\/\/www.tempsbarcelona.com\/fr\/#\/schema\/person\/42e402d68007d6b23123a37e43aca822\",\"name\":\"Viajero\",\"image\":{\"@type\":\"ImageObject\",\"inLanguage\":\"fr-FR\",\"@id\":\"https:\/\/www.tempsbarcelona.com\/fr\/#\/schema\/person\/image\/\",\"url\":\"https:\/\/secure.gravatar.com\/avatar\/adc63f40e2c832dac25e11feaef9ac523a32eaf25722d8b78fcb7c6603af7f85?s=96&d=mm&r=g\",\"contentUrl\":\"https:\/\/secure.gravatar.com\/avatar\/adc63f40e2c832dac25e11feaef9ac523a32eaf25722d8b78fcb7c6603af7f85?s=96&d=mm&r=g\",\"caption\":\"Viajero\"}}]}<\/script>\n<!-- \/ Yoast SEO plugin. -->","yoast_head_json":{"title":"Cabac\u00e9s : D\u00e9couvrir le patrimoine et la spiritualit\u00e9 des Monts M\u00e9tallif\u00e8res - Temps Barcelona","robots":{"index":"noindex","follow":"follow","max-snippet":"max-snippet:-1","max-image-preview":"max-image-preview:large","max-video-preview":"max-video-preview:-1"},"og_locale":"fr_FR","og_type":"article","og_title":"Cabac\u00e9s : D\u00e9couvrir le patrimoine et la spiritualit\u00e9 des Monts M\u00e9tallif\u00e8res - Temps Barcelona","og_description":"Exploration spirituelle : trois ermitages sur une seule promenade Commencez votre voyage dans la charmante ville de Cabac\u00e9s, o\u00f9 chaque rue r\u00e9sonne avec l&rsquo;histoire de la viticulture. Parcourez le sentier Serra de les Pinedes-Coves Altes pour une aventure qui vous m\u00e8nera \u00e0 travers trois ermitages nich\u00e9s dans le parc naturel de la Serra de Montsant. [&hellip;]","og_url":"https:\/\/www.tempsbarcelona.com\/fr\/cabaces-decouvrir-le-patrimoine-et-la-spiritualite-des-monts-metalliferes\/","og_site_name":"Temps Barcelona","article_published_time":"2024-02-09T09:32:27+00:00","article_modified_time":"2024-03-12T15:10:16+00:00","og_image":[{"width":677,"height":600,"url":"https:\/\/www.tempsbarcelona.com\/wp-content\/uploads\/2024\/02\/IMG-20240516-WA0043.jpg","type":"image\/jpeg"}],"author":"Viajero","twitter_card":"summary_large_image","twitter_misc":{"\u00c9crit par":"Viajero","Dur\u00e9e de lecture estim\u00e9e":"4 minutes"},"schema":{"@context":"https:\/\/schema.org","@graph":[{"@type":"WebPage","@id":"https:\/\/www.tempsbarcelona.com\/fr\/cabaces-decouvrir-le-patrimoine-et-la-spiritualite-des-monts-metalliferes\/","url":"https:\/\/www.tempsbarcelona.com\/fr\/cabaces-decouvrir-le-patrimoine-et-la-spiritualite-des-monts-metalliferes\/","name":"Cabac\u00e9s : D\u00e9couvrir le patrimoine et la spiritualit\u00e9 des Monts M\u00e9tallif\u00e8res - Temps Barcelona","isPartOf":{"@id":"https:\/\/www.tempsbarcelona.com\/fr\/#website"},"primaryImageOfPage":{"@id":"https:\/\/www.tempsbarcelona.com\/fr\/cabaces-decouvrir-le-patrimoine-et-la-spiritualite-des-monts-metalliferes\/#primaryimage"},"image":{"@id":"https:\/\/www.tempsbarcelona.com\/fr\/cabaces-decouvrir-le-patrimoine-et-la-spiritualite-des-monts-metalliferes\/#primaryimage"},"thumbnailUrl":"https:\/\/www.tempsbarcelona.com\/wp-content\/uploads\/2024\/02\/IMG-20240516-WA0043.jpg","datePublished":"2024-02-09T09:32:27+00:00","dateModified":"2024-03-12T15:10:16+00:00","author":{"@id":"https:\/\/www.tempsbarcelona.com\/fr\/#\/schema\/person\/42e402d68007d6b23123a37e43aca822"},"breadcrumb":{"@id":"https:\/\/www.tempsbarcelona.com\/fr\/cabaces-decouvrir-le-patrimoine-et-la-spiritualite-des-monts-metalliferes\/#breadcrumb"},"inLanguage":"fr-FR","potentialAction":[{"@type":"ReadAction","target":["https:\/\/www.tempsbarcelona.com\/fr\/cabaces-decouvrir-le-patrimoine-et-la-spiritualite-des-monts-metalliferes\/"]}]},{"@type":"ImageObject","inLanguage":"fr-FR","@id":"https:\/\/www.tempsbarcelona.com\/fr\/cabaces-decouvrir-le-patrimoine-et-la-spiritualite-des-monts-metalliferes\/#primaryimage","url":"https:\/\/www.tempsbarcelona.com\/wp-content\/uploads\/2024\/02\/IMG-20240516-WA0043.jpg","contentUrl":"https:\/\/www.tempsbarcelona.com\/wp-content\/uploads\/2024\/02\/IMG-20240516-WA0043.jpg","width":677,"height":600},{"@type":"BreadcrumbList","@id":"https:\/\/www.tempsbarcelona.com\/fr\/cabaces-decouvrir-le-patrimoine-et-la-spiritualite-des-monts-metalliferes\/#breadcrumb","itemListElement":[{"@type":"ListItem","position":1,"name":"Portada","item":"https:\/\/www.tempsbarcelona.com\/fr\/temps-barcelona\/"},{"@type":"ListItem","position":2,"name":"Cabac\u00e9s : D\u00e9couvrir le patrimoine et la spiritualit\u00e9 des Monts M\u00e9tallif\u00e8res"}]},{"@type":"WebSite","@id":"https:\/\/www.tempsbarcelona.com\/fr\/#website","url":"https:\/\/www.tempsbarcelona.com\/fr\/","name":"Temps Barcelona","description":"","potentialAction":[{"@type":"SearchAction","target":{"@type":"EntryPoint","urlTemplate":"https:\/\/www.tempsbarcelona.com\/fr\/?s={search_term_string}"},"query-input":{"@type":"PropertyValueSpecification","valueRequired":true,"valueName":"search_term_string"}}],"inLanguage":"fr-FR"},{"@type":"Person","@id":"https:\/\/www.tempsbarcelona.com\/fr\/#\/schema\/person\/42e402d68007d6b23123a37e43aca822","name":"Viajero","image":{"@type":"ImageObject","inLanguage":"fr-FR","@id":"https:\/\/www.tempsbarcelona.com\/fr\/#\/schema\/person\/image\/","url":"https:\/\/secure.gravatar.com\/avatar\/adc63f40e2c832dac25e11feaef9ac523a32eaf25722d8b78fcb7c6603af7f85?s=96&d=mm&r=g","contentUrl":"https:\/\/secure.gravatar.com\/avatar\/adc63f40e2c832dac25e11feaef9ac523a32eaf25722d8b78fcb7c6603af7f85?s=96&d=mm&r=g","caption":"Viajero"}}]}},"_links":{"self":[{"href":"https:\/\/www.tempsbarcelona.com\/fr\/wp-json\/wp\/v2\/posts\/1389","targetHints":{"allow":["GET"]}}],"collection":[{"href":"https:\/\/www.tempsbarcelona.com\/fr\/wp-json\/wp\/v2\/posts"}],"about":[{"href":"https:\/\/www.tempsbarcelona.com\/fr\/wp-json\/wp\/v2\/types\/post"}],"author":[{"embeddable":true,"href":"https:\/\/www.tempsbarcelona.com\/fr\/wp-json\/wp\/v2\/users\/2"}],"replies":[{"embeddable":true,"href":"https:\/\/www.tempsbarcelona.com\/fr\/wp-json\/wp\/v2\/comments?post=1389"}],"version-history":[{"count":1,"href":"https:\/\/www.tempsbarcelona.com\/fr\/wp-json\/wp\/v2\/posts\/1389\/revisions"}],"predecessor-version":[{"id":1390,"href":"https:\/\/www.tempsbarcelona.com\/fr\/wp-json\/wp\/v2\/posts\/1389\/revisions\/1390"}],"wp:featuredmedia":[{"embeddable":true,"href":"https:\/\/www.tempsbarcelona.com\/fr\/wp-json\/wp\/v2\/media\/2965"}],"wp:attachment":[{"href":"https:\/\/www.tempsbarcelona.com\/fr\/wp-json\/wp\/v2\/media?parent=1389"}],"wp:term":[{"taxonomy":"category","embeddable":true,"href":"https:\/\/www.tempsbarcelona.com\/fr\/wp-json\/wp\/v2\/categories?post=1389"},{"taxonomy":"post_tag","embeddable":true,"href":"https:\/\/www.tempsbarcelona.com\/fr\/wp-json\/wp\/v2\/tags?post=1389"}],"curies":[{"name":"wp","href":"https:\/\/api.w.org\/{rel}","templated":true}]}}