{"id":1356,"date":"2024-02-12T11:25:18","date_gmt":"2024-02-12T11:25:18","guid":{"rendered":"https:\/\/derutasyvinos.com\/?p=1356"},"modified":"2024-03-12T13:29:05","modified_gmt":"2024-03-12T13:29:05","slug":"exploration-historique-a-la-bisbal-de-falset-entre-histoire-et-nature","status":"publish","type":"post","link":"https:\/\/www.tempsbarcelona.com\/fr\/exploration-historique-a-la-bisbal-de-falset-entre-histoire-et-nature\/","title":{"rendered":"Exploration historique \u00e0 La Bisbal de Falset : entre histoire et nature"},"content":{"rendered":"<p><span style=\"font-weight: 400;\">La Bisbal de Falset, situ\u00e9e au c\u0153ur de la Catalogne, d\u00e9voile un riche patrimoine charg\u00e9 d&rsquo;histoire remontant au Moyen \u00c2ge. Ses rues pittoresques, ses vieilles \u00e9glises et ses b\u00e2timents historiques sont les t\u00e9moins silencieux des \u00e9poques qui ont fa\u00e7onn\u00e9 cette charmante ville. Fond\u00e9e par des communaut\u00e9s m\u00e9di\u00e9vales, La Bisbal de Falset offre une exp\u00e9rience captivante, o\u00f9 l&rsquo;architecture m\u00e9di\u00e9vale se m\u00eale \u00e0 l&rsquo;influence gothique, invitant les visiteurs \u00e0 d\u00e9couvrir son h\u00e9ritage exceptionnel.<\/span><\/p>\n<h2><b>Itin\u00e9raire historique : exploration des terres de l&rsquo;ouest de la Serra de Montsant<\/b><\/h2>\n<p><span style=\"font-weight: 400;\">Embarquez pour un itin\u00e9raire fascinant qui traverse les terres \u00e0 l&rsquo;ouest de la Serra de Montsant, r\u00e9cemment transform\u00e9es par l&rsquo;activit\u00e9 humaine. Cette randonn\u00e9e offre une exp\u00e9rience unique aux amateurs de randonn\u00e9es en qu\u00eate de d\u00e9couvertes historiques et culturelles au c\u0153ur d&rsquo;un environnement naturel pr\u00e9serv\u00e9.<\/span><\/p>\n<p><span style=\"font-weight: 400;\">L&rsquo;ascension suit l&rsquo;ancien chemin qui relie La Bisbal de Falset \u00e0 Cabac\u00e9s, transform\u00e9 en piste en de nombreux endroits. Prolongez votre parcours au sommet du massif pour contempler des panoramas a\u00e9riens et vous rapprocher du sommet du Montsant. La descente \u00e0 travers le Barranc dels Colls Baixos offre une autre occasion d&rsquo;assister \u00e0 la symbiose entre l&rsquo;activit\u00e9 humaine et la nature dans des paysages exceptionnels.<\/span><\/p>\n<p><span style=\"font-weight: 400;\">Adapt\u00e9 \u00e0 tous les niveaux de randonneurs, cet itin\u00e9raire propose des indications claires sur les panneaux en bois du Turisme de Catalunya au d\u00e9but et \u00e0 la fin. Accessible toute l&rsquo;ann\u00e9e, il convient d&rsquo;\u00e9viter les p\u00e9riodes de forte chaleur, car l&rsquo;itin\u00e9raire traverse des champs cultiv\u00e9s dont certains sont abandonn\u00e9s. Assurez-vous d&rsquo;apporter suffisamment d&rsquo;eau pour une exp\u00e9rience confortable. Plongez-vous dans l&rsquo;histoire, la culture et la beaut\u00e9 naturelle de la r\u00e9gion.<\/span><\/p>\n<h2><b>\u00c0 la maison apr\u00e8s la piscine : un voyage \u00e0 travers les temps et la nature<\/b><\/h2>\n<p><span style=\"font-weight: 400;\">Votre aventure commence depuis la piscine, qui offre un espace de loisirs et un parking pour accueillir les visiteurs. Traversez le pont qui enjambe la rivi\u00e8re et suivez un ancien chemin de pierre qui s&rsquo;\u00e9l\u00e8ve devant vous. L&rsquo;itin\u00e9raire continue par une piste entre des champs cultiv\u00e9s en direction d&rsquo;El Montsant, le long du Coll de Manxa, comme indiqu\u00e9 sur le panneau.<\/span><\/p>\n<p><span style=\"font-weight: 400;\">Pour rester sur le chemin de droite, suivez le balisage peint en blanc aux diff\u00e9rents carrefours, tournez \u00e0 droite au premier carrefour, puis \u00e0 gauche aux deux suivants. Laisser le chemin \u00e0 droite au virage serr\u00e9 o\u00f9 se trouve une petite maison en pierre avec une citerne.<\/span><\/p>\n<p><span style=\"font-weight: 400;\">Continuez le sentier ascendant \u00e0 travers bois jusqu&rsquo;\u00e0 atteindre des champs, o\u00f9 un sentier sur la droite vous guide \u00e0 travers des zones de ponte abandonn\u00e9es. Les balises blanches vous guideront vers le vieux chemin en pierre que vous suivrez \u00e0 droite. Monter jusqu&rsquo;au Coll de Manxa en traversant une zone de v\u00e9g\u00e9tation br\u00fbl\u00e9e. Apr\u00e8s une retraite, rejoignez Coll Baix.<\/span><\/p>\n<p><span style=\"font-weight: 400;\">\u00c0 ce stade, vous pouvez choisir de descendre vers la gauche ou de prolonger votre balade. Pour terminer le parcours, grimper de l&rsquo;autre c\u00f4t\u00e9 du col jusqu&rsquo;\u00e0 une dalle de roche nue. Suivre le chemin de cr\u00eate \u00e0 gauche \u00e0 travers le Serrall de les Roques, en traversant la for\u00eat jusqu&rsquo;\u00e0 la partie la plus haute du Barranc Tancat. Descendre \u00e0 droite par l&rsquo;ancienne route de Margalef \u00e0 Cabac\u00e8s, o\u00f9 l&rsquo;on peut visiter la Cova dels Casaments et la Cova de La Palla.<\/span><\/p>\n<p><span style=\"font-weight: 400;\">Pour revenir au Coll Baix, prendre \u00e0 droite le chemin qui traverse le ravin et continuer juste apr\u00e8s la bifurcation. Retournez aux champs de culture, faites attention et prenez \u00e0 droite un chemin qui monte jusqu&rsquo;\u00e0 la colline. Depuis Coll Baix, commencer la descente par le chemin \u00e0 droite. Le retour se fait facilement en suivant le Barranc dels Colls Baixos, pour finalement devenir une piste qui vous guidera jusqu&rsquo;\u00e0 la rivi\u00e8re Montsant. Des panneaux indicateurs vous guideront en cas de doute. Arriv\u00e9 \u00e0 la rivi\u00e8re, choisissez de regagner la ville en traversant le lit de la rivi\u00e8re et en passant par le terrain de football, ou suivez le chemin qui longe la rivi\u00e8re vers la gauche jusqu&rsquo;au pont de la piscine.<\/span><\/p>\n<h2><b>Gastronomie et artisanat : une d\u00e9couverte sensorielle \u00e0 La Bisbal de Falset<\/b><\/h2>\n<p><span style=\"font-weight: 400;\">La Bisbal de Falset est bien plus qu&rsquo;une destination historique ; C&rsquo;est aussi un paradis pour les gourmands. Les restaurants locaux mettent en valeur une exp\u00e9rience culinaire catalane authentique, en mettant l&rsquo;accent sur les plats traditionnels pr\u00e9par\u00e9s avec des ingr\u00e9dients frais et locaux.<\/span><\/p>\n<p><span style=\"font-weight: 400;\">Ne manquez pas la \u00ab calcotada \u00bb, une sp\u00e9cialit\u00e9 r\u00e9gionale qui rend hommage aux oignons verts grill\u00e9s, ou explorez les plats de fruits de mer m\u00e9diterran\u00e9ens qui raviront vos papilles. La Bisbal de Falset est \u00e9galement c\u00e9l\u00e8bre pour sa d\u00e9licieuse paella catalane, une option incontournable pour les amateurs de cuisine m\u00e9diterran\u00e9enne.<\/span><\/p>\n<p><span style=\"font-weight: 400;\">L&rsquo;exp\u00e9rience culinaire est renforc\u00e9e par les vins exceptionnels produits dans les vignobles environnants. Repr\u00e9sentant la richesse viticole de la r\u00e9gion du Priorat, ces vins ajoutent une dimension inoubliable \u00e0 votre repas. Parmi les vins \u00e0 d\u00e9couvrir, le Clos Mogador et Les Terrasses d&rsquo;Alvaro Palacios sont des options appr\u00e9ci\u00e9es qui refl\u00e8tent la qualit\u00e9 et la diversit\u00e9 des raisins locaux.<\/span><\/p>\n<p><span style=\"font-weight: 400;\">La Bisbal de Falset est \u00e9galement c\u00e9l\u00e8bre pour son artisanat, notamment la poterie. Les ateliers locaux pr\u00e9servent les techniques anciennes et produisent des \u0153uvres d&rsquo;art uniques qui capturent l&rsquo;essence de la culture catalane. Explorez les march\u00e9s artisanaux de la ville pour d\u00e9nicher des pi\u00e8ces d&rsquo;exception et ramener chez vous des souvenirs authentiques de votre s\u00e9jour. Cette tradition artisanale contribue \u00e0 la pr\u00e9servation du riche patrimoine culturel de la r\u00e9gion.<\/span><\/p>\n<h2><b>Une immersion compl\u00e8te \u00e0 La Bisbal de Falset<\/b><\/h2>\n<p><span style=\"font-weight: 400;\">L&rsquo;exploration de La Bisbal de Falset l&rsquo;a transport\u00e9e \u00e0 travers les \u00e9poques, de l&rsquo;architecture m\u00e9di\u00e9vale \u00e0 l&rsquo;influence gothique. Cette ville fascinante r\u00e9v\u00e8le ses rues anciennes, ses \u00e9glises anciennes et ses b\u00e2timents historiques, offrant une immersion fascinante dans l&rsquo;histoire catalane. L&rsquo;itin\u00e9raire de randonn\u00e9e \u00e0 l&rsquo;ouest de la Serra de Montsant a ajout\u00e9 une dimension naturelle \u00e0 votre voyage en d\u00e9voilant des panoramas exceptionnels.<\/span><\/p>\n<p><span style=\"font-weight: 400;\">La Bisbal de Falset vous a \u00e9galement s\u00e9duit par sa gastronomie authentique, mettant en valeur les saveurs de Catalogne. Des plats traditionnels aux vins renomm\u00e9s, chaque bouch\u00e9e a \u00e9t\u00e9 une d\u00e9couverte sensorielle. N&rsquo;oubliez pas d&rsquo;apporter des souvenirs de l&rsquo;artisanat local, des pi\u00e8ces uniques qui t\u00e9moignent de la richesse culturelle de la r\u00e9gion.<\/span><\/p>\n<p><span style=\"font-weight: 400;\">Cette immersion totale \u00e0 La Bisbal de Falset laisse une trace durable, m\u00ealant histoire, nature, gastronomie et artisanat. Que votre voyage vous ait men\u00e9 \u00e0 travers ses ruelles m\u00e9di\u00e9vales ou sur des sentiers de montagne, La Bisbal de Falset vous laisse des souvenirs riches et vari\u00e9s, une invitation \u00e0 revenir et \u00e0 explorer davantage les tr\u00e9sors cach\u00e9s de cette ville d&rsquo;exception.<\/span><\/p>\n<p>&nbsp;<\/p>\n","protected":false},"excerpt":{"rendered":"<p>La Bisbal de Falset, situ\u00e9e au c\u0153ur de la Catalogne, d\u00e9voile un riche patrimoine charg\u00e9 d&rsquo;histoire remontant au Moyen \u00c2ge. Ses rues pittoresques, ses vieilles \u00e9glises et ses b\u00e2timents historiques sont les t\u00e9moins silencieux des \u00e9poques qui ont fa\u00e7onn\u00e9 cette charmante ville. Fond\u00e9e par des communaut\u00e9s m\u00e9di\u00e9vales, La Bisbal de Falset offre une exp\u00e9rience captivante, [&hellip;]<\/p>\n","protected":false},"author":2,"featured_media":2942,"comment_status":"open","ping_status":"open","sticky":false,"template":"","format":"standard","meta":{"_et_pb_use_builder":"off","_et_pb_old_content":"","_et_gb_content_width":"","footnotes":""},"categories":[34],"tags":[],"class_list":["post-1356","post","type-post","status-publish","format-standard","has-post-thumbnail","hentry","category-non-classifiee"],"yoast_head":"<!-- This site is optimized with the Yoast SEO plugin v25.1 - https:\/\/yoast.com\/wordpress\/plugins\/seo\/ -->\n<title>Exploration historique \u00e0 La Bisbal de Falset : entre histoire et nature - Temps Barcelona<\/title>\n<meta name=\"robots\" content=\"noindex, follow, max-snippet:-1, max-image-preview:large, max-video-preview:-1\" \/>\n<meta property=\"og:locale\" content=\"fr_FR\" \/>\n<meta property=\"og:type\" content=\"article\" \/>\n<meta property=\"og:title\" content=\"Exploration historique \u00e0 La Bisbal de Falset : entre histoire et nature - Temps Barcelona\" \/>\n<meta property=\"og:description\" content=\"La Bisbal de Falset, situ\u00e9e au c\u0153ur de la Catalogne, d\u00e9voile un riche patrimoine charg\u00e9 d&rsquo;histoire remontant au Moyen \u00c2ge. Ses rues pittoresques, ses vieilles \u00e9glises et ses b\u00e2timents historiques sont les t\u00e9moins silencieux des \u00e9poques qui ont fa\u00e7onn\u00e9 cette charmante ville. Fond\u00e9e par des communaut\u00e9s m\u00e9di\u00e9vales, La Bisbal de Falset offre une exp\u00e9rience captivante, [&hellip;]\" \/>\n<meta property=\"og:url\" content=\"https:\/\/www.tempsbarcelona.com\/fr\/exploration-historique-a-la-bisbal-de-falset-entre-histoire-et-nature\/\" \/>\n<meta property=\"og:site_name\" content=\"Temps Barcelona\" \/>\n<meta property=\"article:published_time\" content=\"2024-02-12T11:25:18+00:00\" \/>\n<meta property=\"article:modified_time\" content=\"2024-03-12T13:29:05+00:00\" \/>\n<meta property=\"og:image\" content=\"https:\/\/www.tempsbarcelona.com\/wp-content\/uploads\/2024\/02\/IMG-20240516-WA0040.jpg\" \/>\n\t<meta property=\"og:image:width\" content=\"2000\" \/>\n\t<meta property=\"og:image:height\" content=\"1500\" \/>\n\t<meta property=\"og:image:type\" content=\"image\/jpeg\" \/>\n<meta name=\"author\" content=\"Viajero\" \/>\n<meta name=\"twitter:card\" content=\"summary_large_image\" \/>\n<meta name=\"twitter:label1\" content=\"\u00c9crit par\" \/>\n\t<meta name=\"twitter:data1\" content=\"Viajero\" \/>\n\t<meta name=\"twitter:label2\" content=\"Dur\u00e9e de lecture estim\u00e9e\" \/>\n\t<meta name=\"twitter:data2\" content=\"5 minutes\" \/>\n<script type=\"application\/ld+json\" class=\"yoast-schema-graph\">{\"@context\":\"https:\/\/schema.org\",\"@graph\":[{\"@type\":\"WebPage\",\"@id\":\"https:\/\/www.tempsbarcelona.com\/fr\/exploration-historique-a-la-bisbal-de-falset-entre-histoire-et-nature\/\",\"url\":\"https:\/\/www.tempsbarcelona.com\/fr\/exploration-historique-a-la-bisbal-de-falset-entre-histoire-et-nature\/\",\"name\":\"Exploration historique \u00e0 La Bisbal de Falset : entre histoire et nature - Temps Barcelona\",\"isPartOf\":{\"@id\":\"https:\/\/www.tempsbarcelona.com\/fr\/#website\"},\"primaryImageOfPage\":{\"@id\":\"https:\/\/www.tempsbarcelona.com\/fr\/exploration-historique-a-la-bisbal-de-falset-entre-histoire-et-nature\/#primaryimage\"},\"image\":{\"@id\":\"https:\/\/www.tempsbarcelona.com\/fr\/exploration-historique-a-la-bisbal-de-falset-entre-histoire-et-nature\/#primaryimage\"},\"thumbnailUrl\":\"https:\/\/www.tempsbarcelona.com\/wp-content\/uploads\/2024\/02\/IMG-20240516-WA0040.jpg\",\"datePublished\":\"2024-02-12T11:25:18+00:00\",\"dateModified\":\"2024-03-12T13:29:05+00:00\",\"author\":{\"@id\":\"https:\/\/www.tempsbarcelona.com\/fr\/#\/schema\/person\/42e402d68007d6b23123a37e43aca822\"},\"breadcrumb\":{\"@id\":\"https:\/\/www.tempsbarcelona.com\/fr\/exploration-historique-a-la-bisbal-de-falset-entre-histoire-et-nature\/#breadcrumb\"},\"inLanguage\":\"fr-FR\",\"potentialAction\":[{\"@type\":\"ReadAction\",\"target\":[\"https:\/\/www.tempsbarcelona.com\/fr\/exploration-historique-a-la-bisbal-de-falset-entre-histoire-et-nature\/\"]}]},{\"@type\":\"ImageObject\",\"inLanguage\":\"fr-FR\",\"@id\":\"https:\/\/www.tempsbarcelona.com\/fr\/exploration-historique-a-la-bisbal-de-falset-entre-histoire-et-nature\/#primaryimage\",\"url\":\"https:\/\/www.tempsbarcelona.com\/wp-content\/uploads\/2024\/02\/IMG-20240516-WA0040.jpg\",\"contentUrl\":\"https:\/\/www.tempsbarcelona.com\/wp-content\/uploads\/2024\/02\/IMG-20240516-WA0040.jpg\",\"width\":2000,\"height\":1500},{\"@type\":\"BreadcrumbList\",\"@id\":\"https:\/\/www.tempsbarcelona.com\/fr\/exploration-historique-a-la-bisbal-de-falset-entre-histoire-et-nature\/#breadcrumb\",\"itemListElement\":[{\"@type\":\"ListItem\",\"position\":1,\"name\":\"Portada\",\"item\":\"https:\/\/www.tempsbarcelona.com\/fr\/temps-barcelona\/\"},{\"@type\":\"ListItem\",\"position\":2,\"name\":\"Exploration historique \u00e0 La Bisbal de Falset : entre histoire et nature\"}]},{\"@type\":\"WebSite\",\"@id\":\"https:\/\/www.tempsbarcelona.com\/fr\/#website\",\"url\":\"https:\/\/www.tempsbarcelona.com\/fr\/\",\"name\":\"Temps Barcelona\",\"description\":\"\",\"potentialAction\":[{\"@type\":\"SearchAction\",\"target\":{\"@type\":\"EntryPoint\",\"urlTemplate\":\"https:\/\/www.tempsbarcelona.com\/fr\/?s={search_term_string}\"},\"query-input\":{\"@type\":\"PropertyValueSpecification\",\"valueRequired\":true,\"valueName\":\"search_term_string\"}}],\"inLanguage\":\"fr-FR\"},{\"@type\":\"Person\",\"@id\":\"https:\/\/www.tempsbarcelona.com\/fr\/#\/schema\/person\/42e402d68007d6b23123a37e43aca822\",\"name\":\"Viajero\",\"image\":{\"@type\":\"ImageObject\",\"inLanguage\":\"fr-FR\",\"@id\":\"https:\/\/www.tempsbarcelona.com\/fr\/#\/schema\/person\/image\/\",\"url\":\"https:\/\/secure.gravatar.com\/avatar\/adc63f40e2c832dac25e11feaef9ac523a32eaf25722d8b78fcb7c6603af7f85?s=96&d=mm&r=g\",\"contentUrl\":\"https:\/\/secure.gravatar.com\/avatar\/adc63f40e2c832dac25e11feaef9ac523a32eaf25722d8b78fcb7c6603af7f85?s=96&d=mm&r=g\",\"caption\":\"Viajero\"}}]}<\/script>\n<!-- \/ Yoast SEO plugin. -->","yoast_head_json":{"title":"Exploration historique \u00e0 La Bisbal de Falset : entre histoire et nature - Temps Barcelona","robots":{"index":"noindex","follow":"follow","max-snippet":"max-snippet:-1","max-image-preview":"max-image-preview:large","max-video-preview":"max-video-preview:-1"},"og_locale":"fr_FR","og_type":"article","og_title":"Exploration historique \u00e0 La Bisbal de Falset : entre histoire et nature - Temps Barcelona","og_description":"La Bisbal de Falset, situ\u00e9e au c\u0153ur de la Catalogne, d\u00e9voile un riche patrimoine charg\u00e9 d&rsquo;histoire remontant au Moyen \u00c2ge. Ses rues pittoresques, ses vieilles \u00e9glises et ses b\u00e2timents historiques sont les t\u00e9moins silencieux des \u00e9poques qui ont fa\u00e7onn\u00e9 cette charmante ville. Fond\u00e9e par des communaut\u00e9s m\u00e9di\u00e9vales, La Bisbal de Falset offre une exp\u00e9rience captivante, [&hellip;]","og_url":"https:\/\/www.tempsbarcelona.com\/fr\/exploration-historique-a-la-bisbal-de-falset-entre-histoire-et-nature\/","og_site_name":"Temps Barcelona","article_published_time":"2024-02-12T11:25:18+00:00","article_modified_time":"2024-03-12T13:29:05+00:00","og_image":[{"width":2000,"height":1500,"url":"https:\/\/www.tempsbarcelona.com\/wp-content\/uploads\/2024\/02\/IMG-20240516-WA0040.jpg","type":"image\/jpeg"}],"author":"Viajero","twitter_card":"summary_large_image","twitter_misc":{"\u00c9crit par":"Viajero","Dur\u00e9e de lecture estim\u00e9e":"5 minutes"},"schema":{"@context":"https:\/\/schema.org","@graph":[{"@type":"WebPage","@id":"https:\/\/www.tempsbarcelona.com\/fr\/exploration-historique-a-la-bisbal-de-falset-entre-histoire-et-nature\/","url":"https:\/\/www.tempsbarcelona.com\/fr\/exploration-historique-a-la-bisbal-de-falset-entre-histoire-et-nature\/","name":"Exploration historique \u00e0 La Bisbal de Falset : entre histoire et nature - Temps Barcelona","isPartOf":{"@id":"https:\/\/www.tempsbarcelona.com\/fr\/#website"},"primaryImageOfPage":{"@id":"https:\/\/www.tempsbarcelona.com\/fr\/exploration-historique-a-la-bisbal-de-falset-entre-histoire-et-nature\/#primaryimage"},"image":{"@id":"https:\/\/www.tempsbarcelona.com\/fr\/exploration-historique-a-la-bisbal-de-falset-entre-histoire-et-nature\/#primaryimage"},"thumbnailUrl":"https:\/\/www.tempsbarcelona.com\/wp-content\/uploads\/2024\/02\/IMG-20240516-WA0040.jpg","datePublished":"2024-02-12T11:25:18+00:00","dateModified":"2024-03-12T13:29:05+00:00","author":{"@id":"https:\/\/www.tempsbarcelona.com\/fr\/#\/schema\/person\/42e402d68007d6b23123a37e43aca822"},"breadcrumb":{"@id":"https:\/\/www.tempsbarcelona.com\/fr\/exploration-historique-a-la-bisbal-de-falset-entre-histoire-et-nature\/#breadcrumb"},"inLanguage":"fr-FR","potentialAction":[{"@type":"ReadAction","target":["https:\/\/www.tempsbarcelona.com\/fr\/exploration-historique-a-la-bisbal-de-falset-entre-histoire-et-nature\/"]}]},{"@type":"ImageObject","inLanguage":"fr-FR","@id":"https:\/\/www.tempsbarcelona.com\/fr\/exploration-historique-a-la-bisbal-de-falset-entre-histoire-et-nature\/#primaryimage","url":"https:\/\/www.tempsbarcelona.com\/wp-content\/uploads\/2024\/02\/IMG-20240516-WA0040.jpg","contentUrl":"https:\/\/www.tempsbarcelona.com\/wp-content\/uploads\/2024\/02\/IMG-20240516-WA0040.jpg","width":2000,"height":1500},{"@type":"BreadcrumbList","@id":"https:\/\/www.tempsbarcelona.com\/fr\/exploration-historique-a-la-bisbal-de-falset-entre-histoire-et-nature\/#breadcrumb","itemListElement":[{"@type":"ListItem","position":1,"name":"Portada","item":"https:\/\/www.tempsbarcelona.com\/fr\/temps-barcelona\/"},{"@type":"ListItem","position":2,"name":"Exploration historique \u00e0 La Bisbal de Falset : entre histoire et nature"}]},{"@type":"WebSite","@id":"https:\/\/www.tempsbarcelona.com\/fr\/#website","url":"https:\/\/www.tempsbarcelona.com\/fr\/","name":"Temps Barcelona","description":"","potentialAction":[{"@type":"SearchAction","target":{"@type":"EntryPoint","urlTemplate":"https:\/\/www.tempsbarcelona.com\/fr\/?s={search_term_string}"},"query-input":{"@type":"PropertyValueSpecification","valueRequired":true,"valueName":"search_term_string"}}],"inLanguage":"fr-FR"},{"@type":"Person","@id":"https:\/\/www.tempsbarcelona.com\/fr\/#\/schema\/person\/42e402d68007d6b23123a37e43aca822","name":"Viajero","image":{"@type":"ImageObject","inLanguage":"fr-FR","@id":"https:\/\/www.tempsbarcelona.com\/fr\/#\/schema\/person\/image\/","url":"https:\/\/secure.gravatar.com\/avatar\/adc63f40e2c832dac25e11feaef9ac523a32eaf25722d8b78fcb7c6603af7f85?s=96&d=mm&r=g","contentUrl":"https:\/\/secure.gravatar.com\/avatar\/adc63f40e2c832dac25e11feaef9ac523a32eaf25722d8b78fcb7c6603af7f85?s=96&d=mm&r=g","caption":"Viajero"}}]}},"_links":{"self":[{"href":"https:\/\/www.tempsbarcelona.com\/fr\/wp-json\/wp\/v2\/posts\/1356","targetHints":{"allow":["GET"]}}],"collection":[{"href":"https:\/\/www.tempsbarcelona.com\/fr\/wp-json\/wp\/v2\/posts"}],"about":[{"href":"https:\/\/www.tempsbarcelona.com\/fr\/wp-json\/wp\/v2\/types\/post"}],"author":[{"embeddable":true,"href":"https:\/\/www.tempsbarcelona.com\/fr\/wp-json\/wp\/v2\/users\/2"}],"replies":[{"embeddable":true,"href":"https:\/\/www.tempsbarcelona.com\/fr\/wp-json\/wp\/v2\/comments?post=1356"}],"version-history":[{"count":1,"href":"https:\/\/www.tempsbarcelona.com\/fr\/wp-json\/wp\/v2\/posts\/1356\/revisions"}],"predecessor-version":[{"id":1357,"href":"https:\/\/www.tempsbarcelona.com\/fr\/wp-json\/wp\/v2\/posts\/1356\/revisions\/1357"}],"wp:featuredmedia":[{"embeddable":true,"href":"https:\/\/www.tempsbarcelona.com\/fr\/wp-json\/wp\/v2\/media\/2942"}],"wp:attachment":[{"href":"https:\/\/www.tempsbarcelona.com\/fr\/wp-json\/wp\/v2\/media?parent=1356"}],"wp:term":[{"taxonomy":"category","embeddable":true,"href":"https:\/\/www.tempsbarcelona.com\/fr\/wp-json\/wp\/v2\/categories?post=1356"},{"taxonomy":"post_tag","embeddable":true,"href":"https:\/\/www.tempsbarcelona.com\/fr\/wp-json\/wp\/v2\/tags?post=1356"}],"curies":[{"name":"wp","href":"https:\/\/api.w.org\/{rel}","templated":true}]}}