{"id":1332,"date":"2024-02-13T13:59:35","date_gmt":"2024-02-13T13:59:35","guid":{"rendered":"https:\/\/derutasyvinos.com\/?p=1332"},"modified":"2024-03-12T10:40:08","modified_gmt":"2024-03-12T10:40:08","slug":"decouvrez-le-celler-vall-llach-un-voyage-oenologique-authentique","status":"publish","type":"post","link":"https:\/\/www.tempsbarcelona.com\/fr\/decouvrez-le-celler-vall-llach-un-voyage-oenologique-authentique\/","title":{"rendered":"D\u00e9couvrez le Celler Vall Llach : Un Voyage Oenologique Authentique"},"content":{"rendered":"<h2><\/h2>\n<h2><b>Priorat Terre d&rsquo;Exception<\/b><\/h2>\n<p><span style=\"font-weight: 400;\">Le Celler Vall Llach est situ\u00e9 au c\u0153ur du joyau viticole du Priorat, c\u00e9l\u00e8bre pour son sol de schiste, son climat m\u00e9diterran\u00e9en et ses vieilles vignes. Ces \u00e9l\u00e9ments convergent pour cr\u00e9er un territoire unique qui impr\u00e8gne chaque gorg\u00e9e des vins de cette cave d&rsquo;exception.<\/span><\/p>\n<h2><b>Passion, Amiti\u00e9 et D\u00e9vouement au Terroir<\/b><\/h2>\n<p><span style=\"font-weight: 400;\">Fond\u00e9e en 1992 par les amis et visionnaires Albert Costa et Enric Costa, Celler Vall Llach incarne la passion, l&rsquo;amiti\u00e9 et le d\u00e9vouement au terroir. Ces fondateurs ont uni leurs visions pour cr\u00e9er des vins qui transcendent le temps, chaque bouteille racontant l&rsquo;histoire d&rsquo;un terroir d&rsquo;exception.<\/span><\/p>\n<h2><b>Des joyaux \u0153nologiques incontournables<\/b><\/h2>\n<p><span style=\"font-weight: 400;\">Les vins du Celler Vall Llach sont de v\u00e9ritables joyaux \u0153nologiques, avec en t\u00eate le \u00ab\u00a0Vall Llach\u00a0\u00bb, un ensemble captivant de Carignan, Grenache, Cabernet Sauvignon et Merlot. Chaque gorg\u00e9e offre une explosion de saveurs, une danse complexe entre les fruits m\u00fbrs, les \u00e9pices et la min\u00e9ralit\u00e9 distinctive du Priorat.<\/span><\/p>\n<h2><b>Immersion dans l&rsquo;histoire, la culture et l&rsquo;art du vin<\/b><\/h2>\n<p><span style=\"font-weight: 400;\">La visite du Celler Vall Llach va au-del\u00e0 de la simple d\u00e9gustation de vins. C&rsquo;est une immersion dans l&rsquo;histoire, la culture et l&rsquo;art du vin. Des d\u00e9gustations guid\u00e9es vous feront d\u00e9couvrir les vignes, les chais et les secrets de vinification, \u00e9veillant vos sens \u00e0 chaque \u00e9tape.<\/span><\/p>\n<h2><b>Exp\u00e9rience sensorielle inoubliable<\/b><\/h2>\n<p><span style=\"font-weight: 400;\">La d\u00e9gustation de \u00ab\u00a0Porrera vi de Vila\u00a0\u00bb, une merveille pour les sens, met en valeur la complexit\u00e9 des vins m\u00e9diterran\u00e9ens et se marie parfaitement avec le fromage ou la viande rouge. Chaque instant au Celler Vall Llach est une exp\u00e9rience sensorielle inoubliable.<\/span><\/p>\n<h2><b>Hymne \u00e0 la Tradition, \u00e0 l&rsquo;Amiti\u00e9 et \u00e0 l&rsquo;Excellence du Vin<\/b><\/h2>\n<p><span style=\"font-weight: 400;\">En bref, Celler Vall Llach est bien plus qu&rsquo;un domaine viticole. C&rsquo;est un hymne \u00e0 la tradition, \u00e0 l&rsquo;amiti\u00e9 et \u00e0 l&rsquo;excellence du vin. Chaque bouteille est une lettre d&rsquo;amour au Priorat, une invitation \u00e0 explorer les ar\u00f4mes et les saveurs qui rendent cette r\u00e9gion viticole si exceptionnelle. Si vous recherchez une exp\u00e9rience viticole authentique, Celler Vall Llach est votre destination finale. Prenez le temps de savourer chaque gorg\u00e9e et laissez-vous emporter par la magie du Priorat.<\/span><\/p>\n<p>&nbsp;<\/p>\n","protected":false},"excerpt":{"rendered":"<p>Priorat Terre d&rsquo;Exception Le Celler Vall Llach est situ\u00e9 au c\u0153ur du joyau viticole du Priorat, c\u00e9l\u00e8bre pour son sol de schiste, son climat m\u00e9diterran\u00e9en et ses vieilles vignes. Ces \u00e9l\u00e9ments convergent pour cr\u00e9er un territoire unique qui impr\u00e8gne chaque gorg\u00e9e des vins de cette cave d&rsquo;exception. Passion, Amiti\u00e9 et D\u00e9vouement au Terroir Fond\u00e9e en [&hellip;]<\/p>\n","protected":false},"author":2,"featured_media":2922,"comment_status":"open","ping_status":"open","sticky":false,"template":"","format":"standard","meta":{"_et_pb_use_builder":"off","_et_pb_old_content":"","_et_gb_content_width":"","footnotes":""},"categories":[34],"tags":[],"class_list":["post-1332","post","type-post","status-publish","format-standard","has-post-thumbnail","hentry","category-non-classifiee"],"yoast_head":"<!-- This site is optimized with the Yoast SEO plugin v25.1 - https:\/\/yoast.com\/wordpress\/plugins\/seo\/ -->\n<title>D\u00e9couvrez le Celler Vall Llach : Un Voyage Oenologique Authentique - Temps Barcelona<\/title>\n<meta name=\"robots\" content=\"noindex, follow, max-snippet:-1, max-image-preview:large, max-video-preview:-1\" \/>\n<meta property=\"og:locale\" content=\"fr_FR\" \/>\n<meta property=\"og:type\" content=\"article\" \/>\n<meta property=\"og:title\" content=\"D\u00e9couvrez le Celler Vall Llach : Un Voyage Oenologique Authentique - Temps Barcelona\" \/>\n<meta property=\"og:description\" content=\"Priorat Terre d&rsquo;Exception Le Celler Vall Llach est situ\u00e9 au c\u0153ur du joyau viticole du Priorat, c\u00e9l\u00e8bre pour son sol de schiste, son climat m\u00e9diterran\u00e9en et ses vieilles vignes. Ces \u00e9l\u00e9ments convergent pour cr\u00e9er un territoire unique qui impr\u00e8gne chaque gorg\u00e9e des vins de cette cave d&rsquo;exception. Passion, Amiti\u00e9 et D\u00e9vouement au Terroir Fond\u00e9e en [&hellip;]\" \/>\n<meta property=\"og:url\" content=\"https:\/\/www.tempsbarcelona.com\/fr\/decouvrez-le-celler-vall-llach-un-voyage-oenologique-authentique\/\" \/>\n<meta property=\"og:site_name\" content=\"Temps Barcelona\" \/>\n<meta property=\"article:published_time\" content=\"2024-02-13T13:59:35+00:00\" \/>\n<meta property=\"article:modified_time\" content=\"2024-03-12T10:40:08+00:00\" \/>\n<meta property=\"og:image\" content=\"https:\/\/www.tempsbarcelona.com\/wp-content\/uploads\/2024\/02\/IMG-20240403-WA0052.jpg\" \/>\n\t<meta property=\"og:image:width\" content=\"1080\" \/>\n\t<meta property=\"og:image:height\" content=\"1920\" \/>\n\t<meta property=\"og:image:type\" content=\"image\/jpeg\" \/>\n<meta name=\"author\" content=\"Viajero\" \/>\n<meta name=\"twitter:card\" content=\"summary_large_image\" \/>\n<meta name=\"twitter:label1\" content=\"\u00c9crit par\" \/>\n\t<meta name=\"twitter:data1\" content=\"Viajero\" \/>\n\t<meta name=\"twitter:label2\" content=\"Dur\u00e9e de lecture estim\u00e9e\" \/>\n\t<meta name=\"twitter:data2\" content=\"2 minutes\" \/>\n<script type=\"application\/ld+json\" class=\"yoast-schema-graph\">{\"@context\":\"https:\/\/schema.org\",\"@graph\":[{\"@type\":\"WebPage\",\"@id\":\"https:\/\/www.tempsbarcelona.com\/fr\/decouvrez-le-celler-vall-llach-un-voyage-oenologique-authentique\/\",\"url\":\"https:\/\/www.tempsbarcelona.com\/fr\/decouvrez-le-celler-vall-llach-un-voyage-oenologique-authentique\/\",\"name\":\"D\u00e9couvrez le Celler Vall Llach : Un Voyage Oenologique Authentique - Temps Barcelona\",\"isPartOf\":{\"@id\":\"https:\/\/www.tempsbarcelona.com\/fr\/#website\"},\"primaryImageOfPage\":{\"@id\":\"https:\/\/www.tempsbarcelona.com\/fr\/decouvrez-le-celler-vall-llach-un-voyage-oenologique-authentique\/#primaryimage\"},\"image\":{\"@id\":\"https:\/\/www.tempsbarcelona.com\/fr\/decouvrez-le-celler-vall-llach-un-voyage-oenologique-authentique\/#primaryimage\"},\"thumbnailUrl\":\"https:\/\/www.tempsbarcelona.com\/wp-content\/uploads\/2024\/02\/IMG-20240516-WA0037.jpg\",\"datePublished\":\"2024-02-13T13:59:35+00:00\",\"dateModified\":\"2024-03-12T10:40:08+00:00\",\"author\":{\"@id\":\"https:\/\/www.tempsbarcelona.com\/fr\/#\/schema\/person\/42e402d68007d6b23123a37e43aca822\"},\"breadcrumb\":{\"@id\":\"https:\/\/www.tempsbarcelona.com\/fr\/decouvrez-le-celler-vall-llach-un-voyage-oenologique-authentique\/#breadcrumb\"},\"inLanguage\":\"fr-FR\",\"potentialAction\":[{\"@type\":\"ReadAction\",\"target\":[\"https:\/\/www.tempsbarcelona.com\/fr\/decouvrez-le-celler-vall-llach-un-voyage-oenologique-authentique\/\"]}]},{\"@type\":\"ImageObject\",\"inLanguage\":\"fr-FR\",\"@id\":\"https:\/\/www.tempsbarcelona.com\/fr\/decouvrez-le-celler-vall-llach-un-voyage-oenologique-authentique\/#primaryimage\",\"url\":\"https:\/\/www.tempsbarcelona.com\/wp-content\/uploads\/2024\/02\/IMG-20240516-WA0037.jpg\",\"contentUrl\":\"https:\/\/www.tempsbarcelona.com\/wp-content\/uploads\/2024\/02\/IMG-20240516-WA0037.jpg\",\"width\":1600,\"height\":1200},{\"@type\":\"BreadcrumbList\",\"@id\":\"https:\/\/www.tempsbarcelona.com\/fr\/decouvrez-le-celler-vall-llach-un-voyage-oenologique-authentique\/#breadcrumb\",\"itemListElement\":[{\"@type\":\"ListItem\",\"position\":1,\"name\":\"Portada\",\"item\":\"https:\/\/www.tempsbarcelona.com\/fr\/temps-barcelona\/\"},{\"@type\":\"ListItem\",\"position\":2,\"name\":\"D\u00e9couvrez le Celler Vall Llach : Un Voyage Oenologique Authentique\"}]},{\"@type\":\"WebSite\",\"@id\":\"https:\/\/www.tempsbarcelona.com\/fr\/#website\",\"url\":\"https:\/\/www.tempsbarcelona.com\/fr\/\",\"name\":\"Temps Barcelona\",\"description\":\"\",\"potentialAction\":[{\"@type\":\"SearchAction\",\"target\":{\"@type\":\"EntryPoint\",\"urlTemplate\":\"https:\/\/www.tempsbarcelona.com\/fr\/?s={search_term_string}\"},\"query-input\":{\"@type\":\"PropertyValueSpecification\",\"valueRequired\":true,\"valueName\":\"search_term_string\"}}],\"inLanguage\":\"fr-FR\"},{\"@type\":\"Person\",\"@id\":\"https:\/\/www.tempsbarcelona.com\/fr\/#\/schema\/person\/42e402d68007d6b23123a37e43aca822\",\"name\":\"Viajero\",\"image\":{\"@type\":\"ImageObject\",\"inLanguage\":\"fr-FR\",\"@id\":\"https:\/\/www.tempsbarcelona.com\/fr\/#\/schema\/person\/image\/\",\"url\":\"https:\/\/secure.gravatar.com\/avatar\/adc63f40e2c832dac25e11feaef9ac523a32eaf25722d8b78fcb7c6603af7f85?s=96&d=mm&r=g\",\"contentUrl\":\"https:\/\/secure.gravatar.com\/avatar\/adc63f40e2c832dac25e11feaef9ac523a32eaf25722d8b78fcb7c6603af7f85?s=96&d=mm&r=g\",\"caption\":\"Viajero\"}}]}<\/script>\n<!-- \/ Yoast SEO plugin. -->","yoast_head_json":{"title":"D\u00e9couvrez le Celler Vall Llach : Un Voyage Oenologique Authentique - Temps Barcelona","robots":{"index":"noindex","follow":"follow","max-snippet":"max-snippet:-1","max-image-preview":"max-image-preview:large","max-video-preview":"max-video-preview:-1"},"og_locale":"fr_FR","og_type":"article","og_title":"D\u00e9couvrez le Celler Vall Llach : Un Voyage Oenologique Authentique - Temps Barcelona","og_description":"Priorat Terre d&rsquo;Exception Le Celler Vall Llach est situ\u00e9 au c\u0153ur du joyau viticole du Priorat, c\u00e9l\u00e8bre pour son sol de schiste, son climat m\u00e9diterran\u00e9en et ses vieilles vignes. Ces \u00e9l\u00e9ments convergent pour cr\u00e9er un territoire unique qui impr\u00e8gne chaque gorg\u00e9e des vins de cette cave d&rsquo;exception. Passion, Amiti\u00e9 et D\u00e9vouement au Terroir Fond\u00e9e en [&hellip;]","og_url":"https:\/\/www.tempsbarcelona.com\/fr\/decouvrez-le-celler-vall-llach-un-voyage-oenologique-authentique\/","og_site_name":"Temps Barcelona","article_published_time":"2024-02-13T13:59:35+00:00","article_modified_time":"2024-03-12T10:40:08+00:00","og_image":[{"width":1080,"height":1920,"url":"https:\/\/www.tempsbarcelona.com\/wp-content\/uploads\/2024\/02\/IMG-20240403-WA0052.jpg","type":"image\/jpeg"}],"author":"Viajero","twitter_card":"summary_large_image","twitter_misc":{"\u00c9crit par":"Viajero","Dur\u00e9e de lecture estim\u00e9e":"2 minutes"},"schema":{"@context":"https:\/\/schema.org","@graph":[{"@type":"WebPage","@id":"https:\/\/www.tempsbarcelona.com\/fr\/decouvrez-le-celler-vall-llach-un-voyage-oenologique-authentique\/","url":"https:\/\/www.tempsbarcelona.com\/fr\/decouvrez-le-celler-vall-llach-un-voyage-oenologique-authentique\/","name":"D\u00e9couvrez le Celler Vall Llach : Un Voyage Oenologique Authentique - Temps Barcelona","isPartOf":{"@id":"https:\/\/www.tempsbarcelona.com\/fr\/#website"},"primaryImageOfPage":{"@id":"https:\/\/www.tempsbarcelona.com\/fr\/decouvrez-le-celler-vall-llach-un-voyage-oenologique-authentique\/#primaryimage"},"image":{"@id":"https:\/\/www.tempsbarcelona.com\/fr\/decouvrez-le-celler-vall-llach-un-voyage-oenologique-authentique\/#primaryimage"},"thumbnailUrl":"https:\/\/www.tempsbarcelona.com\/wp-content\/uploads\/2024\/02\/IMG-20240516-WA0037.jpg","datePublished":"2024-02-13T13:59:35+00:00","dateModified":"2024-03-12T10:40:08+00:00","author":{"@id":"https:\/\/www.tempsbarcelona.com\/fr\/#\/schema\/person\/42e402d68007d6b23123a37e43aca822"},"breadcrumb":{"@id":"https:\/\/www.tempsbarcelona.com\/fr\/decouvrez-le-celler-vall-llach-un-voyage-oenologique-authentique\/#breadcrumb"},"inLanguage":"fr-FR","potentialAction":[{"@type":"ReadAction","target":["https:\/\/www.tempsbarcelona.com\/fr\/decouvrez-le-celler-vall-llach-un-voyage-oenologique-authentique\/"]}]},{"@type":"ImageObject","inLanguage":"fr-FR","@id":"https:\/\/www.tempsbarcelona.com\/fr\/decouvrez-le-celler-vall-llach-un-voyage-oenologique-authentique\/#primaryimage","url":"https:\/\/www.tempsbarcelona.com\/wp-content\/uploads\/2024\/02\/IMG-20240516-WA0037.jpg","contentUrl":"https:\/\/www.tempsbarcelona.com\/wp-content\/uploads\/2024\/02\/IMG-20240516-WA0037.jpg","width":1600,"height":1200},{"@type":"BreadcrumbList","@id":"https:\/\/www.tempsbarcelona.com\/fr\/decouvrez-le-celler-vall-llach-un-voyage-oenologique-authentique\/#breadcrumb","itemListElement":[{"@type":"ListItem","position":1,"name":"Portada","item":"https:\/\/www.tempsbarcelona.com\/fr\/temps-barcelona\/"},{"@type":"ListItem","position":2,"name":"D\u00e9couvrez le Celler Vall Llach : Un Voyage Oenologique Authentique"}]},{"@type":"WebSite","@id":"https:\/\/www.tempsbarcelona.com\/fr\/#website","url":"https:\/\/www.tempsbarcelona.com\/fr\/","name":"Temps Barcelona","description":"","potentialAction":[{"@type":"SearchAction","target":{"@type":"EntryPoint","urlTemplate":"https:\/\/www.tempsbarcelona.com\/fr\/?s={search_term_string}"},"query-input":{"@type":"PropertyValueSpecification","valueRequired":true,"valueName":"search_term_string"}}],"inLanguage":"fr-FR"},{"@type":"Person","@id":"https:\/\/www.tempsbarcelona.com\/fr\/#\/schema\/person\/42e402d68007d6b23123a37e43aca822","name":"Viajero","image":{"@type":"ImageObject","inLanguage":"fr-FR","@id":"https:\/\/www.tempsbarcelona.com\/fr\/#\/schema\/person\/image\/","url":"https:\/\/secure.gravatar.com\/avatar\/adc63f40e2c832dac25e11feaef9ac523a32eaf25722d8b78fcb7c6603af7f85?s=96&d=mm&r=g","contentUrl":"https:\/\/secure.gravatar.com\/avatar\/adc63f40e2c832dac25e11feaef9ac523a32eaf25722d8b78fcb7c6603af7f85?s=96&d=mm&r=g","caption":"Viajero"}}]}},"_links":{"self":[{"href":"https:\/\/www.tempsbarcelona.com\/fr\/wp-json\/wp\/v2\/posts\/1332","targetHints":{"allow":["GET"]}}],"collection":[{"href":"https:\/\/www.tempsbarcelona.com\/fr\/wp-json\/wp\/v2\/posts"}],"about":[{"href":"https:\/\/www.tempsbarcelona.com\/fr\/wp-json\/wp\/v2\/types\/post"}],"author":[{"embeddable":true,"href":"https:\/\/www.tempsbarcelona.com\/fr\/wp-json\/wp\/v2\/users\/2"}],"replies":[{"embeddable":true,"href":"https:\/\/www.tempsbarcelona.com\/fr\/wp-json\/wp\/v2\/comments?post=1332"}],"version-history":[{"count":1,"href":"https:\/\/www.tempsbarcelona.com\/fr\/wp-json\/wp\/v2\/posts\/1332\/revisions"}],"predecessor-version":[{"id":1333,"href":"https:\/\/www.tempsbarcelona.com\/fr\/wp-json\/wp\/v2\/posts\/1332\/revisions\/1333"}],"wp:featuredmedia":[{"embeddable":true,"href":"https:\/\/www.tempsbarcelona.com\/fr\/wp-json\/wp\/v2\/media\/2922"}],"wp:attachment":[{"href":"https:\/\/www.tempsbarcelona.com\/fr\/wp-json\/wp\/v2\/media?parent=1332"}],"wp:term":[{"taxonomy":"category","embeddable":true,"href":"https:\/\/www.tempsbarcelona.com\/fr\/wp-json\/wp\/v2\/categories?post=1332"},{"taxonomy":"post_tag","embeddable":true,"href":"https:\/\/www.tempsbarcelona.com\/fr\/wp-json\/wp\/v2\/tags?post=1332"}],"curies":[{"name":"wp","href":"https:\/\/api.w.org\/{rel}","templated":true}]}}