{"id":1275,"date":"2024-02-15T11:25:44","date_gmt":"2024-02-15T11:25:44","guid":{"rendered":"https:\/\/derutasyvinos.com\/?p=1275"},"modified":"2024-03-11T14:48:11","modified_gmt":"2024-03-11T14:48:11","slug":"explorer-siurana-histoire-legendes-et-paysages-a-couper-le-souffle","status":"publish","type":"post","link":"https:\/\/www.tempsbarcelona.com\/fr\/explorer-siurana-histoire-legendes-et-paysages-a-couper-le-souffle\/","title":{"rendered":"Explorer Siurana : Histoire, l\u00e9gendes et paysages \u00e0 couper le souffle"},"content":{"rendered":"<p><span style=\"font-weight: 400;\">Bienvenue \u00e0 Siurana, un village perch\u00e9 dans les montagnes qui murmure encore des r\u00e9cits de si\u00e8ges h\u00e9ro\u00efques et de conqu\u00eates impossibles, laissant derri\u00e8re lui une marque ind\u00e9l\u00e9bile.<\/span><\/p>\n<h2><b>Patrimoine historique : Siurana \u00e0 travers les si\u00e8cles<\/b><\/h2>\n<p><span style=\"font-weight: 400;\">Perch\u00e9e sur des falaises infranchissables, Siurana fut le th\u00e9\u00e2tre de l&rsquo;effondrement des chevaliers des quatre comtes, d\u00e9fiant son ch\u00e2teau imprenable. La forteresse d\u00e9fendait une fronti\u00e8re s&rsquo;\u00e9tendant du Col de Balaguer jusqu&rsquo;\u00e0 Tamarit de Gai\u00e0. Apr\u00e8s la chute de Lleida et Tortosa, Siurana r\u00e9sista jusqu&rsquo;\u00e0 sa conqu\u00eate en 1153, marquant la fin de la r\u00e9sistance maure en Catalogne.<\/span><\/p>\n<h2><b>La trag\u00e9die de la reine Abdelazia<\/b><\/h2>\n<p><span style=\"font-weight: 400;\">Les falaises abruptes de Siurana r\u00e9v\u00e8lent trois si\u00e8cles de r\u00e9sistance qui ont abouti \u00e0 une trag\u00e9die. La reine maure Abdelazia, pr\u00e9f\u00e9rant la mort \u00e0 la captivit\u00e9 chr\u00e9tienne, se jeta avec son cheval du haut d&rsquo;une falaise. L&#8217;empreinte du fer du cheval, grav\u00e9e dans la roche, t\u00e9moigne de la chute du dernier bastion sarrasin de Catalogne.<\/span><\/p>\n<h2><b>Siurana aujourd&rsquo;hui : charme et s\u00e9r\u00e9nit\u00e9<\/b><\/h2>\n<p><span style=\"font-weight: 400;\">Aujourd&rsquo;hui, Siurana est un village enchanteur, ses vieilles maisons pr\u00e9servant l&rsquo;essence de son pass\u00e9. En contrebas, un lac artificiel offre des eaux calmes id\u00e9ales pour une vari\u00e9t\u00e9 de sports nautiques.<\/span><\/p>\n<h2><b>Tr\u00e9sor architectural : L&rsquo;\u00e9glise romane de Siurana<\/b><\/h2>\n<p><span style=\"font-weight: 400;\">L&rsquo;\u00e9glise romane de Siurana se distingue par son tympan sculpt\u00e9 entour\u00e9 de trois archivoltes en bas-relief, reposant sur des colonnes orn\u00e9es de chapiteaux aux motifs vari\u00e9s.<\/span><\/p>\n<h2><b>Des paysages captivants et des vues \u00e0 couper le souffle<\/b><\/h2>\n<p><span style=\"font-weight: 400;\">Entour\u00e9e de vues imprenables sur la montagne du Montsant, La Gritella et les montagnes de Prades, Siurana vous invite \u00e0 vous \u00e9merveiller devant sa splendeur naturelle.<\/span><\/p>\n<h2><b>Destination pour les aventuriers : randonn\u00e9es et VTT<\/b><\/h2>\n<p><span style=\"font-weight: 400;\">Siurana reste le paradis des randonneurs et grimpeurs, avec ses sommets l\u00e9gendaires c\u00e9l\u00e8bres dans le monde entier. Explorez un lieu o\u00f9 histoire, l\u00e9gendes et nature se combinent pour cr\u00e9er une exp\u00e9rience m\u00e9morable. Plongez dans une aventure o\u00f9 chaque recoin de Siurana raconte une histoire fascinante, o\u00f9 les l\u00e9gendes du pass\u00e9 se m\u00ealent \u00e0 la tranquillit\u00e9 du pr\u00e9sent.<\/span><\/p>\n","protected":false},"excerpt":{"rendered":"<p>Bienvenue \u00e0 Siurana, un village perch\u00e9 dans les montagnes qui murmure encore des r\u00e9cits de si\u00e8ges h\u00e9ro\u00efques et de conqu\u00eates impossibles, laissant derri\u00e8re lui une marque ind\u00e9l\u00e9bile. Patrimoine historique : Siurana \u00e0 travers les si\u00e8cles Perch\u00e9e sur des falaises infranchissables, Siurana fut le th\u00e9\u00e2tre de l&rsquo;effondrement des chevaliers des quatre comtes, d\u00e9fiant son ch\u00e2teau imprenable. [&hellip;]<\/p>\n","protected":false},"author":2,"featured_media":512,"comment_status":"open","ping_status":"open","sticky":false,"template":"","format":"standard","meta":{"_et_pb_use_builder":"","_et_pb_old_content":"","_et_gb_content_width":"","footnotes":""},"categories":[34],"tags":[],"class_list":["post-1275","post","type-post","status-publish","format-standard","has-post-thumbnail","hentry","category-non-classifiee"],"yoast_head":"<!-- This site is optimized with the Yoast SEO plugin v25.1 - https:\/\/yoast.com\/wordpress\/plugins\/seo\/ -->\n<title>Explorer Siurana : Histoire, l\u00e9gendes et paysages \u00e0 couper le souffle - Temps Barcelona<\/title>\n<meta name=\"robots\" content=\"noindex, follow, max-snippet:-1, max-image-preview:large, max-video-preview:-1\" \/>\n<meta property=\"og:locale\" content=\"fr_FR\" \/>\n<meta property=\"og:type\" content=\"article\" \/>\n<meta property=\"og:title\" content=\"Explorer Siurana : Histoire, l\u00e9gendes et paysages \u00e0 couper le souffle - Temps Barcelona\" \/>\n<meta property=\"og:description\" content=\"Bienvenue \u00e0 Siurana, un village perch\u00e9 dans les montagnes qui murmure encore des r\u00e9cits de si\u00e8ges h\u00e9ro\u00efques et de conqu\u00eates impossibles, laissant derri\u00e8re lui une marque ind\u00e9l\u00e9bile. Patrimoine historique : Siurana \u00e0 travers les si\u00e8cles Perch\u00e9e sur des falaises infranchissables, Siurana fut le th\u00e9\u00e2tre de l&rsquo;effondrement des chevaliers des quatre comtes, d\u00e9fiant son ch\u00e2teau imprenable. [&hellip;]\" \/>\n<meta property=\"og:url\" content=\"https:\/\/www.tempsbarcelona.com\/fr\/explorer-siurana-histoire-legendes-et-paysages-a-couper-le-souffle\/\" \/>\n<meta property=\"og:site_name\" content=\"Temps Barcelona\" \/>\n<meta property=\"article:published_time\" content=\"2024-02-15T11:25:44+00:00\" \/>\n<meta property=\"article:modified_time\" content=\"2024-03-11T14:48:11+00:00\" \/>\n<meta property=\"og:image\" content=\"https:\/\/www.tempsbarcelona.com\/wp-content\/uploads\/2024\/02\/Screenshot-2024-02-15-12.24.11.png\" \/>\n\t<meta property=\"og:image:width\" content=\"780\" \/>\n\t<meta property=\"og:image:height\" content=\"369\" \/>\n\t<meta property=\"og:image:type\" content=\"image\/png\" \/>\n<meta name=\"author\" content=\"Viajero\" \/>\n<meta name=\"twitter:card\" content=\"summary_large_image\" \/>\n<meta name=\"twitter:label1\" content=\"\u00c9crit par\" \/>\n\t<meta name=\"twitter:data1\" content=\"Viajero\" \/>\n\t<meta name=\"twitter:label2\" content=\"Dur\u00e9e de lecture estim\u00e9e\" \/>\n\t<meta name=\"twitter:data2\" content=\"2 minutes\" \/>\n<script type=\"application\/ld+json\" class=\"yoast-schema-graph\">{\"@context\":\"https:\/\/schema.org\",\"@graph\":[{\"@type\":\"WebPage\",\"@id\":\"https:\/\/www.tempsbarcelona.com\/fr\/explorer-siurana-histoire-legendes-et-paysages-a-couper-le-souffle\/\",\"url\":\"https:\/\/www.tempsbarcelona.com\/fr\/explorer-siurana-histoire-legendes-et-paysages-a-couper-le-souffle\/\",\"name\":\"Explorer Siurana : Histoire, l\u00e9gendes et paysages \u00e0 couper le souffle - Temps Barcelona\",\"isPartOf\":{\"@id\":\"https:\/\/www.tempsbarcelona.com\/fr\/#website\"},\"primaryImageOfPage\":{\"@id\":\"https:\/\/www.tempsbarcelona.com\/fr\/explorer-siurana-histoire-legendes-et-paysages-a-couper-le-souffle\/#primaryimage\"},\"image\":{\"@id\":\"https:\/\/www.tempsbarcelona.com\/fr\/explorer-siurana-histoire-legendes-et-paysages-a-couper-le-souffle\/#primaryimage\"},\"thumbnailUrl\":\"https:\/\/www.tempsbarcelona.com\/wp-content\/uploads\/2024\/02\/Screenshot-2024-02-15-12.24.11.png\",\"datePublished\":\"2024-02-15T11:25:44+00:00\",\"dateModified\":\"2024-03-11T14:48:11+00:00\",\"author\":{\"@id\":\"https:\/\/www.tempsbarcelona.com\/fr\/#\/schema\/person\/42e402d68007d6b23123a37e43aca822\"},\"breadcrumb\":{\"@id\":\"https:\/\/www.tempsbarcelona.com\/fr\/explorer-siurana-histoire-legendes-et-paysages-a-couper-le-souffle\/#breadcrumb\"},\"inLanguage\":\"fr-FR\",\"potentialAction\":[{\"@type\":\"ReadAction\",\"target\":[\"https:\/\/www.tempsbarcelona.com\/fr\/explorer-siurana-histoire-legendes-et-paysages-a-couper-le-souffle\/\"]}]},{\"@type\":\"ImageObject\",\"inLanguage\":\"fr-FR\",\"@id\":\"https:\/\/www.tempsbarcelona.com\/fr\/explorer-siurana-histoire-legendes-et-paysages-a-couper-le-souffle\/#primaryimage\",\"url\":\"https:\/\/www.tempsbarcelona.com\/wp-content\/uploads\/2024\/02\/Screenshot-2024-02-15-12.24.11.png\",\"contentUrl\":\"https:\/\/www.tempsbarcelona.com\/wp-content\/uploads\/2024\/02\/Screenshot-2024-02-15-12.24.11.png\",\"width\":780,\"height\":369},{\"@type\":\"BreadcrumbList\",\"@id\":\"https:\/\/www.tempsbarcelona.com\/fr\/explorer-siurana-histoire-legendes-et-paysages-a-couper-le-souffle\/#breadcrumb\",\"itemListElement\":[{\"@type\":\"ListItem\",\"position\":1,\"name\":\"Portada\",\"item\":\"https:\/\/www.tempsbarcelona.com\/fr\/temps-barcelona\/\"},{\"@type\":\"ListItem\",\"position\":2,\"name\":\"Explorer Siurana : Histoire, l\u00e9gendes et paysages \u00e0 couper le souffle\"}]},{\"@type\":\"WebSite\",\"@id\":\"https:\/\/www.tempsbarcelona.com\/fr\/#website\",\"url\":\"https:\/\/www.tempsbarcelona.com\/fr\/\",\"name\":\"Temps Barcelona\",\"description\":\"\",\"potentialAction\":[{\"@type\":\"SearchAction\",\"target\":{\"@type\":\"EntryPoint\",\"urlTemplate\":\"https:\/\/www.tempsbarcelona.com\/fr\/?s={search_term_string}\"},\"query-input\":{\"@type\":\"PropertyValueSpecification\",\"valueRequired\":true,\"valueName\":\"search_term_string\"}}],\"inLanguage\":\"fr-FR\"},{\"@type\":\"Person\",\"@id\":\"https:\/\/www.tempsbarcelona.com\/fr\/#\/schema\/person\/42e402d68007d6b23123a37e43aca822\",\"name\":\"Viajero\",\"image\":{\"@type\":\"ImageObject\",\"inLanguage\":\"fr-FR\",\"@id\":\"https:\/\/www.tempsbarcelona.com\/fr\/#\/schema\/person\/image\/\",\"url\":\"https:\/\/secure.gravatar.com\/avatar\/adc63f40e2c832dac25e11feaef9ac523a32eaf25722d8b78fcb7c6603af7f85?s=96&d=mm&r=g\",\"contentUrl\":\"https:\/\/secure.gravatar.com\/avatar\/adc63f40e2c832dac25e11feaef9ac523a32eaf25722d8b78fcb7c6603af7f85?s=96&d=mm&r=g\",\"caption\":\"Viajero\"}}]}<\/script>\n<!-- \/ Yoast SEO plugin. -->","yoast_head_json":{"title":"Explorer Siurana : Histoire, l\u00e9gendes et paysages \u00e0 couper le souffle - Temps Barcelona","robots":{"index":"noindex","follow":"follow","max-snippet":"max-snippet:-1","max-image-preview":"max-image-preview:large","max-video-preview":"max-video-preview:-1"},"og_locale":"fr_FR","og_type":"article","og_title":"Explorer Siurana : Histoire, l\u00e9gendes et paysages \u00e0 couper le souffle - Temps Barcelona","og_description":"Bienvenue \u00e0 Siurana, un village perch\u00e9 dans les montagnes qui murmure encore des r\u00e9cits de si\u00e8ges h\u00e9ro\u00efques et de conqu\u00eates impossibles, laissant derri\u00e8re lui une marque ind\u00e9l\u00e9bile. Patrimoine historique : Siurana \u00e0 travers les si\u00e8cles Perch\u00e9e sur des falaises infranchissables, Siurana fut le th\u00e9\u00e2tre de l&rsquo;effondrement des chevaliers des quatre comtes, d\u00e9fiant son ch\u00e2teau imprenable. [&hellip;]","og_url":"https:\/\/www.tempsbarcelona.com\/fr\/explorer-siurana-histoire-legendes-et-paysages-a-couper-le-souffle\/","og_site_name":"Temps Barcelona","article_published_time":"2024-02-15T11:25:44+00:00","article_modified_time":"2024-03-11T14:48:11+00:00","og_image":[{"width":780,"height":369,"url":"https:\/\/www.tempsbarcelona.com\/wp-content\/uploads\/2024\/02\/Screenshot-2024-02-15-12.24.11.png","type":"image\/png"}],"author":"Viajero","twitter_card":"summary_large_image","twitter_misc":{"\u00c9crit par":"Viajero","Dur\u00e9e de lecture estim\u00e9e":"2 minutes"},"schema":{"@context":"https:\/\/schema.org","@graph":[{"@type":"WebPage","@id":"https:\/\/www.tempsbarcelona.com\/fr\/explorer-siurana-histoire-legendes-et-paysages-a-couper-le-souffle\/","url":"https:\/\/www.tempsbarcelona.com\/fr\/explorer-siurana-histoire-legendes-et-paysages-a-couper-le-souffle\/","name":"Explorer Siurana : Histoire, l\u00e9gendes et paysages \u00e0 couper le souffle - Temps Barcelona","isPartOf":{"@id":"https:\/\/www.tempsbarcelona.com\/fr\/#website"},"primaryImageOfPage":{"@id":"https:\/\/www.tempsbarcelona.com\/fr\/explorer-siurana-histoire-legendes-et-paysages-a-couper-le-souffle\/#primaryimage"},"image":{"@id":"https:\/\/www.tempsbarcelona.com\/fr\/explorer-siurana-histoire-legendes-et-paysages-a-couper-le-souffle\/#primaryimage"},"thumbnailUrl":"https:\/\/www.tempsbarcelona.com\/wp-content\/uploads\/2024\/02\/Screenshot-2024-02-15-12.24.11.png","datePublished":"2024-02-15T11:25:44+00:00","dateModified":"2024-03-11T14:48:11+00:00","author":{"@id":"https:\/\/www.tempsbarcelona.com\/fr\/#\/schema\/person\/42e402d68007d6b23123a37e43aca822"},"breadcrumb":{"@id":"https:\/\/www.tempsbarcelona.com\/fr\/explorer-siurana-histoire-legendes-et-paysages-a-couper-le-souffle\/#breadcrumb"},"inLanguage":"fr-FR","potentialAction":[{"@type":"ReadAction","target":["https:\/\/www.tempsbarcelona.com\/fr\/explorer-siurana-histoire-legendes-et-paysages-a-couper-le-souffle\/"]}]},{"@type":"ImageObject","inLanguage":"fr-FR","@id":"https:\/\/www.tempsbarcelona.com\/fr\/explorer-siurana-histoire-legendes-et-paysages-a-couper-le-souffle\/#primaryimage","url":"https:\/\/www.tempsbarcelona.com\/wp-content\/uploads\/2024\/02\/Screenshot-2024-02-15-12.24.11.png","contentUrl":"https:\/\/www.tempsbarcelona.com\/wp-content\/uploads\/2024\/02\/Screenshot-2024-02-15-12.24.11.png","width":780,"height":369},{"@type":"BreadcrumbList","@id":"https:\/\/www.tempsbarcelona.com\/fr\/explorer-siurana-histoire-legendes-et-paysages-a-couper-le-souffle\/#breadcrumb","itemListElement":[{"@type":"ListItem","position":1,"name":"Portada","item":"https:\/\/www.tempsbarcelona.com\/fr\/temps-barcelona\/"},{"@type":"ListItem","position":2,"name":"Explorer Siurana : Histoire, l\u00e9gendes et paysages \u00e0 couper le souffle"}]},{"@type":"WebSite","@id":"https:\/\/www.tempsbarcelona.com\/fr\/#website","url":"https:\/\/www.tempsbarcelona.com\/fr\/","name":"Temps Barcelona","description":"","potentialAction":[{"@type":"SearchAction","target":{"@type":"EntryPoint","urlTemplate":"https:\/\/www.tempsbarcelona.com\/fr\/?s={search_term_string}"},"query-input":{"@type":"PropertyValueSpecification","valueRequired":true,"valueName":"search_term_string"}}],"inLanguage":"fr-FR"},{"@type":"Person","@id":"https:\/\/www.tempsbarcelona.com\/fr\/#\/schema\/person\/42e402d68007d6b23123a37e43aca822","name":"Viajero","image":{"@type":"ImageObject","inLanguage":"fr-FR","@id":"https:\/\/www.tempsbarcelona.com\/fr\/#\/schema\/person\/image\/","url":"https:\/\/secure.gravatar.com\/avatar\/adc63f40e2c832dac25e11feaef9ac523a32eaf25722d8b78fcb7c6603af7f85?s=96&d=mm&r=g","contentUrl":"https:\/\/secure.gravatar.com\/avatar\/adc63f40e2c832dac25e11feaef9ac523a32eaf25722d8b78fcb7c6603af7f85?s=96&d=mm&r=g","caption":"Viajero"}}]}},"_links":{"self":[{"href":"https:\/\/www.tempsbarcelona.com\/fr\/wp-json\/wp\/v2\/posts\/1275","targetHints":{"allow":["GET"]}}],"collection":[{"href":"https:\/\/www.tempsbarcelona.com\/fr\/wp-json\/wp\/v2\/posts"}],"about":[{"href":"https:\/\/www.tempsbarcelona.com\/fr\/wp-json\/wp\/v2\/types\/post"}],"author":[{"embeddable":true,"href":"https:\/\/www.tempsbarcelona.com\/fr\/wp-json\/wp\/v2\/users\/2"}],"replies":[{"embeddable":true,"href":"https:\/\/www.tempsbarcelona.com\/fr\/wp-json\/wp\/v2\/comments?post=1275"}],"version-history":[{"count":1,"href":"https:\/\/www.tempsbarcelona.com\/fr\/wp-json\/wp\/v2\/posts\/1275\/revisions"}],"predecessor-version":[{"id":1276,"href":"https:\/\/www.tempsbarcelona.com\/fr\/wp-json\/wp\/v2\/posts\/1275\/revisions\/1276"}],"wp:featuredmedia":[{"embeddable":true,"href":"https:\/\/www.tempsbarcelona.com\/fr\/wp-json\/wp\/v2\/media\/512"}],"wp:attachment":[{"href":"https:\/\/www.tempsbarcelona.com\/fr\/wp-json\/wp\/v2\/media?parent=1275"}],"wp:term":[{"taxonomy":"category","embeddable":true,"href":"https:\/\/www.tempsbarcelona.com\/fr\/wp-json\/wp\/v2\/categories?post=1275"},{"taxonomy":"post_tag","embeddable":true,"href":"https:\/\/www.tempsbarcelona.com\/fr\/wp-json\/wp\/v2\/tags?post=1275"}],"curies":[{"name":"wp","href":"https:\/\/api.w.org\/{rel}","templated":true}]}}