{"id":1251,"date":"2024-02-19T11:03:18","date_gmt":"2024-02-19T11:03:18","guid":{"rendered":"https:\/\/derutasyvinos.com\/?p=1251"},"modified":"2024-03-11T11:03:36","modified_gmt":"2024-03-11T11:03:36","slug":"decouvrir-la-mencia-les-tresors-du-vin-de-castille-leon","status":"publish","type":"post","link":"https:\/\/www.tempsbarcelona.com\/fr\/decouvrir-la-mencia-les-tresors-du-vin-de-castille-leon\/","title":{"rendered":"D\u00e9couvrir la Mencia : les tr\u00e9sors du vin de Castille-Le\u00f3n"},"content":{"rendered":"<p><span style=\"font-weight: 400;\">Au c\u0153ur des vastes \u00e9tendues ensoleill\u00e9es de Castilla y Le\u00f3n, un c\u00e9page \u00e9merge comme le joyau viticole connu sous le nom de Menc\u00eda. S&rsquo;\u00e9tendant des plaines de la Meseta aux contreforts verdoyants du nord-ouest de l&rsquo;Espagne, cette r\u00e9gion offre un terroir diversifi\u00e9 dans lequel la Menc\u00eda s&rsquo;\u00e9panouit de mani\u00e8re extraordinaire.<\/span><\/p>\n<h2><b>Un terroir diversifi\u00e9<\/b><\/h2>\n<p><span style=\"font-weight: 400;\">Castilla y Le\u00f3n, avec ses paysages vari\u00e9s, offre des conditions id\u00e9ales pour la culture de la Menc\u00eda. Des collines aux montagnes majestueuses, chaque microclimat fa\u00e7onne le caract\u00e8re de ce c\u00e9page rouge, cr\u00e9ant une palette infinie de saveurs. La richesse des sols et la variabilit\u00e9 du climat conf\u00e8rent \u00e0 Menc\u00eda une expression unique.<\/span><\/p>\n<h2><b>La Menc\u00eda<\/b><\/h2>\n<p><span style=\"font-weight: 400;\">La Menc\u00eda produit des vins rouges \u00e9l\u00e9gants et expressifs qui captivent les amateurs de vin du monde entier. Avec des ar\u00f4mes de fruits rouges comme les cerises juteuses, les m\u00fbres et de subtiles notes de violette, ces vins capturent l&rsquo;\u00e9quilibre d\u00e9licat entre fra\u00eecheur et complexit\u00e9.<\/span><\/p>\n<h2><b>Domaines viticoles Emerites<\/b><\/h2>\n<p><span style=\"font-weight: 400;\">Plusieurs domaines de Castille-et-Le\u00f3n se distinguent par la production de vins Menc\u00eda d&rsquo;exception. Il s&rsquo;agit notamment des Bodegas Emperatriz et Bodegas Vega Sicilia, qui combinent habilement l&rsquo;ancienne tradition viticole avec des techniques innovantes pour cr\u00e9er des mill\u00e9simes qui refl\u00e8tent le meilleur de la r\u00e9gion.<\/span><\/p>\n<h2><b>Mets et vins<\/b><\/h2>\n<p><span style=\"font-weight: 400;\">En mati\u00e8re d&rsquo;accords, les vins Menc\u00eda s&rsquo;accordent parfaitement avec les plats espagnols embl\u00e9matiques. Des tapas richement parfum\u00e9es aux plats de viande grill\u00e9e, l&rsquo;\u00e9ventail des possibilit\u00e9s culinaires est immense. Les saveurs intenses de Menc\u00eda compl\u00e8tent parfaitement la cuisine espagnole.<\/span><\/p>\n<h2><b>Oenotourisme en Castille-et-Le\u00f3n<\/b><\/h2>\n<p><span style=\"font-weight: 400;\">Pour les amateurs de vin curieux, Castilla y Le\u00f3n offre une exp\u00e9rience oenotouristique inoubliable. Des visites pittoresques de vignobles aux d\u00e9gustations guid\u00e9es, plongez-vous dans le monde fascinant de Menc\u00eda. Rencontrez des vignerons passionn\u00e9s, explorez des vignobles luxuriants et d\u00e9couvrez les caves o\u00f9 s&rsquo;op\u00e8re la magie de la vinification.<\/span><\/p>\n<p><span style=\"font-weight: 400;\">Menc\u00eda, \u00e0 Castilla Y Le\u00f3n, incarne l&rsquo;essence m\u00eame de cette r\u00e9gion viticole espagnole. Chaque gorg\u00e9e est un voyage sensoriel \u00e0 travers la diversit\u00e9 des paysages, les riches traditions viticoles et la passion qui font de cette terre ensoleill\u00e9e une destination incontournable pour les amateurs de vin du monde entier. La d\u00e9couverte de Menc\u00eda se plonge dans l&rsquo;histoire, la culture et la d\u00e9licatesse qui d\u00e9finissent les vins de cette r\u00e9gion.<\/span><\/p>\n","protected":false},"excerpt":{"rendered":"<p>Au c\u0153ur des vastes \u00e9tendues ensoleill\u00e9es de Castilla y Le\u00f3n, un c\u00e9page \u00e9merge comme le joyau viticole connu sous le nom de Menc\u00eda. S&rsquo;\u00e9tendant des plaines de la Meseta aux contreforts verdoyants du nord-ouest de l&rsquo;Espagne, cette r\u00e9gion offre un terroir diversifi\u00e9 dans lequel la Menc\u00eda s&rsquo;\u00e9panouit de mani\u00e8re extraordinaire. Un terroir diversifi\u00e9 Castilla y [&hellip;]<\/p>\n","protected":false},"author":2,"featured_media":2881,"comment_status":"open","ping_status":"open","sticky":false,"template":"","format":"standard","meta":{"_et_pb_use_builder":"off","_et_pb_old_content":"","_et_gb_content_width":"","footnotes":""},"categories":[34],"tags":[],"class_list":["post-1251","post","type-post","status-publish","format-standard","has-post-thumbnail","hentry","category-non-classifiee"],"yoast_head":"<!-- This site is optimized with the Yoast SEO plugin v25.1 - https:\/\/yoast.com\/wordpress\/plugins\/seo\/ -->\n<title>D\u00e9couvrir la Mencia : les tr\u00e9sors du vin de Castille-Le\u00f3n - Temps Barcelona<\/title>\n<meta name=\"robots\" content=\"noindex, follow, max-snippet:-1, max-image-preview:large, max-video-preview:-1\" \/>\n<meta property=\"og:locale\" content=\"fr_FR\" \/>\n<meta property=\"og:type\" content=\"article\" \/>\n<meta property=\"og:title\" content=\"D\u00e9couvrir la Mencia : les tr\u00e9sors du vin de Castille-Le\u00f3n - Temps Barcelona\" \/>\n<meta property=\"og:description\" content=\"Au c\u0153ur des vastes \u00e9tendues ensoleill\u00e9es de Castilla y Le\u00f3n, un c\u00e9page \u00e9merge comme le joyau viticole connu sous le nom de Menc\u00eda. S&rsquo;\u00e9tendant des plaines de la Meseta aux contreforts verdoyants du nord-ouest de l&rsquo;Espagne, cette r\u00e9gion offre un terroir diversifi\u00e9 dans lequel la Menc\u00eda s&rsquo;\u00e9panouit de mani\u00e8re extraordinaire. Un terroir diversifi\u00e9 Castilla y [&hellip;]\" \/>\n<meta property=\"og:url\" content=\"https:\/\/www.tempsbarcelona.com\/fr\/decouvrir-la-mencia-les-tresors-du-vin-de-castille-leon\/\" \/>\n<meta property=\"og:site_name\" content=\"Temps Barcelona\" \/>\n<meta property=\"article:published_time\" content=\"2024-02-19T11:03:18+00:00\" \/>\n<meta property=\"article:modified_time\" content=\"2024-03-11T11:03:36+00:00\" \/>\n<meta property=\"og:image\" content=\"https:\/\/www.tempsbarcelona.com\/wp-content\/uploads\/2024\/02\/IMG-20240516-WA0057.jpg\" \/>\n\t<meta property=\"og:image:width\" content=\"1200\" \/>\n\t<meta property=\"og:image:height\" content=\"1600\" \/>\n\t<meta property=\"og:image:type\" content=\"image\/jpeg\" \/>\n<meta name=\"author\" content=\"Viajero\" \/>\n<meta name=\"twitter:card\" content=\"summary_large_image\" \/>\n<meta name=\"twitter:label1\" content=\"\u00c9crit par\" \/>\n\t<meta name=\"twitter:data1\" content=\"Viajero\" \/>\n\t<meta name=\"twitter:label2\" content=\"Dur\u00e9e de lecture estim\u00e9e\" \/>\n\t<meta name=\"twitter:data2\" content=\"2 minutes\" \/>\n<script type=\"application\/ld+json\" class=\"yoast-schema-graph\">{\"@context\":\"https:\/\/schema.org\",\"@graph\":[{\"@type\":\"WebPage\",\"@id\":\"https:\/\/www.tempsbarcelona.com\/fr\/decouvrir-la-mencia-les-tresors-du-vin-de-castille-leon\/\",\"url\":\"https:\/\/www.tempsbarcelona.com\/fr\/decouvrir-la-mencia-les-tresors-du-vin-de-castille-leon\/\",\"name\":\"D\u00e9couvrir la Mencia : les tr\u00e9sors du vin de Castille-Le\u00f3n - Temps Barcelona\",\"isPartOf\":{\"@id\":\"https:\/\/www.tempsbarcelona.com\/fr\/#website\"},\"primaryImageOfPage\":{\"@id\":\"https:\/\/www.tempsbarcelona.com\/fr\/decouvrir-la-mencia-les-tresors-du-vin-de-castille-leon\/#primaryimage\"},\"image\":{\"@id\":\"https:\/\/www.tempsbarcelona.com\/fr\/decouvrir-la-mencia-les-tresors-du-vin-de-castille-leon\/#primaryimage\"},\"thumbnailUrl\":\"https:\/\/www.tempsbarcelona.com\/wp-content\/uploads\/2024\/02\/IMG-20240516-WA0057.jpg\",\"datePublished\":\"2024-02-19T11:03:18+00:00\",\"dateModified\":\"2024-03-11T11:03:36+00:00\",\"author\":{\"@id\":\"https:\/\/www.tempsbarcelona.com\/fr\/#\/schema\/person\/42e402d68007d6b23123a37e43aca822\"},\"breadcrumb\":{\"@id\":\"https:\/\/www.tempsbarcelona.com\/fr\/decouvrir-la-mencia-les-tresors-du-vin-de-castille-leon\/#breadcrumb\"},\"inLanguage\":\"fr-FR\",\"potentialAction\":[{\"@type\":\"ReadAction\",\"target\":[\"https:\/\/www.tempsbarcelona.com\/fr\/decouvrir-la-mencia-les-tresors-du-vin-de-castille-leon\/\"]}]},{\"@type\":\"ImageObject\",\"inLanguage\":\"fr-FR\",\"@id\":\"https:\/\/www.tempsbarcelona.com\/fr\/decouvrir-la-mencia-les-tresors-du-vin-de-castille-leon\/#primaryimage\",\"url\":\"https:\/\/www.tempsbarcelona.com\/wp-content\/uploads\/2024\/02\/IMG-20240516-WA0057.jpg\",\"contentUrl\":\"https:\/\/www.tempsbarcelona.com\/wp-content\/uploads\/2024\/02\/IMG-20240516-WA0057.jpg\",\"width\":1200,\"height\":1600},{\"@type\":\"BreadcrumbList\",\"@id\":\"https:\/\/www.tempsbarcelona.com\/fr\/decouvrir-la-mencia-les-tresors-du-vin-de-castille-leon\/#breadcrumb\",\"itemListElement\":[{\"@type\":\"ListItem\",\"position\":1,\"name\":\"Portada\",\"item\":\"https:\/\/www.tempsbarcelona.com\/fr\/temps-barcelona\/\"},{\"@type\":\"ListItem\",\"position\":2,\"name\":\"D\u00e9couvrir la Mencia : les tr\u00e9sors du vin de Castille-Le\u00f3n\"}]},{\"@type\":\"WebSite\",\"@id\":\"https:\/\/www.tempsbarcelona.com\/fr\/#website\",\"url\":\"https:\/\/www.tempsbarcelona.com\/fr\/\",\"name\":\"Temps Barcelona\",\"description\":\"\",\"potentialAction\":[{\"@type\":\"SearchAction\",\"target\":{\"@type\":\"EntryPoint\",\"urlTemplate\":\"https:\/\/www.tempsbarcelona.com\/fr\/?s={search_term_string}\"},\"query-input\":{\"@type\":\"PropertyValueSpecification\",\"valueRequired\":true,\"valueName\":\"search_term_string\"}}],\"inLanguage\":\"fr-FR\"},{\"@type\":\"Person\",\"@id\":\"https:\/\/www.tempsbarcelona.com\/fr\/#\/schema\/person\/42e402d68007d6b23123a37e43aca822\",\"name\":\"Viajero\",\"image\":{\"@type\":\"ImageObject\",\"inLanguage\":\"fr-FR\",\"@id\":\"https:\/\/www.tempsbarcelona.com\/fr\/#\/schema\/person\/image\/\",\"url\":\"https:\/\/secure.gravatar.com\/avatar\/adc63f40e2c832dac25e11feaef9ac523a32eaf25722d8b78fcb7c6603af7f85?s=96&d=mm&r=g\",\"contentUrl\":\"https:\/\/secure.gravatar.com\/avatar\/adc63f40e2c832dac25e11feaef9ac523a32eaf25722d8b78fcb7c6603af7f85?s=96&d=mm&r=g\",\"caption\":\"Viajero\"}}]}<\/script>\n<!-- \/ Yoast SEO plugin. -->","yoast_head_json":{"title":"D\u00e9couvrir la Mencia : les tr\u00e9sors du vin de Castille-Le\u00f3n - Temps Barcelona","robots":{"index":"noindex","follow":"follow","max-snippet":"max-snippet:-1","max-image-preview":"max-image-preview:large","max-video-preview":"max-video-preview:-1"},"og_locale":"fr_FR","og_type":"article","og_title":"D\u00e9couvrir la Mencia : les tr\u00e9sors du vin de Castille-Le\u00f3n - Temps Barcelona","og_description":"Au c\u0153ur des vastes \u00e9tendues ensoleill\u00e9es de Castilla y Le\u00f3n, un c\u00e9page \u00e9merge comme le joyau viticole connu sous le nom de Menc\u00eda. S&rsquo;\u00e9tendant des plaines de la Meseta aux contreforts verdoyants du nord-ouest de l&rsquo;Espagne, cette r\u00e9gion offre un terroir diversifi\u00e9 dans lequel la Menc\u00eda s&rsquo;\u00e9panouit de mani\u00e8re extraordinaire. Un terroir diversifi\u00e9 Castilla y [&hellip;]","og_url":"https:\/\/www.tempsbarcelona.com\/fr\/decouvrir-la-mencia-les-tresors-du-vin-de-castille-leon\/","og_site_name":"Temps Barcelona","article_published_time":"2024-02-19T11:03:18+00:00","article_modified_time":"2024-03-11T11:03:36+00:00","og_image":[{"width":1200,"height":1600,"url":"https:\/\/www.tempsbarcelona.com\/wp-content\/uploads\/2024\/02\/IMG-20240516-WA0057.jpg","type":"image\/jpeg"}],"author":"Viajero","twitter_card":"summary_large_image","twitter_misc":{"\u00c9crit par":"Viajero","Dur\u00e9e de lecture estim\u00e9e":"2 minutes"},"schema":{"@context":"https:\/\/schema.org","@graph":[{"@type":"WebPage","@id":"https:\/\/www.tempsbarcelona.com\/fr\/decouvrir-la-mencia-les-tresors-du-vin-de-castille-leon\/","url":"https:\/\/www.tempsbarcelona.com\/fr\/decouvrir-la-mencia-les-tresors-du-vin-de-castille-leon\/","name":"D\u00e9couvrir la Mencia : les tr\u00e9sors du vin de Castille-Le\u00f3n - Temps Barcelona","isPartOf":{"@id":"https:\/\/www.tempsbarcelona.com\/fr\/#website"},"primaryImageOfPage":{"@id":"https:\/\/www.tempsbarcelona.com\/fr\/decouvrir-la-mencia-les-tresors-du-vin-de-castille-leon\/#primaryimage"},"image":{"@id":"https:\/\/www.tempsbarcelona.com\/fr\/decouvrir-la-mencia-les-tresors-du-vin-de-castille-leon\/#primaryimage"},"thumbnailUrl":"https:\/\/www.tempsbarcelona.com\/wp-content\/uploads\/2024\/02\/IMG-20240516-WA0057.jpg","datePublished":"2024-02-19T11:03:18+00:00","dateModified":"2024-03-11T11:03:36+00:00","author":{"@id":"https:\/\/www.tempsbarcelona.com\/fr\/#\/schema\/person\/42e402d68007d6b23123a37e43aca822"},"breadcrumb":{"@id":"https:\/\/www.tempsbarcelona.com\/fr\/decouvrir-la-mencia-les-tresors-du-vin-de-castille-leon\/#breadcrumb"},"inLanguage":"fr-FR","potentialAction":[{"@type":"ReadAction","target":["https:\/\/www.tempsbarcelona.com\/fr\/decouvrir-la-mencia-les-tresors-du-vin-de-castille-leon\/"]}]},{"@type":"ImageObject","inLanguage":"fr-FR","@id":"https:\/\/www.tempsbarcelona.com\/fr\/decouvrir-la-mencia-les-tresors-du-vin-de-castille-leon\/#primaryimage","url":"https:\/\/www.tempsbarcelona.com\/wp-content\/uploads\/2024\/02\/IMG-20240516-WA0057.jpg","contentUrl":"https:\/\/www.tempsbarcelona.com\/wp-content\/uploads\/2024\/02\/IMG-20240516-WA0057.jpg","width":1200,"height":1600},{"@type":"BreadcrumbList","@id":"https:\/\/www.tempsbarcelona.com\/fr\/decouvrir-la-mencia-les-tresors-du-vin-de-castille-leon\/#breadcrumb","itemListElement":[{"@type":"ListItem","position":1,"name":"Portada","item":"https:\/\/www.tempsbarcelona.com\/fr\/temps-barcelona\/"},{"@type":"ListItem","position":2,"name":"D\u00e9couvrir la Mencia : les tr\u00e9sors du vin de Castille-Le\u00f3n"}]},{"@type":"WebSite","@id":"https:\/\/www.tempsbarcelona.com\/fr\/#website","url":"https:\/\/www.tempsbarcelona.com\/fr\/","name":"Temps Barcelona","description":"","potentialAction":[{"@type":"SearchAction","target":{"@type":"EntryPoint","urlTemplate":"https:\/\/www.tempsbarcelona.com\/fr\/?s={search_term_string}"},"query-input":{"@type":"PropertyValueSpecification","valueRequired":true,"valueName":"search_term_string"}}],"inLanguage":"fr-FR"},{"@type":"Person","@id":"https:\/\/www.tempsbarcelona.com\/fr\/#\/schema\/person\/42e402d68007d6b23123a37e43aca822","name":"Viajero","image":{"@type":"ImageObject","inLanguage":"fr-FR","@id":"https:\/\/www.tempsbarcelona.com\/fr\/#\/schema\/person\/image\/","url":"https:\/\/secure.gravatar.com\/avatar\/adc63f40e2c832dac25e11feaef9ac523a32eaf25722d8b78fcb7c6603af7f85?s=96&d=mm&r=g","contentUrl":"https:\/\/secure.gravatar.com\/avatar\/adc63f40e2c832dac25e11feaef9ac523a32eaf25722d8b78fcb7c6603af7f85?s=96&d=mm&r=g","caption":"Viajero"}}]}},"_links":{"self":[{"href":"https:\/\/www.tempsbarcelona.com\/fr\/wp-json\/wp\/v2\/posts\/1251","targetHints":{"allow":["GET"]}}],"collection":[{"href":"https:\/\/www.tempsbarcelona.com\/fr\/wp-json\/wp\/v2\/posts"}],"about":[{"href":"https:\/\/www.tempsbarcelona.com\/fr\/wp-json\/wp\/v2\/types\/post"}],"author":[{"embeddable":true,"href":"https:\/\/www.tempsbarcelona.com\/fr\/wp-json\/wp\/v2\/users\/2"}],"replies":[{"embeddable":true,"href":"https:\/\/www.tempsbarcelona.com\/fr\/wp-json\/wp\/v2\/comments?post=1251"}],"version-history":[{"count":1,"href":"https:\/\/www.tempsbarcelona.com\/fr\/wp-json\/wp\/v2\/posts\/1251\/revisions"}],"predecessor-version":[{"id":1252,"href":"https:\/\/www.tempsbarcelona.com\/fr\/wp-json\/wp\/v2\/posts\/1251\/revisions\/1252"}],"wp:featuredmedia":[{"embeddable":true,"href":"https:\/\/www.tempsbarcelona.com\/fr\/wp-json\/wp\/v2\/media\/2881"}],"wp:attachment":[{"href":"https:\/\/www.tempsbarcelona.com\/fr\/wp-json\/wp\/v2\/media?parent=1251"}],"wp:term":[{"taxonomy":"category","embeddable":true,"href":"https:\/\/www.tempsbarcelona.com\/fr\/wp-json\/wp\/v2\/categories?post=1251"},{"taxonomy":"post_tag","embeddable":true,"href":"https:\/\/www.tempsbarcelona.com\/fr\/wp-json\/wp\/v2\/tags?post=1251"}],"curies":[{"name":"wp","href":"https:\/\/api.w.org\/{rel}","templated":true}]}}