{"id":1169,"date":"2024-02-20T10:24:33","date_gmt":"2024-02-20T10:24:33","guid":{"rendered":"https:\/\/derutasyvinos.com\/?p=1169"},"modified":"2024-03-08T10:24:32","modified_gmt":"2024-03-08T10:24:32","slug":"kloster-eberbach-un-tresor-cache-au-coeur-des-vignobles-allemands","status":"publish","type":"post","link":"https:\/\/www.tempsbarcelona.com\/fr\/kloster-eberbach-un-tresor-cache-au-coeur-des-vignobles-allemands\/","title":{"rendered":"Kloster Eberbach : un tr\u00e9sor cach\u00e9 au c\u0153ur des vignobles allemands"},"content":{"rendered":"<p>&nbsp;<\/p>\n<p><span style=\"font-weight: 400;\">L&rsquo;Allemagne, avec ses paysages pittoresques et sa riche tradition viticole, abrite des vignobles de renomm\u00e9e mondiale. Parmi ces joyaux, Kloster Eberbach s&rsquo;impose comme l&rsquo;un des domaines viticoles les plus prestigieux du pays. Nich\u00e9 dans la vall\u00e9e du Rhin, ce monast\u00e8re historique joue un r\u00f4le central dans la culture viticole allemande.<\/span><\/p>\n<h2><b>D\u00e9couvrez l\u2019Allemagne viticole<\/b><\/h2>\n<p><span style=\"font-weight: 400;\">L&rsquo;Allemagne, connue pour ses prairies verdoyantes et ses for\u00eats denses, est \u00e9galement le berceau de la viticulture. Avec pr\u00e8s de 102 000 hectares de vignobles, le pays offre une diversit\u00e9 de terroirs et de c\u00e9pages qui t\u00e9moignent de son patrimoine viticole s\u00e9culaire. Les r\u00e9gions viticoles allemandes telles que la Moselle, le Rheingau, le Palatinat et la Franconie sont r\u00e9put\u00e9es pour la qualit\u00e9 de leurs vins, notamment le Riesling et le Pinot.<\/span><\/p>\n<h2><b>Le charme du monast\u00e8re d&rsquo;Eberbach<\/b><\/h2>\n<p><span style=\"font-weight: 400;\">Au c\u0153ur de la r\u00e9gion viticole du Rheingau, Kloster Eberbach incarne l&rsquo;essence m\u00eame de l&rsquo;histoire du vin allemand. Fond\u00e9 en 1136 par des moines cisterciens, ce monast\u00e8re b\u00e9n\u00e9dictin a prosp\u00e9r\u00e9 pendant des si\u00e8cles gr\u00e2ce \u00e0 son engagement dans la viticulture et la vinification. Avec des vignobles de plus de 200 hectares, Kloster Eberbach produit une gamme vari\u00e9e de vins de qualit\u00e9, des d\u00e9licats Rieslings aux \u00e9l\u00e9gants Pinots Noirs.<\/span><\/p>\n<h2><b>Un patrimoine viticole richement anobli<\/b><\/h2>\n<p><span style=\"font-weight: 400;\">L&rsquo;histoire du monast\u00e8re d&rsquo;Eberbach est \u00e9troitement li\u00e9e \u00e0 celle de l&rsquo;ordre cistercien en Allemagne. Pendant des si\u00e8cles, les moines ont transform\u00e9 les collines environnantes en vignobles prosp\u00e8res, utilisant des techniques de vinification innovantes pour produire des raisins de haute qualit\u00e9. La r\u00e9putation des vins de Kloster Eberbach s&rsquo;est rapidement r\u00e9pandue, attirant l&rsquo;attention des amateurs et des connaisseurs de vin du monde entier.<\/span><\/p>\n<h2><b>La Renaissance moderne<\/b><\/h2>\n<p><span style=\"font-weight: 400;\">Bien que le monast\u00e8re d&rsquo;Eberbach soit profond\u00e9ment enracin\u00e9 dans le pass\u00e9, il embrasse \u00e9galement l&rsquo;innovation et la modernit\u00e9. Sous la direction de vignerons talentueux et passionn\u00e9s, le domaine s&rsquo;efforce de maintenir les plus hauts standards de qualit\u00e9 tout en explorant de nouvelles approches de vinification. Des techniques durables sont utilis\u00e9es pour pr\u00e9server l&rsquo;environnement naturel et assurer la p\u00e9rennit\u00e9 des vignobles pour les g\u00e9n\u00e9rations \u00e0 venir.<\/span><\/p>\n<h2><b>Gastronomie \u00e9picurienne au c\u0153ur de Kloster Eberbach<\/b><\/h2>\n<p><span style=\"font-weight: 400;\">Pour compl\u00e9ter cette exp\u00e9rience sensorielle, Kloster Eberbach propose une gastronomie \u00e9picurienne qui c\u00e9l\u00e8bre la richesse des saveurs locales. Les convives pourront d\u00e9guster des plats exquis et soigneusement pr\u00e9par\u00e9s qui mettent en valeur la fusion parfaite entre les vins du domaine et les d\u00e9lices culinaires de la r\u00e9gion du Rheingau. Des plats traditionnels allemands aux cr\u00e9ations contemporaines, chaque bouch\u00e9e offre une symphonie de saveurs, cr\u00e9ant une parfaite harmonie avec les vins d&rsquo;exception du Kloster Eberbach.<\/span><\/p>\n<h2><b>Un r\u00e9gal pour les sens au Kloster Eberbach<\/b><\/h2>\n<p><span style=\"font-weight: 400;\">Kloster Eberbach est bien plus qu&rsquo;un domaine viticole ; incarne l&rsquo;\u00e2me et l&rsquo;esprit de la viticulture allemande. Avec sa riche histoire, ses paysages enchanteurs, ses vins d&rsquo;exception et sa cuisine \u00e9picurienne, ce tr\u00e9sor cach\u00e9 du Rheingau offre une exp\u00e9rience compl\u00e8te qui ravira les amateurs de vins et de gastronomie du monde entier. Une visite au Kloster Eberbach promet une aventure culinaire inoubliable, o\u00f9 chaque plat et chaque verre raconte une histoire de passion, de tradition et d&rsquo;excellence allemandes.<\/span><\/p>\n","protected":false},"excerpt":{"rendered":"<p>&nbsp; L&rsquo;Allemagne, avec ses paysages pittoresques et sa riche tradition viticole, abrite des vignobles de renomm\u00e9e mondiale. Parmi ces joyaux, Kloster Eberbach s&rsquo;impose comme l&rsquo;un des domaines viticoles les plus prestigieux du pays. Nich\u00e9 dans la vall\u00e9e du Rhin, ce monast\u00e8re historique joue un r\u00f4le central dans la culture viticole allemande. D\u00e9couvrez l\u2019Allemagne viticole L&rsquo;Allemagne, [&hellip;]<\/p>\n","protected":false},"author":2,"featured_media":2806,"comment_status":"open","ping_status":"open","sticky":false,"template":"","format":"standard","meta":{"_et_pb_use_builder":"off","_et_pb_old_content":"","_et_gb_content_width":"","footnotes":""},"categories":[34],"tags":[],"class_list":["post-1169","post","type-post","status-publish","format-standard","has-post-thumbnail","hentry","category-non-classifiee"],"yoast_head":"<!-- This site is optimized with the Yoast SEO plugin v25.1 - https:\/\/yoast.com\/wordpress\/plugins\/seo\/ -->\n<title>Kloster Eberbach : un tr\u00e9sor cach\u00e9 au c\u0153ur des vignobles allemands - Temps Barcelona<\/title>\n<meta name=\"robots\" content=\"noindex, follow, max-snippet:-1, max-image-preview:large, max-video-preview:-1\" \/>\n<meta property=\"og:locale\" content=\"fr_FR\" \/>\n<meta property=\"og:type\" content=\"article\" \/>\n<meta property=\"og:title\" content=\"Kloster Eberbach : un tr\u00e9sor cach\u00e9 au c\u0153ur des vignobles allemands - Temps Barcelona\" \/>\n<meta property=\"og:description\" content=\"&nbsp; L&rsquo;Allemagne, avec ses paysages pittoresques et sa riche tradition viticole, abrite des vignobles de renomm\u00e9e mondiale. Parmi ces joyaux, Kloster Eberbach s&rsquo;impose comme l&rsquo;un des domaines viticoles les plus prestigieux du pays. Nich\u00e9 dans la vall\u00e9e du Rhin, ce monast\u00e8re historique joue un r\u00f4le central dans la culture viticole allemande. D\u00e9couvrez l\u2019Allemagne viticole L&rsquo;Allemagne, [&hellip;]\" \/>\n<meta property=\"og:url\" content=\"https:\/\/www.tempsbarcelona.com\/fr\/kloster-eberbach-un-tresor-cache-au-coeur-des-vignobles-allemands\/\" \/>\n<meta property=\"og:site_name\" content=\"Temps Barcelona\" \/>\n<meta property=\"article:published_time\" content=\"2024-02-20T10:24:33+00:00\" \/>\n<meta property=\"article:modified_time\" content=\"2024-03-08T10:24:32+00:00\" \/>\n<meta property=\"og:image\" content=\"https:\/\/www.tempsbarcelona.com\/wp-content\/uploads\/2024\/02\/IMG-20240516-WA0046.jpg\" \/>\n\t<meta property=\"og:image:width\" content=\"1200\" \/>\n\t<meta property=\"og:image:height\" content=\"1600\" \/>\n\t<meta property=\"og:image:type\" content=\"image\/jpeg\" \/>\n<meta name=\"author\" content=\"Viajero\" \/>\n<meta name=\"twitter:card\" content=\"summary_large_image\" \/>\n<meta name=\"twitter:label1\" content=\"\u00c9crit par\" \/>\n\t<meta name=\"twitter:data1\" content=\"Viajero\" \/>\n\t<meta name=\"twitter:label2\" content=\"Dur\u00e9e de lecture estim\u00e9e\" \/>\n\t<meta name=\"twitter:data2\" content=\"3 minutes\" \/>\n<script type=\"application\/ld+json\" class=\"yoast-schema-graph\">{\"@context\":\"https:\/\/schema.org\",\"@graph\":[{\"@type\":\"WebPage\",\"@id\":\"https:\/\/www.tempsbarcelona.com\/fr\/kloster-eberbach-un-tresor-cache-au-coeur-des-vignobles-allemands\/\",\"url\":\"https:\/\/www.tempsbarcelona.com\/fr\/kloster-eberbach-un-tresor-cache-au-coeur-des-vignobles-allemands\/\",\"name\":\"Kloster Eberbach : un tr\u00e9sor cach\u00e9 au c\u0153ur des vignobles allemands - Temps Barcelona\",\"isPartOf\":{\"@id\":\"https:\/\/www.tempsbarcelona.com\/fr\/#website\"},\"primaryImageOfPage\":{\"@id\":\"https:\/\/www.tempsbarcelona.com\/fr\/kloster-eberbach-un-tresor-cache-au-coeur-des-vignobles-allemands\/#primaryimage\"},\"image\":{\"@id\":\"https:\/\/www.tempsbarcelona.com\/fr\/kloster-eberbach-un-tresor-cache-au-coeur-des-vignobles-allemands\/#primaryimage\"},\"thumbnailUrl\":\"https:\/\/www.tempsbarcelona.com\/wp-content\/uploads\/2024\/02\/IMG-20240516-WA0046.jpg\",\"datePublished\":\"2024-02-20T10:24:33+00:00\",\"dateModified\":\"2024-03-08T10:24:32+00:00\",\"author\":{\"@id\":\"https:\/\/www.tempsbarcelona.com\/fr\/#\/schema\/person\/42e402d68007d6b23123a37e43aca822\"},\"breadcrumb\":{\"@id\":\"https:\/\/www.tempsbarcelona.com\/fr\/kloster-eberbach-un-tresor-cache-au-coeur-des-vignobles-allemands\/#breadcrumb\"},\"inLanguage\":\"fr-FR\",\"potentialAction\":[{\"@type\":\"ReadAction\",\"target\":[\"https:\/\/www.tempsbarcelona.com\/fr\/kloster-eberbach-un-tresor-cache-au-coeur-des-vignobles-allemands\/\"]}]},{\"@type\":\"ImageObject\",\"inLanguage\":\"fr-FR\",\"@id\":\"https:\/\/www.tempsbarcelona.com\/fr\/kloster-eberbach-un-tresor-cache-au-coeur-des-vignobles-allemands\/#primaryimage\",\"url\":\"https:\/\/www.tempsbarcelona.com\/wp-content\/uploads\/2024\/02\/IMG-20240516-WA0046.jpg\",\"contentUrl\":\"https:\/\/www.tempsbarcelona.com\/wp-content\/uploads\/2024\/02\/IMG-20240516-WA0046.jpg\",\"width\":1200,\"height\":1600},{\"@type\":\"BreadcrumbList\",\"@id\":\"https:\/\/www.tempsbarcelona.com\/fr\/kloster-eberbach-un-tresor-cache-au-coeur-des-vignobles-allemands\/#breadcrumb\",\"itemListElement\":[{\"@type\":\"ListItem\",\"position\":1,\"name\":\"Portada\",\"item\":\"https:\/\/www.tempsbarcelona.com\/fr\/temps-barcelona\/\"},{\"@type\":\"ListItem\",\"position\":2,\"name\":\"Kloster Eberbach : un tr\u00e9sor cach\u00e9 au c\u0153ur des vignobles allemands\"}]},{\"@type\":\"WebSite\",\"@id\":\"https:\/\/www.tempsbarcelona.com\/fr\/#website\",\"url\":\"https:\/\/www.tempsbarcelona.com\/fr\/\",\"name\":\"Temps Barcelona\",\"description\":\"\",\"potentialAction\":[{\"@type\":\"SearchAction\",\"target\":{\"@type\":\"EntryPoint\",\"urlTemplate\":\"https:\/\/www.tempsbarcelona.com\/fr\/?s={search_term_string}\"},\"query-input\":{\"@type\":\"PropertyValueSpecification\",\"valueRequired\":true,\"valueName\":\"search_term_string\"}}],\"inLanguage\":\"fr-FR\"},{\"@type\":\"Person\",\"@id\":\"https:\/\/www.tempsbarcelona.com\/fr\/#\/schema\/person\/42e402d68007d6b23123a37e43aca822\",\"name\":\"Viajero\",\"image\":{\"@type\":\"ImageObject\",\"inLanguage\":\"fr-FR\",\"@id\":\"https:\/\/www.tempsbarcelona.com\/fr\/#\/schema\/person\/image\/\",\"url\":\"https:\/\/secure.gravatar.com\/avatar\/adc63f40e2c832dac25e11feaef9ac523a32eaf25722d8b78fcb7c6603af7f85?s=96&d=mm&r=g\",\"contentUrl\":\"https:\/\/secure.gravatar.com\/avatar\/adc63f40e2c832dac25e11feaef9ac523a32eaf25722d8b78fcb7c6603af7f85?s=96&d=mm&r=g\",\"caption\":\"Viajero\"}}]}<\/script>\n<!-- \/ Yoast SEO plugin. -->","yoast_head_json":{"title":"Kloster Eberbach : un tr\u00e9sor cach\u00e9 au c\u0153ur des vignobles allemands - Temps Barcelona","robots":{"index":"noindex","follow":"follow","max-snippet":"max-snippet:-1","max-image-preview":"max-image-preview:large","max-video-preview":"max-video-preview:-1"},"og_locale":"fr_FR","og_type":"article","og_title":"Kloster Eberbach : un tr\u00e9sor cach\u00e9 au c\u0153ur des vignobles allemands - Temps Barcelona","og_description":"&nbsp; L&rsquo;Allemagne, avec ses paysages pittoresques et sa riche tradition viticole, abrite des vignobles de renomm\u00e9e mondiale. Parmi ces joyaux, Kloster Eberbach s&rsquo;impose comme l&rsquo;un des domaines viticoles les plus prestigieux du pays. Nich\u00e9 dans la vall\u00e9e du Rhin, ce monast\u00e8re historique joue un r\u00f4le central dans la culture viticole allemande. D\u00e9couvrez l\u2019Allemagne viticole L&rsquo;Allemagne, [&hellip;]","og_url":"https:\/\/www.tempsbarcelona.com\/fr\/kloster-eberbach-un-tresor-cache-au-coeur-des-vignobles-allemands\/","og_site_name":"Temps Barcelona","article_published_time":"2024-02-20T10:24:33+00:00","article_modified_time":"2024-03-08T10:24:32+00:00","og_image":[{"width":1200,"height":1600,"url":"https:\/\/www.tempsbarcelona.com\/wp-content\/uploads\/2024\/02\/IMG-20240516-WA0046.jpg","type":"image\/jpeg"}],"author":"Viajero","twitter_card":"summary_large_image","twitter_misc":{"\u00c9crit par":"Viajero","Dur\u00e9e de lecture estim\u00e9e":"3 minutes"},"schema":{"@context":"https:\/\/schema.org","@graph":[{"@type":"WebPage","@id":"https:\/\/www.tempsbarcelona.com\/fr\/kloster-eberbach-un-tresor-cache-au-coeur-des-vignobles-allemands\/","url":"https:\/\/www.tempsbarcelona.com\/fr\/kloster-eberbach-un-tresor-cache-au-coeur-des-vignobles-allemands\/","name":"Kloster Eberbach : un tr\u00e9sor cach\u00e9 au c\u0153ur des vignobles allemands - Temps Barcelona","isPartOf":{"@id":"https:\/\/www.tempsbarcelona.com\/fr\/#website"},"primaryImageOfPage":{"@id":"https:\/\/www.tempsbarcelona.com\/fr\/kloster-eberbach-un-tresor-cache-au-coeur-des-vignobles-allemands\/#primaryimage"},"image":{"@id":"https:\/\/www.tempsbarcelona.com\/fr\/kloster-eberbach-un-tresor-cache-au-coeur-des-vignobles-allemands\/#primaryimage"},"thumbnailUrl":"https:\/\/www.tempsbarcelona.com\/wp-content\/uploads\/2024\/02\/IMG-20240516-WA0046.jpg","datePublished":"2024-02-20T10:24:33+00:00","dateModified":"2024-03-08T10:24:32+00:00","author":{"@id":"https:\/\/www.tempsbarcelona.com\/fr\/#\/schema\/person\/42e402d68007d6b23123a37e43aca822"},"breadcrumb":{"@id":"https:\/\/www.tempsbarcelona.com\/fr\/kloster-eberbach-un-tresor-cache-au-coeur-des-vignobles-allemands\/#breadcrumb"},"inLanguage":"fr-FR","potentialAction":[{"@type":"ReadAction","target":["https:\/\/www.tempsbarcelona.com\/fr\/kloster-eberbach-un-tresor-cache-au-coeur-des-vignobles-allemands\/"]}]},{"@type":"ImageObject","inLanguage":"fr-FR","@id":"https:\/\/www.tempsbarcelona.com\/fr\/kloster-eberbach-un-tresor-cache-au-coeur-des-vignobles-allemands\/#primaryimage","url":"https:\/\/www.tempsbarcelona.com\/wp-content\/uploads\/2024\/02\/IMG-20240516-WA0046.jpg","contentUrl":"https:\/\/www.tempsbarcelona.com\/wp-content\/uploads\/2024\/02\/IMG-20240516-WA0046.jpg","width":1200,"height":1600},{"@type":"BreadcrumbList","@id":"https:\/\/www.tempsbarcelona.com\/fr\/kloster-eberbach-un-tresor-cache-au-coeur-des-vignobles-allemands\/#breadcrumb","itemListElement":[{"@type":"ListItem","position":1,"name":"Portada","item":"https:\/\/www.tempsbarcelona.com\/fr\/temps-barcelona\/"},{"@type":"ListItem","position":2,"name":"Kloster Eberbach : un tr\u00e9sor cach\u00e9 au c\u0153ur des vignobles allemands"}]},{"@type":"WebSite","@id":"https:\/\/www.tempsbarcelona.com\/fr\/#website","url":"https:\/\/www.tempsbarcelona.com\/fr\/","name":"Temps Barcelona","description":"","potentialAction":[{"@type":"SearchAction","target":{"@type":"EntryPoint","urlTemplate":"https:\/\/www.tempsbarcelona.com\/fr\/?s={search_term_string}"},"query-input":{"@type":"PropertyValueSpecification","valueRequired":true,"valueName":"search_term_string"}}],"inLanguage":"fr-FR"},{"@type":"Person","@id":"https:\/\/www.tempsbarcelona.com\/fr\/#\/schema\/person\/42e402d68007d6b23123a37e43aca822","name":"Viajero","image":{"@type":"ImageObject","inLanguage":"fr-FR","@id":"https:\/\/www.tempsbarcelona.com\/fr\/#\/schema\/person\/image\/","url":"https:\/\/secure.gravatar.com\/avatar\/adc63f40e2c832dac25e11feaef9ac523a32eaf25722d8b78fcb7c6603af7f85?s=96&d=mm&r=g","contentUrl":"https:\/\/secure.gravatar.com\/avatar\/adc63f40e2c832dac25e11feaef9ac523a32eaf25722d8b78fcb7c6603af7f85?s=96&d=mm&r=g","caption":"Viajero"}}]}},"_links":{"self":[{"href":"https:\/\/www.tempsbarcelona.com\/fr\/wp-json\/wp\/v2\/posts\/1169","targetHints":{"allow":["GET"]}}],"collection":[{"href":"https:\/\/www.tempsbarcelona.com\/fr\/wp-json\/wp\/v2\/posts"}],"about":[{"href":"https:\/\/www.tempsbarcelona.com\/fr\/wp-json\/wp\/v2\/types\/post"}],"author":[{"embeddable":true,"href":"https:\/\/www.tempsbarcelona.com\/fr\/wp-json\/wp\/v2\/users\/2"}],"replies":[{"embeddable":true,"href":"https:\/\/www.tempsbarcelona.com\/fr\/wp-json\/wp\/v2\/comments?post=1169"}],"version-history":[{"count":1,"href":"https:\/\/www.tempsbarcelona.com\/fr\/wp-json\/wp\/v2\/posts\/1169\/revisions"}],"predecessor-version":[{"id":1170,"href":"https:\/\/www.tempsbarcelona.com\/fr\/wp-json\/wp\/v2\/posts\/1169\/revisions\/1170"}],"wp:featuredmedia":[{"embeddable":true,"href":"https:\/\/www.tempsbarcelona.com\/fr\/wp-json\/wp\/v2\/media\/2806"}],"wp:attachment":[{"href":"https:\/\/www.tempsbarcelona.com\/fr\/wp-json\/wp\/v2\/media?parent=1169"}],"wp:term":[{"taxonomy":"category","embeddable":true,"href":"https:\/\/www.tempsbarcelona.com\/fr\/wp-json\/wp\/v2\/categories?post=1169"},{"taxonomy":"post_tag","embeddable":true,"href":"https:\/\/www.tempsbarcelona.com\/fr\/wp-json\/wp\/v2\/tags?post=1169"}],"curies":[{"name":"wp","href":"https:\/\/api.w.org\/{rel}","templated":true}]}}