{"id":1129,"date":"2024-02-21T10:35:35","date_gmt":"2024-02-21T10:35:35","guid":{"rendered":"https:\/\/derutasyvinos.com\/?p=1129"},"modified":"2024-03-07T13:25:18","modified_gmt":"2024-03-07T13:25:18","slug":"mexique-terre-de-contrastes-et-de-vignobles","status":"publish","type":"post","link":"https:\/\/www.tempsbarcelona.com\/fr\/mexique-terre-de-contrastes-et-de-vignobles\/","title":{"rendered":"Mexique : terre de contrastes et de vignobles"},"content":{"rendered":"<p><b>Bienvenue au Mexique, un pays riche en histoire, culture et diversit\u00e9 g\u00e9ographique. Situ\u00e9 en Am\u00e9rique du Nord, le Mexique est le troisi\u00e8me plus grand pays du continent, avec une superficie approximative de 1,96 million de kilom\u00e8tres carr\u00e9s. C&rsquo;est un pays de contrastes, o\u00f9 les civilisations anciennes se m\u00ealent \u00e0 la modernit\u00e9, o\u00f9 les paysages s&rsquo;\u00e9tendent des d\u00e9serts arides aux plages tropicales luxuriantes, et o\u00f9 les traditions ancestrales se confondent avec une culture dynamique et vibrante.<\/b><\/p>\n<h2><b>Informations g\u00e9n\u00e9rales sur le Mexique<\/b><\/h2>\n<p><b>Le Mexique est c\u00e9l\u00e8bre pour sa richesse culturelle, avec des sites arch\u00e9ologiques embl\u00e9matiques comme Teotihuac\u00e1n, Chich\u00e9n Itz\u00e1 et Palenque, t\u00e9moins de la grandeur antique des civilisations pr\u00e9colombiennes. Le pays regorge \u00e9galement de villes coloniales pittoresques telles que Oaxaca, San Miguel de Allende et Guanajuato, o\u00f9 l&rsquo;architecture coloniale espagnole se m\u00eale \u00e0 l&rsquo;atmosph\u00e8re anim\u00e9e des rues pav\u00e9es et des places centrales.<\/b><\/p>\n<p><b>La cuisine mexicaine, class\u00e9e au patrimoine mondial de l&rsquo;UNESCO, est un r\u00e9gal de saveurs, de couleurs et de textures. Des plats embl\u00e9matiques tels que les tacos, les enchiladas et le mole sont appr\u00e9ci\u00e9s dans le monde entier, tout comme les boissons traditionnelles telles que le mezcal et la tequila.<\/b><\/p>\n<p><b>Mais le Mexique n\u2019est pas seulement histoire et gastronomie ; C&rsquo;est aussi un pays \u00e9mergent dans le secteur vitivinicole.<\/b><\/p>\n<h2><b>Les vignobles du Mexique<\/b><\/h2>\n<p><b>Souvent n\u00e9glig\u00e9e, l\u2019industrie vitivinicole mexicaine gagne en renomm\u00e9e et en reconnaissance \u00e0 l\u2019\u00e9chelle internationale. Les vignobles mexicains se trouvent principalement dans les r\u00e9gions du nord du pays, notamment en Basse-Californie, Jalisco et Quer\u00e9taro.<\/b><\/p>\n<h2><b>Basse Californie : une terre d&rsquo;excellence<\/b><\/h2>\n<p><b>La Basse-Californie, et particuli\u00e8rement la vall\u00e9e de Guadalupe, est souvent compar\u00e9e \u00e0 la Napa Valley aux \u00c9tats-Unis et \u00e0 la r\u00e9gion bordelaise en France. Avec son climat m\u00e9diterran\u00e9en, ses sols fertiles et ses variations d&rsquo;altitude, la r\u00e9gion offre des conditions id\u00e9ales pour la culture de raisins de la plus haute qualit\u00e9. Des c\u00e9pages tels que le Cabernet Sauvignon, le Merlot, le Nebbiolo et le Tempranillo prosp\u00e8rent ici.<\/b><\/p>\n<p><b>Les vignobles de Basse-Californie ont combin\u00e9 tradition et innovation pour produire des vins prim\u00e9s, reconnus pour leur qualit\u00e9 et leur caract\u00e8re distinctif.<\/b><\/p>\n<h2><b>Jalisco : berceau de la tequila et terre de vignes<\/b><\/h2>\n<p><b>Jalisco est c\u00e9l\u00e8bre pour \u00eatre le berceau de la tequila, mais la r\u00e9gion se distingue \u00e9galement par l&rsquo;expansion de ses vignobles. Dans les hautes terres de Jalisco, o\u00f9 les sols volcaniques et le climat temp\u00e9r\u00e9 cr\u00e9ent des conditions favorables \u00e0 la viticulture, on trouve des vignobles qui produisent une grande vari\u00e9t\u00e9 de vins, notamment des blancs frais et des rouges cors\u00e9s.<\/b><\/p>\n<h2><b>Quer\u00e9taro : tradition et innovation<\/b><\/h2>\n<p><b>La r\u00e9gion de Quer\u00e9taro, situ\u00e9e au centre du Mexique, est une autre des zones \u00e9mergentes de l&rsquo;industrie vitivinicole mexicaine. Son vignoble s&rsquo;\u00e9panouit dans un paysage vallonn\u00e9 et offre une diversit\u00e9 de c\u00e9pages, du Sauvignon Blanc \u00e0 la Syrah. Les caves de Quer\u00e9taro, qui allient tradition et innovation, attirent les amateurs de vin du monde entier.<\/b><\/p>\n<p><b>Le Mexique, avec sa diversit\u00e9 g\u00e9ographique, sa riche histoire et sa culture dynamique, est bien plus qu\u2019une destination touristique. C&rsquo;est aussi un pays qui excelle dans l&rsquo;art de la vinification, offrant aux amateurs de vin une exp\u00e9rience sensorielle inoubliable au milieu de paysages spectaculaires et de traditions s\u00e9culaires. D\u00e9couvrir les vignobles du Mexique est une invitation \u00e0 explorer les saveurs uniques et les terroirs extraordinaires de ce magnifique pays.<\/b><\/p>\n","protected":false},"excerpt":{"rendered":"<p>Bienvenue au Mexique, un pays riche en histoire, culture et diversit\u00e9 g\u00e9ographique. Situ\u00e9 en Am\u00e9rique du Nord, le Mexique est le troisi\u00e8me plus grand pays du continent, avec une superficie approximative de 1,96 million de kilom\u00e8tres carr\u00e9s. C&rsquo;est un pays de contrastes, o\u00f9 les civilisations anciennes se m\u00ealent \u00e0 la modernit\u00e9, o\u00f9 les paysages s&rsquo;\u00e9tendent [&hellip;]<\/p>\n","protected":false},"author":2,"featured_media":627,"comment_status":"open","ping_status":"open","sticky":false,"template":"","format":"standard","meta":{"_et_pb_use_builder":"","_et_pb_old_content":"","_et_gb_content_width":"","footnotes":""},"categories":[34],"tags":[],"class_list":["post-1129","post","type-post","status-publish","format-standard","has-post-thumbnail","hentry","category-non-classifiee"],"yoast_head":"<!-- This site is optimized with the Yoast SEO plugin v25.1 - https:\/\/yoast.com\/wordpress\/plugins\/seo\/ -->\n<title>Mexique : terre de contrastes et de vignobles - Temps Barcelona<\/title>\n<meta name=\"robots\" content=\"noindex, follow, max-snippet:-1, max-image-preview:large, max-video-preview:-1\" \/>\n<meta property=\"og:locale\" content=\"fr_FR\" \/>\n<meta property=\"og:type\" content=\"article\" \/>\n<meta property=\"og:title\" content=\"Mexique : terre de contrastes et de vignobles - Temps Barcelona\" \/>\n<meta property=\"og:description\" content=\"Bienvenue au Mexique, un pays riche en histoire, culture et diversit\u00e9 g\u00e9ographique. Situ\u00e9 en Am\u00e9rique du Nord, le Mexique est le troisi\u00e8me plus grand pays du continent, avec une superficie approximative de 1,96 million de kilom\u00e8tres carr\u00e9s. C&rsquo;est un pays de contrastes, o\u00f9 les civilisations anciennes se m\u00ealent \u00e0 la modernit\u00e9, o\u00f9 les paysages s&rsquo;\u00e9tendent [&hellip;]\" \/>\n<meta property=\"og:url\" content=\"https:\/\/www.tempsbarcelona.com\/fr\/mexique-terre-de-contrastes-et-de-vignobles\/\" \/>\n<meta property=\"og:site_name\" content=\"Temps Barcelona\" \/>\n<meta property=\"article:published_time\" content=\"2024-02-21T10:35:35+00:00\" \/>\n<meta property=\"article:modified_time\" content=\"2024-03-07T13:25:18+00:00\" \/>\n<meta property=\"og:image\" content=\"https:\/\/www.tempsbarcelona.com\/wp-content\/uploads\/2024\/02\/Screenshot-2024-02-21-11.35.02.png\" \/>\n\t<meta property=\"og:image:width\" content=\"781\" \/>\n\t<meta property=\"og:image:height\" content=\"418\" \/>\n\t<meta property=\"og:image:type\" content=\"image\/png\" \/>\n<meta name=\"author\" content=\"Viajero\" \/>\n<meta name=\"twitter:card\" content=\"summary_large_image\" \/>\n<meta name=\"twitter:label1\" content=\"\u00c9crit par\" \/>\n\t<meta name=\"twitter:data1\" content=\"Viajero\" \/>\n<script type=\"application\/ld+json\" class=\"yoast-schema-graph\">{\"@context\":\"https:\/\/schema.org\",\"@graph\":[{\"@type\":\"WebPage\",\"@id\":\"https:\/\/www.tempsbarcelona.com\/fr\/mexique-terre-de-contrastes-et-de-vignobles\/\",\"url\":\"https:\/\/www.tempsbarcelona.com\/fr\/mexique-terre-de-contrastes-et-de-vignobles\/\",\"name\":\"Mexique : terre de contrastes et de vignobles - Temps Barcelona\",\"isPartOf\":{\"@id\":\"https:\/\/www.tempsbarcelona.com\/fr\/#website\"},\"primaryImageOfPage\":{\"@id\":\"https:\/\/www.tempsbarcelona.com\/fr\/mexique-terre-de-contrastes-et-de-vignobles\/#primaryimage\"},\"image\":{\"@id\":\"https:\/\/www.tempsbarcelona.com\/fr\/mexique-terre-de-contrastes-et-de-vignobles\/#primaryimage\"},\"thumbnailUrl\":\"https:\/\/www.tempsbarcelona.com\/wp-content\/uploads\/2024\/02\/Screenshot-2024-02-21-11.35.02.png\",\"datePublished\":\"2024-02-21T10:35:35+00:00\",\"dateModified\":\"2024-03-07T13:25:18+00:00\",\"author\":{\"@id\":\"https:\/\/www.tempsbarcelona.com\/fr\/#\/schema\/person\/42e402d68007d6b23123a37e43aca822\"},\"breadcrumb\":{\"@id\":\"https:\/\/www.tempsbarcelona.com\/fr\/mexique-terre-de-contrastes-et-de-vignobles\/#breadcrumb\"},\"inLanguage\":\"fr-FR\",\"potentialAction\":[{\"@type\":\"ReadAction\",\"target\":[\"https:\/\/www.tempsbarcelona.com\/fr\/mexique-terre-de-contrastes-et-de-vignobles\/\"]}]},{\"@type\":\"ImageObject\",\"inLanguage\":\"fr-FR\",\"@id\":\"https:\/\/www.tempsbarcelona.com\/fr\/mexique-terre-de-contrastes-et-de-vignobles\/#primaryimage\",\"url\":\"https:\/\/www.tempsbarcelona.com\/wp-content\/uploads\/2024\/02\/Screenshot-2024-02-21-11.35.02.png\",\"contentUrl\":\"https:\/\/www.tempsbarcelona.com\/wp-content\/uploads\/2024\/02\/Screenshot-2024-02-21-11.35.02.png\",\"width\":781,\"height\":418},{\"@type\":\"BreadcrumbList\",\"@id\":\"https:\/\/www.tempsbarcelona.com\/fr\/mexique-terre-de-contrastes-et-de-vignobles\/#breadcrumb\",\"itemListElement\":[{\"@type\":\"ListItem\",\"position\":1,\"name\":\"Portada\",\"item\":\"https:\/\/www.tempsbarcelona.com\/fr\/temps-barcelona\/\"},{\"@type\":\"ListItem\",\"position\":2,\"name\":\"Mexique : terre de contrastes et de vignobles\"}]},{\"@type\":\"WebSite\",\"@id\":\"https:\/\/www.tempsbarcelona.com\/fr\/#website\",\"url\":\"https:\/\/www.tempsbarcelona.com\/fr\/\",\"name\":\"Temps Barcelona\",\"description\":\"\",\"potentialAction\":[{\"@type\":\"SearchAction\",\"target\":{\"@type\":\"EntryPoint\",\"urlTemplate\":\"https:\/\/www.tempsbarcelona.com\/fr\/?s={search_term_string}\"},\"query-input\":{\"@type\":\"PropertyValueSpecification\",\"valueRequired\":true,\"valueName\":\"search_term_string\"}}],\"inLanguage\":\"fr-FR\"},{\"@type\":\"Person\",\"@id\":\"https:\/\/www.tempsbarcelona.com\/fr\/#\/schema\/person\/42e402d68007d6b23123a37e43aca822\",\"name\":\"Viajero\",\"image\":{\"@type\":\"ImageObject\",\"inLanguage\":\"fr-FR\",\"@id\":\"https:\/\/www.tempsbarcelona.com\/fr\/#\/schema\/person\/image\/\",\"url\":\"https:\/\/secure.gravatar.com\/avatar\/adc63f40e2c832dac25e11feaef9ac523a32eaf25722d8b78fcb7c6603af7f85?s=96&d=mm&r=g\",\"contentUrl\":\"https:\/\/secure.gravatar.com\/avatar\/adc63f40e2c832dac25e11feaef9ac523a32eaf25722d8b78fcb7c6603af7f85?s=96&d=mm&r=g\",\"caption\":\"Viajero\"}}]}<\/script>\n<!-- \/ Yoast SEO plugin. -->","yoast_head_json":{"title":"Mexique : terre de contrastes et de vignobles - Temps Barcelona","robots":{"index":"noindex","follow":"follow","max-snippet":"max-snippet:-1","max-image-preview":"max-image-preview:large","max-video-preview":"max-video-preview:-1"},"og_locale":"fr_FR","og_type":"article","og_title":"Mexique : terre de contrastes et de vignobles - Temps Barcelona","og_description":"Bienvenue au Mexique, un pays riche en histoire, culture et diversit\u00e9 g\u00e9ographique. Situ\u00e9 en Am\u00e9rique du Nord, le Mexique est le troisi\u00e8me plus grand pays du continent, avec une superficie approximative de 1,96 million de kilom\u00e8tres carr\u00e9s. C&rsquo;est un pays de contrastes, o\u00f9 les civilisations anciennes se m\u00ealent \u00e0 la modernit\u00e9, o\u00f9 les paysages s&rsquo;\u00e9tendent [&hellip;]","og_url":"https:\/\/www.tempsbarcelona.com\/fr\/mexique-terre-de-contrastes-et-de-vignobles\/","og_site_name":"Temps Barcelona","article_published_time":"2024-02-21T10:35:35+00:00","article_modified_time":"2024-03-07T13:25:18+00:00","og_image":[{"width":781,"height":418,"url":"https:\/\/www.tempsbarcelona.com\/wp-content\/uploads\/2024\/02\/Screenshot-2024-02-21-11.35.02.png","type":"image\/png"}],"author":"Viajero","twitter_card":"summary_large_image","twitter_misc":{"\u00c9crit par":"Viajero"},"schema":{"@context":"https:\/\/schema.org","@graph":[{"@type":"WebPage","@id":"https:\/\/www.tempsbarcelona.com\/fr\/mexique-terre-de-contrastes-et-de-vignobles\/","url":"https:\/\/www.tempsbarcelona.com\/fr\/mexique-terre-de-contrastes-et-de-vignobles\/","name":"Mexique : terre de contrastes et de vignobles - Temps Barcelona","isPartOf":{"@id":"https:\/\/www.tempsbarcelona.com\/fr\/#website"},"primaryImageOfPage":{"@id":"https:\/\/www.tempsbarcelona.com\/fr\/mexique-terre-de-contrastes-et-de-vignobles\/#primaryimage"},"image":{"@id":"https:\/\/www.tempsbarcelona.com\/fr\/mexique-terre-de-contrastes-et-de-vignobles\/#primaryimage"},"thumbnailUrl":"https:\/\/www.tempsbarcelona.com\/wp-content\/uploads\/2024\/02\/Screenshot-2024-02-21-11.35.02.png","datePublished":"2024-02-21T10:35:35+00:00","dateModified":"2024-03-07T13:25:18+00:00","author":{"@id":"https:\/\/www.tempsbarcelona.com\/fr\/#\/schema\/person\/42e402d68007d6b23123a37e43aca822"},"breadcrumb":{"@id":"https:\/\/www.tempsbarcelona.com\/fr\/mexique-terre-de-contrastes-et-de-vignobles\/#breadcrumb"},"inLanguage":"fr-FR","potentialAction":[{"@type":"ReadAction","target":["https:\/\/www.tempsbarcelona.com\/fr\/mexique-terre-de-contrastes-et-de-vignobles\/"]}]},{"@type":"ImageObject","inLanguage":"fr-FR","@id":"https:\/\/www.tempsbarcelona.com\/fr\/mexique-terre-de-contrastes-et-de-vignobles\/#primaryimage","url":"https:\/\/www.tempsbarcelona.com\/wp-content\/uploads\/2024\/02\/Screenshot-2024-02-21-11.35.02.png","contentUrl":"https:\/\/www.tempsbarcelona.com\/wp-content\/uploads\/2024\/02\/Screenshot-2024-02-21-11.35.02.png","width":781,"height":418},{"@type":"BreadcrumbList","@id":"https:\/\/www.tempsbarcelona.com\/fr\/mexique-terre-de-contrastes-et-de-vignobles\/#breadcrumb","itemListElement":[{"@type":"ListItem","position":1,"name":"Portada","item":"https:\/\/www.tempsbarcelona.com\/fr\/temps-barcelona\/"},{"@type":"ListItem","position":2,"name":"Mexique : terre de contrastes et de vignobles"}]},{"@type":"WebSite","@id":"https:\/\/www.tempsbarcelona.com\/fr\/#website","url":"https:\/\/www.tempsbarcelona.com\/fr\/","name":"Temps Barcelona","description":"","potentialAction":[{"@type":"SearchAction","target":{"@type":"EntryPoint","urlTemplate":"https:\/\/www.tempsbarcelona.com\/fr\/?s={search_term_string}"},"query-input":{"@type":"PropertyValueSpecification","valueRequired":true,"valueName":"search_term_string"}}],"inLanguage":"fr-FR"},{"@type":"Person","@id":"https:\/\/www.tempsbarcelona.com\/fr\/#\/schema\/person\/42e402d68007d6b23123a37e43aca822","name":"Viajero","image":{"@type":"ImageObject","inLanguage":"fr-FR","@id":"https:\/\/www.tempsbarcelona.com\/fr\/#\/schema\/person\/image\/","url":"https:\/\/secure.gravatar.com\/avatar\/adc63f40e2c832dac25e11feaef9ac523a32eaf25722d8b78fcb7c6603af7f85?s=96&d=mm&r=g","contentUrl":"https:\/\/secure.gravatar.com\/avatar\/adc63f40e2c832dac25e11feaef9ac523a32eaf25722d8b78fcb7c6603af7f85?s=96&d=mm&r=g","caption":"Viajero"}}]}},"_links":{"self":[{"href":"https:\/\/www.tempsbarcelona.com\/fr\/wp-json\/wp\/v2\/posts\/1129","targetHints":{"allow":["GET"]}}],"collection":[{"href":"https:\/\/www.tempsbarcelona.com\/fr\/wp-json\/wp\/v2\/posts"}],"about":[{"href":"https:\/\/www.tempsbarcelona.com\/fr\/wp-json\/wp\/v2\/types\/post"}],"author":[{"embeddable":true,"href":"https:\/\/www.tempsbarcelona.com\/fr\/wp-json\/wp\/v2\/users\/2"}],"replies":[{"embeddable":true,"href":"https:\/\/www.tempsbarcelona.com\/fr\/wp-json\/wp\/v2\/comments?post=1129"}],"version-history":[{"count":1,"href":"https:\/\/www.tempsbarcelona.com\/fr\/wp-json\/wp\/v2\/posts\/1129\/revisions"}],"predecessor-version":[{"id":1130,"href":"https:\/\/www.tempsbarcelona.com\/fr\/wp-json\/wp\/v2\/posts\/1129\/revisions\/1130"}],"wp:featuredmedia":[{"embeddable":true,"href":"https:\/\/www.tempsbarcelona.com\/fr\/wp-json\/wp\/v2\/media\/627"}],"wp:attachment":[{"href":"https:\/\/www.tempsbarcelona.com\/fr\/wp-json\/wp\/v2\/media?parent=1129"}],"wp:term":[{"taxonomy":"category","embeddable":true,"href":"https:\/\/www.tempsbarcelona.com\/fr\/wp-json\/wp\/v2\/categories?post=1129"},{"taxonomy":"post_tag","embeddable":true,"href":"https:\/\/www.tempsbarcelona.com\/fr\/wp-json\/wp\/v2\/tags?post=1129"}],"curies":[{"name":"wp","href":"https:\/\/api.w.org\/{rel}","templated":true}]}}