{"id":1030,"date":"2024-02-26T09:40:21","date_gmt":"2024-02-26T09:40:21","guid":{"rendered":"https:\/\/derutasyvinos.com\/?p=1030"},"modified":"2024-03-05T10:42:57","modified_gmt":"2024-03-05T10:42:57","slug":"decouvrez-le-monastere-de-poblet","status":"publish","type":"post","link":"https:\/\/www.tempsbarcelona.com\/fr\/decouvrez-le-monastere-de-poblet\/","title":{"rendered":"D\u00e9couvrez le monast\u00e8re de Poblet"},"content":{"rendered":"<p><span style=\"font-weight: 400;\">Bienvenue au c\u0153ur spirituel de la r\u00e9gion du Priorat, o\u00f9 se rencontrent histoire, s\u00e9r\u00e9nit\u00e9, architecture majestueuse et gastronomie exquise : le monast\u00e8re de Poblet. Nich\u00e9 au pied des montagnes et entour\u00e9 de vignes verdoyantes, ce lieu embl\u00e9matique transporte le visiteur \u00e0 une \u00e9poque o\u00f9 le temps semblait s&rsquo;\u00eatre arr\u00eat\u00e9.<\/span><\/p>\n<h2><b>Histoire et spiritualit\u00e9<\/b><\/h2>\n<p><span style=\"font-weight: 400;\">Le monast\u00e8re de Poblet a une riche histoire qui remonte \u00e0 plus de 800 ans. Fond\u00e9e au XIIe si\u00e8cle, elle fut le lieu de repos \u00e9ternel des rois et des nobles. En parcourant ses clo\u00eetres, chapelles et salles sacr\u00e9es, on ressent un lien profond avec le pass\u00e9, une immersion dans la spiritualit\u00e9 qui impr\u00e8gne chaque pierre du monast\u00e8re.<\/span><\/p>\n<h2><b>Une architecture impressionnante<\/b><\/h2>\n<p><span style=\"font-weight: 400;\">L&rsquo;architecture du monast\u00e8re de Poblet est un chef-d&rsquo;\u0153uvre gothique qui suscite l&rsquo;admiration. Les arcs \u00e9l\u00e9gants, les d\u00e9tails sculpt\u00e9s et les vo\u00fbtes impressionnantes t\u00e9moignent du savoir-faire des artisans m\u00e9di\u00e9vaux. Chaque recoin du monast\u00e8re raconte une histoire, captivant l\u2019imagination des visiteurs par sa beaut\u00e9 intemporelle.<\/span><\/p>\n<h2><b>vie monastique<\/b><\/h2>\n<p><span style=\"font-weight: 400;\">Le monast\u00e8re continue d&rsquo;h\u00e9berger une communaut\u00e9 cistercienne. Les visiteurs peuvent d\u00e9couvrir la vie monastique en participant \u00e0 des visites guid\u00e9es. L&rsquo;atmosph\u00e8re tranquille et la simplicit\u00e9 de la vie quotidienne des moines offrent une pause bienvenue loin de l&rsquo;agitation de la vie moderne.<\/span><\/p>\n<h2><b>Jardins et vignobles<\/b><\/h2>\n<p><span style=\"font-weight: 400;\">Les jardins tranquilles qui entourent le monast\u00e8re sont un lieu id\u00e9al pour la contemplation. Des sentiers tranquilles m\u00e8nent \u00e0 des coins isol\u00e9s o\u00f9 vous pourrez m\u00e9diter en toute tranquillit\u00e9. Les vignobles environnants ajoutent une touche de magie au complexe, cr\u00e9ant une atmosph\u00e8re unique o\u00f9 spiritualit\u00e9 et nature se rejoignent.<\/span><\/p>\n<h2><b>Gastronomie divine<\/b><\/h2>\n<p><span style=\"font-weight: 400;\">Une visite au monast\u00e8re de Poblet ne serait pas compl\u00e8te sans savourer la divine gastronomie qui caract\u00e9rise cette r\u00e9gion viticole exceptionnelle. Les restaurants locaux, souvent tenus par des chefs passionn\u00e9s, proposent une cuisine catalane authentique. Les plats \u00e9labor\u00e9s avec des produits locaux, accompagn\u00e9s des meilleurs vins du Priorat, offrent une exp\u00e9rience culinaire inoubliable.<\/span><\/p>\n<h2><b>\u00c9v\u00e9nements culturels<\/b><\/h2>\n<p><span style=\"font-weight: 400;\">Le monast\u00e8re de Poblet n&rsquo;est pas seulement un lieu de pri\u00e8re, mais aussi le th\u00e9\u00e2tre d&rsquo;une grande vari\u00e9t\u00e9 d&rsquo;\u00e9v\u00e9nements culturels tout au long de l&rsquo;ann\u00e9e. Des concerts de musique sacr\u00e9e aux expositions d&rsquo;art, chaque \u00e9v\u00e9nement ajoute une nouvelle dimension \u00e0 l&rsquo;exp\u00e9rience du monast\u00e8re.<\/span><\/p>\n<p><span style=\"font-weight: 400;\">Pour atteindre ce sanctuaire spirituel et gastronomique, suivez la route pittoresque qui serpente \u00e0 travers les collines du Priorat. Une fois sur place, plongez-vous dans la magie du monast\u00e8re de Poblet.<\/span><span style=\"font-weight: 400;\"><br \/>\n<\/span><span style=\"font-weight: 400;\"> Le monast\u00e8re de Poblet offre bien plus qu\u2019une simple visite touristique. C&rsquo;est une immersion dans l&rsquo;histoire, la spiritualit\u00e9, la beaut\u00e9 intemporelle et une exp\u00e9rience gastronomique qui \u00e9l\u00e8ve le palais. Si vous recherchez une exp\u00e9rience qui nourrit l&rsquo;\u00e2me et les papilles, ne cherchez pas plus loin que ce tr\u00e9sor du Priorat.<\/span><\/p>\n","protected":false},"excerpt":{"rendered":"<p>Bienvenue au c\u0153ur spirituel de la r\u00e9gion du Priorat, o\u00f9 se rencontrent histoire, s\u00e9r\u00e9nit\u00e9, architecture majestueuse et gastronomie exquise : le monast\u00e8re de Poblet. Nich\u00e9 au pied des montagnes et entour\u00e9 de vignes verdoyantes, ce lieu embl\u00e9matique transporte le visiteur \u00e0 une \u00e9poque o\u00f9 le temps semblait s&rsquo;\u00eatre arr\u00eat\u00e9. Histoire et spiritualit\u00e9 Le monast\u00e8re de [&hellip;]<\/p>\n","protected":false},"author":2,"featured_media":701,"comment_status":"open","ping_status":"open","sticky":false,"template":"","format":"standard","meta":{"_et_pb_use_builder":"off","_et_pb_old_content":"","_et_gb_content_width":"","footnotes":""},"categories":[34],"tags":[],"class_list":["post-1030","post","type-post","status-publish","format-standard","has-post-thumbnail","hentry","category-non-classifiee"],"yoast_head":"<!-- This site is optimized with the Yoast SEO plugin v25.1 - https:\/\/yoast.com\/wordpress\/plugins\/seo\/ -->\n<title>D\u00e9couvrez le monast\u00e8re de Poblet - Temps Barcelona<\/title>\n<meta name=\"robots\" content=\"noindex, follow, max-snippet:-1, max-image-preview:large, max-video-preview:-1\" \/>\n<meta property=\"og:locale\" content=\"fr_FR\" \/>\n<meta property=\"og:type\" content=\"article\" \/>\n<meta property=\"og:title\" content=\"D\u00e9couvrez le monast\u00e8re de Poblet - Temps Barcelona\" \/>\n<meta property=\"og:description\" content=\"Bienvenue au c\u0153ur spirituel de la r\u00e9gion du Priorat, o\u00f9 se rencontrent histoire, s\u00e9r\u00e9nit\u00e9, architecture majestueuse et gastronomie exquise : le monast\u00e8re de Poblet. Nich\u00e9 au pied des montagnes et entour\u00e9 de vignes verdoyantes, ce lieu embl\u00e9matique transporte le visiteur \u00e0 une \u00e9poque o\u00f9 le temps semblait s&rsquo;\u00eatre arr\u00eat\u00e9. Histoire et spiritualit\u00e9 Le monast\u00e8re de [&hellip;]\" \/>\n<meta property=\"og:url\" content=\"https:\/\/www.tempsbarcelona.com\/fr\/decouvrez-le-monastere-de-poblet\/\" \/>\n<meta property=\"og:site_name\" content=\"Temps Barcelona\" \/>\n<meta property=\"article:published_time\" content=\"2024-02-26T09:40:21+00:00\" \/>\n<meta property=\"article:modified_time\" content=\"2024-03-05T10:42:57+00:00\" \/>\n<meta property=\"og:image\" content=\"https:\/\/www.tempsbarcelona.com\/wp-content\/uploads\/2024\/02\/Screenshot-2024-02-26-10.39.44.png\" \/>\n\t<meta property=\"og:image:width\" content=\"634\" \/>\n\t<meta property=\"og:image:height\" content=\"446\" \/>\n\t<meta property=\"og:image:type\" content=\"image\/png\" \/>\n<meta name=\"author\" content=\"Viajero\" \/>\n<meta name=\"twitter:card\" content=\"summary_large_image\" \/>\n<meta name=\"twitter:label1\" content=\"\u00c9crit par\" \/>\n\t<meta name=\"twitter:data1\" content=\"Viajero\" \/>\n\t<meta name=\"twitter:label2\" content=\"Dur\u00e9e de lecture estim\u00e9e\" \/>\n\t<meta name=\"twitter:data2\" content=\"2 minutes\" \/>\n<script type=\"application\/ld+json\" class=\"yoast-schema-graph\">{\"@context\":\"https:\/\/schema.org\",\"@graph\":[{\"@type\":\"WebPage\",\"@id\":\"https:\/\/www.tempsbarcelona.com\/fr\/decouvrez-le-monastere-de-poblet\/\",\"url\":\"https:\/\/www.tempsbarcelona.com\/fr\/decouvrez-le-monastere-de-poblet\/\",\"name\":\"D\u00e9couvrez le monast\u00e8re de Poblet - Temps Barcelona\",\"isPartOf\":{\"@id\":\"https:\/\/www.tempsbarcelona.com\/fr\/#website\"},\"primaryImageOfPage\":{\"@id\":\"https:\/\/www.tempsbarcelona.com\/fr\/decouvrez-le-monastere-de-poblet\/#primaryimage\"},\"image\":{\"@id\":\"https:\/\/www.tempsbarcelona.com\/fr\/decouvrez-le-monastere-de-poblet\/#primaryimage\"},\"thumbnailUrl\":\"https:\/\/www.tempsbarcelona.com\/wp-content\/uploads\/2024\/02\/Screenshot-2024-02-26-10.39.44.png\",\"datePublished\":\"2024-02-26T09:40:21+00:00\",\"dateModified\":\"2024-03-05T10:42:57+00:00\",\"author\":{\"@id\":\"https:\/\/www.tempsbarcelona.com\/fr\/#\/schema\/person\/42e402d68007d6b23123a37e43aca822\"},\"breadcrumb\":{\"@id\":\"https:\/\/www.tempsbarcelona.com\/fr\/decouvrez-le-monastere-de-poblet\/#breadcrumb\"},\"inLanguage\":\"fr-FR\",\"potentialAction\":[{\"@type\":\"ReadAction\",\"target\":[\"https:\/\/www.tempsbarcelona.com\/fr\/decouvrez-le-monastere-de-poblet\/\"]}]},{\"@type\":\"ImageObject\",\"inLanguage\":\"fr-FR\",\"@id\":\"https:\/\/www.tempsbarcelona.com\/fr\/decouvrez-le-monastere-de-poblet\/#primaryimage\",\"url\":\"https:\/\/www.tempsbarcelona.com\/wp-content\/uploads\/2024\/02\/Screenshot-2024-02-26-10.39.44.png\",\"contentUrl\":\"https:\/\/www.tempsbarcelona.com\/wp-content\/uploads\/2024\/02\/Screenshot-2024-02-26-10.39.44.png\",\"width\":634,\"height\":446},{\"@type\":\"BreadcrumbList\",\"@id\":\"https:\/\/www.tempsbarcelona.com\/fr\/decouvrez-le-monastere-de-poblet\/#breadcrumb\",\"itemListElement\":[{\"@type\":\"ListItem\",\"position\":1,\"name\":\"Portada\",\"item\":\"https:\/\/www.tempsbarcelona.com\/fr\/temps-barcelona\/\"},{\"@type\":\"ListItem\",\"position\":2,\"name\":\"D\u00e9couvrez le monast\u00e8re de Poblet\"}]},{\"@type\":\"WebSite\",\"@id\":\"https:\/\/www.tempsbarcelona.com\/fr\/#website\",\"url\":\"https:\/\/www.tempsbarcelona.com\/fr\/\",\"name\":\"Temps Barcelona\",\"description\":\"\",\"potentialAction\":[{\"@type\":\"SearchAction\",\"target\":{\"@type\":\"EntryPoint\",\"urlTemplate\":\"https:\/\/www.tempsbarcelona.com\/fr\/?s={search_term_string}\"},\"query-input\":{\"@type\":\"PropertyValueSpecification\",\"valueRequired\":true,\"valueName\":\"search_term_string\"}}],\"inLanguage\":\"fr-FR\"},{\"@type\":\"Person\",\"@id\":\"https:\/\/www.tempsbarcelona.com\/fr\/#\/schema\/person\/42e402d68007d6b23123a37e43aca822\",\"name\":\"Viajero\",\"image\":{\"@type\":\"ImageObject\",\"inLanguage\":\"fr-FR\",\"@id\":\"https:\/\/www.tempsbarcelona.com\/fr\/#\/schema\/person\/image\/\",\"url\":\"https:\/\/secure.gravatar.com\/avatar\/adc63f40e2c832dac25e11feaef9ac523a32eaf25722d8b78fcb7c6603af7f85?s=96&d=mm&r=g\",\"contentUrl\":\"https:\/\/secure.gravatar.com\/avatar\/adc63f40e2c832dac25e11feaef9ac523a32eaf25722d8b78fcb7c6603af7f85?s=96&d=mm&r=g\",\"caption\":\"Viajero\"}}]}<\/script>\n<!-- \/ Yoast SEO plugin. -->","yoast_head_json":{"title":"D\u00e9couvrez le monast\u00e8re de Poblet - Temps Barcelona","robots":{"index":"noindex","follow":"follow","max-snippet":"max-snippet:-1","max-image-preview":"max-image-preview:large","max-video-preview":"max-video-preview:-1"},"og_locale":"fr_FR","og_type":"article","og_title":"D\u00e9couvrez le monast\u00e8re de Poblet - Temps Barcelona","og_description":"Bienvenue au c\u0153ur spirituel de la r\u00e9gion du Priorat, o\u00f9 se rencontrent histoire, s\u00e9r\u00e9nit\u00e9, architecture majestueuse et gastronomie exquise : le monast\u00e8re de Poblet. Nich\u00e9 au pied des montagnes et entour\u00e9 de vignes verdoyantes, ce lieu embl\u00e9matique transporte le visiteur \u00e0 une \u00e9poque o\u00f9 le temps semblait s&rsquo;\u00eatre arr\u00eat\u00e9. Histoire et spiritualit\u00e9 Le monast\u00e8re de [&hellip;]","og_url":"https:\/\/www.tempsbarcelona.com\/fr\/decouvrez-le-monastere-de-poblet\/","og_site_name":"Temps Barcelona","article_published_time":"2024-02-26T09:40:21+00:00","article_modified_time":"2024-03-05T10:42:57+00:00","og_image":[{"width":634,"height":446,"url":"https:\/\/www.tempsbarcelona.com\/wp-content\/uploads\/2024\/02\/Screenshot-2024-02-26-10.39.44.png","type":"image\/png"}],"author":"Viajero","twitter_card":"summary_large_image","twitter_misc":{"\u00c9crit par":"Viajero","Dur\u00e9e de lecture estim\u00e9e":"2 minutes"},"schema":{"@context":"https:\/\/schema.org","@graph":[{"@type":"WebPage","@id":"https:\/\/www.tempsbarcelona.com\/fr\/decouvrez-le-monastere-de-poblet\/","url":"https:\/\/www.tempsbarcelona.com\/fr\/decouvrez-le-monastere-de-poblet\/","name":"D\u00e9couvrez le monast\u00e8re de Poblet - Temps Barcelona","isPartOf":{"@id":"https:\/\/www.tempsbarcelona.com\/fr\/#website"},"primaryImageOfPage":{"@id":"https:\/\/www.tempsbarcelona.com\/fr\/decouvrez-le-monastere-de-poblet\/#primaryimage"},"image":{"@id":"https:\/\/www.tempsbarcelona.com\/fr\/decouvrez-le-monastere-de-poblet\/#primaryimage"},"thumbnailUrl":"https:\/\/www.tempsbarcelona.com\/wp-content\/uploads\/2024\/02\/Screenshot-2024-02-26-10.39.44.png","datePublished":"2024-02-26T09:40:21+00:00","dateModified":"2024-03-05T10:42:57+00:00","author":{"@id":"https:\/\/www.tempsbarcelona.com\/fr\/#\/schema\/person\/42e402d68007d6b23123a37e43aca822"},"breadcrumb":{"@id":"https:\/\/www.tempsbarcelona.com\/fr\/decouvrez-le-monastere-de-poblet\/#breadcrumb"},"inLanguage":"fr-FR","potentialAction":[{"@type":"ReadAction","target":["https:\/\/www.tempsbarcelona.com\/fr\/decouvrez-le-monastere-de-poblet\/"]}]},{"@type":"ImageObject","inLanguage":"fr-FR","@id":"https:\/\/www.tempsbarcelona.com\/fr\/decouvrez-le-monastere-de-poblet\/#primaryimage","url":"https:\/\/www.tempsbarcelona.com\/wp-content\/uploads\/2024\/02\/Screenshot-2024-02-26-10.39.44.png","contentUrl":"https:\/\/www.tempsbarcelona.com\/wp-content\/uploads\/2024\/02\/Screenshot-2024-02-26-10.39.44.png","width":634,"height":446},{"@type":"BreadcrumbList","@id":"https:\/\/www.tempsbarcelona.com\/fr\/decouvrez-le-monastere-de-poblet\/#breadcrumb","itemListElement":[{"@type":"ListItem","position":1,"name":"Portada","item":"https:\/\/www.tempsbarcelona.com\/fr\/temps-barcelona\/"},{"@type":"ListItem","position":2,"name":"D\u00e9couvrez le monast\u00e8re de Poblet"}]},{"@type":"WebSite","@id":"https:\/\/www.tempsbarcelona.com\/fr\/#website","url":"https:\/\/www.tempsbarcelona.com\/fr\/","name":"Temps Barcelona","description":"","potentialAction":[{"@type":"SearchAction","target":{"@type":"EntryPoint","urlTemplate":"https:\/\/www.tempsbarcelona.com\/fr\/?s={search_term_string}"},"query-input":{"@type":"PropertyValueSpecification","valueRequired":true,"valueName":"search_term_string"}}],"inLanguage":"fr-FR"},{"@type":"Person","@id":"https:\/\/www.tempsbarcelona.com\/fr\/#\/schema\/person\/42e402d68007d6b23123a37e43aca822","name":"Viajero","image":{"@type":"ImageObject","inLanguage":"fr-FR","@id":"https:\/\/www.tempsbarcelona.com\/fr\/#\/schema\/person\/image\/","url":"https:\/\/secure.gravatar.com\/avatar\/adc63f40e2c832dac25e11feaef9ac523a32eaf25722d8b78fcb7c6603af7f85?s=96&d=mm&r=g","contentUrl":"https:\/\/secure.gravatar.com\/avatar\/adc63f40e2c832dac25e11feaef9ac523a32eaf25722d8b78fcb7c6603af7f85?s=96&d=mm&r=g","caption":"Viajero"}}]}},"_links":{"self":[{"href":"https:\/\/www.tempsbarcelona.com\/fr\/wp-json\/wp\/v2\/posts\/1030","targetHints":{"allow":["GET"]}}],"collection":[{"href":"https:\/\/www.tempsbarcelona.com\/fr\/wp-json\/wp\/v2\/posts"}],"about":[{"href":"https:\/\/www.tempsbarcelona.com\/fr\/wp-json\/wp\/v2\/types\/post"}],"author":[{"embeddable":true,"href":"https:\/\/www.tempsbarcelona.com\/fr\/wp-json\/wp\/v2\/users\/2"}],"replies":[{"embeddable":true,"href":"https:\/\/www.tempsbarcelona.com\/fr\/wp-json\/wp\/v2\/comments?post=1030"}],"version-history":[{"count":1,"href":"https:\/\/www.tempsbarcelona.com\/fr\/wp-json\/wp\/v2\/posts\/1030\/revisions"}],"predecessor-version":[{"id":1031,"href":"https:\/\/www.tempsbarcelona.com\/fr\/wp-json\/wp\/v2\/posts\/1030\/revisions\/1031"}],"wp:featuredmedia":[{"embeddable":true,"href":"https:\/\/www.tempsbarcelona.com\/fr\/wp-json\/wp\/v2\/media\/701"}],"wp:attachment":[{"href":"https:\/\/www.tempsbarcelona.com\/fr\/wp-json\/wp\/v2\/media?parent=1030"}],"wp:term":[{"taxonomy":"category","embeddable":true,"href":"https:\/\/www.tempsbarcelona.com\/fr\/wp-json\/wp\/v2\/categories?post=1030"},{"taxonomy":"post_tag","embeddable":true,"href":"https:\/\/www.tempsbarcelona.com\/fr\/wp-json\/wp\/v2\/tags?post=1030"}],"curies":[{"name":"wp","href":"https:\/\/api.w.org\/{rel}","templated":true}]}}