{"id":1006,"date":"2024-02-27T13:25:51","date_gmt":"2024-02-27T13:25:51","guid":{"rendered":"https:\/\/derutasyvinos.com\/?p=1006"},"modified":"2024-03-05T08:55:32","modified_gmt":"2024-03-05T08:55:32","slug":"le-bearn-histoire-nature-et-gastronomie","status":"publish","type":"post","link":"https:\/\/www.tempsbarcelona.com\/fr\/le-bearn-histoire-nature-et-gastronomie\/","title":{"rendered":"Le B\u00e9arn : histoire, nature et gastronomie"},"content":{"rendered":"<p><b>Bienvenue en B\u00e9arn, une r\u00e9gion du sud-ouest de la France qui allie harmonieusement histoire, nature et gastronomie. Au c\u0153ur des Pyr\u00e9n\u00e9es-Atlantiques, cette terre charg\u00e9e de l\u00e9gendes et de traditions offre une aventure riche en d\u00e9couvertes et plaisirs. Embarquez avec nous pour une exploration approfondie du B\u00e9arn, o\u00f9 chaque aspect de cette r\u00e9gion captivante invite \u00e0 la d\u00e9couverte.<\/b><\/p>\n<h2><b>Histoire et patrimoine<\/b><\/h2>\n<p><b>Le B\u00e9arn, au pass\u00e9 royal, est fier d&rsquo;\u00eatre le berceau du roi Henri IV. Le ch\u00e2teau de Pau, o\u00f9 naquit le futur roi en 1553, s&rsquo;\u00e9l\u00e8ve majestueusement au-dessus de la ville, offrant une immersion dans l&rsquo;histoire. Les \u00e9glises romanes, les anciennes bastides et les rues pav\u00e9es des villages m\u00e9di\u00e9vaux comme Sauveterre-de-B\u00e9arn transportent les visiteurs dans une autre \u00e9poque, r\u00e9v\u00e9lant l&rsquo;\u00e2me authentique du B\u00e9arn.<\/b><\/p>\n<h2><b>Une nature \u00e9poustouflante<\/b><\/h2>\n<p><b>Les Pyr\u00e9n\u00e9es offrent aux amoureux de la nature un terrain de jeu infini. Des sentiers de randonn\u00e9e sillonnent des vall\u00e9es luxuriantes, r\u00e9v\u00e9lant des panoramas \u00e9poustouflants. Le Cirque de Gavarnie, inscrit au patrimoine mondial de l&rsquo;UNESCO, est une merveille naturelle avec ses majestueuses cascades et ses impressionnantes parois rocheuses. Les amateurs de sports d&rsquo;hiver trouveront \u00e9galement de quoi faire dans les stations de ski des Pyr\u00e9n\u00e9es.<\/b><\/p>\n<h2><b>gastronomie gastronomique<\/b><\/h2>\n<p><b>La cuisine b\u00e9arnaise est une c\u00e9l\u00e9bration des saveurs locales. Commencez votre aventure culinaire avec le c\u00e9l\u00e8bre Jambon de Bayonne, suivi d&rsquo;une d\u00e9gustation du fromage Ossau-Iraty, produit dans les montagnes voisines. Plongez dans des plats traditionnels comme la Garbure, une soupe copieuse, ou la Poule au Pot, un classique revisit\u00e9 par Henri IV lui-m\u00eame. Pour couronner le tout, une portion de Tourte aux Noix, une d\u00e9licieuse sp\u00e9cialit\u00e9 sucr\u00e9e.<\/b><\/p>\n<h2><b>Vignobles et d\u00e9couvertes \u0153nologiques<\/b><\/h2>\n<p><b>Les collines b\u00e9arnaises abritent \u00e9galement des vignobles r\u00e9put\u00e9s, notamment dans le Juran\u00e7on. Les amateurs de vins pourront d\u00e9couvrir les vignobles, rencontrer des vignerons passionn\u00e9s et d\u00e9guster des vins blancs liquoreux r\u00e9put\u00e9s. Les c\u00e9pages locaux, comme le Gros Manseng et le Petit Manseng, conf\u00e8rent aux vins du Juran\u00e7on leur caract\u00e8re distinctif.<\/b><\/p>\n<h2><b>F\u00eates et traditions<\/b><\/h2>\n<p><b>Le B\u00e9arn regorge de f\u00eates et de traditions. Assistez \u00e0 la F\u00eate du Sel \u00e0 Salies-de-B\u00e9arn, une c\u00e9l\u00e9bration unique o\u00f9 les rues sont couvertes de sel, symbole de la riche histoire de la ville. Les courses landaises, m\u00e9lange de bravoure et de tradition taurine, captivent les spectateurs. Les f\u00eates de village, avec leurs danses folkloriques et leurs feux d&rsquo;artifice, offrent une immersion totale dans la joie de vivre b\u00e9arnaise.<\/b><\/p>\n<h2><b>L&rsquo;art de vivre b\u00e9arnaise<\/b><\/h2>\n<p><b>L&rsquo;art de vivre b\u00e9arnais se manifeste dans ses march\u00e9s anim\u00e9s, ses guinguettes et la chaleur de ses habitants. Les march\u00e9s color\u00e9s comme celui d&rsquo;Orthez regorgent de produits locaux, de fromages parfum\u00e9s, de fruits juteux et de savoureuses charcuteries. Les caf\u00e9s de la Place Royale de Pau vous invitent \u00e0 une pause d\u00e9tente, o\u00f9 le temps semble s&rsquo;arr\u00eater.Le B\u00e9arn est facilement accessible depuis Pau, principale ville de la r\u00e9gion, avec des liaisons routi\u00e8res et ferroviaires bien d\u00e9velopp\u00e9es. L&rsquo;a\u00e9roport de Pau-Pirineos facilite \u00e9galement l&rsquo;acc\u00e8s \u00e0 cette terre enchant\u00e9e.<\/b><\/p>\n<h2><b>Une aventure b\u00e9arnaise inoubliable<\/b><\/h2>\n<p><b>Que vous soyez amateur d&rsquo;histoire, de randonn\u00e9es, de gastronomie ou simplement en qu\u00eate d&rsquo;art de vivre authentique, le B\u00e9arn vous offre une exp\u00e9rience inoubliable. Impr\u00e9gnez-vous de la culture locale, savourez les d\u00e9lices gastronomiques et laissez-vous s\u00e9duire par la beaut\u00e9 intemporelle de cette r\u00e9gion du sud-ouest de la France.<\/b><\/p>\n","protected":false},"excerpt":{"rendered":"<p>Bienvenue en B\u00e9arn, une r\u00e9gion du sud-ouest de la France qui allie harmonieusement histoire, nature et gastronomie. Au c\u0153ur des Pyr\u00e9n\u00e9es-Atlantiques, cette terre charg\u00e9e de l\u00e9gendes et de traditions offre une aventure riche en d\u00e9couvertes et plaisirs. Embarquez avec nous pour une exploration approfondie du B\u00e9arn, o\u00f9 chaque aspect de cette r\u00e9gion captivante invite \u00e0 [&hellip;]<\/p>\n","protected":false},"author":2,"featured_media":2570,"comment_status":"open","ping_status":"open","sticky":false,"template":"","format":"standard","meta":{"_et_pb_use_builder":"off","_et_pb_old_content":"","_et_gb_content_width":"","footnotes":""},"categories":[34],"tags":[],"class_list":["post-1006","post","type-post","status-publish","format-standard","has-post-thumbnail","hentry","category-non-classifiee"],"yoast_head":"<!-- This site is optimized with the Yoast SEO plugin v25.1 - https:\/\/yoast.com\/wordpress\/plugins\/seo\/ -->\n<title>Le B\u00e9arn : histoire, nature et gastronomie - Temps Barcelona<\/title>\n<meta name=\"robots\" content=\"noindex, follow, max-snippet:-1, max-image-preview:large, max-video-preview:-1\" \/>\n<meta property=\"og:locale\" content=\"fr_FR\" \/>\n<meta property=\"og:type\" content=\"article\" \/>\n<meta property=\"og:title\" content=\"Le B\u00e9arn : histoire, nature et gastronomie - Temps Barcelona\" \/>\n<meta property=\"og:description\" content=\"Bienvenue en B\u00e9arn, une r\u00e9gion du sud-ouest de la France qui allie harmonieusement histoire, nature et gastronomie. Au c\u0153ur des Pyr\u00e9n\u00e9es-Atlantiques, cette terre charg\u00e9e de l\u00e9gendes et de traditions offre une aventure riche en d\u00e9couvertes et plaisirs. Embarquez avec nous pour une exploration approfondie du B\u00e9arn, o\u00f9 chaque aspect de cette r\u00e9gion captivante invite \u00e0 [&hellip;]\" \/>\n<meta property=\"og:url\" content=\"https:\/\/www.tempsbarcelona.com\/fr\/le-bearn-histoire-nature-et-gastronomie\/\" \/>\n<meta property=\"og:site_name\" content=\"Temps Barcelona\" \/>\n<meta property=\"article:published_time\" content=\"2024-02-27T13:25:51+00:00\" \/>\n<meta property=\"article:modified_time\" content=\"2024-03-05T08:55:32+00:00\" \/>\n<meta property=\"og:image\" content=\"https:\/\/www.tempsbarcelona.com\/wp-content\/uploads\/2024\/02\/IMG-20240403-WA0019.jpg\" \/>\n\t<meta property=\"og:image:width\" content=\"1920\" \/>\n\t<meta property=\"og:image:height\" content=\"1080\" \/>\n\t<meta property=\"og:image:type\" content=\"image\/jpeg\" \/>\n<meta name=\"author\" content=\"Viajero\" \/>\n<meta name=\"twitter:card\" content=\"summary_large_image\" \/>\n<meta name=\"twitter:label1\" content=\"\u00c9crit par\" \/>\n\t<meta name=\"twitter:data1\" content=\"Viajero\" \/>\n\t<meta name=\"twitter:label2\" content=\"Dur\u00e9e de lecture estim\u00e9e\" \/>\n\t<meta name=\"twitter:data2\" content=\"3 minutes\" \/>\n<script type=\"application\/ld+json\" class=\"yoast-schema-graph\">{\"@context\":\"https:\/\/schema.org\",\"@graph\":[{\"@type\":\"WebPage\",\"@id\":\"https:\/\/www.tempsbarcelona.com\/fr\/le-bearn-histoire-nature-et-gastronomie\/\",\"url\":\"https:\/\/www.tempsbarcelona.com\/fr\/le-bearn-histoire-nature-et-gastronomie\/\",\"name\":\"Le B\u00e9arn : histoire, nature et gastronomie - Temps Barcelona\",\"isPartOf\":{\"@id\":\"https:\/\/www.tempsbarcelona.com\/fr\/#website\"},\"primaryImageOfPage\":{\"@id\":\"https:\/\/www.tempsbarcelona.com\/fr\/le-bearn-histoire-nature-et-gastronomie\/#primaryimage\"},\"image\":{\"@id\":\"https:\/\/www.tempsbarcelona.com\/fr\/le-bearn-histoire-nature-et-gastronomie\/#primaryimage\"},\"thumbnailUrl\":\"https:\/\/www.tempsbarcelona.com\/wp-content\/uploads\/2024\/02\/IMG-20240403-WA0019.jpg\",\"datePublished\":\"2024-02-27T13:25:51+00:00\",\"dateModified\":\"2024-03-05T08:55:32+00:00\",\"author\":{\"@id\":\"https:\/\/www.tempsbarcelona.com\/fr\/#\/schema\/person\/42e402d68007d6b23123a37e43aca822\"},\"breadcrumb\":{\"@id\":\"https:\/\/www.tempsbarcelona.com\/fr\/le-bearn-histoire-nature-et-gastronomie\/#breadcrumb\"},\"inLanguage\":\"fr-FR\",\"potentialAction\":[{\"@type\":\"ReadAction\",\"target\":[\"https:\/\/www.tempsbarcelona.com\/fr\/le-bearn-histoire-nature-et-gastronomie\/\"]}]},{\"@type\":\"ImageObject\",\"inLanguage\":\"fr-FR\",\"@id\":\"https:\/\/www.tempsbarcelona.com\/fr\/le-bearn-histoire-nature-et-gastronomie\/#primaryimage\",\"url\":\"https:\/\/www.tempsbarcelona.com\/wp-content\/uploads\/2024\/02\/IMG-20240403-WA0019.jpg\",\"contentUrl\":\"https:\/\/www.tempsbarcelona.com\/wp-content\/uploads\/2024\/02\/IMG-20240403-WA0019.jpg\",\"width\":1920,\"height\":1080},{\"@type\":\"BreadcrumbList\",\"@id\":\"https:\/\/www.tempsbarcelona.com\/fr\/le-bearn-histoire-nature-et-gastronomie\/#breadcrumb\",\"itemListElement\":[{\"@type\":\"ListItem\",\"position\":1,\"name\":\"Portada\",\"item\":\"https:\/\/www.tempsbarcelona.com\/fr\/temps-barcelona\/\"},{\"@type\":\"ListItem\",\"position\":2,\"name\":\"Le B\u00e9arn : histoire, nature et gastronomie\"}]},{\"@type\":\"WebSite\",\"@id\":\"https:\/\/www.tempsbarcelona.com\/fr\/#website\",\"url\":\"https:\/\/www.tempsbarcelona.com\/fr\/\",\"name\":\"Temps Barcelona\",\"description\":\"\",\"potentialAction\":[{\"@type\":\"SearchAction\",\"target\":{\"@type\":\"EntryPoint\",\"urlTemplate\":\"https:\/\/www.tempsbarcelona.com\/fr\/?s={search_term_string}\"},\"query-input\":{\"@type\":\"PropertyValueSpecification\",\"valueRequired\":true,\"valueName\":\"search_term_string\"}}],\"inLanguage\":\"fr-FR\"},{\"@type\":\"Person\",\"@id\":\"https:\/\/www.tempsbarcelona.com\/fr\/#\/schema\/person\/42e402d68007d6b23123a37e43aca822\",\"name\":\"Viajero\",\"image\":{\"@type\":\"ImageObject\",\"inLanguage\":\"fr-FR\",\"@id\":\"https:\/\/www.tempsbarcelona.com\/fr\/#\/schema\/person\/image\/\",\"url\":\"https:\/\/secure.gravatar.com\/avatar\/adc63f40e2c832dac25e11feaef9ac523a32eaf25722d8b78fcb7c6603af7f85?s=96&d=mm&r=g\",\"contentUrl\":\"https:\/\/secure.gravatar.com\/avatar\/adc63f40e2c832dac25e11feaef9ac523a32eaf25722d8b78fcb7c6603af7f85?s=96&d=mm&r=g\",\"caption\":\"Viajero\"}}]}<\/script>\n<!-- \/ Yoast SEO plugin. -->","yoast_head_json":{"title":"Le B\u00e9arn : histoire, nature et gastronomie - Temps Barcelona","robots":{"index":"noindex","follow":"follow","max-snippet":"max-snippet:-1","max-image-preview":"max-image-preview:large","max-video-preview":"max-video-preview:-1"},"og_locale":"fr_FR","og_type":"article","og_title":"Le B\u00e9arn : histoire, nature et gastronomie - Temps Barcelona","og_description":"Bienvenue en B\u00e9arn, une r\u00e9gion du sud-ouest de la France qui allie harmonieusement histoire, nature et gastronomie. Au c\u0153ur des Pyr\u00e9n\u00e9es-Atlantiques, cette terre charg\u00e9e de l\u00e9gendes et de traditions offre une aventure riche en d\u00e9couvertes et plaisirs. Embarquez avec nous pour une exploration approfondie du B\u00e9arn, o\u00f9 chaque aspect de cette r\u00e9gion captivante invite \u00e0 [&hellip;]","og_url":"https:\/\/www.tempsbarcelona.com\/fr\/le-bearn-histoire-nature-et-gastronomie\/","og_site_name":"Temps Barcelona","article_published_time":"2024-02-27T13:25:51+00:00","article_modified_time":"2024-03-05T08:55:32+00:00","og_image":[{"width":1920,"height":1080,"url":"https:\/\/www.tempsbarcelona.com\/wp-content\/uploads\/2024\/02\/IMG-20240403-WA0019.jpg","type":"image\/jpeg"}],"author":"Viajero","twitter_card":"summary_large_image","twitter_misc":{"\u00c9crit par":"Viajero","Dur\u00e9e de lecture estim\u00e9e":"3 minutes"},"schema":{"@context":"https:\/\/schema.org","@graph":[{"@type":"WebPage","@id":"https:\/\/www.tempsbarcelona.com\/fr\/le-bearn-histoire-nature-et-gastronomie\/","url":"https:\/\/www.tempsbarcelona.com\/fr\/le-bearn-histoire-nature-et-gastronomie\/","name":"Le B\u00e9arn : histoire, nature et gastronomie - Temps Barcelona","isPartOf":{"@id":"https:\/\/www.tempsbarcelona.com\/fr\/#website"},"primaryImageOfPage":{"@id":"https:\/\/www.tempsbarcelona.com\/fr\/le-bearn-histoire-nature-et-gastronomie\/#primaryimage"},"image":{"@id":"https:\/\/www.tempsbarcelona.com\/fr\/le-bearn-histoire-nature-et-gastronomie\/#primaryimage"},"thumbnailUrl":"https:\/\/www.tempsbarcelona.com\/wp-content\/uploads\/2024\/02\/IMG-20240403-WA0019.jpg","datePublished":"2024-02-27T13:25:51+00:00","dateModified":"2024-03-05T08:55:32+00:00","author":{"@id":"https:\/\/www.tempsbarcelona.com\/fr\/#\/schema\/person\/42e402d68007d6b23123a37e43aca822"},"breadcrumb":{"@id":"https:\/\/www.tempsbarcelona.com\/fr\/le-bearn-histoire-nature-et-gastronomie\/#breadcrumb"},"inLanguage":"fr-FR","potentialAction":[{"@type":"ReadAction","target":["https:\/\/www.tempsbarcelona.com\/fr\/le-bearn-histoire-nature-et-gastronomie\/"]}]},{"@type":"ImageObject","inLanguage":"fr-FR","@id":"https:\/\/www.tempsbarcelona.com\/fr\/le-bearn-histoire-nature-et-gastronomie\/#primaryimage","url":"https:\/\/www.tempsbarcelona.com\/wp-content\/uploads\/2024\/02\/IMG-20240403-WA0019.jpg","contentUrl":"https:\/\/www.tempsbarcelona.com\/wp-content\/uploads\/2024\/02\/IMG-20240403-WA0019.jpg","width":1920,"height":1080},{"@type":"BreadcrumbList","@id":"https:\/\/www.tempsbarcelona.com\/fr\/le-bearn-histoire-nature-et-gastronomie\/#breadcrumb","itemListElement":[{"@type":"ListItem","position":1,"name":"Portada","item":"https:\/\/www.tempsbarcelona.com\/fr\/temps-barcelona\/"},{"@type":"ListItem","position":2,"name":"Le B\u00e9arn : histoire, nature et gastronomie"}]},{"@type":"WebSite","@id":"https:\/\/www.tempsbarcelona.com\/fr\/#website","url":"https:\/\/www.tempsbarcelona.com\/fr\/","name":"Temps Barcelona","description":"","potentialAction":[{"@type":"SearchAction","target":{"@type":"EntryPoint","urlTemplate":"https:\/\/www.tempsbarcelona.com\/fr\/?s={search_term_string}"},"query-input":{"@type":"PropertyValueSpecification","valueRequired":true,"valueName":"search_term_string"}}],"inLanguage":"fr-FR"},{"@type":"Person","@id":"https:\/\/www.tempsbarcelona.com\/fr\/#\/schema\/person\/42e402d68007d6b23123a37e43aca822","name":"Viajero","image":{"@type":"ImageObject","inLanguage":"fr-FR","@id":"https:\/\/www.tempsbarcelona.com\/fr\/#\/schema\/person\/image\/","url":"https:\/\/secure.gravatar.com\/avatar\/adc63f40e2c832dac25e11feaef9ac523a32eaf25722d8b78fcb7c6603af7f85?s=96&d=mm&r=g","contentUrl":"https:\/\/secure.gravatar.com\/avatar\/adc63f40e2c832dac25e11feaef9ac523a32eaf25722d8b78fcb7c6603af7f85?s=96&d=mm&r=g","caption":"Viajero"}}]}},"_links":{"self":[{"href":"https:\/\/www.tempsbarcelona.com\/fr\/wp-json\/wp\/v2\/posts\/1006","targetHints":{"allow":["GET"]}}],"collection":[{"href":"https:\/\/www.tempsbarcelona.com\/fr\/wp-json\/wp\/v2\/posts"}],"about":[{"href":"https:\/\/www.tempsbarcelona.com\/fr\/wp-json\/wp\/v2\/types\/post"}],"author":[{"embeddable":true,"href":"https:\/\/www.tempsbarcelona.com\/fr\/wp-json\/wp\/v2\/users\/2"}],"replies":[{"embeddable":true,"href":"https:\/\/www.tempsbarcelona.com\/fr\/wp-json\/wp\/v2\/comments?post=1006"}],"version-history":[{"count":1,"href":"https:\/\/www.tempsbarcelona.com\/fr\/wp-json\/wp\/v2\/posts\/1006\/revisions"}],"predecessor-version":[{"id":1007,"href":"https:\/\/www.tempsbarcelona.com\/fr\/wp-json\/wp\/v2\/posts\/1006\/revisions\/1007"}],"wp:featuredmedia":[{"embeddable":true,"href":"https:\/\/www.tempsbarcelona.com\/fr\/wp-json\/wp\/v2\/media\/2570"}],"wp:attachment":[{"href":"https:\/\/www.tempsbarcelona.com\/fr\/wp-json\/wp\/v2\/media?parent=1006"}],"wp:term":[{"taxonomy":"category","embeddable":true,"href":"https:\/\/www.tempsbarcelona.com\/fr\/wp-json\/wp\/v2\/categories?post=1006"},{"taxonomy":"post_tag","embeddable":true,"href":"https:\/\/www.tempsbarcelona.com\/fr\/wp-json\/wp\/v2\/tags?post=1006"}],"curies":[{"name":"wp","href":"https:\/\/api.w.org\/{rel}","templated":true}]}}