{"id":970,"date":"2024-02-29T13:57:25","date_gmt":"2024-02-29T13:57:25","guid":{"rendered":"https:\/\/derutasyvinos.com\/?p=970"},"modified":"2024-03-21T13:59:49","modified_gmt":"2024-03-21T13:59:49","slug":"celler-masroig-discovering-the-legend-of-pinyeres-negre","status":"publish","type":"post","link":"https:\/\/www.tempsbarcelona.com\/en\/celler-masroig-discovering-the-legend-of-pinyeres-negre\/","title":{"rendered":"Celler Masroig: Discovering the Legend of Pinyeres Negre"},"content":{"rendered":"<h2><span style=\"vertical-align: inherit;\"><span style=\"vertical-align: inherit;\">Une histoire dans chaque gorg\u00e9e<\/span><\/span><\/h2>\n<p><span style=\"vertical-align: inherit;\"><span style=\"vertical-align: inherit;\">Plongeons dans l&#8217;histoire de Pinyeres Negre, l&#8217;un des classiques immortels de Celler Masroig. <\/span><span style=\"vertical-align: inherit;\">A l&#8217;origine un assemblage de c\u00e9pages, il se distingue aujourd&#8217;hui par la pr\u00e9sence pr\u00e9dominante de Cari\u00f1ena et de Grenache. <\/span><span style=\"vertical-align: inherit;\">Son nom \u00e9voque une l\u00e9gende fascinante, dans laquelle Pinyeres repr\u00e9sente une ancienne ville d\u00e9vast\u00e9e par un soldat amoureux d&#8217;une jeune fille locale. <\/span><span style=\"vertical-align: inherit;\">Un vin qui tisse une histoire en bouche \u00e0 chaque gorg\u00e9e.<\/span><\/span><\/p>\n<p><span style=\"vertical-align: inherit;\"><span style=\"vertical-align: inherit;\">L&#8217;exp\u00e9rience sensorielle commence par une couleur cerise intense qui anticipe la richesse \u00e0 manger. <\/span><span style=\"vertical-align: inherit;\">Les ar\u00f4mes r\u00e9veillent des souvenirs d&#8217;herbes s\u00e9ch\u00e9es, de ch\u00eane cr\u00e9meux, de chocolat et de fruits noirs. <\/span><span style=\"vertical-align: inherit;\">Chaque nuance est une page qui r\u00e9v\u00e8le l&#8217;engagement de Masroig \u00e0 cr\u00e9er des vins de caract\u00e8re et de profondeur.<\/span><\/span><\/p>\n<h2><span style=\"vertical-align: inherit;\"><span style=\"vertical-align: inherit;\">Des saveurs qui r\u00e9sonnent avec la tradition<\/span><\/span><\/h2>\n<p><span style=\"vertical-align: inherit;\"><span style=\"vertical-align: inherit;\">La bouche est plong\u00e9e dans une symphonie de fruits m\u00fbrs, d&#8217;\u00e9pices et de tanins d\u00e9licatement m\u00fbrs. <\/span><span style=\"vertical-align: inherit;\">Chaque gorg\u00e9e est un hommage \u00e0 la ma\u00eetrise \u0153nologique, o\u00f9 la fusion des saveurs raconte l&#8217;histoire du terroir et l&#8217;engagement de longue date de Celler Masroig.<\/span><\/span><\/p>\n<h2><span style=\"vertical-align: inherit;\"><span style=\"vertical-align: inherit;\">Gardiens de la tradition depuis 1917<\/span><\/span><\/h2>\n<p><span style=\"vertical-align: inherit;\"><span style=\"vertical-align: inherit;\">Enracin\u00e9e dans l&#8217;essence viticole du Priorat, Celler Masroig a pr\u00e9serv\u00e9 son patrimoine depuis sa fondation en 1917. Depuis plus de 100 ans, elle est un phare d&#8217;innovation et d&#8217;apprentissage continu. <\/span><span style=\"vertical-align: inherit;\">C&#8217;est aujourd&#8217;hui l&#8217;un des domaines viticoles les plus respect\u00e9s de l&#8217;appellation Montsant.<\/span><\/span><\/p>\n<p><span style=\"vertical-align: inherit;\"><span style=\"vertical-align: inherit;\">Depuis sa cr\u00e9ation, les membres de Celler Masroig travaillent sans rel\u00e2che, int\u00e9grant de nouvelles connaissances et techniques de pointe. <\/span><span style=\"vertical-align: inherit;\">Chaque mill\u00e9sime est l&#8217;occasion de se r\u00e9inventer, d\u00e9montrant que tradition et innovation peuvent cohabiter en harmonie.<\/span><\/span><\/p>\n<h2><span style=\"vertical-align: inherit;\"><span style=\"vertical-align: inherit;\">Explorez Montsant depuis Masroig<\/span><\/span><\/h2>\n<p><span style=\"vertical-align: inherit;\"><span style=\"vertical-align: inherit;\">Situ\u00e9 dans la r\u00e9gion du Priorat, Celler Masroig produit non seulement des vins d&#8217;exception, mais vous invite \u00e9galement \u00e0 d\u00e9couvrir la riche tradition viticole du Montsant. <\/span><span style=\"vertical-align: inherit;\">Chaque bouteille est une porte d&#8217;entr\u00e9e vers le terroir, l&#8217;histoire et la passion qui d\u00e9finissent cette r\u00e9gion unique.<\/span><\/span><\/p>\n","protected":false},"excerpt":{"rendered":"<p>Une histoire dans chaque gorg\u00e9e Plongeons dans l&#8217;histoire de Pinyeres Negre, l&#8217;un des classiques immortels de Celler Masroig. A l&#8217;origine un assemblage de c\u00e9pages, il se distingue aujourd&#8217;hui par la pr\u00e9sence pr\u00e9dominante de Cari\u00f1ena et de Grenache. Son nom \u00e9voque une l\u00e9gende fascinante, dans laquelle Pinyeres repr\u00e9sente une ancienne ville d\u00e9vast\u00e9e par un soldat amoureux [&hellip;]<\/p>\n","protected":false},"author":2,"featured_media":2756,"comment_status":"open","ping_status":"open","sticky":false,"template":"","format":"standard","meta":{"_et_pb_use_builder":"","_et_pb_old_content":"","_et_gb_content_width":"","footnotes":""},"categories":[1],"tags":[],"class_list":["post-970","post","type-post","status-publish","format-standard","has-post-thumbnail","hentry","category-sin-categorizar"],"yoast_head":"<!-- This site is optimized with the Yoast SEO plugin v25.1 - https:\/\/yoast.com\/wordpress\/plugins\/seo\/ -->\n<title>Celler Masroig: Discovering the Legend of Pinyeres Negre - Temps Barcelona<\/title>\n<meta name=\"robots\" content=\"noindex, follow, max-snippet:-1, max-image-preview:large, max-video-preview:-1\" \/>\n<meta property=\"og:locale\" content=\"en_US\" \/>\n<meta property=\"og:type\" content=\"article\" \/>\n<meta property=\"og:title\" content=\"Celler Masroig: Discovering the Legend of Pinyeres Negre - Temps Barcelona\" \/>\n<meta property=\"og:description\" content=\"Une histoire dans chaque gorg\u00e9e Plongeons dans l&#8217;histoire de Pinyeres Negre, l&#8217;un des classiques immortels de Celler Masroig. A l&#8217;origine un assemblage de c\u00e9pages, il se distingue aujourd&#8217;hui par la pr\u00e9sence pr\u00e9dominante de Cari\u00f1ena et de Grenache. Son nom \u00e9voque une l\u00e9gende fascinante, dans laquelle Pinyeres repr\u00e9sente une ancienne ville d\u00e9vast\u00e9e par un soldat amoureux [&hellip;]\" \/>\n<meta property=\"og:url\" content=\"https:\/\/www.tempsbarcelona.com\/en\/celler-masroig-discovering-the-legend-of-pinyeres-negre\/\" \/>\n<meta property=\"og:site_name\" content=\"Temps Barcelona\" \/>\n<meta property=\"article:published_time\" content=\"2024-02-29T13:57:25+00:00\" \/>\n<meta property=\"article:modified_time\" content=\"2024-03-21T13:59:49+00:00\" \/>\n<meta property=\"og:image\" content=\"https:\/\/www.tempsbarcelona.com\/wp-content\/uploads\/2024\/02\/IMG-20240516-WA0020.jpg\" \/>\n\t<meta property=\"og:image:width\" content=\"1500\" \/>\n\t<meta property=\"og:image:height\" content=\"2000\" \/>\n\t<meta property=\"og:image:type\" content=\"image\/jpeg\" \/>\n<meta name=\"author\" content=\"Viajero\" \/>\n<meta name=\"twitter:card\" content=\"summary_large_image\" \/>\n<meta name=\"twitter:label1\" content=\"Written by\" \/>\n\t<meta name=\"twitter:data1\" content=\"Viajero\" \/>\n\t<meta name=\"twitter:label2\" content=\"Est. reading time\" \/>\n\t<meta name=\"twitter:data2\" content=\"2 minutes\" \/>\n<script type=\"application\/ld+json\" class=\"yoast-schema-graph\">{\"@context\":\"https:\/\/schema.org\",\"@graph\":[{\"@type\":\"WebPage\",\"@id\":\"https:\/\/www.tempsbarcelona.com\/en\/celler-masroig-discovering-the-legend-of-pinyeres-negre\/\",\"url\":\"https:\/\/www.tempsbarcelona.com\/en\/celler-masroig-discovering-the-legend-of-pinyeres-negre\/\",\"name\":\"Celler Masroig: Discovering the Legend of Pinyeres Negre - Temps Barcelona\",\"isPartOf\":{\"@id\":\"https:\/\/www.tempsbarcelona.com\/en\/#website\"},\"primaryImageOfPage\":{\"@id\":\"https:\/\/www.tempsbarcelona.com\/en\/celler-masroig-discovering-the-legend-of-pinyeres-negre\/#primaryimage\"},\"image\":{\"@id\":\"https:\/\/www.tempsbarcelona.com\/en\/celler-masroig-discovering-the-legend-of-pinyeres-negre\/#primaryimage\"},\"thumbnailUrl\":\"https:\/\/www.tempsbarcelona.com\/wp-content\/uploads\/2024\/02\/IMG-20240516-WA0020.jpg\",\"datePublished\":\"2024-02-29T13:57:25+00:00\",\"dateModified\":\"2024-03-21T13:59:49+00:00\",\"author\":{\"@id\":\"https:\/\/www.tempsbarcelona.com\/en\/#\/schema\/person\/42e402d68007d6b23123a37e43aca822\"},\"breadcrumb\":{\"@id\":\"https:\/\/www.tempsbarcelona.com\/en\/celler-masroig-discovering-the-legend-of-pinyeres-negre\/#breadcrumb\"},\"inLanguage\":\"en-US\",\"potentialAction\":[{\"@type\":\"ReadAction\",\"target\":[\"https:\/\/www.tempsbarcelona.com\/en\/celler-masroig-discovering-the-legend-of-pinyeres-negre\/\"]}]},{\"@type\":\"ImageObject\",\"inLanguage\":\"en-US\",\"@id\":\"https:\/\/www.tempsbarcelona.com\/en\/celler-masroig-discovering-the-legend-of-pinyeres-negre\/#primaryimage\",\"url\":\"https:\/\/www.tempsbarcelona.com\/wp-content\/uploads\/2024\/02\/IMG-20240516-WA0020.jpg\",\"contentUrl\":\"https:\/\/www.tempsbarcelona.com\/wp-content\/uploads\/2024\/02\/IMG-20240516-WA0020.jpg\",\"width\":1500,\"height\":2000},{\"@type\":\"BreadcrumbList\",\"@id\":\"https:\/\/www.tempsbarcelona.com\/en\/celler-masroig-discovering-the-legend-of-pinyeres-negre\/#breadcrumb\",\"itemListElement\":[{\"@type\":\"ListItem\",\"position\":1,\"name\":\"Portada\",\"item\":\"https:\/\/www.tempsbarcelona.com\/en\/temps-barcelona\/\"},{\"@type\":\"ListItem\",\"position\":2,\"name\":\"Celler Masroig: Discovering the Legend of Pinyeres Negre\"}]},{\"@type\":\"WebSite\",\"@id\":\"https:\/\/www.tempsbarcelona.com\/en\/#website\",\"url\":\"https:\/\/www.tempsbarcelona.com\/en\/\",\"name\":\"Temps Barcelona\",\"description\":\"\",\"potentialAction\":[{\"@type\":\"SearchAction\",\"target\":{\"@type\":\"EntryPoint\",\"urlTemplate\":\"https:\/\/www.tempsbarcelona.com\/en\/?s={search_term_string}\"},\"query-input\":{\"@type\":\"PropertyValueSpecification\",\"valueRequired\":true,\"valueName\":\"search_term_string\"}}],\"inLanguage\":\"en-US\"},{\"@type\":\"Person\",\"@id\":\"https:\/\/www.tempsbarcelona.com\/en\/#\/schema\/person\/42e402d68007d6b23123a37e43aca822\",\"name\":\"Viajero\",\"image\":{\"@type\":\"ImageObject\",\"inLanguage\":\"en-US\",\"@id\":\"https:\/\/www.tempsbarcelona.com\/en\/#\/schema\/person\/image\/\",\"url\":\"https:\/\/secure.gravatar.com\/avatar\/adc63f40e2c832dac25e11feaef9ac523a32eaf25722d8b78fcb7c6603af7f85?s=96&d=mm&r=g\",\"contentUrl\":\"https:\/\/secure.gravatar.com\/avatar\/adc63f40e2c832dac25e11feaef9ac523a32eaf25722d8b78fcb7c6603af7f85?s=96&d=mm&r=g\",\"caption\":\"Viajero\"}}]}<\/script>\n<!-- \/ Yoast SEO plugin. -->","yoast_head_json":{"title":"Celler Masroig: Discovering the Legend of Pinyeres Negre - Temps Barcelona","robots":{"index":"noindex","follow":"follow","max-snippet":"max-snippet:-1","max-image-preview":"max-image-preview:large","max-video-preview":"max-video-preview:-1"},"og_locale":"en_US","og_type":"article","og_title":"Celler Masroig: Discovering the Legend of Pinyeres Negre - Temps Barcelona","og_description":"Une histoire dans chaque gorg\u00e9e Plongeons dans l&#8217;histoire de Pinyeres Negre, l&#8217;un des classiques immortels de Celler Masroig. A l&#8217;origine un assemblage de c\u00e9pages, il se distingue aujourd&#8217;hui par la pr\u00e9sence pr\u00e9dominante de Cari\u00f1ena et de Grenache. Son nom \u00e9voque une l\u00e9gende fascinante, dans laquelle Pinyeres repr\u00e9sente une ancienne ville d\u00e9vast\u00e9e par un soldat amoureux [&hellip;]","og_url":"https:\/\/www.tempsbarcelona.com\/en\/celler-masroig-discovering-the-legend-of-pinyeres-negre\/","og_site_name":"Temps Barcelona","article_published_time":"2024-02-29T13:57:25+00:00","article_modified_time":"2024-03-21T13:59:49+00:00","og_image":[{"width":1500,"height":2000,"url":"https:\/\/www.tempsbarcelona.com\/wp-content\/uploads\/2024\/02\/IMG-20240516-WA0020.jpg","type":"image\/jpeg"}],"author":"Viajero","twitter_card":"summary_large_image","twitter_misc":{"Written by":"Viajero","Est. reading time":"2 minutes"},"schema":{"@context":"https:\/\/schema.org","@graph":[{"@type":"WebPage","@id":"https:\/\/www.tempsbarcelona.com\/en\/celler-masroig-discovering-the-legend-of-pinyeres-negre\/","url":"https:\/\/www.tempsbarcelona.com\/en\/celler-masroig-discovering-the-legend-of-pinyeres-negre\/","name":"Celler Masroig: Discovering the Legend of Pinyeres Negre - Temps Barcelona","isPartOf":{"@id":"https:\/\/www.tempsbarcelona.com\/en\/#website"},"primaryImageOfPage":{"@id":"https:\/\/www.tempsbarcelona.com\/en\/celler-masroig-discovering-the-legend-of-pinyeres-negre\/#primaryimage"},"image":{"@id":"https:\/\/www.tempsbarcelona.com\/en\/celler-masroig-discovering-the-legend-of-pinyeres-negre\/#primaryimage"},"thumbnailUrl":"https:\/\/www.tempsbarcelona.com\/wp-content\/uploads\/2024\/02\/IMG-20240516-WA0020.jpg","datePublished":"2024-02-29T13:57:25+00:00","dateModified":"2024-03-21T13:59:49+00:00","author":{"@id":"https:\/\/www.tempsbarcelona.com\/en\/#\/schema\/person\/42e402d68007d6b23123a37e43aca822"},"breadcrumb":{"@id":"https:\/\/www.tempsbarcelona.com\/en\/celler-masroig-discovering-the-legend-of-pinyeres-negre\/#breadcrumb"},"inLanguage":"en-US","potentialAction":[{"@type":"ReadAction","target":["https:\/\/www.tempsbarcelona.com\/en\/celler-masroig-discovering-the-legend-of-pinyeres-negre\/"]}]},{"@type":"ImageObject","inLanguage":"en-US","@id":"https:\/\/www.tempsbarcelona.com\/en\/celler-masroig-discovering-the-legend-of-pinyeres-negre\/#primaryimage","url":"https:\/\/www.tempsbarcelona.com\/wp-content\/uploads\/2024\/02\/IMG-20240516-WA0020.jpg","contentUrl":"https:\/\/www.tempsbarcelona.com\/wp-content\/uploads\/2024\/02\/IMG-20240516-WA0020.jpg","width":1500,"height":2000},{"@type":"BreadcrumbList","@id":"https:\/\/www.tempsbarcelona.com\/en\/celler-masroig-discovering-the-legend-of-pinyeres-negre\/#breadcrumb","itemListElement":[{"@type":"ListItem","position":1,"name":"Portada","item":"https:\/\/www.tempsbarcelona.com\/en\/temps-barcelona\/"},{"@type":"ListItem","position":2,"name":"Celler Masroig: Discovering the Legend of Pinyeres Negre"}]},{"@type":"WebSite","@id":"https:\/\/www.tempsbarcelona.com\/en\/#website","url":"https:\/\/www.tempsbarcelona.com\/en\/","name":"Temps Barcelona","description":"","potentialAction":[{"@type":"SearchAction","target":{"@type":"EntryPoint","urlTemplate":"https:\/\/www.tempsbarcelona.com\/en\/?s={search_term_string}"},"query-input":{"@type":"PropertyValueSpecification","valueRequired":true,"valueName":"search_term_string"}}],"inLanguage":"en-US"},{"@type":"Person","@id":"https:\/\/www.tempsbarcelona.com\/en\/#\/schema\/person\/42e402d68007d6b23123a37e43aca822","name":"Viajero","image":{"@type":"ImageObject","inLanguage":"en-US","@id":"https:\/\/www.tempsbarcelona.com\/en\/#\/schema\/person\/image\/","url":"https:\/\/secure.gravatar.com\/avatar\/adc63f40e2c832dac25e11feaef9ac523a32eaf25722d8b78fcb7c6603af7f85?s=96&d=mm&r=g","contentUrl":"https:\/\/secure.gravatar.com\/avatar\/adc63f40e2c832dac25e11feaef9ac523a32eaf25722d8b78fcb7c6603af7f85?s=96&d=mm&r=g","caption":"Viajero"}}]}},"_links":{"self":[{"href":"https:\/\/www.tempsbarcelona.com\/en\/wp-json\/wp\/v2\/posts\/970","targetHints":{"allow":["GET"]}}],"collection":[{"href":"https:\/\/www.tempsbarcelona.com\/en\/wp-json\/wp\/v2\/posts"}],"about":[{"href":"https:\/\/www.tempsbarcelona.com\/en\/wp-json\/wp\/v2\/types\/post"}],"author":[{"embeddable":true,"href":"https:\/\/www.tempsbarcelona.com\/en\/wp-json\/wp\/v2\/users\/2"}],"replies":[{"embeddable":true,"href":"https:\/\/www.tempsbarcelona.com\/en\/wp-json\/wp\/v2\/comments?post=970"}],"version-history":[{"count":2,"href":"https:\/\/www.tempsbarcelona.com\/en\/wp-json\/wp\/v2\/posts\/970\/revisions"}],"predecessor-version":[{"id":1473,"href":"https:\/\/www.tempsbarcelona.com\/en\/wp-json\/wp\/v2\/posts\/970\/revisions\/1473"}],"wp:featuredmedia":[{"embeddable":true,"href":"https:\/\/www.tempsbarcelona.com\/en\/wp-json\/wp\/v2\/media\/2756"}],"wp:attachment":[{"href":"https:\/\/www.tempsbarcelona.com\/en\/wp-json\/wp\/v2\/media?parent=970"}],"wp:term":[{"taxonomy":"category","embeddable":true,"href":"https:\/\/www.tempsbarcelona.com\/en\/wp-json\/wp\/v2\/categories?post=970"},{"taxonomy":"post_tag","embeddable":true,"href":"https:\/\/www.tempsbarcelona.com\/en\/wp-json\/wp\/v2\/tags?post=970"}],"curies":[{"name":"wp","href":"https:\/\/api.w.org\/{rel}","templated":true}]}}