{"id":1437,"date":"2024-03-14T10:12:10","date_gmt":"2024-03-14T10:12:10","guid":{"rendered":"https:\/\/derutasyvinos.com\/?p=1437"},"modified":"2024-03-25T09:40:03","modified_gmt":"2024-03-25T09:40:03","slug":"the-basque-country-a-journey-through-living-culture-and-dazzling-nature","status":"publish","type":"post","link":"https:\/\/www.tempsbarcelona.com\/en\/the-basque-country-a-journey-through-living-culture-and-dazzling-nature\/","title":{"rendered":"The Basque Country: A Journey through Living Culture and Dazzling Nature"},"content":{"rendered":"<p><span style=\"vertical-align: inherit;\"><span style=\"vertical-align: inherit;\">Le Pays Basque, r\u00e9gion embl\u00e9matique entre la France et l&#8217;Espagne, s\u00e9duit les voyageurs par sa riche culture, sa cuisine r\u00e9put\u00e9e et ses paysages \u00e0 couper le souffle. Plongeons dans l&#8217;essence m\u00eame de cette destination enchanteresse et d\u00e9couvrons ce qui en fait un lieu si unique et fascinant.<\/span><\/span><\/p>\n<h2><span style=\"vertical-align: inherit;\"><span style=\"vertical-align: inherit;\">Un m\u00e9lange de tradition et de modernit\u00e9<\/span><\/span><\/h2>\n<p><span style=\"vertical-align: inherit;\"><span style=\"vertical-align: inherit;\">Le Pays Basque est un lieu o\u00f9 l&#8217;ancien et le nouveau cohabitent harmonieusement. Dans les rues pav\u00e9es des villes historiques comme Bilbao et Saint-S\u00e9bastien, vous trouverez les traces de mille ans d&#8217;histoire, avec des \u00e9glises m\u00e9di\u00e9vales, des ch\u00e2teaux imposants et des traditions s\u00e9culaires encore bien vivantes. Mais le Pays Basque est aussi un bastion de modernit\u00e9, avec des centres d&#8217;art contemporain, des festivals culturels dynamiques et une sc\u00e8ne gastronomique \u00e0 la pointe de l&#8217;innovation.<\/span><\/span><\/p>\n<p><span style=\"vertical-align: inherit;\"><span style=\"vertical-align: inherit;\">La gastronomie basque est c\u00e9l\u00e8bre dans le monde entier, et \u00e0 juste titre. Des pintxos (tapas basques) aux plats de fruits de mer frais, chaque repas est une c\u00e9l\u00e9bration des saveurs et des produits locaux. Les march\u00e9s color\u00e9s regorgent de produits frais et d&#8217;artisanat, offrant aux visiteurs un go\u00fbt authentique de la cuisine basque. Ne manquez pas de go\u00fbter le fameux \u00ab poulpe \u00e0 la galicienne \u00bb ou de vous r\u00e9galer de \u00ab txuleta \u00bb (c\u00f4te de b\u0153uf) grill\u00e9e dans l&#8217;un des nombreux restaurants de la r\u00e9gion.<\/span><\/span><\/p>\n<h2><span style=\"vertical-align: inherit;\"><span style=\"vertical-align: inherit;\">Une nature \u00e0 couper le souffle<\/span><\/span><\/h2>\n<p><span style=\"vertical-align: inherit;\"><span style=\"vertical-align: inherit;\">Le Pays Basque poss\u00e8de des paysages spectaculaires, avec des c\u00f4tes accident\u00e9es, des plages de sable dor\u00e9 et des montagnes verdoyantes. Les randonneurs trouveront de quoi faire sur les pittoresques sentiers c\u00f4tiers ou dans les majestueuses montagnes des Pyr\u00e9n\u00e9es basques. Pour les amateurs de sports nautiques, les plages de Biarritz et de Saint-Jean-de-Luz offrent d&#8217;excellentes conditions pour le surf, le paddle et la baignade.<\/span><\/span><\/p>\n<h2><span style=\"vertical-align: inherit;\"><span style=\"vertical-align: inherit;\">Culture et tradition vivantes<\/span><\/span><\/h2>\n<p><span style=\"vertical-align: inherit;\"><span style=\"vertical-align: inherit;\">Le Pays Basque est \u00e9galement r\u00e9put\u00e9 pour sa culture vibrante, avec des danses folkloriques enchanteresses, une musique traditionnelle entra\u00eenante et des festivals anim\u00e9s tout au long de l&#8217;ann\u00e9e. Les f\u00eates basques, comme les c\u00e9l\u00e8bres \u00ab F\u00eates de Bayonne \u00bb et les \u00ab F\u00eates de San Ferm\u00edn \u00bb \u00e0 Pampelune, sont des \u00e9v\u00e9nements incontournables qui t\u00e9moignent de l&#8217;esprit festif et de l&#8217;hospitalit\u00e9 chaleureuse du peuple basque.<\/span><\/span><\/p>\n<p><span style=\"vertical-align: inherit;\"><span style=\"vertical-align: inherit;\">Le Pays Basque est une destination qui vous enchantera \u00e0 coup s\u00fbr, que vous soyez amateur de culture, de gastronomie, de nature ou simplement en qu\u00eate d&#8217;aventure. Avec sa combinaison unique de tradition et de modernit\u00e9, ses paysages \u00e0 couper le souffle et sa riche culture, le Pays Basque est un endroit o\u00f9 chaque voyage devient une exp\u00e9rience inoubliable.<\/span><\/span><\/p>\n","protected":false},"excerpt":{"rendered":"<p>Le Pays Basque, r\u00e9gion embl\u00e9matique entre la France et l&#8217;Espagne, s\u00e9duit les voyageurs par sa riche culture, sa cuisine r\u00e9put\u00e9e et ses paysages \u00e0 couper le souffle. Plongeons dans l&#8217;essence m\u00eame de cette destination enchanteresse et d\u00e9couvrons ce qui en fait un lieu si unique et fascinant. Un m\u00e9lange de tradition et de modernit\u00e9 Le [&hellip;]<\/p>\n","protected":false},"author":2,"featured_media":2579,"comment_status":"open","ping_status":"open","sticky":false,"template":"","format":"standard","meta":{"_et_pb_use_builder":"","_et_pb_old_content":"","_et_gb_content_width":"","footnotes":""},"categories":[1],"tags":[],"class_list":["post-1437","post","type-post","status-publish","format-standard","has-post-thumbnail","hentry","category-sin-categorizar"],"yoast_head":"<!-- This site is optimized with the Yoast SEO plugin v25.1 - https:\/\/yoast.com\/wordpress\/plugins\/seo\/ -->\n<title>The Basque Country: A Journey through Living Culture and Dazzling Nature - Temps Barcelona<\/title>\n<meta name=\"robots\" content=\"noindex, follow, max-snippet:-1, max-image-preview:large, max-video-preview:-1\" \/>\n<meta property=\"og:locale\" content=\"en_US\" \/>\n<meta property=\"og:type\" content=\"article\" \/>\n<meta property=\"og:title\" content=\"The Basque Country: A Journey through Living Culture and Dazzling Nature - Temps Barcelona\" \/>\n<meta property=\"og:description\" content=\"Le Pays Basque, r\u00e9gion embl\u00e9matique entre la France et l&#8217;Espagne, s\u00e9duit les voyageurs par sa riche culture, sa cuisine r\u00e9put\u00e9e et ses paysages \u00e0 couper le souffle. Plongeons dans l&#8217;essence m\u00eame de cette destination enchanteresse et d\u00e9couvrons ce qui en fait un lieu si unique et fascinant. Un m\u00e9lange de tradition et de modernit\u00e9 Le [&hellip;]\" \/>\n<meta property=\"og:url\" content=\"https:\/\/www.tempsbarcelona.com\/en\/the-basque-country-a-journey-through-living-culture-and-dazzling-nature\/\" \/>\n<meta property=\"og:site_name\" content=\"Temps Barcelona\" \/>\n<meta property=\"article:published_time\" content=\"2024-03-14T10:12:10+00:00\" \/>\n<meta property=\"article:modified_time\" content=\"2024-03-25T09:40:03+00:00\" \/>\n<meta property=\"og:image\" content=\"https:\/\/www.tempsbarcelona.com\/wp-content\/uploads\/2024\/03\/IMG-20240403-WA0040.jpg\" \/>\n\t<meta property=\"og:image:width\" content=\"1080\" \/>\n\t<meta property=\"og:image:height\" content=\"1920\" \/>\n\t<meta property=\"og:image:type\" content=\"image\/jpeg\" \/>\n<meta name=\"author\" content=\"Viajero\" \/>\n<meta name=\"twitter:card\" content=\"summary_large_image\" \/>\n<meta name=\"twitter:label1\" content=\"Written by\" \/>\n\t<meta name=\"twitter:data1\" content=\"Viajero\" \/>\n\t<meta name=\"twitter:label2\" content=\"Est. reading time\" \/>\n\t<meta name=\"twitter:data2\" content=\"3 minutes\" \/>\n<script type=\"application\/ld+json\" class=\"yoast-schema-graph\">{\"@context\":\"https:\/\/schema.org\",\"@graph\":[{\"@type\":\"WebPage\",\"@id\":\"https:\/\/www.tempsbarcelona.com\/en\/the-basque-country-a-journey-through-living-culture-and-dazzling-nature\/\",\"url\":\"https:\/\/www.tempsbarcelona.com\/en\/the-basque-country-a-journey-through-living-culture-and-dazzling-nature\/\",\"name\":\"The Basque Country: A Journey through Living Culture and Dazzling Nature - Temps Barcelona\",\"isPartOf\":{\"@id\":\"https:\/\/www.tempsbarcelona.com\/en\/#website\"},\"primaryImageOfPage\":{\"@id\":\"https:\/\/www.tempsbarcelona.com\/en\/the-basque-country-a-journey-through-living-culture-and-dazzling-nature\/#primaryimage\"},\"image\":{\"@id\":\"https:\/\/www.tempsbarcelona.com\/en\/the-basque-country-a-journey-through-living-culture-and-dazzling-nature\/#primaryimage\"},\"thumbnailUrl\":\"https:\/\/www.tempsbarcelona.com\/wp-content\/uploads\/2024\/03\/IMG-20240403-WA0040.jpg\",\"datePublished\":\"2024-03-14T10:12:10+00:00\",\"dateModified\":\"2024-03-25T09:40:03+00:00\",\"author\":{\"@id\":\"https:\/\/www.tempsbarcelona.com\/en\/#\/schema\/person\/42e402d68007d6b23123a37e43aca822\"},\"breadcrumb\":{\"@id\":\"https:\/\/www.tempsbarcelona.com\/en\/the-basque-country-a-journey-through-living-culture-and-dazzling-nature\/#breadcrumb\"},\"inLanguage\":\"en-US\",\"potentialAction\":[{\"@type\":\"ReadAction\",\"target\":[\"https:\/\/www.tempsbarcelona.com\/en\/the-basque-country-a-journey-through-living-culture-and-dazzling-nature\/\"]}]},{\"@type\":\"ImageObject\",\"inLanguage\":\"en-US\",\"@id\":\"https:\/\/www.tempsbarcelona.com\/en\/the-basque-country-a-journey-through-living-culture-and-dazzling-nature\/#primaryimage\",\"url\":\"https:\/\/www.tempsbarcelona.com\/wp-content\/uploads\/2024\/03\/IMG-20240403-WA0040.jpg\",\"contentUrl\":\"https:\/\/www.tempsbarcelona.com\/wp-content\/uploads\/2024\/03\/IMG-20240403-WA0040.jpg\",\"width\":1080,\"height\":1920},{\"@type\":\"BreadcrumbList\",\"@id\":\"https:\/\/www.tempsbarcelona.com\/en\/the-basque-country-a-journey-through-living-culture-and-dazzling-nature\/#breadcrumb\",\"itemListElement\":[{\"@type\":\"ListItem\",\"position\":1,\"name\":\"Portada\",\"item\":\"https:\/\/www.tempsbarcelona.com\/en\/temps-barcelona\/\"},{\"@type\":\"ListItem\",\"position\":2,\"name\":\"The Basque Country: A Journey through Living Culture and Dazzling Nature\"}]},{\"@type\":\"WebSite\",\"@id\":\"https:\/\/www.tempsbarcelona.com\/en\/#website\",\"url\":\"https:\/\/www.tempsbarcelona.com\/en\/\",\"name\":\"Temps Barcelona\",\"description\":\"\",\"potentialAction\":[{\"@type\":\"SearchAction\",\"target\":{\"@type\":\"EntryPoint\",\"urlTemplate\":\"https:\/\/www.tempsbarcelona.com\/en\/?s={search_term_string}\"},\"query-input\":{\"@type\":\"PropertyValueSpecification\",\"valueRequired\":true,\"valueName\":\"search_term_string\"}}],\"inLanguage\":\"en-US\"},{\"@type\":\"Person\",\"@id\":\"https:\/\/www.tempsbarcelona.com\/en\/#\/schema\/person\/42e402d68007d6b23123a37e43aca822\",\"name\":\"Viajero\",\"image\":{\"@type\":\"ImageObject\",\"inLanguage\":\"en-US\",\"@id\":\"https:\/\/www.tempsbarcelona.com\/en\/#\/schema\/person\/image\/\",\"url\":\"https:\/\/secure.gravatar.com\/avatar\/adc63f40e2c832dac25e11feaef9ac523a32eaf25722d8b78fcb7c6603af7f85?s=96&d=mm&r=g\",\"contentUrl\":\"https:\/\/secure.gravatar.com\/avatar\/adc63f40e2c832dac25e11feaef9ac523a32eaf25722d8b78fcb7c6603af7f85?s=96&d=mm&r=g\",\"caption\":\"Viajero\"}}]}<\/script>\n<!-- \/ Yoast SEO plugin. -->","yoast_head_json":{"title":"The Basque Country: A Journey through Living Culture and Dazzling Nature - Temps Barcelona","robots":{"index":"noindex","follow":"follow","max-snippet":"max-snippet:-1","max-image-preview":"max-image-preview:large","max-video-preview":"max-video-preview:-1"},"og_locale":"en_US","og_type":"article","og_title":"The Basque Country: A Journey through Living Culture and Dazzling Nature - Temps Barcelona","og_description":"Le Pays Basque, r\u00e9gion embl\u00e9matique entre la France et l&#8217;Espagne, s\u00e9duit les voyageurs par sa riche culture, sa cuisine r\u00e9put\u00e9e et ses paysages \u00e0 couper le souffle. Plongeons dans l&#8217;essence m\u00eame de cette destination enchanteresse et d\u00e9couvrons ce qui en fait un lieu si unique et fascinant. Un m\u00e9lange de tradition et de modernit\u00e9 Le [&hellip;]","og_url":"https:\/\/www.tempsbarcelona.com\/en\/the-basque-country-a-journey-through-living-culture-and-dazzling-nature\/","og_site_name":"Temps Barcelona","article_published_time":"2024-03-14T10:12:10+00:00","article_modified_time":"2024-03-25T09:40:03+00:00","og_image":[{"width":1080,"height":1920,"url":"https:\/\/www.tempsbarcelona.com\/wp-content\/uploads\/2024\/03\/IMG-20240403-WA0040.jpg","type":"image\/jpeg"}],"author":"Viajero","twitter_card":"summary_large_image","twitter_misc":{"Written by":"Viajero","Est. reading time":"3 minutes"},"schema":{"@context":"https:\/\/schema.org","@graph":[{"@type":"WebPage","@id":"https:\/\/www.tempsbarcelona.com\/en\/the-basque-country-a-journey-through-living-culture-and-dazzling-nature\/","url":"https:\/\/www.tempsbarcelona.com\/en\/the-basque-country-a-journey-through-living-culture-and-dazzling-nature\/","name":"The Basque Country: A Journey through Living Culture and Dazzling Nature - Temps Barcelona","isPartOf":{"@id":"https:\/\/www.tempsbarcelona.com\/en\/#website"},"primaryImageOfPage":{"@id":"https:\/\/www.tempsbarcelona.com\/en\/the-basque-country-a-journey-through-living-culture-and-dazzling-nature\/#primaryimage"},"image":{"@id":"https:\/\/www.tempsbarcelona.com\/en\/the-basque-country-a-journey-through-living-culture-and-dazzling-nature\/#primaryimage"},"thumbnailUrl":"https:\/\/www.tempsbarcelona.com\/wp-content\/uploads\/2024\/03\/IMG-20240403-WA0040.jpg","datePublished":"2024-03-14T10:12:10+00:00","dateModified":"2024-03-25T09:40:03+00:00","author":{"@id":"https:\/\/www.tempsbarcelona.com\/en\/#\/schema\/person\/42e402d68007d6b23123a37e43aca822"},"breadcrumb":{"@id":"https:\/\/www.tempsbarcelona.com\/en\/the-basque-country-a-journey-through-living-culture-and-dazzling-nature\/#breadcrumb"},"inLanguage":"en-US","potentialAction":[{"@type":"ReadAction","target":["https:\/\/www.tempsbarcelona.com\/en\/the-basque-country-a-journey-through-living-culture-and-dazzling-nature\/"]}]},{"@type":"ImageObject","inLanguage":"en-US","@id":"https:\/\/www.tempsbarcelona.com\/en\/the-basque-country-a-journey-through-living-culture-and-dazzling-nature\/#primaryimage","url":"https:\/\/www.tempsbarcelona.com\/wp-content\/uploads\/2024\/03\/IMG-20240403-WA0040.jpg","contentUrl":"https:\/\/www.tempsbarcelona.com\/wp-content\/uploads\/2024\/03\/IMG-20240403-WA0040.jpg","width":1080,"height":1920},{"@type":"BreadcrumbList","@id":"https:\/\/www.tempsbarcelona.com\/en\/the-basque-country-a-journey-through-living-culture-and-dazzling-nature\/#breadcrumb","itemListElement":[{"@type":"ListItem","position":1,"name":"Portada","item":"https:\/\/www.tempsbarcelona.com\/en\/temps-barcelona\/"},{"@type":"ListItem","position":2,"name":"The Basque Country: A Journey through Living Culture and Dazzling Nature"}]},{"@type":"WebSite","@id":"https:\/\/www.tempsbarcelona.com\/en\/#website","url":"https:\/\/www.tempsbarcelona.com\/en\/","name":"Temps Barcelona","description":"","potentialAction":[{"@type":"SearchAction","target":{"@type":"EntryPoint","urlTemplate":"https:\/\/www.tempsbarcelona.com\/en\/?s={search_term_string}"},"query-input":{"@type":"PropertyValueSpecification","valueRequired":true,"valueName":"search_term_string"}}],"inLanguage":"en-US"},{"@type":"Person","@id":"https:\/\/www.tempsbarcelona.com\/en\/#\/schema\/person\/42e402d68007d6b23123a37e43aca822","name":"Viajero","image":{"@type":"ImageObject","inLanguage":"en-US","@id":"https:\/\/www.tempsbarcelona.com\/en\/#\/schema\/person\/image\/","url":"https:\/\/secure.gravatar.com\/avatar\/adc63f40e2c832dac25e11feaef9ac523a32eaf25722d8b78fcb7c6603af7f85?s=96&d=mm&r=g","contentUrl":"https:\/\/secure.gravatar.com\/avatar\/adc63f40e2c832dac25e11feaef9ac523a32eaf25722d8b78fcb7c6603af7f85?s=96&d=mm&r=g","caption":"Viajero"}}]}},"_links":{"self":[{"href":"https:\/\/www.tempsbarcelona.com\/en\/wp-json\/wp\/v2\/posts\/1437","targetHints":{"allow":["GET"]}}],"collection":[{"href":"https:\/\/www.tempsbarcelona.com\/en\/wp-json\/wp\/v2\/posts"}],"about":[{"href":"https:\/\/www.tempsbarcelona.com\/en\/wp-json\/wp\/v2\/types\/post"}],"author":[{"embeddable":true,"href":"https:\/\/www.tempsbarcelona.com\/en\/wp-json\/wp\/v2\/users\/2"}],"replies":[{"embeddable":true,"href":"https:\/\/www.tempsbarcelona.com\/en\/wp-json\/wp\/v2\/comments?post=1437"}],"version-history":[{"count":2,"href":"https:\/\/www.tempsbarcelona.com\/en\/wp-json\/wp\/v2\/posts\/1437\/revisions"}],"predecessor-version":[{"id":1492,"href":"https:\/\/www.tempsbarcelona.com\/en\/wp-json\/wp\/v2\/posts\/1437\/revisions\/1492"}],"wp:featuredmedia":[{"embeddable":true,"href":"https:\/\/www.tempsbarcelona.com\/en\/wp-json\/wp\/v2\/media\/2579"}],"wp:attachment":[{"href":"https:\/\/www.tempsbarcelona.com\/en\/wp-json\/wp\/v2\/media?parent=1437"}],"wp:term":[{"taxonomy":"category","embeddable":true,"href":"https:\/\/www.tempsbarcelona.com\/en\/wp-json\/wp\/v2\/categories?post=1437"},{"taxonomy":"post_tag","embeddable":true,"href":"https:\/\/www.tempsbarcelona.com\/en\/wp-json\/wp\/v2\/tags?post=1437"}],"curies":[{"name":"wp","href":"https:\/\/api.w.org\/{rel}","templated":true}]}}