{"id":3817,"date":"2024-11-20T11:30:09","date_gmt":"2024-11-20T11:30:09","guid":{"rendered":"https:\/\/derutasyvinos.com\/?p=3817"},"modified":"2024-07-02T12:14:44","modified_gmt":"2024-07-02T12:14:44","slug":"el-domini-viticola-de-la-vallee-doree","status":"publish","type":"post","link":"https:\/\/www.tempsbarcelona.com\/ca\/el-domini-viticola-de-la-vallee-doree\/","title":{"rendered":"El Domini Vit\u00edcola de la Vall\u00e9e Dor\u00e9e"},"content":{"rendered":"<p>Situat al cor d&#8217;una de les regions vin\u00edcoles m\u00e9s famoses d&#8217;Austr\u00e0lia, el Domini Vit\u00edcola de la Vall\u00e9e Dor\u00e9e \u00e9s una destinaci\u00f3 imprescindible per als amants del vi, de la gastronomia i de paisatges impressionants. Situat entre turons ondulants i vinyes verds, el nostre domini ofereix una experi\u00e8ncia immersiva on la tradici\u00f3 vin\u00edcola es troba amb la innovaci\u00f3 contempor\u00e0nia.<\/p>\n<p>La Vall\u00e9e Dor\u00e9e \u00e9s coneguda per la diversitat i la qualitat dels seus vins. Les nostres vinyes es beneficien d&#8217;un microclima \u00fanic i de s\u00f2ls variats que confereixen als nostres vins caracter\u00edstiques distintives.<\/p>\n<p>El Shiraz \u00e9s un vi negre potent amb aromes de fruites negres, xocolata i esp\u00e8cies. Envellit en b\u00f3tes de roure franc\u00e8s, adquireix una complexitat i profunditat excepcionals. El Chardonnay Premier \u00e9s reconegut per la seva frescor i eleg\u00e0ncia. Presenta notes de fruites de pinyol, avellana i un subtil toc de vainilla gr\u00e0cies al seu pas per b\u00f3ta.<\/p>\n<h2>La Gastronomia: Una Experi\u00e8ncia Culin\u00e0ria \u00danica<\/h2>\n<p>El restaurant del Domini de la Vall\u00e9e Dor\u00e9e \u00e9s un temple de la gastronomia on els productes locals s\u00f3n els protagonistes. El nostre xef, inspirat per la riquesa del terrer australi\u00e0, proposa plats que realcen els nostres vins.<\/p>\n<p>Proveu el nostre carpaccio de cangur, marinat en un vi negre local, servit amb una amanida de r\u00facula i encenalls de parmes\u00e0. O b\u00e9, les ostres fresques de la costa est, acompanyades d&#8217;una mignonette de Riesling. El xai rostit, criat a la regi\u00f3, es serveix amb un pur\u00e9 de moniatos i una salsa de Shiraz. Els amants del peix adoraran el nostre barramundi a la graella, acompanyat de verdures de temporada i una reducci\u00f3 de Chardonnay.<\/p>\n<h2>Activitats i Oci<\/h2>\n<p>El Domini de la Vall\u00e9e Dor\u00e9e no \u00e9s nom\u00e9s un lloc per degustar vins i gaudir de bona cuina, tamb\u00e9 \u00e9s un centre d&#8217;activitats variades per a totes les edats. Exploreu la regi\u00f3 amb bicicleta. Oferim circuits senyalitzats que us portaran a trav\u00e9s de les vinyes i els paisatges pintorescos de la vall. Gaudiu d&#8217;una cistella de p\u00edcnic plena de del\u00edcies locals i instal\u00b7leu-vos en un rac\u00f3 tranquil del nostre domini per a una experi\u00e8ncia campestre \u00fanica. El domini acull regularment esdeveniments com festivals de vi, mercats de productors locals i concerts a l&#8217;aire lliure.<\/p>\n<p>Tant si sou un apassionat del vi, un gurmet o simplement busqueu una escapada relaxant, el Domini Vit\u00edcola de la Vall\u00e9e Dor\u00e9e t\u00e9 alguna cosa per oferir a cadasc\u00fa. Veniu a descobrir la m\u00e0gia de la nostra regi\u00f3 i deixeu-vos encantar per la bellesa i la riquesa de la Vall\u00e9e Dor\u00e9e.<\/p>\n","protected":false},"excerpt":{"rendered":"<p>Situat al cor d&#8217;una de les regions vin\u00edcoles m\u00e9s famoses d&#8217;Austr\u00e0lia, el Domini Vit\u00edcola de la Vall\u00e9e Dor\u00e9e \u00e9s una destinaci\u00f3 imprescindible per als amants del vi, de la gastronomia i de paisatges impressionants. Situat entre turons ondulants i vinyes verds, el nostre domini ofereix una experi\u00e8ncia immersiva on la tradici\u00f3 vin\u00edcola es troba amb [&hellip;]<\/p>\n","protected":false},"author":2,"featured_media":3812,"comment_status":"open","ping_status":"open","sticky":false,"template":"","format":"standard","meta":{"_et_pb_use_builder":"","_et_pb_old_content":"","_et_gb_content_width":"","footnotes":""},"categories":[1],"tags":[],"class_list":["post-3817","post","type-post","status-publish","format-standard","has-post-thumbnail","hentry","category-sin-categorizar"],"yoast_head":"<!-- This site is optimized with the Yoast SEO plugin v25.1 - https:\/\/yoast.com\/wordpress\/plugins\/seo\/ -->\n<title>El Domini Vit\u00edcola de la Vall\u00e9e Dor\u00e9e - Temps Barcelona<\/title>\n<meta name=\"robots\" content=\"noindex, follow, max-snippet:-1, max-image-preview:large, max-video-preview:-1\" \/>\n<meta property=\"og:locale\" content=\"ca_ES\" \/>\n<meta property=\"og:type\" content=\"article\" \/>\n<meta property=\"og:title\" content=\"El Domini Vit\u00edcola de la Vall\u00e9e Dor\u00e9e - Temps Barcelona\" \/>\n<meta property=\"og:description\" content=\"Situat al cor d&#8217;una de les regions vin\u00edcoles m\u00e9s famoses d&#8217;Austr\u00e0lia, el Domini Vit\u00edcola de la Vall\u00e9e Dor\u00e9e \u00e9s una destinaci\u00f3 imprescindible per als amants del vi, de la gastronomia i de paisatges impressionants. Situat entre turons ondulants i vinyes verds, el nostre domini ofereix una experi\u00e8ncia immersiva on la tradici\u00f3 vin\u00edcola es troba amb [&hellip;]\" \/>\n<meta property=\"og:url\" content=\"https:\/\/www.tempsbarcelona.com\/ca\/el-domini-viticola-de-la-vallee-doree\/\" \/>\n<meta property=\"og:site_name\" content=\"Temps Barcelona\" \/>\n<meta property=\"article:published_time\" content=\"2024-11-20T11:30:09+00:00\" \/>\n<meta property=\"og:image\" content=\"https:\/\/www.tempsbarcelona.com\/wp-content\/uploads\/2024\/07\/WhatsApp-Image-2024-06-16-at-13.54.29.jpeg\" \/>\n\t<meta property=\"og:image:width\" content=\"1599\" \/>\n\t<meta property=\"og:image:height\" content=\"899\" \/>\n\t<meta property=\"og:image:type\" content=\"image\/jpeg\" \/>\n<meta name=\"author\" content=\"Viajero\" \/>\n<meta name=\"twitter:card\" content=\"summary_large_image\" \/>\n<meta name=\"twitter:label1\" content=\"Escrit per\" \/>\n\t<meta name=\"twitter:data1\" content=\"Viajero\" \/>\n\t<meta name=\"twitter:label2\" content=\"Temps estimat de lectura\" \/>\n\t<meta name=\"twitter:data2\" content=\"2 minuts\" \/>\n<script type=\"application\/ld+json\" class=\"yoast-schema-graph\">{\"@context\":\"https:\/\/schema.org\",\"@graph\":[{\"@type\":\"WebPage\",\"@id\":\"https:\/\/www.tempsbarcelona.com\/ca\/el-domini-viticola-de-la-vallee-doree\/\",\"url\":\"https:\/\/www.tempsbarcelona.com\/ca\/el-domini-viticola-de-la-vallee-doree\/\",\"name\":\"El Domini Vit\u00edcola de la Vall\u00e9e Dor\u00e9e - Temps Barcelona\",\"isPartOf\":{\"@id\":\"https:\/\/www.tempsbarcelona.com\/ca\/#website\"},\"primaryImageOfPage\":{\"@id\":\"https:\/\/www.tempsbarcelona.com\/ca\/el-domini-viticola-de-la-vallee-doree\/#primaryimage\"},\"image\":{\"@id\":\"https:\/\/www.tempsbarcelona.com\/ca\/el-domini-viticola-de-la-vallee-doree\/#primaryimage\"},\"thumbnailUrl\":\"https:\/\/www.tempsbarcelona.com\/wp-content\/uploads\/2024\/07\/WhatsApp-Image-2024-06-16-at-13.54.29.jpeg\",\"datePublished\":\"2024-11-20T11:30:09+00:00\",\"author\":{\"@id\":\"https:\/\/www.tempsbarcelona.com\/ca\/#\/schema\/person\/42e402d68007d6b23123a37e43aca822\"},\"breadcrumb\":{\"@id\":\"https:\/\/www.tempsbarcelona.com\/ca\/el-domini-viticola-de-la-vallee-doree\/#breadcrumb\"},\"inLanguage\":\"ca\",\"potentialAction\":[{\"@type\":\"ReadAction\",\"target\":[\"https:\/\/www.tempsbarcelona.com\/ca\/el-domini-viticola-de-la-vallee-doree\/\"]}]},{\"@type\":\"ImageObject\",\"inLanguage\":\"ca\",\"@id\":\"https:\/\/www.tempsbarcelona.com\/ca\/el-domini-viticola-de-la-vallee-doree\/#primaryimage\",\"url\":\"https:\/\/www.tempsbarcelona.com\/wp-content\/uploads\/2024\/07\/WhatsApp-Image-2024-06-16-at-13.54.29.jpeg\",\"contentUrl\":\"https:\/\/www.tempsbarcelona.com\/wp-content\/uploads\/2024\/07\/WhatsApp-Image-2024-06-16-at-13.54.29.jpeg\",\"width\":1599,\"height\":899},{\"@type\":\"BreadcrumbList\",\"@id\":\"https:\/\/www.tempsbarcelona.com\/ca\/el-domini-viticola-de-la-vallee-doree\/#breadcrumb\",\"itemListElement\":[{\"@type\":\"ListItem\",\"position\":1,\"name\":\"Portada\",\"item\":\"https:\/\/www.tempsbarcelona.com\/ca\/temps-barcelona\/\"},{\"@type\":\"ListItem\",\"position\":2,\"name\":\"El Domini Vit\u00edcola de la Vall\u00e9e Dor\u00e9e\"}]},{\"@type\":\"WebSite\",\"@id\":\"https:\/\/www.tempsbarcelona.com\/ca\/#website\",\"url\":\"https:\/\/www.tempsbarcelona.com\/ca\/\",\"name\":\"Temps Barcelona\",\"description\":\"\",\"potentialAction\":[{\"@type\":\"SearchAction\",\"target\":{\"@type\":\"EntryPoint\",\"urlTemplate\":\"https:\/\/www.tempsbarcelona.com\/ca\/?s={search_term_string}\"},\"query-input\":{\"@type\":\"PropertyValueSpecification\",\"valueRequired\":true,\"valueName\":\"search_term_string\"}}],\"inLanguage\":\"ca\"},{\"@type\":\"Person\",\"@id\":\"https:\/\/www.tempsbarcelona.com\/ca\/#\/schema\/person\/42e402d68007d6b23123a37e43aca822\",\"name\":\"Viajero\",\"image\":{\"@type\":\"ImageObject\",\"inLanguage\":\"ca\",\"@id\":\"https:\/\/www.tempsbarcelona.com\/ca\/#\/schema\/person\/image\/\",\"url\":\"https:\/\/secure.gravatar.com\/avatar\/adc63f40e2c832dac25e11feaef9ac523a32eaf25722d8b78fcb7c6603af7f85?s=96&d=mm&r=g\",\"contentUrl\":\"https:\/\/secure.gravatar.com\/avatar\/adc63f40e2c832dac25e11feaef9ac523a32eaf25722d8b78fcb7c6603af7f85?s=96&d=mm&r=g\",\"caption\":\"Viajero\"}}]}<\/script>\n<!-- \/ Yoast SEO plugin. -->","yoast_head_json":{"title":"El Domini Vit\u00edcola de la Vall\u00e9e Dor\u00e9e - Temps Barcelona","robots":{"index":"noindex","follow":"follow","max-snippet":"max-snippet:-1","max-image-preview":"max-image-preview:large","max-video-preview":"max-video-preview:-1"},"og_locale":"ca_ES","og_type":"article","og_title":"El Domini Vit\u00edcola de la Vall\u00e9e Dor\u00e9e - Temps Barcelona","og_description":"Situat al cor d&#8217;una de les regions vin\u00edcoles m\u00e9s famoses d&#8217;Austr\u00e0lia, el Domini Vit\u00edcola de la Vall\u00e9e Dor\u00e9e \u00e9s una destinaci\u00f3 imprescindible per als amants del vi, de la gastronomia i de paisatges impressionants. Situat entre turons ondulants i vinyes verds, el nostre domini ofereix una experi\u00e8ncia immersiva on la tradici\u00f3 vin\u00edcola es troba amb [&hellip;]","og_url":"https:\/\/www.tempsbarcelona.com\/ca\/el-domini-viticola-de-la-vallee-doree\/","og_site_name":"Temps Barcelona","article_published_time":"2024-11-20T11:30:09+00:00","og_image":[{"width":1599,"height":899,"url":"https:\/\/www.tempsbarcelona.com\/wp-content\/uploads\/2024\/07\/WhatsApp-Image-2024-06-16-at-13.54.29.jpeg","type":"image\/jpeg"}],"author":"Viajero","twitter_card":"summary_large_image","twitter_misc":{"Escrit per":"Viajero","Temps estimat de lectura":"2 minuts"},"schema":{"@context":"https:\/\/schema.org","@graph":[{"@type":"WebPage","@id":"https:\/\/www.tempsbarcelona.com\/ca\/el-domini-viticola-de-la-vallee-doree\/","url":"https:\/\/www.tempsbarcelona.com\/ca\/el-domini-viticola-de-la-vallee-doree\/","name":"El Domini Vit\u00edcola de la Vall\u00e9e Dor\u00e9e - Temps Barcelona","isPartOf":{"@id":"https:\/\/www.tempsbarcelona.com\/ca\/#website"},"primaryImageOfPage":{"@id":"https:\/\/www.tempsbarcelona.com\/ca\/el-domini-viticola-de-la-vallee-doree\/#primaryimage"},"image":{"@id":"https:\/\/www.tempsbarcelona.com\/ca\/el-domini-viticola-de-la-vallee-doree\/#primaryimage"},"thumbnailUrl":"https:\/\/www.tempsbarcelona.com\/wp-content\/uploads\/2024\/07\/WhatsApp-Image-2024-06-16-at-13.54.29.jpeg","datePublished":"2024-11-20T11:30:09+00:00","author":{"@id":"https:\/\/www.tempsbarcelona.com\/ca\/#\/schema\/person\/42e402d68007d6b23123a37e43aca822"},"breadcrumb":{"@id":"https:\/\/www.tempsbarcelona.com\/ca\/el-domini-viticola-de-la-vallee-doree\/#breadcrumb"},"inLanguage":"ca","potentialAction":[{"@type":"ReadAction","target":["https:\/\/www.tempsbarcelona.com\/ca\/el-domini-viticola-de-la-vallee-doree\/"]}]},{"@type":"ImageObject","inLanguage":"ca","@id":"https:\/\/www.tempsbarcelona.com\/ca\/el-domini-viticola-de-la-vallee-doree\/#primaryimage","url":"https:\/\/www.tempsbarcelona.com\/wp-content\/uploads\/2024\/07\/WhatsApp-Image-2024-06-16-at-13.54.29.jpeg","contentUrl":"https:\/\/www.tempsbarcelona.com\/wp-content\/uploads\/2024\/07\/WhatsApp-Image-2024-06-16-at-13.54.29.jpeg","width":1599,"height":899},{"@type":"BreadcrumbList","@id":"https:\/\/www.tempsbarcelona.com\/ca\/el-domini-viticola-de-la-vallee-doree\/#breadcrumb","itemListElement":[{"@type":"ListItem","position":1,"name":"Portada","item":"https:\/\/www.tempsbarcelona.com\/ca\/temps-barcelona\/"},{"@type":"ListItem","position":2,"name":"El Domini Vit\u00edcola de la Vall\u00e9e Dor\u00e9e"}]},{"@type":"WebSite","@id":"https:\/\/www.tempsbarcelona.com\/ca\/#website","url":"https:\/\/www.tempsbarcelona.com\/ca\/","name":"Temps Barcelona","description":"","potentialAction":[{"@type":"SearchAction","target":{"@type":"EntryPoint","urlTemplate":"https:\/\/www.tempsbarcelona.com\/ca\/?s={search_term_string}"},"query-input":{"@type":"PropertyValueSpecification","valueRequired":true,"valueName":"search_term_string"}}],"inLanguage":"ca"},{"@type":"Person","@id":"https:\/\/www.tempsbarcelona.com\/ca\/#\/schema\/person\/42e402d68007d6b23123a37e43aca822","name":"Viajero","image":{"@type":"ImageObject","inLanguage":"ca","@id":"https:\/\/www.tempsbarcelona.com\/ca\/#\/schema\/person\/image\/","url":"https:\/\/secure.gravatar.com\/avatar\/adc63f40e2c832dac25e11feaef9ac523a32eaf25722d8b78fcb7c6603af7f85?s=96&d=mm&r=g","contentUrl":"https:\/\/secure.gravatar.com\/avatar\/adc63f40e2c832dac25e11feaef9ac523a32eaf25722d8b78fcb7c6603af7f85?s=96&d=mm&r=g","caption":"Viajero"}}]}},"_links":{"self":[{"href":"https:\/\/www.tempsbarcelona.com\/ca\/wp-json\/wp\/v2\/posts\/3817","targetHints":{"allow":["GET"]}}],"collection":[{"href":"https:\/\/www.tempsbarcelona.com\/ca\/wp-json\/wp\/v2\/posts"}],"about":[{"href":"https:\/\/www.tempsbarcelona.com\/ca\/wp-json\/wp\/v2\/types\/post"}],"author":[{"embeddable":true,"href":"https:\/\/www.tempsbarcelona.com\/ca\/wp-json\/wp\/v2\/users\/2"}],"replies":[{"embeddable":true,"href":"https:\/\/www.tempsbarcelona.com\/ca\/wp-json\/wp\/v2\/comments?post=3817"}],"version-history":[{"count":1,"href":"https:\/\/www.tempsbarcelona.com\/ca\/wp-json\/wp\/v2\/posts\/3817\/revisions"}],"predecessor-version":[{"id":3818,"href":"https:\/\/www.tempsbarcelona.com\/ca\/wp-json\/wp\/v2\/posts\/3817\/revisions\/3818"}],"wp:featuredmedia":[{"embeddable":true,"href":"https:\/\/www.tempsbarcelona.com\/ca\/wp-json\/wp\/v2\/media\/3812"}],"wp:attachment":[{"href":"https:\/\/www.tempsbarcelona.com\/ca\/wp-json\/wp\/v2\/media?parent=3817"}],"wp:term":[{"taxonomy":"category","embeddable":true,"href":"https:\/\/www.tempsbarcelona.com\/ca\/wp-json\/wp\/v2\/categories?post=3817"},{"taxonomy":"post_tag","embeddable":true,"href":"https:\/\/www.tempsbarcelona.com\/ca\/wp-json\/wp\/v2\/tags?post=3817"}],"curies":[{"name":"wp","href":"https:\/\/api.w.org\/{rel}","templated":true}]}}