{"id":3672,"date":"2024-11-05T11:30:49","date_gmt":"2024-11-05T11:30:49","guid":{"rendered":"https:\/\/derutasyvinos.com\/?p=3672"},"modified":"2024-06-05T13:38:36","modified_gmt":"2024-06-05T13:38:36","slug":"el-domaine-tianna-negre","status":"publish","type":"post","link":"https:\/\/www.tempsbarcelona.com\/ca\/el-domaine-tianna-negre\/","title":{"rendered":"El Domaine Tianna Negre"},"content":{"rendered":"<p>El Domaine Tianna Negre \u00e9s situat al cor de la magn\u00edfica illa de Mallorca. A la regi\u00f3 vin\u00edcola de Binissalem, aquesta finca familiar us convida a descobrir vins excepcionals, a gaudir d&#8217;una gastronomia local refinada i a participar en una varietat d&#8217;activitats enriquidores. El Domaine Tianna Negre encarna la perfecta harmonia entre tradici\u00f3 i innovaci\u00f3. Els vinyers s&#8217;estenen sobre terres privilegiades, beneficiant-se d&#8217;un clima mediterrani ideal per al cultiu de ceps aut\u00f2ctons com el Manto Negre, el Callet, aix\u00ed com de varietats internacionals com el Cabernet Sauvignon i el Syrah. Cada ampolla produ\u00efda aqu\u00ed reflecteix la passi\u00f3 i el saber fer dels viticultors de la finca.<\/p>\n<h2>\nGastronomia Mallorquina<\/h2>\n<p>La finca no nom\u00e9s es dedica a produir vins de qualitat, sin\u00f3 que tamb\u00e9 ofereix una experi\u00e8ncia gastron\u00f2mica inoblidable. El restaurant de la finca ofereix una cuina mallorquina refinada, posant en valor els productes frescos i locals de l&#8217;illa. Gaudeix de plats tradicionals com sobrassades, ensa\u00efmades i tumbets, acompanyats dels vins de la finca per a maridatges perfectes. Degusta menjars suntuosos composats de plats tradicionals mallorquins, sublimats pels maridatges perfectes amb els vins de Tianna Negre. Participa en tallers de cuina per aprendre a preparar plats mallorquins emblem\u00e0tics sota la direcci\u00f3 de xefs experimentats. Apr\u00e8n els secrets de les esp\u00e8cies i les t\u00e8cniques culin\u00e0ries locals, i gaudeix de les teves creacions acompanyades dels vins de la finca.<\/p>\n<h2>\nActivitats i Descobertes<\/h2>\n<p>Explora els magn\u00edfics paisatges dels voltants en caminades o passejades en bicicleta a trav\u00e9s dels vinyers i oliveres. Gaudeix de la tranquil\u00b7litat del camp mallorqu\u00ed mentre descobreixes la fauna i flora locals. Impr\u00e8n-te de la rica hist\u00f2ria i cultura de Mallorca visitant els llocs hist\u00f2rics i els pobles ve\u00efns. Descobreix els tresors arquitect\u00f2nics i els mercats animats de Palma de Mallorca, la capital de l&#8217;illa. Relaxa&#8217;t als tranquils jardins de la finca o gaudeix d&#8217;un massatge relaxant amb vista als vinyers. Rechargeu-vos en aquest oasi verd i deixeu-vos endur per la dol\u00e7or de viure mallorquina.<\/p>\n","protected":false},"excerpt":{"rendered":"<p>El Domaine Tianna Negre \u00e9s situat al cor de la magn\u00edfica illa de Mallorca. A la regi\u00f3 vin\u00edcola de Binissalem, aquesta finca familiar us convida a descobrir vins excepcionals, a gaudir d&#8217;una gastronomia local refinada i a participar en una varietat d&#8217;activitats enriquidores. El Domaine Tianna Negre encarna la perfecta harmonia entre tradici\u00f3 i innovaci\u00f3. [&hellip;]<\/p>\n","protected":false},"author":2,"featured_media":3667,"comment_status":"open","ping_status":"open","sticky":false,"template":"","format":"standard","meta":{"_et_pb_use_builder":"","_et_pb_old_content":"","_et_gb_content_width":"","footnotes":""},"categories":[1],"tags":[],"class_list":["post-3672","post","type-post","status-publish","format-standard","has-post-thumbnail","hentry","category-sin-categorizar"],"yoast_head":"<!-- This site is optimized with the Yoast SEO plugin v25.1 - https:\/\/yoast.com\/wordpress\/plugins\/seo\/ -->\n<title>El Domaine Tianna Negre - Temps Barcelona<\/title>\n<meta name=\"robots\" content=\"noindex, follow, max-snippet:-1, max-image-preview:large, max-video-preview:-1\" \/>\n<meta property=\"og:locale\" content=\"ca_ES\" \/>\n<meta property=\"og:type\" content=\"article\" \/>\n<meta property=\"og:title\" content=\"El Domaine Tianna Negre - Temps Barcelona\" \/>\n<meta property=\"og:description\" content=\"El Domaine Tianna Negre \u00e9s situat al cor de la magn\u00edfica illa de Mallorca. A la regi\u00f3 vin\u00edcola de Binissalem, aquesta finca familiar us convida a descobrir vins excepcionals, a gaudir d&#8217;una gastronomia local refinada i a participar en una varietat d&#8217;activitats enriquidores. El Domaine Tianna Negre encarna la perfecta harmonia entre tradici\u00f3 i innovaci\u00f3. [&hellip;]\" \/>\n<meta property=\"og:url\" content=\"https:\/\/www.tempsbarcelona.com\/ca\/el-domaine-tianna-negre\/\" \/>\n<meta property=\"og:site_name\" content=\"Temps Barcelona\" \/>\n<meta property=\"article:published_time\" content=\"2024-11-05T11:30:49+00:00\" \/>\n<meta property=\"og:image\" content=\"https:\/\/www.tempsbarcelona.com\/wp-content\/uploads\/2024\/06\/WhatsApp-Image-2024-06-03-at-11.53.55-1.jpeg\" \/>\n\t<meta property=\"og:image:width\" content=\"1080\" \/>\n\t<meta property=\"og:image:height\" content=\"1920\" \/>\n\t<meta property=\"og:image:type\" content=\"image\/jpeg\" \/>\n<meta name=\"author\" content=\"Viajero\" \/>\n<meta name=\"twitter:card\" content=\"summary_large_image\" \/>\n<meta name=\"twitter:label1\" content=\"Escrit per\" \/>\n\t<meta name=\"twitter:data1\" content=\"Viajero\" \/>\n\t<meta name=\"twitter:label2\" content=\"Temps estimat de lectura\" \/>\n\t<meta name=\"twitter:data2\" content=\"2 minuts\" \/>\n<script type=\"application\/ld+json\" class=\"yoast-schema-graph\">{\"@context\":\"https:\/\/schema.org\",\"@graph\":[{\"@type\":\"WebPage\",\"@id\":\"https:\/\/www.tempsbarcelona.com\/ca\/el-domaine-tianna-negre\/\",\"url\":\"https:\/\/www.tempsbarcelona.com\/ca\/el-domaine-tianna-negre\/\",\"name\":\"El Domaine Tianna Negre - Temps Barcelona\",\"isPartOf\":{\"@id\":\"https:\/\/www.tempsbarcelona.com\/ca\/#website\"},\"primaryImageOfPage\":{\"@id\":\"https:\/\/www.tempsbarcelona.com\/ca\/el-domaine-tianna-negre\/#primaryimage\"},\"image\":{\"@id\":\"https:\/\/www.tempsbarcelona.com\/ca\/el-domaine-tianna-negre\/#primaryimage\"},\"thumbnailUrl\":\"https:\/\/www.tempsbarcelona.com\/wp-content\/uploads\/2024\/06\/WhatsApp-Image-2024-06-03-at-11.53.55-1.jpeg\",\"datePublished\":\"2024-11-05T11:30:49+00:00\",\"author\":{\"@id\":\"https:\/\/www.tempsbarcelona.com\/ca\/#\/schema\/person\/42e402d68007d6b23123a37e43aca822\"},\"breadcrumb\":{\"@id\":\"https:\/\/www.tempsbarcelona.com\/ca\/el-domaine-tianna-negre\/#breadcrumb\"},\"inLanguage\":\"ca\",\"potentialAction\":[{\"@type\":\"ReadAction\",\"target\":[\"https:\/\/www.tempsbarcelona.com\/ca\/el-domaine-tianna-negre\/\"]}]},{\"@type\":\"ImageObject\",\"inLanguage\":\"ca\",\"@id\":\"https:\/\/www.tempsbarcelona.com\/ca\/el-domaine-tianna-negre\/#primaryimage\",\"url\":\"https:\/\/www.tempsbarcelona.com\/wp-content\/uploads\/2024\/06\/WhatsApp-Image-2024-06-03-at-11.53.55-1.jpeg\",\"contentUrl\":\"https:\/\/www.tempsbarcelona.com\/wp-content\/uploads\/2024\/06\/WhatsApp-Image-2024-06-03-at-11.53.55-1.jpeg\",\"width\":1080,\"height\":1920},{\"@type\":\"BreadcrumbList\",\"@id\":\"https:\/\/www.tempsbarcelona.com\/ca\/el-domaine-tianna-negre\/#breadcrumb\",\"itemListElement\":[{\"@type\":\"ListItem\",\"position\":1,\"name\":\"Portada\",\"item\":\"https:\/\/www.tempsbarcelona.com\/ca\/temps-barcelona\/\"},{\"@type\":\"ListItem\",\"position\":2,\"name\":\"El Domaine Tianna Negre\"}]},{\"@type\":\"WebSite\",\"@id\":\"https:\/\/www.tempsbarcelona.com\/ca\/#website\",\"url\":\"https:\/\/www.tempsbarcelona.com\/ca\/\",\"name\":\"Temps Barcelona\",\"description\":\"\",\"potentialAction\":[{\"@type\":\"SearchAction\",\"target\":{\"@type\":\"EntryPoint\",\"urlTemplate\":\"https:\/\/www.tempsbarcelona.com\/ca\/?s={search_term_string}\"},\"query-input\":{\"@type\":\"PropertyValueSpecification\",\"valueRequired\":true,\"valueName\":\"search_term_string\"}}],\"inLanguage\":\"ca\"},{\"@type\":\"Person\",\"@id\":\"https:\/\/www.tempsbarcelona.com\/ca\/#\/schema\/person\/42e402d68007d6b23123a37e43aca822\",\"name\":\"Viajero\",\"image\":{\"@type\":\"ImageObject\",\"inLanguage\":\"ca\",\"@id\":\"https:\/\/www.tempsbarcelona.com\/ca\/#\/schema\/person\/image\/\",\"url\":\"https:\/\/secure.gravatar.com\/avatar\/adc63f40e2c832dac25e11feaef9ac523a32eaf25722d8b78fcb7c6603af7f85?s=96&d=mm&r=g\",\"contentUrl\":\"https:\/\/secure.gravatar.com\/avatar\/adc63f40e2c832dac25e11feaef9ac523a32eaf25722d8b78fcb7c6603af7f85?s=96&d=mm&r=g\",\"caption\":\"Viajero\"}}]}<\/script>\n<!-- \/ Yoast SEO plugin. -->","yoast_head_json":{"title":"El Domaine Tianna Negre - Temps Barcelona","robots":{"index":"noindex","follow":"follow","max-snippet":"max-snippet:-1","max-image-preview":"max-image-preview:large","max-video-preview":"max-video-preview:-1"},"og_locale":"ca_ES","og_type":"article","og_title":"El Domaine Tianna Negre - Temps Barcelona","og_description":"El Domaine Tianna Negre \u00e9s situat al cor de la magn\u00edfica illa de Mallorca. A la regi\u00f3 vin\u00edcola de Binissalem, aquesta finca familiar us convida a descobrir vins excepcionals, a gaudir d&#8217;una gastronomia local refinada i a participar en una varietat d&#8217;activitats enriquidores. El Domaine Tianna Negre encarna la perfecta harmonia entre tradici\u00f3 i innovaci\u00f3. [&hellip;]","og_url":"https:\/\/www.tempsbarcelona.com\/ca\/el-domaine-tianna-negre\/","og_site_name":"Temps Barcelona","article_published_time":"2024-11-05T11:30:49+00:00","og_image":[{"width":1080,"height":1920,"url":"https:\/\/www.tempsbarcelona.com\/wp-content\/uploads\/2024\/06\/WhatsApp-Image-2024-06-03-at-11.53.55-1.jpeg","type":"image\/jpeg"}],"author":"Viajero","twitter_card":"summary_large_image","twitter_misc":{"Escrit per":"Viajero","Temps estimat de lectura":"2 minuts"},"schema":{"@context":"https:\/\/schema.org","@graph":[{"@type":"WebPage","@id":"https:\/\/www.tempsbarcelona.com\/ca\/el-domaine-tianna-negre\/","url":"https:\/\/www.tempsbarcelona.com\/ca\/el-domaine-tianna-negre\/","name":"El Domaine Tianna Negre - Temps Barcelona","isPartOf":{"@id":"https:\/\/www.tempsbarcelona.com\/ca\/#website"},"primaryImageOfPage":{"@id":"https:\/\/www.tempsbarcelona.com\/ca\/el-domaine-tianna-negre\/#primaryimage"},"image":{"@id":"https:\/\/www.tempsbarcelona.com\/ca\/el-domaine-tianna-negre\/#primaryimage"},"thumbnailUrl":"https:\/\/www.tempsbarcelona.com\/wp-content\/uploads\/2024\/06\/WhatsApp-Image-2024-06-03-at-11.53.55-1.jpeg","datePublished":"2024-11-05T11:30:49+00:00","author":{"@id":"https:\/\/www.tempsbarcelona.com\/ca\/#\/schema\/person\/42e402d68007d6b23123a37e43aca822"},"breadcrumb":{"@id":"https:\/\/www.tempsbarcelona.com\/ca\/el-domaine-tianna-negre\/#breadcrumb"},"inLanguage":"ca","potentialAction":[{"@type":"ReadAction","target":["https:\/\/www.tempsbarcelona.com\/ca\/el-domaine-tianna-negre\/"]}]},{"@type":"ImageObject","inLanguage":"ca","@id":"https:\/\/www.tempsbarcelona.com\/ca\/el-domaine-tianna-negre\/#primaryimage","url":"https:\/\/www.tempsbarcelona.com\/wp-content\/uploads\/2024\/06\/WhatsApp-Image-2024-06-03-at-11.53.55-1.jpeg","contentUrl":"https:\/\/www.tempsbarcelona.com\/wp-content\/uploads\/2024\/06\/WhatsApp-Image-2024-06-03-at-11.53.55-1.jpeg","width":1080,"height":1920},{"@type":"BreadcrumbList","@id":"https:\/\/www.tempsbarcelona.com\/ca\/el-domaine-tianna-negre\/#breadcrumb","itemListElement":[{"@type":"ListItem","position":1,"name":"Portada","item":"https:\/\/www.tempsbarcelona.com\/ca\/temps-barcelona\/"},{"@type":"ListItem","position":2,"name":"El Domaine Tianna Negre"}]},{"@type":"WebSite","@id":"https:\/\/www.tempsbarcelona.com\/ca\/#website","url":"https:\/\/www.tempsbarcelona.com\/ca\/","name":"Temps Barcelona","description":"","potentialAction":[{"@type":"SearchAction","target":{"@type":"EntryPoint","urlTemplate":"https:\/\/www.tempsbarcelona.com\/ca\/?s={search_term_string}"},"query-input":{"@type":"PropertyValueSpecification","valueRequired":true,"valueName":"search_term_string"}}],"inLanguage":"ca"},{"@type":"Person","@id":"https:\/\/www.tempsbarcelona.com\/ca\/#\/schema\/person\/42e402d68007d6b23123a37e43aca822","name":"Viajero","image":{"@type":"ImageObject","inLanguage":"ca","@id":"https:\/\/www.tempsbarcelona.com\/ca\/#\/schema\/person\/image\/","url":"https:\/\/secure.gravatar.com\/avatar\/adc63f40e2c832dac25e11feaef9ac523a32eaf25722d8b78fcb7c6603af7f85?s=96&d=mm&r=g","contentUrl":"https:\/\/secure.gravatar.com\/avatar\/adc63f40e2c832dac25e11feaef9ac523a32eaf25722d8b78fcb7c6603af7f85?s=96&d=mm&r=g","caption":"Viajero"}}]}},"_links":{"self":[{"href":"https:\/\/www.tempsbarcelona.com\/ca\/wp-json\/wp\/v2\/posts\/3672","targetHints":{"allow":["GET"]}}],"collection":[{"href":"https:\/\/www.tempsbarcelona.com\/ca\/wp-json\/wp\/v2\/posts"}],"about":[{"href":"https:\/\/www.tempsbarcelona.com\/ca\/wp-json\/wp\/v2\/types\/post"}],"author":[{"embeddable":true,"href":"https:\/\/www.tempsbarcelona.com\/ca\/wp-json\/wp\/v2\/users\/2"}],"replies":[{"embeddable":true,"href":"https:\/\/www.tempsbarcelona.com\/ca\/wp-json\/wp\/v2\/comments?post=3672"}],"version-history":[{"count":1,"href":"https:\/\/www.tempsbarcelona.com\/ca\/wp-json\/wp\/v2\/posts\/3672\/revisions"}],"predecessor-version":[{"id":3673,"href":"https:\/\/www.tempsbarcelona.com\/ca\/wp-json\/wp\/v2\/posts\/3672\/revisions\/3673"}],"wp:featuredmedia":[{"embeddable":true,"href":"https:\/\/www.tempsbarcelona.com\/ca\/wp-json\/wp\/v2\/media\/3667"}],"wp:attachment":[{"href":"https:\/\/www.tempsbarcelona.com\/ca\/wp-json\/wp\/v2\/media?parent=3672"}],"wp:term":[{"taxonomy":"category","embeddable":true,"href":"https:\/\/www.tempsbarcelona.com\/ca\/wp-json\/wp\/v2\/categories?post=3672"},{"taxonomy":"post_tag","embeddable":true,"href":"https:\/\/www.tempsbarcelona.com\/ca\/wp-json\/wp\/v2\/tags?post=3672"}],"curies":[{"name":"wp","href":"https:\/\/api.w.org\/{rel}","templated":true}]}}