{"id":3655,"date":"2024-10-31T11:30:37","date_gmt":"2024-10-31T11:30:37","guid":{"rendered":"https:\/\/derutasyvinos.com\/?p=3655"},"modified":"2024-06-05T13:15:50","modified_gmt":"2024-06-05T13:15:50","slug":"al-domaine-de-la-zouina","status":"publish","type":"post","link":"https:\/\/www.tempsbarcelona.com\/ca\/al-domaine-de-la-zouina\/","title":{"rendered":"al Domaine de La Zouina"},"content":{"rendered":"<p>Benvingut al Domaine de La Zouina, una joia vitivin\u00edcola situada al cor dels paisatges encantadors del Marroc. Situat a prop de Mekn\u00e8s, aquest domini excepcional us convida a descobrir l&#8217;art del vi marroqu\u00ed, a assaborir una gastronomia local refinada i a participar en una varietat d&#8217;activitats captivadores.<\/p>\n<p>El Domaine, el nom del qual significa &#8220;la bella&#8221; en \u00e0rab, encarna perfectament la bellesa i la diversitat del terrer marroqu\u00ed. Les vinyes s&#8217;estenen per turons assolellats i es beneficien d&#8217;un microclima ideal per al cultiu de varietats de ra\u00efm com el Cabernet Sauvignon, la Syrah i el Chardonnay.<\/p>\n<p>Podreu participar en visites guiades a les vinyes per aprendre m\u00e9s sobre les t\u00e8cniques de viticultura respectuoses amb el medi ambient i sobre la fascinant hist\u00f2ria del Domaine. Admireu els paisatges pintorescos mentre descobriu els secrets de la producci\u00f3 de vins d&#8217;alta qualitat.<\/p>\n<h2>Gastronomia Marroquina<\/h2>\n<p>El restaurant del Domaine de La Zouina ofereix una experi\u00e8ncia gastron\u00f2mica excepcional, destacant els ingredients locals i les tradicions culin\u00e0ries marroquines. Assaboriu plats aut\u00e8ntics preparats amb cura per acompanyar els vins del Domaine i descobriu una cuina que celebra les riqueses de la terra marroquina. Podreu degustar menjars sumptuosos compostos de plats tradicionals marroquins com el tag\u00edn, el cusc\u00fas i les pastilles, sublimats pels maridatges perfectes amb els vins de La Zouina. Tamb\u00e9 podreu participar en tallers de cuina per aprendre a preparar plats marroquins emblem\u00e0tics sota la direcci\u00f3 de xefs experimentats. Apreneu els secrets de les esp\u00e8cies i les t\u00e8cniques culin\u00e0ries locals i assaboriu les vostres creacions acompanyades dels vins del Domaine.<\/p>\n<h2>Activitats i Descobriments<\/h2>\n<p>A m\u00e9s de les degustacions de vins i les experi\u00e8ncies gastron\u00f2miques, el Domaine de La Zouina ofereix una multitud d&#8217;activitats per enriquir la vostra estada. Per exemple, exploreu els magn\u00edfics paisatges circumdants durant caminades a peu o passejades en bicicleta a trav\u00e9s de les vinyes i oliverars. Gaudiu de la tranquil\u00b7litat del camp marroqu\u00ed mentre descobriu la fauna i la flora locals. Submergiu-vos en la rica hist\u00f2ria i cultura del Marroc visitant els llocs hist\u00f2rics i les medines properes. Descobriu els tresors arquitect\u00f2nics i els mercats animats de Mekn\u00e8s, una ciutat imperial inscrita al patrimoni mundial de la UNESCO.<\/p>\n","protected":false},"excerpt":{"rendered":"<p>Benvingut al Domaine de La Zouina, una joia vitivin\u00edcola situada al cor dels paisatges encantadors del Marroc. Situat a prop de Mekn\u00e8s, aquest domini excepcional us convida a descobrir l&#8217;art del vi marroqu\u00ed, a assaborir una gastronomia local refinada i a participar en una varietat d&#8217;activitats captivadores. El Domaine, el nom del qual significa &#8220;la [&hellip;]<\/p>\n","protected":false},"author":2,"featured_media":3650,"comment_status":"open","ping_status":"open","sticky":false,"template":"","format":"standard","meta":{"_et_pb_use_builder":"","_et_pb_old_content":"","_et_gb_content_width":"","footnotes":""},"categories":[1],"tags":[],"class_list":["post-3655","post","type-post","status-publish","format-standard","has-post-thumbnail","hentry","category-sin-categorizar"],"yoast_head":"<!-- This site is optimized with the Yoast SEO plugin v25.1 - https:\/\/yoast.com\/wordpress\/plugins\/seo\/ -->\n<title>al Domaine de La Zouina - Temps Barcelona<\/title>\n<meta name=\"robots\" content=\"noindex, follow, max-snippet:-1, max-image-preview:large, max-video-preview:-1\" \/>\n<meta property=\"og:locale\" content=\"ca_ES\" \/>\n<meta property=\"og:type\" content=\"article\" \/>\n<meta property=\"og:title\" content=\"al Domaine de La Zouina - Temps Barcelona\" \/>\n<meta property=\"og:description\" content=\"Benvingut al Domaine de La Zouina, una joia vitivin\u00edcola situada al cor dels paisatges encantadors del Marroc. Situat a prop de Mekn\u00e8s, aquest domini excepcional us convida a descobrir l&#8217;art del vi marroqu\u00ed, a assaborir una gastronomia local refinada i a participar en una varietat d&#8217;activitats captivadores. El Domaine, el nom del qual significa &#8220;la [&hellip;]\" \/>\n<meta property=\"og:url\" content=\"https:\/\/www.tempsbarcelona.com\/ca\/al-domaine-de-la-zouina\/\" \/>\n<meta property=\"og:site_name\" content=\"Temps Barcelona\" \/>\n<meta property=\"article:published_time\" content=\"2024-10-31T11:30:37+00:00\" \/>\n<meta property=\"og:image\" content=\"https:\/\/www.tempsbarcelona.com\/wp-content\/uploads\/2024\/06\/WhatsApp-Image-2024-06-03-at-11.54.16.jpeg\" \/>\n\t<meta property=\"og:image:width\" content=\"1080\" \/>\n\t<meta property=\"og:image:height\" content=\"1920\" \/>\n\t<meta property=\"og:image:type\" content=\"image\/jpeg\" \/>\n<meta name=\"author\" content=\"Viajero\" \/>\n<meta name=\"twitter:card\" content=\"summary_large_image\" \/>\n<meta name=\"twitter:label1\" content=\"Escrit per\" \/>\n\t<meta name=\"twitter:data1\" content=\"Viajero\" \/>\n\t<meta name=\"twitter:label2\" content=\"Temps estimat de lectura\" \/>\n\t<meta name=\"twitter:data2\" content=\"2 minuts\" \/>\n<script type=\"application\/ld+json\" class=\"yoast-schema-graph\">{\"@context\":\"https:\/\/schema.org\",\"@graph\":[{\"@type\":\"WebPage\",\"@id\":\"https:\/\/www.tempsbarcelona.com\/ca\/al-domaine-de-la-zouina\/\",\"url\":\"https:\/\/www.tempsbarcelona.com\/ca\/al-domaine-de-la-zouina\/\",\"name\":\"al Domaine de La Zouina - Temps Barcelona\",\"isPartOf\":{\"@id\":\"https:\/\/www.tempsbarcelona.com\/ca\/#website\"},\"primaryImageOfPage\":{\"@id\":\"https:\/\/www.tempsbarcelona.com\/ca\/al-domaine-de-la-zouina\/#primaryimage\"},\"image\":{\"@id\":\"https:\/\/www.tempsbarcelona.com\/ca\/al-domaine-de-la-zouina\/#primaryimage\"},\"thumbnailUrl\":\"https:\/\/www.tempsbarcelona.com\/wp-content\/uploads\/2024\/06\/WhatsApp-Image-2024-06-03-at-11.54.16.jpeg\",\"datePublished\":\"2024-10-31T11:30:37+00:00\",\"author\":{\"@id\":\"https:\/\/www.tempsbarcelona.com\/ca\/#\/schema\/person\/42e402d68007d6b23123a37e43aca822\"},\"breadcrumb\":{\"@id\":\"https:\/\/www.tempsbarcelona.com\/ca\/al-domaine-de-la-zouina\/#breadcrumb\"},\"inLanguage\":\"ca\",\"potentialAction\":[{\"@type\":\"ReadAction\",\"target\":[\"https:\/\/www.tempsbarcelona.com\/ca\/al-domaine-de-la-zouina\/\"]}]},{\"@type\":\"ImageObject\",\"inLanguage\":\"ca\",\"@id\":\"https:\/\/www.tempsbarcelona.com\/ca\/al-domaine-de-la-zouina\/#primaryimage\",\"url\":\"https:\/\/www.tempsbarcelona.com\/wp-content\/uploads\/2024\/06\/WhatsApp-Image-2024-06-03-at-11.54.16.jpeg\",\"contentUrl\":\"https:\/\/www.tempsbarcelona.com\/wp-content\/uploads\/2024\/06\/WhatsApp-Image-2024-06-03-at-11.54.16.jpeg\",\"width\":1080,\"height\":1920},{\"@type\":\"BreadcrumbList\",\"@id\":\"https:\/\/www.tempsbarcelona.com\/ca\/al-domaine-de-la-zouina\/#breadcrumb\",\"itemListElement\":[{\"@type\":\"ListItem\",\"position\":1,\"name\":\"Portada\",\"item\":\"https:\/\/www.tempsbarcelona.com\/ca\/temps-barcelona\/\"},{\"@type\":\"ListItem\",\"position\":2,\"name\":\"al Domaine de La Zouina\"}]},{\"@type\":\"WebSite\",\"@id\":\"https:\/\/www.tempsbarcelona.com\/ca\/#website\",\"url\":\"https:\/\/www.tempsbarcelona.com\/ca\/\",\"name\":\"Temps Barcelona\",\"description\":\"\",\"potentialAction\":[{\"@type\":\"SearchAction\",\"target\":{\"@type\":\"EntryPoint\",\"urlTemplate\":\"https:\/\/www.tempsbarcelona.com\/ca\/?s={search_term_string}\"},\"query-input\":{\"@type\":\"PropertyValueSpecification\",\"valueRequired\":true,\"valueName\":\"search_term_string\"}}],\"inLanguage\":\"ca\"},{\"@type\":\"Person\",\"@id\":\"https:\/\/www.tempsbarcelona.com\/ca\/#\/schema\/person\/42e402d68007d6b23123a37e43aca822\",\"name\":\"Viajero\",\"image\":{\"@type\":\"ImageObject\",\"inLanguage\":\"ca\",\"@id\":\"https:\/\/www.tempsbarcelona.com\/ca\/#\/schema\/person\/image\/\",\"url\":\"https:\/\/secure.gravatar.com\/avatar\/adc63f40e2c832dac25e11feaef9ac523a32eaf25722d8b78fcb7c6603af7f85?s=96&d=mm&r=g\",\"contentUrl\":\"https:\/\/secure.gravatar.com\/avatar\/adc63f40e2c832dac25e11feaef9ac523a32eaf25722d8b78fcb7c6603af7f85?s=96&d=mm&r=g\",\"caption\":\"Viajero\"}}]}<\/script>\n<!-- \/ Yoast SEO plugin. -->","yoast_head_json":{"title":"al Domaine de La Zouina - Temps Barcelona","robots":{"index":"noindex","follow":"follow","max-snippet":"max-snippet:-1","max-image-preview":"max-image-preview:large","max-video-preview":"max-video-preview:-1"},"og_locale":"ca_ES","og_type":"article","og_title":"al Domaine de La Zouina - Temps Barcelona","og_description":"Benvingut al Domaine de La Zouina, una joia vitivin\u00edcola situada al cor dels paisatges encantadors del Marroc. Situat a prop de Mekn\u00e8s, aquest domini excepcional us convida a descobrir l&#8217;art del vi marroqu\u00ed, a assaborir una gastronomia local refinada i a participar en una varietat d&#8217;activitats captivadores. El Domaine, el nom del qual significa &#8220;la [&hellip;]","og_url":"https:\/\/www.tempsbarcelona.com\/ca\/al-domaine-de-la-zouina\/","og_site_name":"Temps Barcelona","article_published_time":"2024-10-31T11:30:37+00:00","og_image":[{"width":1080,"height":1920,"url":"https:\/\/www.tempsbarcelona.com\/wp-content\/uploads\/2024\/06\/WhatsApp-Image-2024-06-03-at-11.54.16.jpeg","type":"image\/jpeg"}],"author":"Viajero","twitter_card":"summary_large_image","twitter_misc":{"Escrit per":"Viajero","Temps estimat de lectura":"2 minuts"},"schema":{"@context":"https:\/\/schema.org","@graph":[{"@type":"WebPage","@id":"https:\/\/www.tempsbarcelona.com\/ca\/al-domaine-de-la-zouina\/","url":"https:\/\/www.tempsbarcelona.com\/ca\/al-domaine-de-la-zouina\/","name":"al Domaine de La Zouina - Temps Barcelona","isPartOf":{"@id":"https:\/\/www.tempsbarcelona.com\/ca\/#website"},"primaryImageOfPage":{"@id":"https:\/\/www.tempsbarcelona.com\/ca\/al-domaine-de-la-zouina\/#primaryimage"},"image":{"@id":"https:\/\/www.tempsbarcelona.com\/ca\/al-domaine-de-la-zouina\/#primaryimage"},"thumbnailUrl":"https:\/\/www.tempsbarcelona.com\/wp-content\/uploads\/2024\/06\/WhatsApp-Image-2024-06-03-at-11.54.16.jpeg","datePublished":"2024-10-31T11:30:37+00:00","author":{"@id":"https:\/\/www.tempsbarcelona.com\/ca\/#\/schema\/person\/42e402d68007d6b23123a37e43aca822"},"breadcrumb":{"@id":"https:\/\/www.tempsbarcelona.com\/ca\/al-domaine-de-la-zouina\/#breadcrumb"},"inLanguage":"ca","potentialAction":[{"@type":"ReadAction","target":["https:\/\/www.tempsbarcelona.com\/ca\/al-domaine-de-la-zouina\/"]}]},{"@type":"ImageObject","inLanguage":"ca","@id":"https:\/\/www.tempsbarcelona.com\/ca\/al-domaine-de-la-zouina\/#primaryimage","url":"https:\/\/www.tempsbarcelona.com\/wp-content\/uploads\/2024\/06\/WhatsApp-Image-2024-06-03-at-11.54.16.jpeg","contentUrl":"https:\/\/www.tempsbarcelona.com\/wp-content\/uploads\/2024\/06\/WhatsApp-Image-2024-06-03-at-11.54.16.jpeg","width":1080,"height":1920},{"@type":"BreadcrumbList","@id":"https:\/\/www.tempsbarcelona.com\/ca\/al-domaine-de-la-zouina\/#breadcrumb","itemListElement":[{"@type":"ListItem","position":1,"name":"Portada","item":"https:\/\/www.tempsbarcelona.com\/ca\/temps-barcelona\/"},{"@type":"ListItem","position":2,"name":"al Domaine de La Zouina"}]},{"@type":"WebSite","@id":"https:\/\/www.tempsbarcelona.com\/ca\/#website","url":"https:\/\/www.tempsbarcelona.com\/ca\/","name":"Temps Barcelona","description":"","potentialAction":[{"@type":"SearchAction","target":{"@type":"EntryPoint","urlTemplate":"https:\/\/www.tempsbarcelona.com\/ca\/?s={search_term_string}"},"query-input":{"@type":"PropertyValueSpecification","valueRequired":true,"valueName":"search_term_string"}}],"inLanguage":"ca"},{"@type":"Person","@id":"https:\/\/www.tempsbarcelona.com\/ca\/#\/schema\/person\/42e402d68007d6b23123a37e43aca822","name":"Viajero","image":{"@type":"ImageObject","inLanguage":"ca","@id":"https:\/\/www.tempsbarcelona.com\/ca\/#\/schema\/person\/image\/","url":"https:\/\/secure.gravatar.com\/avatar\/adc63f40e2c832dac25e11feaef9ac523a32eaf25722d8b78fcb7c6603af7f85?s=96&d=mm&r=g","contentUrl":"https:\/\/secure.gravatar.com\/avatar\/adc63f40e2c832dac25e11feaef9ac523a32eaf25722d8b78fcb7c6603af7f85?s=96&d=mm&r=g","caption":"Viajero"}}]}},"_links":{"self":[{"href":"https:\/\/www.tempsbarcelona.com\/ca\/wp-json\/wp\/v2\/posts\/3655","targetHints":{"allow":["GET"]}}],"collection":[{"href":"https:\/\/www.tempsbarcelona.com\/ca\/wp-json\/wp\/v2\/posts"}],"about":[{"href":"https:\/\/www.tempsbarcelona.com\/ca\/wp-json\/wp\/v2\/types\/post"}],"author":[{"embeddable":true,"href":"https:\/\/www.tempsbarcelona.com\/ca\/wp-json\/wp\/v2\/users\/2"}],"replies":[{"embeddable":true,"href":"https:\/\/www.tempsbarcelona.com\/ca\/wp-json\/wp\/v2\/comments?post=3655"}],"version-history":[{"count":1,"href":"https:\/\/www.tempsbarcelona.com\/ca\/wp-json\/wp\/v2\/posts\/3655\/revisions"}],"predecessor-version":[{"id":3656,"href":"https:\/\/www.tempsbarcelona.com\/ca\/wp-json\/wp\/v2\/posts\/3655\/revisions\/3656"}],"wp:featuredmedia":[{"embeddable":true,"href":"https:\/\/www.tempsbarcelona.com\/ca\/wp-json\/wp\/v2\/media\/3650"}],"wp:attachment":[{"href":"https:\/\/www.tempsbarcelona.com\/ca\/wp-json\/wp\/v2\/media?parent=3655"}],"wp:term":[{"taxonomy":"category","embeddable":true,"href":"https:\/\/www.tempsbarcelona.com\/ca\/wp-json\/wp\/v2\/categories?post=3655"},{"taxonomy":"post_tag","embeddable":true,"href":"https:\/\/www.tempsbarcelona.com\/ca\/wp-json\/wp\/v2\/tags?post=3655"}],"curies":[{"name":"wp","href":"https:\/\/api.w.org\/{rel}","templated":true}]}}