{"id":3640,"date":"2024-10-24T11:30:17","date_gmt":"2024-10-24T11:30:17","guid":{"rendered":"https:\/\/derutasyvinos.com\/?p=3640"},"modified":"2024-06-05T12:43:44","modified_gmt":"2024-06-05T12:43:44","slug":"cullen-wines","status":"publish","type":"post","link":"https:\/\/www.tempsbarcelona.com\/ca\/cullen-wines\/","title":{"rendered":"Cullen Wines"},"content":{"rendered":"<p>Benvingut a Cullen Wines, un celler emblem\u00e0tic situat al cor dels paisatges pintorescs de l&#8217;Austr\u00e0lia Occidental. Amb el seu comprom\u00eds amb la sostenibilitat, el seu terrer \u00fanic i la seva passi\u00f3 per l&#8217;art del vi, Cullen Wines ofereix una experi\u00e8ncia inoblidable als amants del vi de tot el m\u00f3n. Segueixi&#8217;ns en un viatge a trav\u00e9s de les vinyes exuberants, els sabors refinats i les activitats enriquidores proposades per aquest celler excepcional.<\/p>\n<p>Cullen Wines \u00e9s conegut pels seus vins elegants que reflecteixen la diversitat i la riquesa del terrer de la regi\u00f3 de Margaret River. Amb un enfocament especial en les varietats tradicionals com el Cabernet Sauvignon, el Chardonnay i el Sauvignon Blanc, cada ampolla de Cullen Wines \u00e9s una oda a l&#8217;eleg\u00e0ncia natural de l&#8217;Austr\u00e0lia Occidental.<\/p>\n<p>Explori les vinyes biodin\u00e0miques de Cullen Wines durant visites guiades, on podr\u00e0 aprendre m\u00e9s sobre les pr\u00e0ctiques de viticultura respectuoses amb el medi ambient i sobre el proc\u00e9s de vinificaci\u00f3.<\/p>\n<h2>Gastronomia Refinada<\/h2>\n<p>El restaurant de Cullen Wines ofereix una cuina refinada que destaca els ingredients locals i de temporada, amb un toc modern i creatiu. Gaudeixi de deliciosos plats preparats amb cura per acompanyar els vins premiats del celler, i descobreixi una experi\u00e8ncia gastron\u00f2mica aut\u00e8ntica al cor de l&#8217;Austr\u00e0lia Occidental.<\/p>\n<p>Aprengui els secrets de la cuina australiana en classes interactives dirigides per xefs locals de renom. Descobreixi les t\u00e8cniques de preparaci\u00f3 dels plats emblem\u00e0tics de la regi\u00f3 i degusti les seves creacions amb els vins de Cullen.<\/p>\n<h2>Activitats i Descobriments<\/h2>\n<p>A m\u00e9s de les degustacions de vins i els \u00e0pats gurmet, Cullen Wines ofereix una varietat d&#8217;activitats per completar la seva experi\u00e8ncia a l&#8217;Austr\u00e0lia Occidental.Explori els magn\u00edfics paisatges de Margaret River amb passejades a trav\u00e9s de les vinyes de Cullen, on podr\u00e0 admirar les exuberants vinyes i les espectaculars vistes del camp.Visiti els llocs hist\u00f2rics i les galeries d&#8217;art locals, on podr\u00e0 descobrir l&#8217;art i l&#8217;artesania \u00fanics de l&#8217;Austr\u00e0lia Occidental.Relaxeu-se i recarregui energies als tranquils jardins del celler, on podr\u00e0 gaudir de la tranquil\u00b7litat i la bellesa de la natura circumdant.<\/p>\n","protected":false},"excerpt":{"rendered":"<p>Benvingut a Cullen Wines, un celler emblem\u00e0tic situat al cor dels paisatges pintorescs de l&#8217;Austr\u00e0lia Occidental. Amb el seu comprom\u00eds amb la sostenibilitat, el seu terrer \u00fanic i la seva passi\u00f3 per l&#8217;art del vi, Cullen Wines ofereix una experi\u00e8ncia inoblidable als amants del vi de tot el m\u00f3n. Segueixi&#8217;ns en un viatge a trav\u00e9s [&hellip;]<\/p>\n","protected":false},"author":2,"featured_media":0,"comment_status":"open","ping_status":"open","sticky":false,"template":"","format":"standard","meta":{"_et_pb_use_builder":"","_et_pb_old_content":"","_et_gb_content_width":"","footnotes":""},"categories":[133],"tags":[],"class_list":["post-3640","post","type-post","status-publish","format-standard","hentry","category-sin-categorizar-2"],"yoast_head":"<!-- This site is optimized with the Yoast SEO plugin v25.1 - https:\/\/yoast.com\/wordpress\/plugins\/seo\/ -->\n<title>Cullen Wines - Temps Barcelona<\/title>\n<meta name=\"robots\" content=\"noindex, follow, max-snippet:-1, max-image-preview:large, max-video-preview:-1\" \/>\n<meta property=\"og:locale\" content=\"ca_ES\" \/>\n<meta property=\"og:type\" content=\"article\" \/>\n<meta property=\"og:title\" content=\"Cullen Wines - Temps Barcelona\" \/>\n<meta property=\"og:description\" content=\"Benvingut a Cullen Wines, un celler emblem\u00e0tic situat al cor dels paisatges pintorescs de l&#8217;Austr\u00e0lia Occidental. Amb el seu comprom\u00eds amb la sostenibilitat, el seu terrer \u00fanic i la seva passi\u00f3 per l&#8217;art del vi, Cullen Wines ofereix una experi\u00e8ncia inoblidable als amants del vi de tot el m\u00f3n. Segueixi&#8217;ns en un viatge a trav\u00e9s [&hellip;]\" \/>\n<meta property=\"og:url\" content=\"https:\/\/www.tempsbarcelona.com\/ca\/cullen-wines\/\" \/>\n<meta property=\"og:site_name\" content=\"Temps Barcelona\" \/>\n<meta property=\"article:published_time\" content=\"2024-10-24T11:30:17+00:00\" \/>\n<meta name=\"author\" content=\"Viajero\" \/>\n<meta name=\"twitter:card\" content=\"summary_large_image\" \/>\n<meta name=\"twitter:label1\" content=\"Escrit per\" \/>\n\t<meta name=\"twitter:data1\" content=\"Viajero\" \/>\n\t<meta name=\"twitter:label2\" content=\"Temps estimat de lectura\" \/>\n\t<meta name=\"twitter:data2\" content=\"2 minuts\" \/>\n<script type=\"application\/ld+json\" class=\"yoast-schema-graph\">{\"@context\":\"https:\/\/schema.org\",\"@graph\":[{\"@type\":\"WebPage\",\"@id\":\"https:\/\/www.tempsbarcelona.com\/ca\/cullen-wines\/\",\"url\":\"https:\/\/www.tempsbarcelona.com\/ca\/cullen-wines\/\",\"name\":\"Cullen Wines - Temps Barcelona\",\"isPartOf\":{\"@id\":\"https:\/\/www.tempsbarcelona.com\/ca\/#website\"},\"datePublished\":\"2024-10-24T11:30:17+00:00\",\"author\":{\"@id\":\"https:\/\/www.tempsbarcelona.com\/ca\/#\/schema\/person\/42e402d68007d6b23123a37e43aca822\"},\"breadcrumb\":{\"@id\":\"https:\/\/www.tempsbarcelona.com\/ca\/cullen-wines\/#breadcrumb\"},\"inLanguage\":\"ca\",\"potentialAction\":[{\"@type\":\"ReadAction\",\"target\":[\"https:\/\/www.tempsbarcelona.com\/ca\/cullen-wines\/\"]}]},{\"@type\":\"BreadcrumbList\",\"@id\":\"https:\/\/www.tempsbarcelona.com\/ca\/cullen-wines\/#breadcrumb\",\"itemListElement\":[{\"@type\":\"ListItem\",\"position\":1,\"name\":\"Portada\",\"item\":\"https:\/\/www.tempsbarcelona.com\/ca\/temps-barcelona\/\"},{\"@type\":\"ListItem\",\"position\":2,\"name\":\"Cullen Wines\"}]},{\"@type\":\"WebSite\",\"@id\":\"https:\/\/www.tempsbarcelona.com\/ca\/#website\",\"url\":\"https:\/\/www.tempsbarcelona.com\/ca\/\",\"name\":\"Temps Barcelona\",\"description\":\"\",\"potentialAction\":[{\"@type\":\"SearchAction\",\"target\":{\"@type\":\"EntryPoint\",\"urlTemplate\":\"https:\/\/www.tempsbarcelona.com\/ca\/?s={search_term_string}\"},\"query-input\":{\"@type\":\"PropertyValueSpecification\",\"valueRequired\":true,\"valueName\":\"search_term_string\"}}],\"inLanguage\":\"ca\"},{\"@type\":\"Person\",\"@id\":\"https:\/\/www.tempsbarcelona.com\/ca\/#\/schema\/person\/42e402d68007d6b23123a37e43aca822\",\"name\":\"Viajero\",\"image\":{\"@type\":\"ImageObject\",\"inLanguage\":\"ca\",\"@id\":\"https:\/\/www.tempsbarcelona.com\/ca\/#\/schema\/person\/image\/\",\"url\":\"https:\/\/secure.gravatar.com\/avatar\/adc63f40e2c832dac25e11feaef9ac523a32eaf25722d8b78fcb7c6603af7f85?s=96&d=mm&r=g\",\"contentUrl\":\"https:\/\/secure.gravatar.com\/avatar\/adc63f40e2c832dac25e11feaef9ac523a32eaf25722d8b78fcb7c6603af7f85?s=96&d=mm&r=g\",\"caption\":\"Viajero\"}}]}<\/script>\n<!-- \/ Yoast SEO plugin. -->","yoast_head_json":{"title":"Cullen Wines - Temps Barcelona","robots":{"index":"noindex","follow":"follow","max-snippet":"max-snippet:-1","max-image-preview":"max-image-preview:large","max-video-preview":"max-video-preview:-1"},"og_locale":"ca_ES","og_type":"article","og_title":"Cullen Wines - Temps Barcelona","og_description":"Benvingut a Cullen Wines, un celler emblem\u00e0tic situat al cor dels paisatges pintorescs de l&#8217;Austr\u00e0lia Occidental. Amb el seu comprom\u00eds amb la sostenibilitat, el seu terrer \u00fanic i la seva passi\u00f3 per l&#8217;art del vi, Cullen Wines ofereix una experi\u00e8ncia inoblidable als amants del vi de tot el m\u00f3n. Segueixi&#8217;ns en un viatge a trav\u00e9s [&hellip;]","og_url":"https:\/\/www.tempsbarcelona.com\/ca\/cullen-wines\/","og_site_name":"Temps Barcelona","article_published_time":"2024-10-24T11:30:17+00:00","author":"Viajero","twitter_card":"summary_large_image","twitter_misc":{"Escrit per":"Viajero","Temps estimat de lectura":"2 minuts"},"schema":{"@context":"https:\/\/schema.org","@graph":[{"@type":"WebPage","@id":"https:\/\/www.tempsbarcelona.com\/ca\/cullen-wines\/","url":"https:\/\/www.tempsbarcelona.com\/ca\/cullen-wines\/","name":"Cullen Wines - Temps Barcelona","isPartOf":{"@id":"https:\/\/www.tempsbarcelona.com\/ca\/#website"},"datePublished":"2024-10-24T11:30:17+00:00","author":{"@id":"https:\/\/www.tempsbarcelona.com\/ca\/#\/schema\/person\/42e402d68007d6b23123a37e43aca822"},"breadcrumb":{"@id":"https:\/\/www.tempsbarcelona.com\/ca\/cullen-wines\/#breadcrumb"},"inLanguage":"ca","potentialAction":[{"@type":"ReadAction","target":["https:\/\/www.tempsbarcelona.com\/ca\/cullen-wines\/"]}]},{"@type":"BreadcrumbList","@id":"https:\/\/www.tempsbarcelona.com\/ca\/cullen-wines\/#breadcrumb","itemListElement":[{"@type":"ListItem","position":1,"name":"Portada","item":"https:\/\/www.tempsbarcelona.com\/ca\/temps-barcelona\/"},{"@type":"ListItem","position":2,"name":"Cullen Wines"}]},{"@type":"WebSite","@id":"https:\/\/www.tempsbarcelona.com\/ca\/#website","url":"https:\/\/www.tempsbarcelona.com\/ca\/","name":"Temps Barcelona","description":"","potentialAction":[{"@type":"SearchAction","target":{"@type":"EntryPoint","urlTemplate":"https:\/\/www.tempsbarcelona.com\/ca\/?s={search_term_string}"},"query-input":{"@type":"PropertyValueSpecification","valueRequired":true,"valueName":"search_term_string"}}],"inLanguage":"ca"},{"@type":"Person","@id":"https:\/\/www.tempsbarcelona.com\/ca\/#\/schema\/person\/42e402d68007d6b23123a37e43aca822","name":"Viajero","image":{"@type":"ImageObject","inLanguage":"ca","@id":"https:\/\/www.tempsbarcelona.com\/ca\/#\/schema\/person\/image\/","url":"https:\/\/secure.gravatar.com\/avatar\/adc63f40e2c832dac25e11feaef9ac523a32eaf25722d8b78fcb7c6603af7f85?s=96&d=mm&r=g","contentUrl":"https:\/\/secure.gravatar.com\/avatar\/adc63f40e2c832dac25e11feaef9ac523a32eaf25722d8b78fcb7c6603af7f85?s=96&d=mm&r=g","caption":"Viajero"}}]}},"_links":{"self":[{"href":"https:\/\/www.tempsbarcelona.com\/ca\/wp-json\/wp\/v2\/posts\/3640","targetHints":{"allow":["GET"]}}],"collection":[{"href":"https:\/\/www.tempsbarcelona.com\/ca\/wp-json\/wp\/v2\/posts"}],"about":[{"href":"https:\/\/www.tempsbarcelona.com\/ca\/wp-json\/wp\/v2\/types\/post"}],"author":[{"embeddable":true,"href":"https:\/\/www.tempsbarcelona.com\/ca\/wp-json\/wp\/v2\/users\/2"}],"replies":[{"embeddable":true,"href":"https:\/\/www.tempsbarcelona.com\/ca\/wp-json\/wp\/v2\/comments?post=3640"}],"version-history":[{"count":1,"href":"https:\/\/www.tempsbarcelona.com\/ca\/wp-json\/wp\/v2\/posts\/3640\/revisions"}],"predecessor-version":[{"id":3641,"href":"https:\/\/www.tempsbarcelona.com\/ca\/wp-json\/wp\/v2\/posts\/3640\/revisions\/3641"}],"wp:attachment":[{"href":"https:\/\/www.tempsbarcelona.com\/ca\/wp-json\/wp\/v2\/media?parent=3640"}],"wp:term":[{"taxonomy":"category","embeddable":true,"href":"https:\/\/www.tempsbarcelona.com\/ca\/wp-json\/wp\/v2\/categories?post=3640"},{"taxonomy":"post_tag","embeddable":true,"href":"https:\/\/www.tempsbarcelona.com\/ca\/wp-json\/wp\/v2\/tags?post=3640"}],"curies":[{"name":"wp","href":"https:\/\/api.w.org\/{rel}","templated":true}]}}