{"id":3496,"date":"2024-09-24T11:30:19","date_gmt":"2024-09-24T11:30:19","guid":{"rendered":"https:\/\/derutasyvinos.com\/?p=3496"},"modified":"2024-06-03T09:31:28","modified_gmt":"2024-06-03T09:31:28","slug":"castella-i-lleo-terra-de-vins-gastronomia-i-aventures","status":"publish","type":"post","link":"https:\/\/www.tempsbarcelona.com\/ca\/castella-i-lleo-terra-de-vins-gastronomia-i-aventures\/","title":{"rendered":"Castella i Lle\u00f3: Terra de Vins, Gastronomia i Aventures"},"content":{"rendered":"<p>Castella i Lle\u00f3, una regi\u00f3 espanyola rica en hist\u00f2ria, cultura i sobretot en del\u00edcies per als sentits. Coneguda pels seus vins reconeguts, la seva gastronomia deliciosa i els seus paisatges pintorescs, Castella i Lle\u00f3 \u00e9s una destinaci\u00f3 imprescindible per als amants dels bons vins, de la bona cuina i de les aventures a l&#8217;aire lliure.<\/p>\n<p>Castella i Lle\u00f3 est\u00e0 orgullosa dels seus excepcionals ceps, que produeixen alguns dels vins m\u00e9s famosos d&#8217;Espanya. Varietats emblem\u00e0tiques com el Tempranillo, el Verdejo i el Toro es cultiven amb cura en aquesta regi\u00f3, donant lloc a vins vermells robustos, blancs frescos i rosats delicats. Les cellers de la regi\u00f3 obren les seves portes als visitants, oferint degustacions guiades on podr\u00e0s descobrir els aromes complexos i els sabors \u00fanics d&#8217;aquests vins prestigiosos.<\/p>\n<p>La gastronomia de Castella i Lle\u00f3 \u00e9s un aut\u00e8ntic fest\u00ed per al paladar. Plats tradicionals com l&#8217;anyell rostit, el porc senglar, el pernil ib\u00e8ric i els formatges artesanals s\u00f3n imprescindibles a la cuina local. Els restaurants de la regi\u00f3 ofereixen una cuina aut\u00e8ntica i saborosa, destacant els productes frescos i de temporada. Acompanya el teu \u00e0pat amb un got de vi local per a una experi\u00e8ncia culin\u00e0ria inoblidable.<\/p>\n<p>Per als amants de l&#8217;aire lliure, Castella i Lle\u00f3 ofereix una gran varietat d&#8217;activitats emocionants. Emb\u00e0rca&#8217;t en una excursi\u00f3 per les precioses muntanyes de la Sierra de Gredos o explora les extenses planes de la Terra de Camps. Els rius de la regi\u00f3 s\u00f3n perfectes per al caiac i el caiac, mentre que els parcs naturals alberguen una fauna i flora riques per descobrir. A l&#8217;hivern, les estacions d&#8217;esqu\u00ed de muntanya ofereixen pistes immaculades pels aficionats a l&#8217;esqu\u00ed i al snowboard.<\/p>\n<p>Ja siguis un aficionat al vi, un apassionat de la gastronomia o un aventurer en cerca de noves experi\u00e8ncies, Castella i Lle\u00f3 t\u00e9 alguna cosa a oferir a tothom. Vine a descobrir la m\u00e0gia d&#8217;aquesta fascinant regi\u00f3 i deixa&#8217;t captivar pels seus deliciosos vins, la seva cuina exquisida i els seus paisatges impressionants.<\/p>\n","protected":false},"excerpt":{"rendered":"<p>Castella i Lle\u00f3, una regi\u00f3 espanyola rica en hist\u00f2ria, cultura i sobretot en del\u00edcies per als sentits. Coneguda pels seus vins reconeguts, la seva gastronomia deliciosa i els seus paisatges pintorescs, Castella i Lle\u00f3 \u00e9s una destinaci\u00f3 imprescindible per als amants dels bons vins, de la bona cuina i de les aventures a l&#8217;aire lliure. [&hellip;]<\/p>\n","protected":false},"author":2,"featured_media":2982,"comment_status":"open","ping_status":"open","sticky":false,"template":"","format":"standard","meta":{"_et_pb_use_builder":"","_et_pb_old_content":"","_et_gb_content_width":"","footnotes":""},"categories":[1],"tags":[],"class_list":["post-3496","post","type-post","status-publish","format-standard","has-post-thumbnail","hentry","category-sin-categorizar"],"yoast_head":"<!-- This site is optimized with the Yoast SEO plugin v25.1 - https:\/\/yoast.com\/wordpress\/plugins\/seo\/ -->\n<title>Castella i Lle\u00f3: Terra de Vins, Gastronomia i Aventures - Temps Barcelona<\/title>\n<meta name=\"robots\" content=\"noindex, follow, max-snippet:-1, max-image-preview:large, max-video-preview:-1\" \/>\n<meta property=\"og:locale\" content=\"ca_ES\" \/>\n<meta property=\"og:type\" content=\"article\" \/>\n<meta property=\"og:title\" content=\"Castella i Lle\u00f3: Terra de Vins, Gastronomia i Aventures - Temps Barcelona\" \/>\n<meta property=\"og:description\" content=\"Castella i Lle\u00f3, una regi\u00f3 espanyola rica en hist\u00f2ria, cultura i sobretot en del\u00edcies per als sentits. Coneguda pels seus vins reconeguts, la seva gastronomia deliciosa i els seus paisatges pintorescs, Castella i Lle\u00f3 \u00e9s una destinaci\u00f3 imprescindible per als amants dels bons vins, de la bona cuina i de les aventures a l&#8217;aire lliure. [&hellip;]\" \/>\n<meta property=\"og:url\" content=\"https:\/\/www.tempsbarcelona.com\/ca\/castella-i-lleo-terra-de-vins-gastronomia-i-aventures\/\" \/>\n<meta property=\"og:site_name\" content=\"Temps Barcelona\" \/>\n<meta property=\"article:published_time\" content=\"2024-09-24T11:30:19+00:00\" \/>\n<meta property=\"og:image\" content=\"https:\/\/www.tempsbarcelona.com\/wp-content\/uploads\/2024\/02\/IMG-20240516-WA0062.jpg\" \/>\n\t<meta property=\"og:image:width\" content=\"1536\" \/>\n\t<meta property=\"og:image:height\" content=\"2048\" \/>\n\t<meta property=\"og:image:type\" content=\"image\/jpeg\" \/>\n<meta name=\"author\" content=\"Viajero\" \/>\n<meta name=\"twitter:card\" content=\"summary_large_image\" \/>\n<meta name=\"twitter:label1\" content=\"Escrit per\" \/>\n\t<meta name=\"twitter:data1\" content=\"Viajero\" \/>\n\t<meta name=\"twitter:label2\" content=\"Temps estimat de lectura\" \/>\n\t<meta name=\"twitter:data2\" content=\"2 minuts\" \/>\n<script type=\"application\/ld+json\" class=\"yoast-schema-graph\">{\"@context\":\"https:\/\/schema.org\",\"@graph\":[{\"@type\":\"WebPage\",\"@id\":\"https:\/\/www.tempsbarcelona.com\/ca\/castella-i-lleo-terra-de-vins-gastronomia-i-aventures\/\",\"url\":\"https:\/\/www.tempsbarcelona.com\/ca\/castella-i-lleo-terra-de-vins-gastronomia-i-aventures\/\",\"name\":\"Castella i Lle\u00f3: Terra de Vins, Gastronomia i Aventures - Temps Barcelona\",\"isPartOf\":{\"@id\":\"https:\/\/www.tempsbarcelona.com\/ca\/#website\"},\"primaryImageOfPage\":{\"@id\":\"https:\/\/www.tempsbarcelona.com\/ca\/castella-i-lleo-terra-de-vins-gastronomia-i-aventures\/#primaryimage\"},\"image\":{\"@id\":\"https:\/\/www.tempsbarcelona.com\/ca\/castella-i-lleo-terra-de-vins-gastronomia-i-aventures\/#primaryimage\"},\"thumbnailUrl\":\"https:\/\/www.tempsbarcelona.com\/wp-content\/uploads\/2024\/02\/IMG-20240516-WA0062.jpg\",\"datePublished\":\"2024-09-24T11:30:19+00:00\",\"author\":{\"@id\":\"https:\/\/www.tempsbarcelona.com\/ca\/#\/schema\/person\/42e402d68007d6b23123a37e43aca822\"},\"breadcrumb\":{\"@id\":\"https:\/\/www.tempsbarcelona.com\/ca\/castella-i-lleo-terra-de-vins-gastronomia-i-aventures\/#breadcrumb\"},\"inLanguage\":\"ca\",\"potentialAction\":[{\"@type\":\"ReadAction\",\"target\":[\"https:\/\/www.tempsbarcelona.com\/ca\/castella-i-lleo-terra-de-vins-gastronomia-i-aventures\/\"]}]},{\"@type\":\"ImageObject\",\"inLanguage\":\"ca\",\"@id\":\"https:\/\/www.tempsbarcelona.com\/ca\/castella-i-lleo-terra-de-vins-gastronomia-i-aventures\/#primaryimage\",\"url\":\"https:\/\/www.tempsbarcelona.com\/wp-content\/uploads\/2024\/02\/IMG-20240516-WA0062.jpg\",\"contentUrl\":\"https:\/\/www.tempsbarcelona.com\/wp-content\/uploads\/2024\/02\/IMG-20240516-WA0062.jpg\",\"width\":1536,\"height\":2048},{\"@type\":\"BreadcrumbList\",\"@id\":\"https:\/\/www.tempsbarcelona.com\/ca\/castella-i-lleo-terra-de-vins-gastronomia-i-aventures\/#breadcrumb\",\"itemListElement\":[{\"@type\":\"ListItem\",\"position\":1,\"name\":\"Portada\",\"item\":\"https:\/\/www.tempsbarcelona.com\/ca\/temps-barcelona\/\"},{\"@type\":\"ListItem\",\"position\":2,\"name\":\"Castella i Lle\u00f3: Terra de Vins, Gastronomia i Aventures\"}]},{\"@type\":\"WebSite\",\"@id\":\"https:\/\/www.tempsbarcelona.com\/ca\/#website\",\"url\":\"https:\/\/www.tempsbarcelona.com\/ca\/\",\"name\":\"Temps Barcelona\",\"description\":\"\",\"potentialAction\":[{\"@type\":\"SearchAction\",\"target\":{\"@type\":\"EntryPoint\",\"urlTemplate\":\"https:\/\/www.tempsbarcelona.com\/ca\/?s={search_term_string}\"},\"query-input\":{\"@type\":\"PropertyValueSpecification\",\"valueRequired\":true,\"valueName\":\"search_term_string\"}}],\"inLanguage\":\"ca\"},{\"@type\":\"Person\",\"@id\":\"https:\/\/www.tempsbarcelona.com\/ca\/#\/schema\/person\/42e402d68007d6b23123a37e43aca822\",\"name\":\"Viajero\",\"image\":{\"@type\":\"ImageObject\",\"inLanguage\":\"ca\",\"@id\":\"https:\/\/www.tempsbarcelona.com\/ca\/#\/schema\/person\/image\/\",\"url\":\"https:\/\/secure.gravatar.com\/avatar\/adc63f40e2c832dac25e11feaef9ac523a32eaf25722d8b78fcb7c6603af7f85?s=96&d=mm&r=g\",\"contentUrl\":\"https:\/\/secure.gravatar.com\/avatar\/adc63f40e2c832dac25e11feaef9ac523a32eaf25722d8b78fcb7c6603af7f85?s=96&d=mm&r=g\",\"caption\":\"Viajero\"}}]}<\/script>\n<!-- \/ Yoast SEO plugin. -->","yoast_head_json":{"title":"Castella i Lle\u00f3: Terra de Vins, Gastronomia i Aventures - Temps Barcelona","robots":{"index":"noindex","follow":"follow","max-snippet":"max-snippet:-1","max-image-preview":"max-image-preview:large","max-video-preview":"max-video-preview:-1"},"og_locale":"ca_ES","og_type":"article","og_title":"Castella i Lle\u00f3: Terra de Vins, Gastronomia i Aventures - Temps Barcelona","og_description":"Castella i Lle\u00f3, una regi\u00f3 espanyola rica en hist\u00f2ria, cultura i sobretot en del\u00edcies per als sentits. Coneguda pels seus vins reconeguts, la seva gastronomia deliciosa i els seus paisatges pintorescs, Castella i Lle\u00f3 \u00e9s una destinaci\u00f3 imprescindible per als amants dels bons vins, de la bona cuina i de les aventures a l&#8217;aire lliure. [&hellip;]","og_url":"https:\/\/www.tempsbarcelona.com\/ca\/castella-i-lleo-terra-de-vins-gastronomia-i-aventures\/","og_site_name":"Temps Barcelona","article_published_time":"2024-09-24T11:30:19+00:00","og_image":[{"width":1536,"height":2048,"url":"https:\/\/www.tempsbarcelona.com\/wp-content\/uploads\/2024\/02\/IMG-20240516-WA0062.jpg","type":"image\/jpeg"}],"author":"Viajero","twitter_card":"summary_large_image","twitter_misc":{"Escrit per":"Viajero","Temps estimat de lectura":"2 minuts"},"schema":{"@context":"https:\/\/schema.org","@graph":[{"@type":"WebPage","@id":"https:\/\/www.tempsbarcelona.com\/ca\/castella-i-lleo-terra-de-vins-gastronomia-i-aventures\/","url":"https:\/\/www.tempsbarcelona.com\/ca\/castella-i-lleo-terra-de-vins-gastronomia-i-aventures\/","name":"Castella i Lle\u00f3: Terra de Vins, Gastronomia i Aventures - Temps Barcelona","isPartOf":{"@id":"https:\/\/www.tempsbarcelona.com\/ca\/#website"},"primaryImageOfPage":{"@id":"https:\/\/www.tempsbarcelona.com\/ca\/castella-i-lleo-terra-de-vins-gastronomia-i-aventures\/#primaryimage"},"image":{"@id":"https:\/\/www.tempsbarcelona.com\/ca\/castella-i-lleo-terra-de-vins-gastronomia-i-aventures\/#primaryimage"},"thumbnailUrl":"https:\/\/www.tempsbarcelona.com\/wp-content\/uploads\/2024\/02\/IMG-20240516-WA0062.jpg","datePublished":"2024-09-24T11:30:19+00:00","author":{"@id":"https:\/\/www.tempsbarcelona.com\/ca\/#\/schema\/person\/42e402d68007d6b23123a37e43aca822"},"breadcrumb":{"@id":"https:\/\/www.tempsbarcelona.com\/ca\/castella-i-lleo-terra-de-vins-gastronomia-i-aventures\/#breadcrumb"},"inLanguage":"ca","potentialAction":[{"@type":"ReadAction","target":["https:\/\/www.tempsbarcelona.com\/ca\/castella-i-lleo-terra-de-vins-gastronomia-i-aventures\/"]}]},{"@type":"ImageObject","inLanguage":"ca","@id":"https:\/\/www.tempsbarcelona.com\/ca\/castella-i-lleo-terra-de-vins-gastronomia-i-aventures\/#primaryimage","url":"https:\/\/www.tempsbarcelona.com\/wp-content\/uploads\/2024\/02\/IMG-20240516-WA0062.jpg","contentUrl":"https:\/\/www.tempsbarcelona.com\/wp-content\/uploads\/2024\/02\/IMG-20240516-WA0062.jpg","width":1536,"height":2048},{"@type":"BreadcrumbList","@id":"https:\/\/www.tempsbarcelona.com\/ca\/castella-i-lleo-terra-de-vins-gastronomia-i-aventures\/#breadcrumb","itemListElement":[{"@type":"ListItem","position":1,"name":"Portada","item":"https:\/\/www.tempsbarcelona.com\/ca\/temps-barcelona\/"},{"@type":"ListItem","position":2,"name":"Castella i Lle\u00f3: Terra de Vins, Gastronomia i Aventures"}]},{"@type":"WebSite","@id":"https:\/\/www.tempsbarcelona.com\/ca\/#website","url":"https:\/\/www.tempsbarcelona.com\/ca\/","name":"Temps Barcelona","description":"","potentialAction":[{"@type":"SearchAction","target":{"@type":"EntryPoint","urlTemplate":"https:\/\/www.tempsbarcelona.com\/ca\/?s={search_term_string}"},"query-input":{"@type":"PropertyValueSpecification","valueRequired":true,"valueName":"search_term_string"}}],"inLanguage":"ca"},{"@type":"Person","@id":"https:\/\/www.tempsbarcelona.com\/ca\/#\/schema\/person\/42e402d68007d6b23123a37e43aca822","name":"Viajero","image":{"@type":"ImageObject","inLanguage":"ca","@id":"https:\/\/www.tempsbarcelona.com\/ca\/#\/schema\/person\/image\/","url":"https:\/\/secure.gravatar.com\/avatar\/adc63f40e2c832dac25e11feaef9ac523a32eaf25722d8b78fcb7c6603af7f85?s=96&d=mm&r=g","contentUrl":"https:\/\/secure.gravatar.com\/avatar\/adc63f40e2c832dac25e11feaef9ac523a32eaf25722d8b78fcb7c6603af7f85?s=96&d=mm&r=g","caption":"Viajero"}}]}},"_links":{"self":[{"href":"https:\/\/www.tempsbarcelona.com\/ca\/wp-json\/wp\/v2\/posts\/3496","targetHints":{"allow":["GET"]}}],"collection":[{"href":"https:\/\/www.tempsbarcelona.com\/ca\/wp-json\/wp\/v2\/posts"}],"about":[{"href":"https:\/\/www.tempsbarcelona.com\/ca\/wp-json\/wp\/v2\/types\/post"}],"author":[{"embeddable":true,"href":"https:\/\/www.tempsbarcelona.com\/ca\/wp-json\/wp\/v2\/users\/2"}],"replies":[{"embeddable":true,"href":"https:\/\/www.tempsbarcelona.com\/ca\/wp-json\/wp\/v2\/comments?post=3496"}],"version-history":[{"count":1,"href":"https:\/\/www.tempsbarcelona.com\/ca\/wp-json\/wp\/v2\/posts\/3496\/revisions"}],"predecessor-version":[{"id":3497,"href":"https:\/\/www.tempsbarcelona.com\/ca\/wp-json\/wp\/v2\/posts\/3496\/revisions\/3497"}],"wp:featuredmedia":[{"embeddable":true,"href":"https:\/\/www.tempsbarcelona.com\/ca\/wp-json\/wp\/v2\/media\/2982"}],"wp:attachment":[{"href":"https:\/\/www.tempsbarcelona.com\/ca\/wp-json\/wp\/v2\/media?parent=3496"}],"wp:term":[{"taxonomy":"category","embeddable":true,"href":"https:\/\/www.tempsbarcelona.com\/ca\/wp-json\/wp\/v2\/categories?post=3496"},{"taxonomy":"post_tag","embeddable":true,"href":"https:\/\/www.tempsbarcelona.com\/ca\/wp-json\/wp\/v2\/tags?post=3496"}],"curies":[{"name":"wp","href":"https:\/\/api.w.org\/{rel}","templated":true}]}}