{"id":3476,"date":"2024-09-12T11:30:40","date_gmt":"2024-09-12T11:30:40","guid":{"rendered":"https:\/\/derutasyvinos.com\/?p=3476"},"modified":"2024-06-03T09:01:22","modified_gmt":"2024-06-03T09:01:22","slug":"bevagna-un-oasi-dencant-a-roma","status":"publish","type":"post","link":"https:\/\/www.tempsbarcelona.com\/ca\/bevagna-un-oasi-dencant-a-roma\/","title":{"rendered":"Bevagna: Un Oasi d&#8217;Encant a Roma"},"content":{"rendered":"<p>A nom\u00e9s una hora de Roma, Bevagna \u00e9s una destinaci\u00f3 plena d&#8217;encant que ofereix una experi\u00e8ncia aut\u00e8ntica de la campagna italiana. Coneguda pel seu patrimoni hist\u00f2ric, els seus vins reconeguts i la seva deliciosa cuina, Bevagna \u00e9s l&#8217;indret ideal per a una escapada gastron\u00f2mica i cultural inoblidable.<\/p>\n<p>Bevagna es enorgulleix de la seva tradici\u00f3 vitivin\u00edcola secular, i els seus vins estan entre els m\u00e9s preuats de la regi\u00f3. Les vinyes dels voltants ofereixen un terreny ideal per al cultiu de varietats de ra\u00efm emblem\u00e0tiques com el Sangiovese, el Sagrantino i el Grechetto. Aquests vins, rics en sabors i car\u00e0cter, s\u00f3n el reflex del saber fer i la passi\u00f3 dels viticultors locals.<\/p>\n<p>Una visita als cellers de Bevagna us permetr\u00e0 descobrir els secrets de la viticultura local, degustar vins premiats i con\u00e8ixer els vinyataires apassionats que fan d&#8217;aquesta regi\u00f3 una destinaci\u00f3 vin\u00edcola de primer nivell.<\/p>\n<h2>Un Fest\u00ed per al Paladar<\/h2>\n<p>La gastronomia de Bevagna \u00e9s a l&#8217;imatge de la seva cultura: rica, variada i deliciosa. Els restaurants locals ofereixen una cuina aut\u00e8ntica, destacant els ingredients frescos i de temporada de la regi\u00f3. No deixeu de tastar plats tradicionals com les pastes fetes a m\u00e0, les trufes fresques, els formatges locals i els deliciosos postres italians.<\/p>\n<p>Els vins locals acompanyen perfectament cada \u00e0pat, oferint acords subtils que realcen els sabors de la cuina italiana. Sigui un amant del vi o un gurmet, trobareu la vostra felicitat en les del\u00edcies culin\u00e0ries de Bevagna.<\/p>\n<p>A m\u00e9s de la seva pr\u00f2spera escena vitivin\u00edcola i gastron\u00f2mica, Bevagna tamb\u00e9 ofereix una varietat d&#8217;activitats per als visitants en cerca d&#8217;aventura i descoberta. Exploreu els carrers empedrats de la ciutat medieval, visiteu les seves esgl\u00e9sies hist\u00f2riques i monuments antics, i impregneu-vos de la seva atmosfera \u00fanica.<\/p>\n<p>Per als amants de la natura, els voltants de Bevagna ofereixen excel\u00b7lents oportunitats per fer senderisme, ciclisme i explorar la campagna circumdant. Les verdes vinyes, els camps de gira-sols i els ceps a p\u00e8rdua de vista creen un entorn id\u00edl\u00b7lic per a una escapada a l&#8217;aire lliure.<\/p>\n<p>No us perdeu els festivals i esdeveniments locals que tenen lloc durant tot l&#8217;any, posant en valor la cultura, la hist\u00f2ria i les tradicions de Bevagna. Sigui un mercat de pagesos, una festa medieval o un festival de m\u00fasica, sempre trobareu alguna cosa interessant per veure i fer a Bevagna.<\/p>\n","protected":false},"excerpt":{"rendered":"<p>A nom\u00e9s una hora de Roma, Bevagna \u00e9s una destinaci\u00f3 plena d&#8217;encant que ofereix una experi\u00e8ncia aut\u00e8ntica de la campagna italiana. Coneguda pel seu patrimoni hist\u00f2ric, els seus vins reconeguts i la seva deliciosa cuina, Bevagna \u00e9s l&#8217;indret ideal per a una escapada gastron\u00f2mica i cultural inoblidable. Bevagna es enorgulleix de la seva tradici\u00f3 vitivin\u00edcola [&hellip;]<\/p>\n","protected":false},"author":2,"featured_media":3146,"comment_status":"open","ping_status":"open","sticky":false,"template":"","format":"standard","meta":{"_et_pb_use_builder":"","_et_pb_old_content":"","_et_gb_content_width":"","footnotes":""},"categories":[1],"tags":[],"class_list":["post-3476","post","type-post","status-publish","format-standard","has-post-thumbnail","hentry","category-sin-categorizar"],"yoast_head":"<!-- This site is optimized with the Yoast SEO plugin v25.1 - https:\/\/yoast.com\/wordpress\/plugins\/seo\/ -->\n<title>Bevagna: Un Oasi d&#039;Encant a Roma - Temps Barcelona<\/title>\n<meta name=\"robots\" content=\"noindex, follow, max-snippet:-1, max-image-preview:large, max-video-preview:-1\" \/>\n<meta property=\"og:locale\" content=\"ca_ES\" \/>\n<meta property=\"og:type\" content=\"article\" \/>\n<meta property=\"og:title\" content=\"Bevagna: Un Oasi d&#039;Encant a Roma - Temps Barcelona\" \/>\n<meta property=\"og:description\" content=\"A nom\u00e9s una hora de Roma, Bevagna \u00e9s una destinaci\u00f3 plena d&#8217;encant que ofereix una experi\u00e8ncia aut\u00e8ntica de la campagna italiana. Coneguda pel seu patrimoni hist\u00f2ric, els seus vins reconeguts i la seva deliciosa cuina, Bevagna \u00e9s l&#8217;indret ideal per a una escapada gastron\u00f2mica i cultural inoblidable. Bevagna es enorgulleix de la seva tradici\u00f3 vitivin\u00edcola [&hellip;]\" \/>\n<meta property=\"og:url\" content=\"https:\/\/www.tempsbarcelona.com\/ca\/bevagna-un-oasi-dencant-a-roma\/\" \/>\n<meta property=\"og:site_name\" content=\"Temps Barcelona\" \/>\n<meta property=\"article:published_time\" content=\"2024-09-12T11:30:40+00:00\" \/>\n<meta property=\"og:image\" content=\"https:\/\/www.tempsbarcelona.com\/wp-content\/uploads\/2024\/05\/WhatsApp-Image-2024-05-28-at-13.37.13.jpeg\" \/>\n\t<meta property=\"og:image:width\" content=\"1080\" \/>\n\t<meta property=\"og:image:height\" content=\"1920\" \/>\n\t<meta property=\"og:image:type\" content=\"image\/jpeg\" \/>\n<meta name=\"author\" content=\"Viajero\" \/>\n<meta name=\"twitter:card\" content=\"summary_large_image\" \/>\n<meta name=\"twitter:label1\" content=\"Escrit per\" \/>\n\t<meta name=\"twitter:data1\" content=\"Viajero\" \/>\n\t<meta name=\"twitter:label2\" content=\"Temps estimat de lectura\" \/>\n\t<meta name=\"twitter:data2\" content=\"2 minuts\" \/>\n<script type=\"application\/ld+json\" class=\"yoast-schema-graph\">{\"@context\":\"https:\/\/schema.org\",\"@graph\":[{\"@type\":\"WebPage\",\"@id\":\"https:\/\/www.tempsbarcelona.com\/ca\/bevagna-un-oasi-dencant-a-roma\/\",\"url\":\"https:\/\/www.tempsbarcelona.com\/ca\/bevagna-un-oasi-dencant-a-roma\/\",\"name\":\"Bevagna: Un Oasi d'Encant a Roma - Temps Barcelona\",\"isPartOf\":{\"@id\":\"https:\/\/www.tempsbarcelona.com\/ca\/#website\"},\"primaryImageOfPage\":{\"@id\":\"https:\/\/www.tempsbarcelona.com\/ca\/bevagna-un-oasi-dencant-a-roma\/#primaryimage\"},\"image\":{\"@id\":\"https:\/\/www.tempsbarcelona.com\/ca\/bevagna-un-oasi-dencant-a-roma\/#primaryimage\"},\"thumbnailUrl\":\"https:\/\/www.tempsbarcelona.com\/wp-content\/uploads\/2024\/05\/WhatsApp-Image-2024-05-28-at-13.37.13.jpeg\",\"datePublished\":\"2024-09-12T11:30:40+00:00\",\"author\":{\"@id\":\"https:\/\/www.tempsbarcelona.com\/ca\/#\/schema\/person\/42e402d68007d6b23123a37e43aca822\"},\"breadcrumb\":{\"@id\":\"https:\/\/www.tempsbarcelona.com\/ca\/bevagna-un-oasi-dencant-a-roma\/#breadcrumb\"},\"inLanguage\":\"ca\",\"potentialAction\":[{\"@type\":\"ReadAction\",\"target\":[\"https:\/\/www.tempsbarcelona.com\/ca\/bevagna-un-oasi-dencant-a-roma\/\"]}]},{\"@type\":\"ImageObject\",\"inLanguage\":\"ca\",\"@id\":\"https:\/\/www.tempsbarcelona.com\/ca\/bevagna-un-oasi-dencant-a-roma\/#primaryimage\",\"url\":\"https:\/\/www.tempsbarcelona.com\/wp-content\/uploads\/2024\/05\/WhatsApp-Image-2024-05-28-at-13.37.13.jpeg\",\"contentUrl\":\"https:\/\/www.tempsbarcelona.com\/wp-content\/uploads\/2024\/05\/WhatsApp-Image-2024-05-28-at-13.37.13.jpeg\",\"width\":1080,\"height\":1920},{\"@type\":\"BreadcrumbList\",\"@id\":\"https:\/\/www.tempsbarcelona.com\/ca\/bevagna-un-oasi-dencant-a-roma\/#breadcrumb\",\"itemListElement\":[{\"@type\":\"ListItem\",\"position\":1,\"name\":\"Portada\",\"item\":\"https:\/\/www.tempsbarcelona.com\/ca\/temps-barcelona\/\"},{\"@type\":\"ListItem\",\"position\":2,\"name\":\"Bevagna: Un Oasi d&#8217;Encant a Roma\"}]},{\"@type\":\"WebSite\",\"@id\":\"https:\/\/www.tempsbarcelona.com\/ca\/#website\",\"url\":\"https:\/\/www.tempsbarcelona.com\/ca\/\",\"name\":\"Temps Barcelona\",\"description\":\"\",\"potentialAction\":[{\"@type\":\"SearchAction\",\"target\":{\"@type\":\"EntryPoint\",\"urlTemplate\":\"https:\/\/www.tempsbarcelona.com\/ca\/?s={search_term_string}\"},\"query-input\":{\"@type\":\"PropertyValueSpecification\",\"valueRequired\":true,\"valueName\":\"search_term_string\"}}],\"inLanguage\":\"ca\"},{\"@type\":\"Person\",\"@id\":\"https:\/\/www.tempsbarcelona.com\/ca\/#\/schema\/person\/42e402d68007d6b23123a37e43aca822\",\"name\":\"Viajero\",\"image\":{\"@type\":\"ImageObject\",\"inLanguage\":\"ca\",\"@id\":\"https:\/\/www.tempsbarcelona.com\/ca\/#\/schema\/person\/image\/\",\"url\":\"https:\/\/secure.gravatar.com\/avatar\/adc63f40e2c832dac25e11feaef9ac523a32eaf25722d8b78fcb7c6603af7f85?s=96&d=mm&r=g\",\"contentUrl\":\"https:\/\/secure.gravatar.com\/avatar\/adc63f40e2c832dac25e11feaef9ac523a32eaf25722d8b78fcb7c6603af7f85?s=96&d=mm&r=g\",\"caption\":\"Viajero\"}}]}<\/script>\n<!-- \/ Yoast SEO plugin. -->","yoast_head_json":{"title":"Bevagna: Un Oasi d'Encant a Roma - Temps Barcelona","robots":{"index":"noindex","follow":"follow","max-snippet":"max-snippet:-1","max-image-preview":"max-image-preview:large","max-video-preview":"max-video-preview:-1"},"og_locale":"ca_ES","og_type":"article","og_title":"Bevagna: Un Oasi d'Encant a Roma - Temps Barcelona","og_description":"A nom\u00e9s una hora de Roma, Bevagna \u00e9s una destinaci\u00f3 plena d&#8217;encant que ofereix una experi\u00e8ncia aut\u00e8ntica de la campagna italiana. Coneguda pel seu patrimoni hist\u00f2ric, els seus vins reconeguts i la seva deliciosa cuina, Bevagna \u00e9s l&#8217;indret ideal per a una escapada gastron\u00f2mica i cultural inoblidable. Bevagna es enorgulleix de la seva tradici\u00f3 vitivin\u00edcola [&hellip;]","og_url":"https:\/\/www.tempsbarcelona.com\/ca\/bevagna-un-oasi-dencant-a-roma\/","og_site_name":"Temps Barcelona","article_published_time":"2024-09-12T11:30:40+00:00","og_image":[{"width":1080,"height":1920,"url":"https:\/\/www.tempsbarcelona.com\/wp-content\/uploads\/2024\/05\/WhatsApp-Image-2024-05-28-at-13.37.13.jpeg","type":"image\/jpeg"}],"author":"Viajero","twitter_card":"summary_large_image","twitter_misc":{"Escrit per":"Viajero","Temps estimat de lectura":"2 minuts"},"schema":{"@context":"https:\/\/schema.org","@graph":[{"@type":"WebPage","@id":"https:\/\/www.tempsbarcelona.com\/ca\/bevagna-un-oasi-dencant-a-roma\/","url":"https:\/\/www.tempsbarcelona.com\/ca\/bevagna-un-oasi-dencant-a-roma\/","name":"Bevagna: Un Oasi d'Encant a Roma - Temps Barcelona","isPartOf":{"@id":"https:\/\/www.tempsbarcelona.com\/ca\/#website"},"primaryImageOfPage":{"@id":"https:\/\/www.tempsbarcelona.com\/ca\/bevagna-un-oasi-dencant-a-roma\/#primaryimage"},"image":{"@id":"https:\/\/www.tempsbarcelona.com\/ca\/bevagna-un-oasi-dencant-a-roma\/#primaryimage"},"thumbnailUrl":"https:\/\/www.tempsbarcelona.com\/wp-content\/uploads\/2024\/05\/WhatsApp-Image-2024-05-28-at-13.37.13.jpeg","datePublished":"2024-09-12T11:30:40+00:00","author":{"@id":"https:\/\/www.tempsbarcelona.com\/ca\/#\/schema\/person\/42e402d68007d6b23123a37e43aca822"},"breadcrumb":{"@id":"https:\/\/www.tempsbarcelona.com\/ca\/bevagna-un-oasi-dencant-a-roma\/#breadcrumb"},"inLanguage":"ca","potentialAction":[{"@type":"ReadAction","target":["https:\/\/www.tempsbarcelona.com\/ca\/bevagna-un-oasi-dencant-a-roma\/"]}]},{"@type":"ImageObject","inLanguage":"ca","@id":"https:\/\/www.tempsbarcelona.com\/ca\/bevagna-un-oasi-dencant-a-roma\/#primaryimage","url":"https:\/\/www.tempsbarcelona.com\/wp-content\/uploads\/2024\/05\/WhatsApp-Image-2024-05-28-at-13.37.13.jpeg","contentUrl":"https:\/\/www.tempsbarcelona.com\/wp-content\/uploads\/2024\/05\/WhatsApp-Image-2024-05-28-at-13.37.13.jpeg","width":1080,"height":1920},{"@type":"BreadcrumbList","@id":"https:\/\/www.tempsbarcelona.com\/ca\/bevagna-un-oasi-dencant-a-roma\/#breadcrumb","itemListElement":[{"@type":"ListItem","position":1,"name":"Portada","item":"https:\/\/www.tempsbarcelona.com\/ca\/temps-barcelona\/"},{"@type":"ListItem","position":2,"name":"Bevagna: Un Oasi d&#8217;Encant a Roma"}]},{"@type":"WebSite","@id":"https:\/\/www.tempsbarcelona.com\/ca\/#website","url":"https:\/\/www.tempsbarcelona.com\/ca\/","name":"Temps Barcelona","description":"","potentialAction":[{"@type":"SearchAction","target":{"@type":"EntryPoint","urlTemplate":"https:\/\/www.tempsbarcelona.com\/ca\/?s={search_term_string}"},"query-input":{"@type":"PropertyValueSpecification","valueRequired":true,"valueName":"search_term_string"}}],"inLanguage":"ca"},{"@type":"Person","@id":"https:\/\/www.tempsbarcelona.com\/ca\/#\/schema\/person\/42e402d68007d6b23123a37e43aca822","name":"Viajero","image":{"@type":"ImageObject","inLanguage":"ca","@id":"https:\/\/www.tempsbarcelona.com\/ca\/#\/schema\/person\/image\/","url":"https:\/\/secure.gravatar.com\/avatar\/adc63f40e2c832dac25e11feaef9ac523a32eaf25722d8b78fcb7c6603af7f85?s=96&d=mm&r=g","contentUrl":"https:\/\/secure.gravatar.com\/avatar\/adc63f40e2c832dac25e11feaef9ac523a32eaf25722d8b78fcb7c6603af7f85?s=96&d=mm&r=g","caption":"Viajero"}}]}},"_links":{"self":[{"href":"https:\/\/www.tempsbarcelona.com\/ca\/wp-json\/wp\/v2\/posts\/3476","targetHints":{"allow":["GET"]}}],"collection":[{"href":"https:\/\/www.tempsbarcelona.com\/ca\/wp-json\/wp\/v2\/posts"}],"about":[{"href":"https:\/\/www.tempsbarcelona.com\/ca\/wp-json\/wp\/v2\/types\/post"}],"author":[{"embeddable":true,"href":"https:\/\/www.tempsbarcelona.com\/ca\/wp-json\/wp\/v2\/users\/2"}],"replies":[{"embeddable":true,"href":"https:\/\/www.tempsbarcelona.com\/ca\/wp-json\/wp\/v2\/comments?post=3476"}],"version-history":[{"count":1,"href":"https:\/\/www.tempsbarcelona.com\/ca\/wp-json\/wp\/v2\/posts\/3476\/revisions"}],"predecessor-version":[{"id":3477,"href":"https:\/\/www.tempsbarcelona.com\/ca\/wp-json\/wp\/v2\/posts\/3476\/revisions\/3477"}],"wp:featuredmedia":[{"embeddable":true,"href":"https:\/\/www.tempsbarcelona.com\/ca\/wp-json\/wp\/v2\/media\/3146"}],"wp:attachment":[{"href":"https:\/\/www.tempsbarcelona.com\/ca\/wp-json\/wp\/v2\/media?parent=3476"}],"wp:term":[{"taxonomy":"category","embeddable":true,"href":"https:\/\/www.tempsbarcelona.com\/ca\/wp-json\/wp\/v2\/categories?post=3476"},{"taxonomy":"post_tag","embeddable":true,"href":"https:\/\/www.tempsbarcelona.com\/ca\/wp-json\/wp\/v2\/tags?post=3476"}],"curies":[{"name":"wp","href":"https:\/\/api.w.org\/{rel}","templated":true}]}}