{"id":3374,"date":"2024-08-22T11:30:41","date_gmt":"2024-08-22T11:30:41","guid":{"rendered":"https:\/\/derutasyvinos.com\/?p=3374"},"modified":"2024-05-31T09:07:21","modified_gmt":"2024-05-31T09:07:21","slug":"domaine-viticole-de-finca-la-luz-a-andalusia","status":"publish","type":"post","link":"https:\/\/www.tempsbarcelona.com\/ca\/domaine-viticole-de-finca-la-luz-a-andalusia\/","title":{"rendered":"Domaine Viticole de Finca La Luz a Andalusia"},"content":{"rendered":"<p>Situada al cor dels paisatges assolellats d&#8217;Andalusia, Finca La Luz \u00e9s una finca vin\u00edcola on la tradici\u00f3 i la innovaci\u00f3 es troben per crear experi\u00e8ncies inoblidables. Aquesta finca ajuda a descobrir els vins espanyols, la cuina local i activitats apassionants.<\/p>\n<p>Finca La Luz s&#8217;est\u00e9n per hect\u00e0rees de vinyes pintoresques, curosament mantingudes per produir vins excepcionals. El clima c\u00e0lid i sec d&#8217;Andalusia, combinat amb els s\u00f2ls f\u00e8rtils, ofereix condicions ideals per al cultiu de varietats locals i internacionals. Entre les varietats cultivades es troben el Palomino, el Pedro Xim\u00e9nez i el Moscatell, que donen lloc a vins amb sabors rics i complexos.<\/p>\n<p>Cada etapa de la producci\u00f3, des de la verema fins a l&#8217;embotellament, es realitza amb gran atenci\u00f3 als detalls. Les t\u00e8cniques modernes de vinificaci\u00f3 es combinen amb m\u00e8todes tradicionals per produir vins que capturen l&#8217;ess\u00e8ncia mateixa d&#8217;Andalusia. Els visitants poden participar en visites guiades a les vinyes i als cellers, on descobriran els secrets de la vinificaci\u00f3 i tastaran cuv\u00e9es exclusives.<\/p>\n<p>Els vins de Finca La Luz encarnen l&#8217;\u00e0nima d&#8217;Andalusia. Els blancs, frescos i arom\u00e0tics, revelen notes florals i de c\u00edtrics, mentre que els negres, potents i vellutats, ofereixen aromes de fruita madura, esp\u00e8cies i roure. Els vins dol\u00e7os, com el fam\u00f3s Xer\u00e8s, encanten per les seves sabors complexos i la seva dol\u00e7or natural.<\/p>\n<p>Els amants del vi poden participar en sessions de tast on aprendran a apreciar les subtileses de les diferents varietats i anyades. Cada tast \u00e9s una veritable exploraci\u00f3 sensorial, guiada per experts apassionats.<\/p>\n<h2>Gastronomia Andalusa<\/h2>\n<p>El restaurant de Finca La Luz, situat al cim d&#8217;un tur\u00f3 amb una vista impressionant sobre les vinyes, ofereix una cuina aut\u00e8ntica i refinada. Els xefs talentosos utilitzen ingredients locals i de temporada per crear plats que celebren els sabors d&#8217;Andalusia. Des de delicioses tapes fins a plats de peix a la graella i postres tradicionals com els xurros, cada \u00e0pat \u00e9s un fest\u00ed per als sentits.<\/p>\n<p>Els visitants tamb\u00e9 poden participar en tallers de cuina on aprendran a preparar plats t\u00edpics sota la direcci\u00f3 de xefs experimentats. Aquests tallers s\u00f3n una ocasi\u00f3 \u00fanica per submergir-se en la cultura culin\u00e0ria local mentre tasten els vins de la finca.<\/p>\n<p>Finca La Luz tamb\u00e9 ofereix moltes activitats per gaudir plenament de la bellesa natural de la regi\u00f3. Senders de caminada i rutes ciclistes travessen les vinyes i oliverars, oferint vistes espectaculars del camp andal\u00fas. Els amants de la natura tamb\u00e9 poden optar per passejades a cavall o excursions en 4&#215;4 per explorar els voltants.<\/p>\n","protected":false},"excerpt":{"rendered":"<p>Situada al cor dels paisatges assolellats d&#8217;Andalusia, Finca La Luz \u00e9s una finca vin\u00edcola on la tradici\u00f3 i la innovaci\u00f3 es troben per crear experi\u00e8ncies inoblidables. Aquesta finca ajuda a descobrir els vins espanyols, la cuina local i activitats apassionants. Finca La Luz s&#8217;est\u00e9n per hect\u00e0rees de vinyes pintoresques, curosament mantingudes per produir vins excepcionals. [&hellip;]<\/p>\n","protected":false},"author":2,"featured_media":3370,"comment_status":"open","ping_status":"open","sticky":false,"template":"","format":"standard","meta":{"_et_pb_use_builder":"","_et_pb_old_content":"","_et_gb_content_width":"","footnotes":""},"categories":[1],"tags":[],"class_list":["post-3374","post","type-post","status-publish","format-standard","has-post-thumbnail","hentry","category-sin-categorizar"],"yoast_head":"<!-- This site is optimized with the Yoast SEO plugin v25.1 - https:\/\/yoast.com\/wordpress\/plugins\/seo\/ -->\n<title>Domaine Viticole de Finca La Luz a Andalusia - Temps Barcelona<\/title>\n<meta name=\"robots\" content=\"noindex, follow, max-snippet:-1, max-image-preview:large, max-video-preview:-1\" \/>\n<meta property=\"og:locale\" content=\"ca_ES\" \/>\n<meta property=\"og:type\" content=\"article\" \/>\n<meta property=\"og:title\" content=\"Domaine Viticole de Finca La Luz a Andalusia - Temps Barcelona\" \/>\n<meta property=\"og:description\" content=\"Situada al cor dels paisatges assolellats d&#8217;Andalusia, Finca La Luz \u00e9s una finca vin\u00edcola on la tradici\u00f3 i la innovaci\u00f3 es troben per crear experi\u00e8ncies inoblidables. Aquesta finca ajuda a descobrir els vins espanyols, la cuina local i activitats apassionants. Finca La Luz s&#8217;est\u00e9n per hect\u00e0rees de vinyes pintoresques, curosament mantingudes per produir vins excepcionals. [&hellip;]\" \/>\n<meta property=\"og:url\" content=\"https:\/\/www.tempsbarcelona.com\/ca\/domaine-viticole-de-finca-la-luz-a-andalusia\/\" \/>\n<meta property=\"og:site_name\" content=\"Temps Barcelona\" \/>\n<meta property=\"article:published_time\" content=\"2024-08-22T11:30:41+00:00\" \/>\n<meta property=\"og:image\" content=\"https:\/\/www.tempsbarcelona.com\/wp-content\/uploads\/2024\/08\/WhatsApp-Image-2024-05-28-at-13.37.47.jpeg\" \/>\n\t<meta property=\"og:image:width\" content=\"1080\" \/>\n\t<meta property=\"og:image:height\" content=\"1920\" \/>\n\t<meta property=\"og:image:type\" content=\"image\/jpeg\" \/>\n<meta name=\"author\" content=\"Viajero\" \/>\n<meta name=\"twitter:card\" content=\"summary_large_image\" \/>\n<meta name=\"twitter:label1\" content=\"Escrit per\" \/>\n\t<meta name=\"twitter:data1\" content=\"Viajero\" \/>\n\t<meta name=\"twitter:label2\" content=\"Temps estimat de lectura\" \/>\n\t<meta name=\"twitter:data2\" content=\"3 minuts\" \/>\n<script type=\"application\/ld+json\" class=\"yoast-schema-graph\">{\"@context\":\"https:\/\/schema.org\",\"@graph\":[{\"@type\":\"WebPage\",\"@id\":\"https:\/\/www.tempsbarcelona.com\/ca\/domaine-viticole-de-finca-la-luz-a-andalusia\/\",\"url\":\"https:\/\/www.tempsbarcelona.com\/ca\/domaine-viticole-de-finca-la-luz-a-andalusia\/\",\"name\":\"Domaine Viticole de Finca La Luz a Andalusia - Temps Barcelona\",\"isPartOf\":{\"@id\":\"https:\/\/www.tempsbarcelona.com\/ca\/#website\"},\"primaryImageOfPage\":{\"@id\":\"https:\/\/www.tempsbarcelona.com\/ca\/domaine-viticole-de-finca-la-luz-a-andalusia\/#primaryimage\"},\"image\":{\"@id\":\"https:\/\/www.tempsbarcelona.com\/ca\/domaine-viticole-de-finca-la-luz-a-andalusia\/#primaryimage\"},\"thumbnailUrl\":\"https:\/\/www.tempsbarcelona.com\/wp-content\/uploads\/2024\/08\/WhatsApp-Image-2024-05-28-at-13.37.47.jpeg\",\"datePublished\":\"2024-08-22T11:30:41+00:00\",\"author\":{\"@id\":\"https:\/\/www.tempsbarcelona.com\/ca\/#\/schema\/person\/42e402d68007d6b23123a37e43aca822\"},\"breadcrumb\":{\"@id\":\"https:\/\/www.tempsbarcelona.com\/ca\/domaine-viticole-de-finca-la-luz-a-andalusia\/#breadcrumb\"},\"inLanguage\":\"ca\",\"potentialAction\":[{\"@type\":\"ReadAction\",\"target\":[\"https:\/\/www.tempsbarcelona.com\/ca\/domaine-viticole-de-finca-la-luz-a-andalusia\/\"]}]},{\"@type\":\"ImageObject\",\"inLanguage\":\"ca\",\"@id\":\"https:\/\/www.tempsbarcelona.com\/ca\/domaine-viticole-de-finca-la-luz-a-andalusia\/#primaryimage\",\"url\":\"https:\/\/www.tempsbarcelona.com\/wp-content\/uploads\/2024\/08\/WhatsApp-Image-2024-05-28-at-13.37.47.jpeg\",\"contentUrl\":\"https:\/\/www.tempsbarcelona.com\/wp-content\/uploads\/2024\/08\/WhatsApp-Image-2024-05-28-at-13.37.47.jpeg\",\"width\":1080,\"height\":1920},{\"@type\":\"BreadcrumbList\",\"@id\":\"https:\/\/www.tempsbarcelona.com\/ca\/domaine-viticole-de-finca-la-luz-a-andalusia\/#breadcrumb\",\"itemListElement\":[{\"@type\":\"ListItem\",\"position\":1,\"name\":\"Portada\",\"item\":\"https:\/\/www.tempsbarcelona.com\/ca\/temps-barcelona\/\"},{\"@type\":\"ListItem\",\"position\":2,\"name\":\"Domaine Viticole de Finca La Luz a Andalusia\"}]},{\"@type\":\"WebSite\",\"@id\":\"https:\/\/www.tempsbarcelona.com\/ca\/#website\",\"url\":\"https:\/\/www.tempsbarcelona.com\/ca\/\",\"name\":\"Temps Barcelona\",\"description\":\"\",\"potentialAction\":[{\"@type\":\"SearchAction\",\"target\":{\"@type\":\"EntryPoint\",\"urlTemplate\":\"https:\/\/www.tempsbarcelona.com\/ca\/?s={search_term_string}\"},\"query-input\":{\"@type\":\"PropertyValueSpecification\",\"valueRequired\":true,\"valueName\":\"search_term_string\"}}],\"inLanguage\":\"ca\"},{\"@type\":\"Person\",\"@id\":\"https:\/\/www.tempsbarcelona.com\/ca\/#\/schema\/person\/42e402d68007d6b23123a37e43aca822\",\"name\":\"Viajero\",\"image\":{\"@type\":\"ImageObject\",\"inLanguage\":\"ca\",\"@id\":\"https:\/\/www.tempsbarcelona.com\/ca\/#\/schema\/person\/image\/\",\"url\":\"https:\/\/secure.gravatar.com\/avatar\/adc63f40e2c832dac25e11feaef9ac523a32eaf25722d8b78fcb7c6603af7f85?s=96&d=mm&r=g\",\"contentUrl\":\"https:\/\/secure.gravatar.com\/avatar\/adc63f40e2c832dac25e11feaef9ac523a32eaf25722d8b78fcb7c6603af7f85?s=96&d=mm&r=g\",\"caption\":\"Viajero\"}}]}<\/script>\n<!-- \/ Yoast SEO plugin. -->","yoast_head_json":{"title":"Domaine Viticole de Finca La Luz a Andalusia - Temps Barcelona","robots":{"index":"noindex","follow":"follow","max-snippet":"max-snippet:-1","max-image-preview":"max-image-preview:large","max-video-preview":"max-video-preview:-1"},"og_locale":"ca_ES","og_type":"article","og_title":"Domaine Viticole de Finca La Luz a Andalusia - Temps Barcelona","og_description":"Situada al cor dels paisatges assolellats d&#8217;Andalusia, Finca La Luz \u00e9s una finca vin\u00edcola on la tradici\u00f3 i la innovaci\u00f3 es troben per crear experi\u00e8ncies inoblidables. Aquesta finca ajuda a descobrir els vins espanyols, la cuina local i activitats apassionants. Finca La Luz s&#8217;est\u00e9n per hect\u00e0rees de vinyes pintoresques, curosament mantingudes per produir vins excepcionals. [&hellip;]","og_url":"https:\/\/www.tempsbarcelona.com\/ca\/domaine-viticole-de-finca-la-luz-a-andalusia\/","og_site_name":"Temps Barcelona","article_published_time":"2024-08-22T11:30:41+00:00","og_image":[{"width":1080,"height":1920,"url":"https:\/\/www.tempsbarcelona.com\/wp-content\/uploads\/2024\/08\/WhatsApp-Image-2024-05-28-at-13.37.47.jpeg","type":"image\/jpeg"}],"author":"Viajero","twitter_card":"summary_large_image","twitter_misc":{"Escrit per":"Viajero","Temps estimat de lectura":"3 minuts"},"schema":{"@context":"https:\/\/schema.org","@graph":[{"@type":"WebPage","@id":"https:\/\/www.tempsbarcelona.com\/ca\/domaine-viticole-de-finca-la-luz-a-andalusia\/","url":"https:\/\/www.tempsbarcelona.com\/ca\/domaine-viticole-de-finca-la-luz-a-andalusia\/","name":"Domaine Viticole de Finca La Luz a Andalusia - Temps Barcelona","isPartOf":{"@id":"https:\/\/www.tempsbarcelona.com\/ca\/#website"},"primaryImageOfPage":{"@id":"https:\/\/www.tempsbarcelona.com\/ca\/domaine-viticole-de-finca-la-luz-a-andalusia\/#primaryimage"},"image":{"@id":"https:\/\/www.tempsbarcelona.com\/ca\/domaine-viticole-de-finca-la-luz-a-andalusia\/#primaryimage"},"thumbnailUrl":"https:\/\/www.tempsbarcelona.com\/wp-content\/uploads\/2024\/08\/WhatsApp-Image-2024-05-28-at-13.37.47.jpeg","datePublished":"2024-08-22T11:30:41+00:00","author":{"@id":"https:\/\/www.tempsbarcelona.com\/ca\/#\/schema\/person\/42e402d68007d6b23123a37e43aca822"},"breadcrumb":{"@id":"https:\/\/www.tempsbarcelona.com\/ca\/domaine-viticole-de-finca-la-luz-a-andalusia\/#breadcrumb"},"inLanguage":"ca","potentialAction":[{"@type":"ReadAction","target":["https:\/\/www.tempsbarcelona.com\/ca\/domaine-viticole-de-finca-la-luz-a-andalusia\/"]}]},{"@type":"ImageObject","inLanguage":"ca","@id":"https:\/\/www.tempsbarcelona.com\/ca\/domaine-viticole-de-finca-la-luz-a-andalusia\/#primaryimage","url":"https:\/\/www.tempsbarcelona.com\/wp-content\/uploads\/2024\/08\/WhatsApp-Image-2024-05-28-at-13.37.47.jpeg","contentUrl":"https:\/\/www.tempsbarcelona.com\/wp-content\/uploads\/2024\/08\/WhatsApp-Image-2024-05-28-at-13.37.47.jpeg","width":1080,"height":1920},{"@type":"BreadcrumbList","@id":"https:\/\/www.tempsbarcelona.com\/ca\/domaine-viticole-de-finca-la-luz-a-andalusia\/#breadcrumb","itemListElement":[{"@type":"ListItem","position":1,"name":"Portada","item":"https:\/\/www.tempsbarcelona.com\/ca\/temps-barcelona\/"},{"@type":"ListItem","position":2,"name":"Domaine Viticole de Finca La Luz a Andalusia"}]},{"@type":"WebSite","@id":"https:\/\/www.tempsbarcelona.com\/ca\/#website","url":"https:\/\/www.tempsbarcelona.com\/ca\/","name":"Temps Barcelona","description":"","potentialAction":[{"@type":"SearchAction","target":{"@type":"EntryPoint","urlTemplate":"https:\/\/www.tempsbarcelona.com\/ca\/?s={search_term_string}"},"query-input":{"@type":"PropertyValueSpecification","valueRequired":true,"valueName":"search_term_string"}}],"inLanguage":"ca"},{"@type":"Person","@id":"https:\/\/www.tempsbarcelona.com\/ca\/#\/schema\/person\/42e402d68007d6b23123a37e43aca822","name":"Viajero","image":{"@type":"ImageObject","inLanguage":"ca","@id":"https:\/\/www.tempsbarcelona.com\/ca\/#\/schema\/person\/image\/","url":"https:\/\/secure.gravatar.com\/avatar\/adc63f40e2c832dac25e11feaef9ac523a32eaf25722d8b78fcb7c6603af7f85?s=96&d=mm&r=g","contentUrl":"https:\/\/secure.gravatar.com\/avatar\/adc63f40e2c832dac25e11feaef9ac523a32eaf25722d8b78fcb7c6603af7f85?s=96&d=mm&r=g","caption":"Viajero"}}]}},"_links":{"self":[{"href":"https:\/\/www.tempsbarcelona.com\/ca\/wp-json\/wp\/v2\/posts\/3374","targetHints":{"allow":["GET"]}}],"collection":[{"href":"https:\/\/www.tempsbarcelona.com\/ca\/wp-json\/wp\/v2\/posts"}],"about":[{"href":"https:\/\/www.tempsbarcelona.com\/ca\/wp-json\/wp\/v2\/types\/post"}],"author":[{"embeddable":true,"href":"https:\/\/www.tempsbarcelona.com\/ca\/wp-json\/wp\/v2\/users\/2"}],"replies":[{"embeddable":true,"href":"https:\/\/www.tempsbarcelona.com\/ca\/wp-json\/wp\/v2\/comments?post=3374"}],"version-history":[{"count":1,"href":"https:\/\/www.tempsbarcelona.com\/ca\/wp-json\/wp\/v2\/posts\/3374\/revisions"}],"predecessor-version":[{"id":3375,"href":"https:\/\/www.tempsbarcelona.com\/ca\/wp-json\/wp\/v2\/posts\/3374\/revisions\/3375"}],"wp:featuredmedia":[{"embeddable":true,"href":"https:\/\/www.tempsbarcelona.com\/ca\/wp-json\/wp\/v2\/media\/3370"}],"wp:attachment":[{"href":"https:\/\/www.tempsbarcelona.com\/ca\/wp-json\/wp\/v2\/media?parent=3374"}],"wp:term":[{"taxonomy":"category","embeddable":true,"href":"https:\/\/www.tempsbarcelona.com\/ca\/wp-json\/wp\/v2\/categories?post=3374"},{"taxonomy":"post_tag","embeddable":true,"href":"https:\/\/www.tempsbarcelona.com\/ca\/wp-json\/wp\/v2\/tags?post=3374"}],"curies":[{"name":"wp","href":"https:\/\/api.w.org\/{rel}","templated":true}]}}