{"id":3342,"date":"2024-08-15T11:30:44","date_gmt":"2024-08-15T11:30:44","guid":{"rendered":"https:\/\/derutasyvinos.com\/?p=3342"},"modified":"2024-05-30T12:37:14","modified_gmt":"2024-05-30T12:37:14","slug":"el-domaine-viticole-danassa","status":"publish","type":"post","link":"https:\/\/www.tempsbarcelona.com\/ca\/el-domaine-viticole-danassa\/","title":{"rendered":"El Domaine Viticole d&#8217;Anassa"},"content":{"rendered":"<p>En les verdes colines del Pelopon\u00e8s, el Domaine Viticole d&#8217;Anassa \u00e9s un lloc m\u00e0gic on tot \u00e9s tranquil i pac\u00edfic. \u00c9s com si el temps s&#8217;atur\u00e9s entre les fileres de vinyes brillants i els vells oliveres. A m\u00e9s, hi ha la deliciosa cuina mediterr\u00e0nia i moltes activitats per descobrir.<\/p>\n<p>Els vins encarnen l&#8217;esperit de Gr\u00e8cia, amb varietats aut\u00f2ctones com l&#8217;Agiorghitiko i el Moschofilero. Cada ampolla conta una hist\u00f2ria, capturant el car\u00e0cter \u00fanic del solet terreny i el saber fer ancestral dels viticultors. Des del blanc fresc i afrutat fins al negre fort i especiat, deixeu-vos endur per la diversitat de les nostres collites, totes impregnades de l&#8217;\u00e0nima de la Mediterr\u00e0nia.<\/p>\n<h2>Gastronomia Mediterr\u00e0nia<\/h2>\n<p>El restaurant domina les vinyes i el mar Egeu, oferint un marc id\u00edl\u00b7lic per gaudir d&#8217;una aut\u00e8ntica cuina mediterr\u00e0nia. Els talents cuiners transformen els productes locals m\u00e9s frescos en exquisits plats que celebren els sabors de Gr\u00e8cia. Degusteu delicats mezz\u00e9s, plats de peixos a la graella i del\u00edcies dolces com el baklava, tot acompanyat de vins cuidadosament seleccionats per complementar cada mossegada.<\/p>\n<p>A m\u00e9s de les del\u00edcies vin\u00edcoles i culin\u00e0ries, el Domaine d&#8217;Anassa ofereix una varietat d&#8217;activitats per explorar la bellesa natural de la regi\u00f3. Sortiu de senderisme pels camins serpentejants que travessen les vinyes i els oliveres, o trieu un passeig en bicicleta pels pintorescs pobles del voltant. Per a una experi\u00e8ncia realment memorable, embarqueu-vos en una excursi\u00f3 en vaixell al llarg de la costa, descobrint cales a\u00efllades i aig\u00fces cristal\u00b7lines.<\/p>\n","protected":false},"excerpt":{"rendered":"<p>En les verdes colines del Pelopon\u00e8s, el Domaine Viticole d&#8217;Anassa \u00e9s un lloc m\u00e0gic on tot \u00e9s tranquil i pac\u00edfic. \u00c9s com si el temps s&#8217;atur\u00e9s entre les fileres de vinyes brillants i els vells oliveres. A m\u00e9s, hi ha la deliciosa cuina mediterr\u00e0nia i moltes activitats per descobrir. Els vins encarnen l&#8217;esperit de Gr\u00e8cia, [&hellip;]<\/p>\n","protected":false},"author":2,"featured_media":3337,"comment_status":"open","ping_status":"open","sticky":false,"template":"","format":"standard","meta":{"_et_pb_use_builder":"","_et_pb_old_content":"","_et_gb_content_width":"","footnotes":""},"categories":[1],"tags":[],"class_list":["post-3342","post","type-post","status-publish","format-standard","has-post-thumbnail","hentry","category-sin-categorizar"],"yoast_head":"<!-- This site is optimized with the Yoast SEO plugin v25.1 - https:\/\/yoast.com\/wordpress\/plugins\/seo\/ -->\n<title>El Domaine Viticole d&#039;Anassa - Temps Barcelona<\/title>\n<meta name=\"robots\" content=\"noindex, follow, max-snippet:-1, max-image-preview:large, max-video-preview:-1\" \/>\n<meta property=\"og:locale\" content=\"ca_ES\" \/>\n<meta property=\"og:type\" content=\"article\" \/>\n<meta property=\"og:title\" content=\"El Domaine Viticole d&#039;Anassa - Temps Barcelona\" \/>\n<meta property=\"og:description\" content=\"En les verdes colines del Pelopon\u00e8s, el Domaine Viticole d&#8217;Anassa \u00e9s un lloc m\u00e0gic on tot \u00e9s tranquil i pac\u00edfic. \u00c9s com si el temps s&#8217;atur\u00e9s entre les fileres de vinyes brillants i els vells oliveres. A m\u00e9s, hi ha la deliciosa cuina mediterr\u00e0nia i moltes activitats per descobrir. Els vins encarnen l&#8217;esperit de Gr\u00e8cia, [&hellip;]\" \/>\n<meta property=\"og:url\" content=\"https:\/\/www.tempsbarcelona.com\/ca\/el-domaine-viticole-danassa\/\" \/>\n<meta property=\"og:site_name\" content=\"Temps Barcelona\" \/>\n<meta property=\"article:published_time\" content=\"2024-08-15T11:30:44+00:00\" \/>\n<meta property=\"og:image\" content=\"https:\/\/www.tempsbarcelona.com\/wp-content\/uploads\/2024\/05\/WhatsApp-Image-2024-05-29-at-12.46.13.jpeg\" \/>\n\t<meta property=\"og:image:width\" content=\"900\" \/>\n\t<meta property=\"og:image:height\" content=\"1600\" \/>\n\t<meta property=\"og:image:type\" content=\"image\/jpeg\" \/>\n<meta name=\"author\" content=\"Viajero\" \/>\n<meta name=\"twitter:card\" content=\"summary_large_image\" \/>\n<meta name=\"twitter:label1\" content=\"Escrit per\" \/>\n\t<meta name=\"twitter:data1\" content=\"Viajero\" \/>\n\t<meta name=\"twitter:label2\" content=\"Temps estimat de lectura\" \/>\n\t<meta name=\"twitter:data2\" content=\"2 minuts\" \/>\n<script type=\"application\/ld+json\" class=\"yoast-schema-graph\">{\"@context\":\"https:\/\/schema.org\",\"@graph\":[{\"@type\":\"WebPage\",\"@id\":\"https:\/\/www.tempsbarcelona.com\/ca\/el-domaine-viticole-danassa\/\",\"url\":\"https:\/\/www.tempsbarcelona.com\/ca\/el-domaine-viticole-danassa\/\",\"name\":\"El Domaine Viticole d'Anassa - Temps Barcelona\",\"isPartOf\":{\"@id\":\"https:\/\/www.tempsbarcelona.com\/ca\/#website\"},\"primaryImageOfPage\":{\"@id\":\"https:\/\/www.tempsbarcelona.com\/ca\/el-domaine-viticole-danassa\/#primaryimage\"},\"image\":{\"@id\":\"https:\/\/www.tempsbarcelona.com\/ca\/el-domaine-viticole-danassa\/#primaryimage\"},\"thumbnailUrl\":\"https:\/\/www.tempsbarcelona.com\/wp-content\/uploads\/2024\/05\/WhatsApp-Image-2024-05-29-at-12.46.13.jpeg\",\"datePublished\":\"2024-08-15T11:30:44+00:00\",\"author\":{\"@id\":\"https:\/\/www.tempsbarcelona.com\/ca\/#\/schema\/person\/42e402d68007d6b23123a37e43aca822\"},\"breadcrumb\":{\"@id\":\"https:\/\/www.tempsbarcelona.com\/ca\/el-domaine-viticole-danassa\/#breadcrumb\"},\"inLanguage\":\"ca\",\"potentialAction\":[{\"@type\":\"ReadAction\",\"target\":[\"https:\/\/www.tempsbarcelona.com\/ca\/el-domaine-viticole-danassa\/\"]}]},{\"@type\":\"ImageObject\",\"inLanguage\":\"ca\",\"@id\":\"https:\/\/www.tempsbarcelona.com\/ca\/el-domaine-viticole-danassa\/#primaryimage\",\"url\":\"https:\/\/www.tempsbarcelona.com\/wp-content\/uploads\/2024\/05\/WhatsApp-Image-2024-05-29-at-12.46.13.jpeg\",\"contentUrl\":\"https:\/\/www.tempsbarcelona.com\/wp-content\/uploads\/2024\/05\/WhatsApp-Image-2024-05-29-at-12.46.13.jpeg\",\"width\":900,\"height\":1600},{\"@type\":\"BreadcrumbList\",\"@id\":\"https:\/\/www.tempsbarcelona.com\/ca\/el-domaine-viticole-danassa\/#breadcrumb\",\"itemListElement\":[{\"@type\":\"ListItem\",\"position\":1,\"name\":\"Portada\",\"item\":\"https:\/\/www.tempsbarcelona.com\/ca\/temps-barcelona\/\"},{\"@type\":\"ListItem\",\"position\":2,\"name\":\"El Domaine Viticole d&#8217;Anassa\"}]},{\"@type\":\"WebSite\",\"@id\":\"https:\/\/www.tempsbarcelona.com\/ca\/#website\",\"url\":\"https:\/\/www.tempsbarcelona.com\/ca\/\",\"name\":\"Temps Barcelona\",\"description\":\"\",\"potentialAction\":[{\"@type\":\"SearchAction\",\"target\":{\"@type\":\"EntryPoint\",\"urlTemplate\":\"https:\/\/www.tempsbarcelona.com\/ca\/?s={search_term_string}\"},\"query-input\":{\"@type\":\"PropertyValueSpecification\",\"valueRequired\":true,\"valueName\":\"search_term_string\"}}],\"inLanguage\":\"ca\"},{\"@type\":\"Person\",\"@id\":\"https:\/\/www.tempsbarcelona.com\/ca\/#\/schema\/person\/42e402d68007d6b23123a37e43aca822\",\"name\":\"Viajero\",\"image\":{\"@type\":\"ImageObject\",\"inLanguage\":\"ca\",\"@id\":\"https:\/\/www.tempsbarcelona.com\/ca\/#\/schema\/person\/image\/\",\"url\":\"https:\/\/secure.gravatar.com\/avatar\/adc63f40e2c832dac25e11feaef9ac523a32eaf25722d8b78fcb7c6603af7f85?s=96&d=mm&r=g\",\"contentUrl\":\"https:\/\/secure.gravatar.com\/avatar\/adc63f40e2c832dac25e11feaef9ac523a32eaf25722d8b78fcb7c6603af7f85?s=96&d=mm&r=g\",\"caption\":\"Viajero\"}}]}<\/script>\n<!-- \/ Yoast SEO plugin. -->","yoast_head_json":{"title":"El Domaine Viticole d'Anassa - Temps Barcelona","robots":{"index":"noindex","follow":"follow","max-snippet":"max-snippet:-1","max-image-preview":"max-image-preview:large","max-video-preview":"max-video-preview:-1"},"og_locale":"ca_ES","og_type":"article","og_title":"El Domaine Viticole d'Anassa - Temps Barcelona","og_description":"En les verdes colines del Pelopon\u00e8s, el Domaine Viticole d&#8217;Anassa \u00e9s un lloc m\u00e0gic on tot \u00e9s tranquil i pac\u00edfic. \u00c9s com si el temps s&#8217;atur\u00e9s entre les fileres de vinyes brillants i els vells oliveres. A m\u00e9s, hi ha la deliciosa cuina mediterr\u00e0nia i moltes activitats per descobrir. Els vins encarnen l&#8217;esperit de Gr\u00e8cia, [&hellip;]","og_url":"https:\/\/www.tempsbarcelona.com\/ca\/el-domaine-viticole-danassa\/","og_site_name":"Temps Barcelona","article_published_time":"2024-08-15T11:30:44+00:00","og_image":[{"width":900,"height":1600,"url":"https:\/\/www.tempsbarcelona.com\/wp-content\/uploads\/2024\/05\/WhatsApp-Image-2024-05-29-at-12.46.13.jpeg","type":"image\/jpeg"}],"author":"Viajero","twitter_card":"summary_large_image","twitter_misc":{"Escrit per":"Viajero","Temps estimat de lectura":"2 minuts"},"schema":{"@context":"https:\/\/schema.org","@graph":[{"@type":"WebPage","@id":"https:\/\/www.tempsbarcelona.com\/ca\/el-domaine-viticole-danassa\/","url":"https:\/\/www.tempsbarcelona.com\/ca\/el-domaine-viticole-danassa\/","name":"El Domaine Viticole d'Anassa - Temps Barcelona","isPartOf":{"@id":"https:\/\/www.tempsbarcelona.com\/ca\/#website"},"primaryImageOfPage":{"@id":"https:\/\/www.tempsbarcelona.com\/ca\/el-domaine-viticole-danassa\/#primaryimage"},"image":{"@id":"https:\/\/www.tempsbarcelona.com\/ca\/el-domaine-viticole-danassa\/#primaryimage"},"thumbnailUrl":"https:\/\/www.tempsbarcelona.com\/wp-content\/uploads\/2024\/05\/WhatsApp-Image-2024-05-29-at-12.46.13.jpeg","datePublished":"2024-08-15T11:30:44+00:00","author":{"@id":"https:\/\/www.tempsbarcelona.com\/ca\/#\/schema\/person\/42e402d68007d6b23123a37e43aca822"},"breadcrumb":{"@id":"https:\/\/www.tempsbarcelona.com\/ca\/el-domaine-viticole-danassa\/#breadcrumb"},"inLanguage":"ca","potentialAction":[{"@type":"ReadAction","target":["https:\/\/www.tempsbarcelona.com\/ca\/el-domaine-viticole-danassa\/"]}]},{"@type":"ImageObject","inLanguage":"ca","@id":"https:\/\/www.tempsbarcelona.com\/ca\/el-domaine-viticole-danassa\/#primaryimage","url":"https:\/\/www.tempsbarcelona.com\/wp-content\/uploads\/2024\/05\/WhatsApp-Image-2024-05-29-at-12.46.13.jpeg","contentUrl":"https:\/\/www.tempsbarcelona.com\/wp-content\/uploads\/2024\/05\/WhatsApp-Image-2024-05-29-at-12.46.13.jpeg","width":900,"height":1600},{"@type":"BreadcrumbList","@id":"https:\/\/www.tempsbarcelona.com\/ca\/el-domaine-viticole-danassa\/#breadcrumb","itemListElement":[{"@type":"ListItem","position":1,"name":"Portada","item":"https:\/\/www.tempsbarcelona.com\/ca\/temps-barcelona\/"},{"@type":"ListItem","position":2,"name":"El Domaine Viticole d&#8217;Anassa"}]},{"@type":"WebSite","@id":"https:\/\/www.tempsbarcelona.com\/ca\/#website","url":"https:\/\/www.tempsbarcelona.com\/ca\/","name":"Temps Barcelona","description":"","potentialAction":[{"@type":"SearchAction","target":{"@type":"EntryPoint","urlTemplate":"https:\/\/www.tempsbarcelona.com\/ca\/?s={search_term_string}"},"query-input":{"@type":"PropertyValueSpecification","valueRequired":true,"valueName":"search_term_string"}}],"inLanguage":"ca"},{"@type":"Person","@id":"https:\/\/www.tempsbarcelona.com\/ca\/#\/schema\/person\/42e402d68007d6b23123a37e43aca822","name":"Viajero","image":{"@type":"ImageObject","inLanguage":"ca","@id":"https:\/\/www.tempsbarcelona.com\/ca\/#\/schema\/person\/image\/","url":"https:\/\/secure.gravatar.com\/avatar\/adc63f40e2c832dac25e11feaef9ac523a32eaf25722d8b78fcb7c6603af7f85?s=96&d=mm&r=g","contentUrl":"https:\/\/secure.gravatar.com\/avatar\/adc63f40e2c832dac25e11feaef9ac523a32eaf25722d8b78fcb7c6603af7f85?s=96&d=mm&r=g","caption":"Viajero"}}]}},"_links":{"self":[{"href":"https:\/\/www.tempsbarcelona.com\/ca\/wp-json\/wp\/v2\/posts\/3342","targetHints":{"allow":["GET"]}}],"collection":[{"href":"https:\/\/www.tempsbarcelona.com\/ca\/wp-json\/wp\/v2\/posts"}],"about":[{"href":"https:\/\/www.tempsbarcelona.com\/ca\/wp-json\/wp\/v2\/types\/post"}],"author":[{"embeddable":true,"href":"https:\/\/www.tempsbarcelona.com\/ca\/wp-json\/wp\/v2\/users\/2"}],"replies":[{"embeddable":true,"href":"https:\/\/www.tempsbarcelona.com\/ca\/wp-json\/wp\/v2\/comments?post=3342"}],"version-history":[{"count":1,"href":"https:\/\/www.tempsbarcelona.com\/ca\/wp-json\/wp\/v2\/posts\/3342\/revisions"}],"predecessor-version":[{"id":3343,"href":"https:\/\/www.tempsbarcelona.com\/ca\/wp-json\/wp\/v2\/posts\/3342\/revisions\/3343"}],"wp:featuredmedia":[{"embeddable":true,"href":"https:\/\/www.tempsbarcelona.com\/ca\/wp-json\/wp\/v2\/media\/3337"}],"wp:attachment":[{"href":"https:\/\/www.tempsbarcelona.com\/ca\/wp-json\/wp\/v2\/media?parent=3342"}],"wp:term":[{"taxonomy":"category","embeddable":true,"href":"https:\/\/www.tempsbarcelona.com\/ca\/wp-json\/wp\/v2\/categories?post=3342"},{"taxonomy":"post_tag","embeddable":true,"href":"https:\/\/www.tempsbarcelona.com\/ca\/wp-json\/wp\/v2\/tags?post=3342"}],"curies":[{"name":"wp","href":"https:\/\/api.w.org\/{rel}","templated":true}]}}