{"id":3312,"date":"2024-08-08T11:30:27","date_gmt":"2024-08-08T11:30:27","guid":{"rendered":"https:\/\/derutasyvinos.com\/?p=3312"},"modified":"2024-05-30T08:34:09","modified_gmt":"2024-05-30T08:34:09","slug":"el-celler-de-la-regio-del-penedes","status":"publish","type":"post","link":"https:\/\/www.tempsbarcelona.com\/ca\/el-celler-de-la-regio-del-penedes\/","title":{"rendered":"El Celler de la Regi\u00f3 del Pened\u00e8s"},"content":{"rendered":"<p>Situada a pocs quil\u00f2metres de Barcelona, la regi\u00f3 vit\u00edcola del Pened\u00e8s \u00e9s un aut\u00e8ntic tresor per als amants del vi, la gastronomia i les belles experi\u00e8ncies. El Celler del Pened\u00e8s ofereix una experi\u00e8ncia inoblidable on la riquesa de les vinyes, la delicadesa dels vins i la bellesa dels paisatges es troben per crear moments m\u00e0gics.<\/p>\n<p>El Celler del Pened\u00e8s \u00e9s fam\u00f3s pels seus vins d&#8217;alta qualitat, especialment el Cava, un vi escum\u00f3s elaborat segons el m\u00e8tode tradicional champenoise. El Cava del Pened\u00e8s, amb les seves fines bombolles i els seus aromes afruitats, \u00e9s imprescindible per als amants dels vins escumosos. A m\u00e9s del Cava, el celler produeix una varietat de vins negres, blancs i rosats que reflecteixen la diversitat i la riquesa del terrer catal\u00e0. Les varietats de ra\u00efm com el Xarel\u00b7lo, el Macabeu i el Parellada s\u00f3n cultivades amb cura, produint vins amb sabors aut\u00e8ntics i expressius. Cada ampolla del celler explica una hist\u00f2ria \u00fanica, combinant tradici\u00f3 i innovaci\u00f3. Les t\u00e8cniques de viticultura sostenible estan al cor de les pr\u00e0ctiques del celler, assegurant la preservaci\u00f3 del medi ambient mentre es garanteix la qualitat dels vins.<\/p>\n<h2>Gastronomia Catalana<\/h2>\n<p>El restaurant del celler, situat en un tur\u00f3 amb una vista impressionant sobre les vinyes, ofereix una cuina refinada que destaca els productes locals i de temporada. Inspirat en la cuina catalana, el xef crea plats innovadors que es mariden perfectament amb els vins del celler. Especialitats com els cal\u00e7ots a la graella, l\u2019escalivada i la paella de marisc s\u2019acompanyen amb els elegants vins del Pened\u00e8s, oferint una experi\u00e8ncia gastron\u00f2mica memorable.<\/p>\n<h2>Activitats per a Tothom<\/h2>\n<p>El Celler del Pened\u00e8s tamb\u00e9 ofereix una varietat d&#8217;activitats per enriquir la vostra estada. Les visites guiades per les vinyes s\u00f3n una excel\u00b7lent oportunitat per descobrir els secrets de la viticultura local. Podreu passejar per les vinyes, aprendre m\u00e9s sobre els m\u00e8todes de cultiu i vinificaci\u00f3, i degustar els vins directament a les caves.<\/p>\n<p>Per als amants de l&#8217;aire lliure, el celler ofereix senders de senderisme a trav\u00e9s de les turons i vinyes circumdants, oferint vistes espectaculars sobre el paisatge catal\u00e0. Tamb\u00e9 podeu participar en passejos amb bicicleta per explorar els voltants de manera m\u00e9s activa.<\/p>\n<p>Els apassionats de la gastronomia poden assistir a tallers de cuina on aprendran a preparar plats tradicionals catalans sota la direcci\u00f3 de xefs experimentats. Aquests tallers s\u00f3n una oportunitat \u00fanica per submergir-se en la cultura culin\u00e0ria local mentre es degusten els vins del celler.<\/p>\n","protected":false},"excerpt":{"rendered":"<p>Situada a pocs quil\u00f2metres de Barcelona, la regi\u00f3 vit\u00edcola del Pened\u00e8s \u00e9s un aut\u00e8ntic tresor per als amants del vi, la gastronomia i les belles experi\u00e8ncies. El Celler del Pened\u00e8s ofereix una experi\u00e8ncia inoblidable on la riquesa de les vinyes, la delicadesa dels vins i la bellesa dels paisatges es troben per crear moments m\u00e0gics. [&hellip;]<\/p>\n","protected":false},"author":2,"featured_media":3307,"comment_status":"open","ping_status":"open","sticky":false,"template":"","format":"standard","meta":{"_et_pb_use_builder":"","_et_pb_old_content":"","_et_gb_content_width":"","footnotes":""},"categories":[1],"tags":[],"class_list":["post-3312","post","type-post","status-publish","format-standard","has-post-thumbnail","hentry","category-sin-categorizar"],"yoast_head":"<!-- This site is optimized with the Yoast SEO plugin v25.1 - https:\/\/yoast.com\/wordpress\/plugins\/seo\/ -->\n<title>El Celler de la Regi\u00f3 del Pened\u00e8s - Temps Barcelona<\/title>\n<meta name=\"robots\" content=\"noindex, follow, max-snippet:-1, max-image-preview:large, max-video-preview:-1\" \/>\n<meta property=\"og:locale\" content=\"ca_ES\" \/>\n<meta property=\"og:type\" content=\"article\" \/>\n<meta property=\"og:title\" content=\"El Celler de la Regi\u00f3 del Pened\u00e8s - Temps Barcelona\" \/>\n<meta property=\"og:description\" content=\"Situada a pocs quil\u00f2metres de Barcelona, la regi\u00f3 vit\u00edcola del Pened\u00e8s \u00e9s un aut\u00e8ntic tresor per als amants del vi, la gastronomia i les belles experi\u00e8ncies. El Celler del Pened\u00e8s ofereix una experi\u00e8ncia inoblidable on la riquesa de les vinyes, la delicadesa dels vins i la bellesa dels paisatges es troben per crear moments m\u00e0gics. [&hellip;]\" \/>\n<meta property=\"og:url\" content=\"https:\/\/www.tempsbarcelona.com\/ca\/el-celler-de-la-regio-del-penedes\/\" \/>\n<meta property=\"og:site_name\" content=\"Temps Barcelona\" \/>\n<meta property=\"article:published_time\" content=\"2024-08-08T11:30:27+00:00\" \/>\n<meta property=\"og:image\" content=\"https:\/\/www.tempsbarcelona.com\/wp-content\/uploads\/2024\/05\/WhatsApp-Image-2024-05-29-at-12.46.10.jpeg\" \/>\n\t<meta property=\"og:image:width\" content=\"1200\" \/>\n\t<meta property=\"og:image:height\" content=\"1600\" \/>\n\t<meta property=\"og:image:type\" content=\"image\/jpeg\" \/>\n<meta name=\"author\" content=\"Viajero\" \/>\n<meta name=\"twitter:card\" content=\"summary_large_image\" \/>\n<meta name=\"twitter:label1\" content=\"Escrit per\" \/>\n\t<meta name=\"twitter:data1\" content=\"Viajero\" \/>\n\t<meta name=\"twitter:label2\" content=\"Temps estimat de lectura\" \/>\n\t<meta name=\"twitter:data2\" content=\"2 minuts\" \/>\n<script type=\"application\/ld+json\" class=\"yoast-schema-graph\">{\"@context\":\"https:\/\/schema.org\",\"@graph\":[{\"@type\":\"WebPage\",\"@id\":\"https:\/\/www.tempsbarcelona.com\/ca\/el-celler-de-la-regio-del-penedes\/\",\"url\":\"https:\/\/www.tempsbarcelona.com\/ca\/el-celler-de-la-regio-del-penedes\/\",\"name\":\"El Celler de la Regi\u00f3 del Pened\u00e8s - Temps Barcelona\",\"isPartOf\":{\"@id\":\"https:\/\/www.tempsbarcelona.com\/ca\/#website\"},\"primaryImageOfPage\":{\"@id\":\"https:\/\/www.tempsbarcelona.com\/ca\/el-celler-de-la-regio-del-penedes\/#primaryimage\"},\"image\":{\"@id\":\"https:\/\/www.tempsbarcelona.com\/ca\/el-celler-de-la-regio-del-penedes\/#primaryimage\"},\"thumbnailUrl\":\"https:\/\/www.tempsbarcelona.com\/wp-content\/uploads\/2024\/05\/WhatsApp-Image-2024-05-29-at-12.46.10.jpeg\",\"datePublished\":\"2024-08-08T11:30:27+00:00\",\"author\":{\"@id\":\"https:\/\/www.tempsbarcelona.com\/ca\/#\/schema\/person\/42e402d68007d6b23123a37e43aca822\"},\"breadcrumb\":{\"@id\":\"https:\/\/www.tempsbarcelona.com\/ca\/el-celler-de-la-regio-del-penedes\/#breadcrumb\"},\"inLanguage\":\"ca\",\"potentialAction\":[{\"@type\":\"ReadAction\",\"target\":[\"https:\/\/www.tempsbarcelona.com\/ca\/el-celler-de-la-regio-del-penedes\/\"]}]},{\"@type\":\"ImageObject\",\"inLanguage\":\"ca\",\"@id\":\"https:\/\/www.tempsbarcelona.com\/ca\/el-celler-de-la-regio-del-penedes\/#primaryimage\",\"url\":\"https:\/\/www.tempsbarcelona.com\/wp-content\/uploads\/2024\/05\/WhatsApp-Image-2024-05-29-at-12.46.10.jpeg\",\"contentUrl\":\"https:\/\/www.tempsbarcelona.com\/wp-content\/uploads\/2024\/05\/WhatsApp-Image-2024-05-29-at-12.46.10.jpeg\",\"width\":1200,\"height\":1600},{\"@type\":\"BreadcrumbList\",\"@id\":\"https:\/\/www.tempsbarcelona.com\/ca\/el-celler-de-la-regio-del-penedes\/#breadcrumb\",\"itemListElement\":[{\"@type\":\"ListItem\",\"position\":1,\"name\":\"Portada\",\"item\":\"https:\/\/www.tempsbarcelona.com\/ca\/temps-barcelona\/\"},{\"@type\":\"ListItem\",\"position\":2,\"name\":\"El Celler de la Regi\u00f3 del Pened\u00e8s\"}]},{\"@type\":\"WebSite\",\"@id\":\"https:\/\/www.tempsbarcelona.com\/ca\/#website\",\"url\":\"https:\/\/www.tempsbarcelona.com\/ca\/\",\"name\":\"Temps Barcelona\",\"description\":\"\",\"potentialAction\":[{\"@type\":\"SearchAction\",\"target\":{\"@type\":\"EntryPoint\",\"urlTemplate\":\"https:\/\/www.tempsbarcelona.com\/ca\/?s={search_term_string}\"},\"query-input\":{\"@type\":\"PropertyValueSpecification\",\"valueRequired\":true,\"valueName\":\"search_term_string\"}}],\"inLanguage\":\"ca\"},{\"@type\":\"Person\",\"@id\":\"https:\/\/www.tempsbarcelona.com\/ca\/#\/schema\/person\/42e402d68007d6b23123a37e43aca822\",\"name\":\"Viajero\",\"image\":{\"@type\":\"ImageObject\",\"inLanguage\":\"ca\",\"@id\":\"https:\/\/www.tempsbarcelona.com\/ca\/#\/schema\/person\/image\/\",\"url\":\"https:\/\/secure.gravatar.com\/avatar\/adc63f40e2c832dac25e11feaef9ac523a32eaf25722d8b78fcb7c6603af7f85?s=96&d=mm&r=g\",\"contentUrl\":\"https:\/\/secure.gravatar.com\/avatar\/adc63f40e2c832dac25e11feaef9ac523a32eaf25722d8b78fcb7c6603af7f85?s=96&d=mm&r=g\",\"caption\":\"Viajero\"}}]}<\/script>\n<!-- \/ Yoast SEO plugin. -->","yoast_head_json":{"title":"El Celler de la Regi\u00f3 del Pened\u00e8s - Temps Barcelona","robots":{"index":"noindex","follow":"follow","max-snippet":"max-snippet:-1","max-image-preview":"max-image-preview:large","max-video-preview":"max-video-preview:-1"},"og_locale":"ca_ES","og_type":"article","og_title":"El Celler de la Regi\u00f3 del Pened\u00e8s - Temps Barcelona","og_description":"Situada a pocs quil\u00f2metres de Barcelona, la regi\u00f3 vit\u00edcola del Pened\u00e8s \u00e9s un aut\u00e8ntic tresor per als amants del vi, la gastronomia i les belles experi\u00e8ncies. El Celler del Pened\u00e8s ofereix una experi\u00e8ncia inoblidable on la riquesa de les vinyes, la delicadesa dels vins i la bellesa dels paisatges es troben per crear moments m\u00e0gics. [&hellip;]","og_url":"https:\/\/www.tempsbarcelona.com\/ca\/el-celler-de-la-regio-del-penedes\/","og_site_name":"Temps Barcelona","article_published_time":"2024-08-08T11:30:27+00:00","og_image":[{"width":1200,"height":1600,"url":"https:\/\/www.tempsbarcelona.com\/wp-content\/uploads\/2024\/05\/WhatsApp-Image-2024-05-29-at-12.46.10.jpeg","type":"image\/jpeg"}],"author":"Viajero","twitter_card":"summary_large_image","twitter_misc":{"Escrit per":"Viajero","Temps estimat de lectura":"2 minuts"},"schema":{"@context":"https:\/\/schema.org","@graph":[{"@type":"WebPage","@id":"https:\/\/www.tempsbarcelona.com\/ca\/el-celler-de-la-regio-del-penedes\/","url":"https:\/\/www.tempsbarcelona.com\/ca\/el-celler-de-la-regio-del-penedes\/","name":"El Celler de la Regi\u00f3 del Pened\u00e8s - Temps Barcelona","isPartOf":{"@id":"https:\/\/www.tempsbarcelona.com\/ca\/#website"},"primaryImageOfPage":{"@id":"https:\/\/www.tempsbarcelona.com\/ca\/el-celler-de-la-regio-del-penedes\/#primaryimage"},"image":{"@id":"https:\/\/www.tempsbarcelona.com\/ca\/el-celler-de-la-regio-del-penedes\/#primaryimage"},"thumbnailUrl":"https:\/\/www.tempsbarcelona.com\/wp-content\/uploads\/2024\/05\/WhatsApp-Image-2024-05-29-at-12.46.10.jpeg","datePublished":"2024-08-08T11:30:27+00:00","author":{"@id":"https:\/\/www.tempsbarcelona.com\/ca\/#\/schema\/person\/42e402d68007d6b23123a37e43aca822"},"breadcrumb":{"@id":"https:\/\/www.tempsbarcelona.com\/ca\/el-celler-de-la-regio-del-penedes\/#breadcrumb"},"inLanguage":"ca","potentialAction":[{"@type":"ReadAction","target":["https:\/\/www.tempsbarcelona.com\/ca\/el-celler-de-la-regio-del-penedes\/"]}]},{"@type":"ImageObject","inLanguage":"ca","@id":"https:\/\/www.tempsbarcelona.com\/ca\/el-celler-de-la-regio-del-penedes\/#primaryimage","url":"https:\/\/www.tempsbarcelona.com\/wp-content\/uploads\/2024\/05\/WhatsApp-Image-2024-05-29-at-12.46.10.jpeg","contentUrl":"https:\/\/www.tempsbarcelona.com\/wp-content\/uploads\/2024\/05\/WhatsApp-Image-2024-05-29-at-12.46.10.jpeg","width":1200,"height":1600},{"@type":"BreadcrumbList","@id":"https:\/\/www.tempsbarcelona.com\/ca\/el-celler-de-la-regio-del-penedes\/#breadcrumb","itemListElement":[{"@type":"ListItem","position":1,"name":"Portada","item":"https:\/\/www.tempsbarcelona.com\/ca\/temps-barcelona\/"},{"@type":"ListItem","position":2,"name":"El Celler de la Regi\u00f3 del Pened\u00e8s"}]},{"@type":"WebSite","@id":"https:\/\/www.tempsbarcelona.com\/ca\/#website","url":"https:\/\/www.tempsbarcelona.com\/ca\/","name":"Temps Barcelona","description":"","potentialAction":[{"@type":"SearchAction","target":{"@type":"EntryPoint","urlTemplate":"https:\/\/www.tempsbarcelona.com\/ca\/?s={search_term_string}"},"query-input":{"@type":"PropertyValueSpecification","valueRequired":true,"valueName":"search_term_string"}}],"inLanguage":"ca"},{"@type":"Person","@id":"https:\/\/www.tempsbarcelona.com\/ca\/#\/schema\/person\/42e402d68007d6b23123a37e43aca822","name":"Viajero","image":{"@type":"ImageObject","inLanguage":"ca","@id":"https:\/\/www.tempsbarcelona.com\/ca\/#\/schema\/person\/image\/","url":"https:\/\/secure.gravatar.com\/avatar\/adc63f40e2c832dac25e11feaef9ac523a32eaf25722d8b78fcb7c6603af7f85?s=96&d=mm&r=g","contentUrl":"https:\/\/secure.gravatar.com\/avatar\/adc63f40e2c832dac25e11feaef9ac523a32eaf25722d8b78fcb7c6603af7f85?s=96&d=mm&r=g","caption":"Viajero"}}]}},"_links":{"self":[{"href":"https:\/\/www.tempsbarcelona.com\/ca\/wp-json\/wp\/v2\/posts\/3312","targetHints":{"allow":["GET"]}}],"collection":[{"href":"https:\/\/www.tempsbarcelona.com\/ca\/wp-json\/wp\/v2\/posts"}],"about":[{"href":"https:\/\/www.tempsbarcelona.com\/ca\/wp-json\/wp\/v2\/types\/post"}],"author":[{"embeddable":true,"href":"https:\/\/www.tempsbarcelona.com\/ca\/wp-json\/wp\/v2\/users\/2"}],"replies":[{"embeddable":true,"href":"https:\/\/www.tempsbarcelona.com\/ca\/wp-json\/wp\/v2\/comments?post=3312"}],"version-history":[{"count":1,"href":"https:\/\/www.tempsbarcelona.com\/ca\/wp-json\/wp\/v2\/posts\/3312\/revisions"}],"predecessor-version":[{"id":3313,"href":"https:\/\/www.tempsbarcelona.com\/ca\/wp-json\/wp\/v2\/posts\/3312\/revisions\/3313"}],"wp:featuredmedia":[{"embeddable":true,"href":"https:\/\/www.tempsbarcelona.com\/ca\/wp-json\/wp\/v2\/media\/3307"}],"wp:attachment":[{"href":"https:\/\/www.tempsbarcelona.com\/ca\/wp-json\/wp\/v2\/media?parent=3312"}],"wp:term":[{"taxonomy":"category","embeddable":true,"href":"https:\/\/www.tempsbarcelona.com\/ca\/wp-json\/wp\/v2\/categories?post=3312"},{"taxonomy":"post_tag","embeddable":true,"href":"https:\/\/www.tempsbarcelona.com\/ca\/wp-json\/wp\/v2\/tags?post=3312"}],"curies":[{"name":"wp","href":"https:\/\/api.w.org\/{rel}","templated":true}]}}