{"id":3297,"date":"2024-08-06T11:30:58","date_gmt":"2024-08-06T11:30:58","guid":{"rendered":"https:\/\/derutasyvinos.com\/?p=3297"},"modified":"2024-05-29T14:35:26","modified_gmt":"2024-05-29T14:35:26","slug":"un-tresor-amagat-de-lilla-de-cuba","status":"publish","type":"post","link":"https:\/\/www.tempsbarcelona.com\/ca\/un-tresor-amagat-de-lilla-de-cuba\/","title":{"rendered":"Un Tresor Amagat de l&#8217;Illa de Cuba"},"content":{"rendered":"<p>El Domaine Viticole de Cuba, una joia desconeguda enclavada al cor dels paisatges ex\u00f2tics de l&#8217;illa. Situat a la vall verda de Vi\u00f1ales, aquesta finca vitivin\u00edcola ofereix una experi\u00e8ncia \u00fanica on el vi, la gastronomia i les activitats a l&#8217;aire lliure es combinen per crear records inoblidables.<\/p>\n<p>Tot i que Cuba no \u00e9s coneguda tradicionalment per la seva producci\u00f3 de vi, el Domaine Viticole de Vi\u00f1ales ha sabut enfrontar aquest desafiament amb brillantor. Gr\u00e0cies al seu clima tropical i els seus s\u00f2ls f\u00e8rtils, la finca produeix una gamma de vins \u00fanics amb sabors ex\u00f2tics. Des del vi blanc fresc amb aromes de fruites tropicals fins al vi negre intens amb notes picants, cada ampolla explica la hist\u00f2ria assolellada de Cuba.<\/p>\n<h2>Gastronomia Criolla i Fusi\u00f3<\/h2>\n<p>El restaurant de la finca ofereix una cuina criolla i de fusi\u00f3 que destaca els ingredients locals i els productes frescos de la regi\u00f3. Deliciosos plats tradicionals cubans, com el Ropa Vieja i el Moros y Cristianos, s&#8217;acompanyen de vins de la finca seleccionats amb cura per complementar els sabors rics i complexos. Siguis un aficionat a marisc fresc o un amant de la cuina cubana picant, el restaurant de la finca satisfar\u00e0 tots els teus desitjos gastron\u00f2mics.<\/p>\n<p>El Domaine ofereix una varietat d&#8217;activitats per enriquir la teva estada. Descobreix els vinyers en visites guiades on podr\u00e0s aprendre m\u00e9s sobre les t\u00e8cniques de viticultura tropical. Gaudeix d&#8217;una excursi\u00f3 a peu a trav\u00e9s dels pintorescs mogotes de Vi\u00f1ales, formacions rocoses \u00faniques que ofereixen vistes espectaculars de la vall verda. Tamb\u00e9 pots participar en classes de cuina cubana per aprendre a preparar plats aut\u00e8ntics amb els xefs locals.<\/p>\n<p>Per a una experi\u00e8ncia definitiva, no et perdis un passeig a cavall per la campi\u00f1a cubana, passant per plantacions de tabac i pobles pintorescos. D&#8217;aquesta manera, podr\u00e0s descobrir la bellesa natural i la riquesa cultural de Cuba d&#8217;una manera aut\u00e8ntica i immersiva.<\/p>\n","protected":false},"excerpt":{"rendered":"<p>El Domaine Viticole de Cuba, una joia desconeguda enclavada al cor dels paisatges ex\u00f2tics de l&#8217;illa. Situat a la vall verda de Vi\u00f1ales, aquesta finca vitivin\u00edcola ofereix una experi\u00e8ncia \u00fanica on el vi, la gastronomia i les activitats a l&#8217;aire lliure es combinen per crear records inoblidables. Tot i que Cuba no \u00e9s coneguda tradicionalment [&hellip;]<\/p>\n","protected":false},"author":2,"featured_media":3292,"comment_status":"open","ping_status":"open","sticky":false,"template":"","format":"standard","meta":{"_et_pb_use_builder":"","_et_pb_old_content":"","_et_gb_content_width":"","footnotes":""},"categories":[1],"tags":[],"class_list":["post-3297","post","type-post","status-publish","format-standard","has-post-thumbnail","hentry","category-sin-categorizar"],"yoast_head":"<!-- This site is optimized with the Yoast SEO plugin v25.1 - https:\/\/yoast.com\/wordpress\/plugins\/seo\/ -->\n<title>Un Tresor Amagat de l&#039;Illa de Cuba - Temps Barcelona<\/title>\n<meta name=\"robots\" content=\"noindex, follow, max-snippet:-1, max-image-preview:large, max-video-preview:-1\" \/>\n<meta property=\"og:locale\" content=\"ca_ES\" \/>\n<meta property=\"og:type\" content=\"article\" \/>\n<meta property=\"og:title\" content=\"Un Tresor Amagat de l&#039;Illa de Cuba - Temps Barcelona\" \/>\n<meta property=\"og:description\" content=\"El Domaine Viticole de Cuba, una joia desconeguda enclavada al cor dels paisatges ex\u00f2tics de l&#8217;illa. Situat a la vall verda de Vi\u00f1ales, aquesta finca vitivin\u00edcola ofereix una experi\u00e8ncia \u00fanica on el vi, la gastronomia i les activitats a l&#8217;aire lliure es combinen per crear records inoblidables. Tot i que Cuba no \u00e9s coneguda tradicionalment [&hellip;]\" \/>\n<meta property=\"og:url\" content=\"https:\/\/www.tempsbarcelona.com\/ca\/un-tresor-amagat-de-lilla-de-cuba\/\" \/>\n<meta property=\"og:site_name\" content=\"Temps Barcelona\" \/>\n<meta property=\"article:published_time\" content=\"2024-08-06T11:30:58+00:00\" \/>\n<meta property=\"og:image\" content=\"https:\/\/www.tempsbarcelona.com\/wp-content\/uploads\/2024\/05\/WhatsApp-Image-2024-05-29-at-12.46.09-1.jpeg\" \/>\n\t<meta property=\"og:image:width\" content=\"900\" \/>\n\t<meta property=\"og:image:height\" content=\"1600\" \/>\n\t<meta property=\"og:image:type\" content=\"image\/jpeg\" \/>\n<meta name=\"author\" content=\"Viajero\" \/>\n<meta name=\"twitter:card\" content=\"summary_large_image\" \/>\n<meta name=\"twitter:label1\" content=\"Escrit per\" \/>\n\t<meta name=\"twitter:data1\" content=\"Viajero\" \/>\n\t<meta name=\"twitter:label2\" content=\"Temps estimat de lectura\" \/>\n\t<meta name=\"twitter:data2\" content=\"2 minuts\" \/>\n<script type=\"application\/ld+json\" class=\"yoast-schema-graph\">{\"@context\":\"https:\/\/schema.org\",\"@graph\":[{\"@type\":\"WebPage\",\"@id\":\"https:\/\/www.tempsbarcelona.com\/ca\/un-tresor-amagat-de-lilla-de-cuba\/\",\"url\":\"https:\/\/www.tempsbarcelona.com\/ca\/un-tresor-amagat-de-lilla-de-cuba\/\",\"name\":\"Un Tresor Amagat de l'Illa de Cuba - Temps Barcelona\",\"isPartOf\":{\"@id\":\"https:\/\/www.tempsbarcelona.com\/ca\/#website\"},\"primaryImageOfPage\":{\"@id\":\"https:\/\/www.tempsbarcelona.com\/ca\/un-tresor-amagat-de-lilla-de-cuba\/#primaryimage\"},\"image\":{\"@id\":\"https:\/\/www.tempsbarcelona.com\/ca\/un-tresor-amagat-de-lilla-de-cuba\/#primaryimage\"},\"thumbnailUrl\":\"https:\/\/www.tempsbarcelona.com\/wp-content\/uploads\/2024\/05\/WhatsApp-Image-2024-05-29-at-12.46.09-1.jpeg\",\"datePublished\":\"2024-08-06T11:30:58+00:00\",\"author\":{\"@id\":\"https:\/\/www.tempsbarcelona.com\/ca\/#\/schema\/person\/42e402d68007d6b23123a37e43aca822\"},\"breadcrumb\":{\"@id\":\"https:\/\/www.tempsbarcelona.com\/ca\/un-tresor-amagat-de-lilla-de-cuba\/#breadcrumb\"},\"inLanguage\":\"ca\",\"potentialAction\":[{\"@type\":\"ReadAction\",\"target\":[\"https:\/\/www.tempsbarcelona.com\/ca\/un-tresor-amagat-de-lilla-de-cuba\/\"]}]},{\"@type\":\"ImageObject\",\"inLanguage\":\"ca\",\"@id\":\"https:\/\/www.tempsbarcelona.com\/ca\/un-tresor-amagat-de-lilla-de-cuba\/#primaryimage\",\"url\":\"https:\/\/www.tempsbarcelona.com\/wp-content\/uploads\/2024\/05\/WhatsApp-Image-2024-05-29-at-12.46.09-1.jpeg\",\"contentUrl\":\"https:\/\/www.tempsbarcelona.com\/wp-content\/uploads\/2024\/05\/WhatsApp-Image-2024-05-29-at-12.46.09-1.jpeg\",\"width\":900,\"height\":1600},{\"@type\":\"BreadcrumbList\",\"@id\":\"https:\/\/www.tempsbarcelona.com\/ca\/un-tresor-amagat-de-lilla-de-cuba\/#breadcrumb\",\"itemListElement\":[{\"@type\":\"ListItem\",\"position\":1,\"name\":\"Portada\",\"item\":\"https:\/\/www.tempsbarcelona.com\/ca\/temps-barcelona\/\"},{\"@type\":\"ListItem\",\"position\":2,\"name\":\"Un Tresor Amagat de l&#8217;Illa de Cuba\"}]},{\"@type\":\"WebSite\",\"@id\":\"https:\/\/www.tempsbarcelona.com\/ca\/#website\",\"url\":\"https:\/\/www.tempsbarcelona.com\/ca\/\",\"name\":\"Temps Barcelona\",\"description\":\"\",\"potentialAction\":[{\"@type\":\"SearchAction\",\"target\":{\"@type\":\"EntryPoint\",\"urlTemplate\":\"https:\/\/www.tempsbarcelona.com\/ca\/?s={search_term_string}\"},\"query-input\":{\"@type\":\"PropertyValueSpecification\",\"valueRequired\":true,\"valueName\":\"search_term_string\"}}],\"inLanguage\":\"ca\"},{\"@type\":\"Person\",\"@id\":\"https:\/\/www.tempsbarcelona.com\/ca\/#\/schema\/person\/42e402d68007d6b23123a37e43aca822\",\"name\":\"Viajero\",\"image\":{\"@type\":\"ImageObject\",\"inLanguage\":\"ca\",\"@id\":\"https:\/\/www.tempsbarcelona.com\/ca\/#\/schema\/person\/image\/\",\"url\":\"https:\/\/secure.gravatar.com\/avatar\/adc63f40e2c832dac25e11feaef9ac523a32eaf25722d8b78fcb7c6603af7f85?s=96&d=mm&r=g\",\"contentUrl\":\"https:\/\/secure.gravatar.com\/avatar\/adc63f40e2c832dac25e11feaef9ac523a32eaf25722d8b78fcb7c6603af7f85?s=96&d=mm&r=g\",\"caption\":\"Viajero\"}}]}<\/script>\n<!-- \/ Yoast SEO plugin. -->","yoast_head_json":{"title":"Un Tresor Amagat de l'Illa de Cuba - Temps Barcelona","robots":{"index":"noindex","follow":"follow","max-snippet":"max-snippet:-1","max-image-preview":"max-image-preview:large","max-video-preview":"max-video-preview:-1"},"og_locale":"ca_ES","og_type":"article","og_title":"Un Tresor Amagat de l'Illa de Cuba - Temps Barcelona","og_description":"El Domaine Viticole de Cuba, una joia desconeguda enclavada al cor dels paisatges ex\u00f2tics de l&#8217;illa. Situat a la vall verda de Vi\u00f1ales, aquesta finca vitivin\u00edcola ofereix una experi\u00e8ncia \u00fanica on el vi, la gastronomia i les activitats a l&#8217;aire lliure es combinen per crear records inoblidables. Tot i que Cuba no \u00e9s coneguda tradicionalment [&hellip;]","og_url":"https:\/\/www.tempsbarcelona.com\/ca\/un-tresor-amagat-de-lilla-de-cuba\/","og_site_name":"Temps Barcelona","article_published_time":"2024-08-06T11:30:58+00:00","og_image":[{"width":900,"height":1600,"url":"https:\/\/www.tempsbarcelona.com\/wp-content\/uploads\/2024\/05\/WhatsApp-Image-2024-05-29-at-12.46.09-1.jpeg","type":"image\/jpeg"}],"author":"Viajero","twitter_card":"summary_large_image","twitter_misc":{"Escrit per":"Viajero","Temps estimat de lectura":"2 minuts"},"schema":{"@context":"https:\/\/schema.org","@graph":[{"@type":"WebPage","@id":"https:\/\/www.tempsbarcelona.com\/ca\/un-tresor-amagat-de-lilla-de-cuba\/","url":"https:\/\/www.tempsbarcelona.com\/ca\/un-tresor-amagat-de-lilla-de-cuba\/","name":"Un Tresor Amagat de l'Illa de Cuba - Temps Barcelona","isPartOf":{"@id":"https:\/\/www.tempsbarcelona.com\/ca\/#website"},"primaryImageOfPage":{"@id":"https:\/\/www.tempsbarcelona.com\/ca\/un-tresor-amagat-de-lilla-de-cuba\/#primaryimage"},"image":{"@id":"https:\/\/www.tempsbarcelona.com\/ca\/un-tresor-amagat-de-lilla-de-cuba\/#primaryimage"},"thumbnailUrl":"https:\/\/www.tempsbarcelona.com\/wp-content\/uploads\/2024\/05\/WhatsApp-Image-2024-05-29-at-12.46.09-1.jpeg","datePublished":"2024-08-06T11:30:58+00:00","author":{"@id":"https:\/\/www.tempsbarcelona.com\/ca\/#\/schema\/person\/42e402d68007d6b23123a37e43aca822"},"breadcrumb":{"@id":"https:\/\/www.tempsbarcelona.com\/ca\/un-tresor-amagat-de-lilla-de-cuba\/#breadcrumb"},"inLanguage":"ca","potentialAction":[{"@type":"ReadAction","target":["https:\/\/www.tempsbarcelona.com\/ca\/un-tresor-amagat-de-lilla-de-cuba\/"]}]},{"@type":"ImageObject","inLanguage":"ca","@id":"https:\/\/www.tempsbarcelona.com\/ca\/un-tresor-amagat-de-lilla-de-cuba\/#primaryimage","url":"https:\/\/www.tempsbarcelona.com\/wp-content\/uploads\/2024\/05\/WhatsApp-Image-2024-05-29-at-12.46.09-1.jpeg","contentUrl":"https:\/\/www.tempsbarcelona.com\/wp-content\/uploads\/2024\/05\/WhatsApp-Image-2024-05-29-at-12.46.09-1.jpeg","width":900,"height":1600},{"@type":"BreadcrumbList","@id":"https:\/\/www.tempsbarcelona.com\/ca\/un-tresor-amagat-de-lilla-de-cuba\/#breadcrumb","itemListElement":[{"@type":"ListItem","position":1,"name":"Portada","item":"https:\/\/www.tempsbarcelona.com\/ca\/temps-barcelona\/"},{"@type":"ListItem","position":2,"name":"Un Tresor Amagat de l&#8217;Illa de Cuba"}]},{"@type":"WebSite","@id":"https:\/\/www.tempsbarcelona.com\/ca\/#website","url":"https:\/\/www.tempsbarcelona.com\/ca\/","name":"Temps Barcelona","description":"","potentialAction":[{"@type":"SearchAction","target":{"@type":"EntryPoint","urlTemplate":"https:\/\/www.tempsbarcelona.com\/ca\/?s={search_term_string}"},"query-input":{"@type":"PropertyValueSpecification","valueRequired":true,"valueName":"search_term_string"}}],"inLanguage":"ca"},{"@type":"Person","@id":"https:\/\/www.tempsbarcelona.com\/ca\/#\/schema\/person\/42e402d68007d6b23123a37e43aca822","name":"Viajero","image":{"@type":"ImageObject","inLanguage":"ca","@id":"https:\/\/www.tempsbarcelona.com\/ca\/#\/schema\/person\/image\/","url":"https:\/\/secure.gravatar.com\/avatar\/adc63f40e2c832dac25e11feaef9ac523a32eaf25722d8b78fcb7c6603af7f85?s=96&d=mm&r=g","contentUrl":"https:\/\/secure.gravatar.com\/avatar\/adc63f40e2c832dac25e11feaef9ac523a32eaf25722d8b78fcb7c6603af7f85?s=96&d=mm&r=g","caption":"Viajero"}}]}},"_links":{"self":[{"href":"https:\/\/www.tempsbarcelona.com\/ca\/wp-json\/wp\/v2\/posts\/3297","targetHints":{"allow":["GET"]}}],"collection":[{"href":"https:\/\/www.tempsbarcelona.com\/ca\/wp-json\/wp\/v2\/posts"}],"about":[{"href":"https:\/\/www.tempsbarcelona.com\/ca\/wp-json\/wp\/v2\/types\/post"}],"author":[{"embeddable":true,"href":"https:\/\/www.tempsbarcelona.com\/ca\/wp-json\/wp\/v2\/users\/2"}],"replies":[{"embeddable":true,"href":"https:\/\/www.tempsbarcelona.com\/ca\/wp-json\/wp\/v2\/comments?post=3297"}],"version-history":[{"count":1,"href":"https:\/\/www.tempsbarcelona.com\/ca\/wp-json\/wp\/v2\/posts\/3297\/revisions"}],"predecessor-version":[{"id":3298,"href":"https:\/\/www.tempsbarcelona.com\/ca\/wp-json\/wp\/v2\/posts\/3297\/revisions\/3298"}],"wp:featuredmedia":[{"embeddable":true,"href":"https:\/\/www.tempsbarcelona.com\/ca\/wp-json\/wp\/v2\/media\/3292"}],"wp:attachment":[{"href":"https:\/\/www.tempsbarcelona.com\/ca\/wp-json\/wp\/v2\/media?parent=3297"}],"wp:term":[{"taxonomy":"category","embeddable":true,"href":"https:\/\/www.tempsbarcelona.com\/ca\/wp-json\/wp\/v2\/categories?post=3297"},{"taxonomy":"post_tag","embeddable":true,"href":"https:\/\/www.tempsbarcelona.com\/ca\/wp-json\/wp\/v2\/tags?post=3297"}],"curies":[{"name":"wp","href":"https:\/\/api.w.org\/{rel}","templated":true}]}}