{"id":3198,"date":"2024-07-09T11:30:00","date_gmt":"2024-07-09T11:30:00","guid":{"rendered":"https:\/\/derutasyvinos.com\/?p=3198"},"modified":"2024-05-28T13:34:01","modified_gmt":"2024-05-28T13:34:01","slug":"el-domaine-el-enologo","status":"publish","type":"post","link":"https:\/\/www.tempsbarcelona.com\/ca\/el-domaine-el-enologo\/","title":{"rendered":"El Domaine El En\u00f3logo"},"content":{"rendered":"<p>Situat als peus de la majestuosa cordillera dels Andes, el Domaine El En\u00f3logo gaudeix d&#8217;un terreny excepcional, propici per al cultiu de ceps de qualitat. Des de la seva fundaci\u00f3 fa diverses generacions, la fam\u00edlia que gestiona el domini perpetua amb passi\u00f3 l&#8217;art de la viticultura, en harmonia amb la natura circumdant.<\/p>\n<p>Els vins produ\u00efts aqu\u00ed s\u00f3n el fruit d&#8217;una saviesa ancestral i d&#8217;un profund respecte per la terra. Des dels Malbecs rics i aveludats fins als Torront\u00e9s arom\u00e0tics, cada ampolla narra la hist\u00f2ria \u00fanica del terreny argent\u00ed. Durant una visita guiada al domini, podreu explorar els verds vinyers, admirar les t\u00e8cniques de vinificaci\u00f3 tradicionals i degustar una selecci\u00f3 exclusiva de vins, acompanyada de les explicacions expertes dels nostres en\u00f2legs.<\/p>\n<h2>La Gastronomia Argentina al seu Zenit<\/h2>\n<p>La gastronomia ocupa un lloc destacat al Domaine El En\u00f3logo, on cada \u00e0pat \u00e9s una celebraci\u00f3 dels aut\u00e8ntics sabors argentins. El nostre restaurant, situat al cor del domini, ofereix una cuina refinada preparada amb productes frescos i locals, seleccionats minuciosament per la seva qualitat. Des de les grillades de carn suculentes fins als empanadas cruixents, passant pels ceviches de marisc. Cada plat est\u00e0 magn\u00edficament acompanyat d&#8217;una sugger\u00e8ncia de vi, posant en valor les subtilitats arom\u00e0tiques i les nuan\u00e7os de cada cepatge.<\/p>\n<h2>Activitats Aventureres<\/h2>\n<p>M\u00e9s enll\u00e0 de la degustaci\u00f3 de vi i la gastronomia, el Domaine El En\u00f3logo ofereix una multitud d&#8217;activitats per als amants de l&#8217;aventura i l&#8217;aire lliure. Partiu a explorar els senders de senderisme pintorescs que serpentejen a trav\u00e9s dels vinyers i ofereixen vistes impressionants de la vall de Mendoza. Per a una experi\u00e8ncia m\u00e9s immersiva, opteu per una excursi\u00f3 en bicicleta a trav\u00e9s dels paisatges viticoles, aturant-vos per admirar els panorames i degustar productes locals pel cam\u00ed. Els amants de les emocions fortes tamb\u00e9 podran provar el rafting en les aig\u00fces tumultuoses dels rius dels voltants, o sobrevolar els vinyers en globus aerost\u00e0tic a l&#8217;albada.<\/p>\n","protected":false},"excerpt":{"rendered":"<p>Situat als peus de la majestuosa cordillera dels Andes, el Domaine El En\u00f3logo gaudeix d&#8217;un terreny excepcional, propici per al cultiu de ceps de qualitat. Des de la seva fundaci\u00f3 fa diverses generacions, la fam\u00edlia que gestiona el domini perpetua amb passi\u00f3 l&#8217;art de la viticultura, en harmonia amb la natura circumdant. Els vins produ\u00efts [&hellip;]<\/p>\n","protected":false},"author":2,"featured_media":3193,"comment_status":"open","ping_status":"open","sticky":false,"template":"","format":"standard","meta":{"_et_pb_use_builder":"","_et_pb_old_content":"","_et_gb_content_width":"","footnotes":""},"categories":[1],"tags":[],"class_list":["post-3198","post","type-post","status-publish","format-standard","has-post-thumbnail","hentry","category-sin-categorizar"],"yoast_head":"<!-- This site is optimized with the Yoast SEO plugin v25.1 - https:\/\/yoast.com\/wordpress\/plugins\/seo\/ -->\n<title>El Domaine El En\u00f3logo - Temps Barcelona<\/title>\n<meta name=\"robots\" content=\"noindex, follow, max-snippet:-1, max-image-preview:large, max-video-preview:-1\" \/>\n<meta property=\"og:locale\" content=\"ca_ES\" \/>\n<meta property=\"og:type\" content=\"article\" \/>\n<meta property=\"og:title\" content=\"El Domaine El En\u00f3logo - Temps Barcelona\" \/>\n<meta property=\"og:description\" content=\"Situat als peus de la majestuosa cordillera dels Andes, el Domaine El En\u00f3logo gaudeix d&#8217;un terreny excepcional, propici per al cultiu de ceps de qualitat. Des de la seva fundaci\u00f3 fa diverses generacions, la fam\u00edlia que gestiona el domini perpetua amb passi\u00f3 l&#8217;art de la viticultura, en harmonia amb la natura circumdant. Els vins produ\u00efts [&hellip;]\" \/>\n<meta property=\"og:url\" content=\"https:\/\/www.tempsbarcelona.com\/ca\/el-domaine-el-enologo\/\" \/>\n<meta property=\"og:site_name\" content=\"Temps Barcelona\" \/>\n<meta property=\"article:published_time\" content=\"2024-07-09T11:30:00+00:00\" \/>\n<meta property=\"og:image\" content=\"https:\/\/www.tempsbarcelona.com\/wp-content\/uploads\/2024\/05\/WhatsApp-Image-2024-05-28-at-13.39.34.jpeg\" \/>\n\t<meta property=\"og:image:width\" content=\"1080\" \/>\n\t<meta property=\"og:image:height\" content=\"1920\" \/>\n\t<meta property=\"og:image:type\" content=\"image\/jpeg\" \/>\n<meta name=\"author\" content=\"Viajero\" \/>\n<meta name=\"twitter:card\" content=\"summary_large_image\" \/>\n<meta name=\"twitter:label1\" content=\"Escrit per\" \/>\n\t<meta name=\"twitter:data1\" content=\"Viajero\" \/>\n\t<meta name=\"twitter:label2\" content=\"Temps estimat de lectura\" \/>\n\t<meta name=\"twitter:data2\" content=\"2 minuts\" \/>\n<script type=\"application\/ld+json\" class=\"yoast-schema-graph\">{\"@context\":\"https:\/\/schema.org\",\"@graph\":[{\"@type\":\"WebPage\",\"@id\":\"https:\/\/www.tempsbarcelona.com\/ca\/el-domaine-el-enologo\/\",\"url\":\"https:\/\/www.tempsbarcelona.com\/ca\/el-domaine-el-enologo\/\",\"name\":\"El Domaine El En\u00f3logo - Temps Barcelona\",\"isPartOf\":{\"@id\":\"https:\/\/www.tempsbarcelona.com\/ca\/#website\"},\"primaryImageOfPage\":{\"@id\":\"https:\/\/www.tempsbarcelona.com\/ca\/el-domaine-el-enologo\/#primaryimage\"},\"image\":{\"@id\":\"https:\/\/www.tempsbarcelona.com\/ca\/el-domaine-el-enologo\/#primaryimage\"},\"thumbnailUrl\":\"https:\/\/www.tempsbarcelona.com\/wp-content\/uploads\/2024\/05\/WhatsApp-Image-2024-05-28-at-13.39.34.jpeg\",\"datePublished\":\"2024-07-09T11:30:00+00:00\",\"author\":{\"@id\":\"https:\/\/www.tempsbarcelona.com\/ca\/#\/schema\/person\/42e402d68007d6b23123a37e43aca822\"},\"breadcrumb\":{\"@id\":\"https:\/\/www.tempsbarcelona.com\/ca\/el-domaine-el-enologo\/#breadcrumb\"},\"inLanguage\":\"ca\",\"potentialAction\":[{\"@type\":\"ReadAction\",\"target\":[\"https:\/\/www.tempsbarcelona.com\/ca\/el-domaine-el-enologo\/\"]}]},{\"@type\":\"ImageObject\",\"inLanguage\":\"ca\",\"@id\":\"https:\/\/www.tempsbarcelona.com\/ca\/el-domaine-el-enologo\/#primaryimage\",\"url\":\"https:\/\/www.tempsbarcelona.com\/wp-content\/uploads\/2024\/05\/WhatsApp-Image-2024-05-28-at-13.39.34.jpeg\",\"contentUrl\":\"https:\/\/www.tempsbarcelona.com\/wp-content\/uploads\/2024\/05\/WhatsApp-Image-2024-05-28-at-13.39.34.jpeg\",\"width\":1080,\"height\":1920},{\"@type\":\"BreadcrumbList\",\"@id\":\"https:\/\/www.tempsbarcelona.com\/ca\/el-domaine-el-enologo\/#breadcrumb\",\"itemListElement\":[{\"@type\":\"ListItem\",\"position\":1,\"name\":\"Portada\",\"item\":\"https:\/\/www.tempsbarcelona.com\/ca\/temps-barcelona\/\"},{\"@type\":\"ListItem\",\"position\":2,\"name\":\"El Domaine El En\u00f3logo\"}]},{\"@type\":\"WebSite\",\"@id\":\"https:\/\/www.tempsbarcelona.com\/ca\/#website\",\"url\":\"https:\/\/www.tempsbarcelona.com\/ca\/\",\"name\":\"Temps Barcelona\",\"description\":\"\",\"potentialAction\":[{\"@type\":\"SearchAction\",\"target\":{\"@type\":\"EntryPoint\",\"urlTemplate\":\"https:\/\/www.tempsbarcelona.com\/ca\/?s={search_term_string}\"},\"query-input\":{\"@type\":\"PropertyValueSpecification\",\"valueRequired\":true,\"valueName\":\"search_term_string\"}}],\"inLanguage\":\"ca\"},{\"@type\":\"Person\",\"@id\":\"https:\/\/www.tempsbarcelona.com\/ca\/#\/schema\/person\/42e402d68007d6b23123a37e43aca822\",\"name\":\"Viajero\",\"image\":{\"@type\":\"ImageObject\",\"inLanguage\":\"ca\",\"@id\":\"https:\/\/www.tempsbarcelona.com\/ca\/#\/schema\/person\/image\/\",\"url\":\"https:\/\/secure.gravatar.com\/avatar\/adc63f40e2c832dac25e11feaef9ac523a32eaf25722d8b78fcb7c6603af7f85?s=96&d=mm&r=g\",\"contentUrl\":\"https:\/\/secure.gravatar.com\/avatar\/adc63f40e2c832dac25e11feaef9ac523a32eaf25722d8b78fcb7c6603af7f85?s=96&d=mm&r=g\",\"caption\":\"Viajero\"}}]}<\/script>\n<!-- \/ Yoast SEO plugin. -->","yoast_head_json":{"title":"El Domaine El En\u00f3logo - Temps Barcelona","robots":{"index":"noindex","follow":"follow","max-snippet":"max-snippet:-1","max-image-preview":"max-image-preview:large","max-video-preview":"max-video-preview:-1"},"og_locale":"ca_ES","og_type":"article","og_title":"El Domaine El En\u00f3logo - Temps Barcelona","og_description":"Situat als peus de la majestuosa cordillera dels Andes, el Domaine El En\u00f3logo gaudeix d&#8217;un terreny excepcional, propici per al cultiu de ceps de qualitat. Des de la seva fundaci\u00f3 fa diverses generacions, la fam\u00edlia que gestiona el domini perpetua amb passi\u00f3 l&#8217;art de la viticultura, en harmonia amb la natura circumdant. Els vins produ\u00efts [&hellip;]","og_url":"https:\/\/www.tempsbarcelona.com\/ca\/el-domaine-el-enologo\/","og_site_name":"Temps Barcelona","article_published_time":"2024-07-09T11:30:00+00:00","og_image":[{"width":1080,"height":1920,"url":"https:\/\/www.tempsbarcelona.com\/wp-content\/uploads\/2024\/05\/WhatsApp-Image-2024-05-28-at-13.39.34.jpeg","type":"image\/jpeg"}],"author":"Viajero","twitter_card":"summary_large_image","twitter_misc":{"Escrit per":"Viajero","Temps estimat de lectura":"2 minuts"},"schema":{"@context":"https:\/\/schema.org","@graph":[{"@type":"WebPage","@id":"https:\/\/www.tempsbarcelona.com\/ca\/el-domaine-el-enologo\/","url":"https:\/\/www.tempsbarcelona.com\/ca\/el-domaine-el-enologo\/","name":"El Domaine El En\u00f3logo - Temps Barcelona","isPartOf":{"@id":"https:\/\/www.tempsbarcelona.com\/ca\/#website"},"primaryImageOfPage":{"@id":"https:\/\/www.tempsbarcelona.com\/ca\/el-domaine-el-enologo\/#primaryimage"},"image":{"@id":"https:\/\/www.tempsbarcelona.com\/ca\/el-domaine-el-enologo\/#primaryimage"},"thumbnailUrl":"https:\/\/www.tempsbarcelona.com\/wp-content\/uploads\/2024\/05\/WhatsApp-Image-2024-05-28-at-13.39.34.jpeg","datePublished":"2024-07-09T11:30:00+00:00","author":{"@id":"https:\/\/www.tempsbarcelona.com\/ca\/#\/schema\/person\/42e402d68007d6b23123a37e43aca822"},"breadcrumb":{"@id":"https:\/\/www.tempsbarcelona.com\/ca\/el-domaine-el-enologo\/#breadcrumb"},"inLanguage":"ca","potentialAction":[{"@type":"ReadAction","target":["https:\/\/www.tempsbarcelona.com\/ca\/el-domaine-el-enologo\/"]}]},{"@type":"ImageObject","inLanguage":"ca","@id":"https:\/\/www.tempsbarcelona.com\/ca\/el-domaine-el-enologo\/#primaryimage","url":"https:\/\/www.tempsbarcelona.com\/wp-content\/uploads\/2024\/05\/WhatsApp-Image-2024-05-28-at-13.39.34.jpeg","contentUrl":"https:\/\/www.tempsbarcelona.com\/wp-content\/uploads\/2024\/05\/WhatsApp-Image-2024-05-28-at-13.39.34.jpeg","width":1080,"height":1920},{"@type":"BreadcrumbList","@id":"https:\/\/www.tempsbarcelona.com\/ca\/el-domaine-el-enologo\/#breadcrumb","itemListElement":[{"@type":"ListItem","position":1,"name":"Portada","item":"https:\/\/www.tempsbarcelona.com\/ca\/temps-barcelona\/"},{"@type":"ListItem","position":2,"name":"El Domaine El En\u00f3logo"}]},{"@type":"WebSite","@id":"https:\/\/www.tempsbarcelona.com\/ca\/#website","url":"https:\/\/www.tempsbarcelona.com\/ca\/","name":"Temps Barcelona","description":"","potentialAction":[{"@type":"SearchAction","target":{"@type":"EntryPoint","urlTemplate":"https:\/\/www.tempsbarcelona.com\/ca\/?s={search_term_string}"},"query-input":{"@type":"PropertyValueSpecification","valueRequired":true,"valueName":"search_term_string"}}],"inLanguage":"ca"},{"@type":"Person","@id":"https:\/\/www.tempsbarcelona.com\/ca\/#\/schema\/person\/42e402d68007d6b23123a37e43aca822","name":"Viajero","image":{"@type":"ImageObject","inLanguage":"ca","@id":"https:\/\/www.tempsbarcelona.com\/ca\/#\/schema\/person\/image\/","url":"https:\/\/secure.gravatar.com\/avatar\/adc63f40e2c832dac25e11feaef9ac523a32eaf25722d8b78fcb7c6603af7f85?s=96&d=mm&r=g","contentUrl":"https:\/\/secure.gravatar.com\/avatar\/adc63f40e2c832dac25e11feaef9ac523a32eaf25722d8b78fcb7c6603af7f85?s=96&d=mm&r=g","caption":"Viajero"}}]}},"_links":{"self":[{"href":"https:\/\/www.tempsbarcelona.com\/ca\/wp-json\/wp\/v2\/posts\/3198","targetHints":{"allow":["GET"]}}],"collection":[{"href":"https:\/\/www.tempsbarcelona.com\/ca\/wp-json\/wp\/v2\/posts"}],"about":[{"href":"https:\/\/www.tempsbarcelona.com\/ca\/wp-json\/wp\/v2\/types\/post"}],"author":[{"embeddable":true,"href":"https:\/\/www.tempsbarcelona.com\/ca\/wp-json\/wp\/v2\/users\/2"}],"replies":[{"embeddable":true,"href":"https:\/\/www.tempsbarcelona.com\/ca\/wp-json\/wp\/v2\/comments?post=3198"}],"version-history":[{"count":1,"href":"https:\/\/www.tempsbarcelona.com\/ca\/wp-json\/wp\/v2\/posts\/3198\/revisions"}],"predecessor-version":[{"id":3199,"href":"https:\/\/www.tempsbarcelona.com\/ca\/wp-json\/wp\/v2\/posts\/3198\/revisions\/3199"}],"wp:featuredmedia":[{"embeddable":true,"href":"https:\/\/www.tempsbarcelona.com\/ca\/wp-json\/wp\/v2\/media\/3193"}],"wp:attachment":[{"href":"https:\/\/www.tempsbarcelona.com\/ca\/wp-json\/wp\/v2\/media?parent=3198"}],"wp:term":[{"taxonomy":"category","embeddable":true,"href":"https:\/\/www.tempsbarcelona.com\/ca\/wp-json\/wp\/v2\/categories?post=3198"},{"taxonomy":"post_tag","embeddable":true,"href":"https:\/\/www.tempsbarcelona.com\/ca\/wp-json\/wp\/v2\/tags?post=3198"}],"curies":[{"name":"wp","href":"https:\/\/api.w.org\/{rel}","templated":true}]}}