{"id":3104,"date":"2024-05-18T11:30:44","date_gmt":"2024-05-18T11:30:44","guid":{"rendered":"https:\/\/derutasyvinos.com\/?p=3104"},"modified":"2024-05-28T08:31:07","modified_gmt":"2024-05-28T08:31:07","slug":"el-chateau-real-martin","status":"publish","type":"post","link":"https:\/\/www.tempsbarcelona.com\/ca\/el-chateau-real-martin\/","title":{"rendered":"El Ch\u00e2teau R\u00e9al Martin"},"content":{"rendered":"<p>El Ch\u00e2teau R\u00e9al Martin Perle de Ros\u00e9 \u00e9s un vi rosat produ\u00eft a la regi\u00f3 de Proven\u00e7a, a Fran\u00e7a. Aquest vi s&#8217;elabora al Ch\u00e2teau R\u00e9al Martin, una finca vitivin\u00edcola situada al Var, al cor de Proven\u00e7a.<\/p>\n<p>El Ch\u00e2teau R\u00e9al Martin est\u00e0 ubicat al municipi de Gonfaron, entre els massissos dels Maures i de la Sainte-Baume, oferint un terreny ideal per a la viticultura. El Perle de Ros\u00e9 est\u00e0 principalment elaborat amb varietats de raim tradicionals de Proven\u00e7a, com ara el Grenache, el Cinsault i la Syrah, que aporten frescor, fruit\u00f3s i complexitat al vi. La vinificaci\u00f3 es realitza segons m\u00e8todes moderns i meticulosos, amb una maceraci\u00f3 pel\u00b7licular en fred per preservar els aromes delicats dels raims. Despr\u00e9s, el vi fermenta a baixa temperatura per conservar la seva frescor i el seu car\u00e0cter fruit\u00f3s.<\/p>\n<h2>Degustaci\u00f3 del Ch\u00e2teau R\u00e9al Martin Perle de Ros\u00e9<\/h2>\n<p>El Perle de Ros\u00e9 presenta una roba rosa p\u00e0l\u00b7lid, lluminosa i cristal\u00b7lina. Al nas, aquest vi revela aromes delicats de fruites vermelles fresques, com ara la maduixa i la nabiusca, aix\u00ed com notes florals subtils. I finalment a la boca, el Perle de Ros\u00e9 \u00e9s viu, fruit\u00f3s i equilibrat, amb una bonica vivacitat i un final refrescant.<\/p>\n<p>Aquest vi rosat \u00e9s perfecte per acompanyar aperitius, amanides d&#8217;estiu, plats mediterranis i fruita de mar. Encarna l&#8217;estil elegant i t\u00edpic dels vins rosats de Proven\u00e7a, oferint frescor i conviv\u00e8ncia.<\/p>\n<p>Per a m\u00e9s informaci\u00f3 sobre el Ch\u00e2teau R\u00e9al Martin i els seus vins, visita [Enjoy Wine BCN](https:\/\/www.enjoywinebcn.com\/fr\/recherche?controller=search&amp;orderby=position&amp;orderway=desc&amp;ssa_submit=&amp;search_query=Chateau+Real+Martin+Perle+De+Ros%C3%A9+).<\/p>\n","protected":false},"excerpt":{"rendered":"<p>El Ch\u00e2teau R\u00e9al Martin Perle de Ros\u00e9 \u00e9s un vi rosat produ\u00eft a la regi\u00f3 de Proven\u00e7a, a Fran\u00e7a. Aquest vi s&#8217;elabora al Ch\u00e2teau R\u00e9al Martin, una finca vitivin\u00edcola situada al Var, al cor de Proven\u00e7a. El Ch\u00e2teau R\u00e9al Martin est\u00e0 ubicat al municipi de Gonfaron, entre els massissos dels Maures i de la Sainte-Baume, [&hellip;]<\/p>\n","protected":false},"author":2,"featured_media":3099,"comment_status":"open","ping_status":"open","sticky":false,"template":"","format":"standard","meta":{"_et_pb_use_builder":"","_et_pb_old_content":"","_et_gb_content_width":"","footnotes":""},"categories":[1],"tags":[],"class_list":["post-3104","post","type-post","status-publish","format-standard","has-post-thumbnail","hentry","category-sin-categorizar"],"yoast_head":"<!-- This site is optimized with the Yoast SEO plugin v25.1 - https:\/\/yoast.com\/wordpress\/plugins\/seo\/ -->\n<title>El Ch\u00e2teau R\u00e9al Martin - Temps Barcelona<\/title>\n<meta name=\"robots\" content=\"noindex, follow, max-snippet:-1, max-image-preview:large, max-video-preview:-1\" \/>\n<meta property=\"og:locale\" content=\"ca_ES\" \/>\n<meta property=\"og:type\" content=\"article\" \/>\n<meta property=\"og:title\" content=\"El Ch\u00e2teau R\u00e9al Martin - Temps Barcelona\" \/>\n<meta property=\"og:description\" content=\"El Ch\u00e2teau R\u00e9al Martin Perle de Ros\u00e9 \u00e9s un vi rosat produ\u00eft a la regi\u00f3 de Proven\u00e7a, a Fran\u00e7a. Aquest vi s&#8217;elabora al Ch\u00e2teau R\u00e9al Martin, una finca vitivin\u00edcola situada al Var, al cor de Proven\u00e7a. El Ch\u00e2teau R\u00e9al Martin est\u00e0 ubicat al municipi de Gonfaron, entre els massissos dels Maures i de la Sainte-Baume, [&hellip;]\" \/>\n<meta property=\"og:url\" content=\"https:\/\/www.tempsbarcelona.com\/ca\/el-chateau-real-martin\/\" \/>\n<meta property=\"og:site_name\" content=\"Temps Barcelona\" \/>\n<meta property=\"article:published_time\" content=\"2024-05-18T11:30:44+00:00\" \/>\n<meta property=\"article:modified_time\" content=\"2024-05-28T08:31:07+00:00\" \/>\n<meta property=\"og:image\" content=\"https:\/\/www.tempsbarcelona.com\/wp-content\/uploads\/2024\/05\/IMG-20240516-WA00341.jpg\" \/>\n\t<meta property=\"og:image:width\" content=\"1201\" \/>\n\t<meta property=\"og:image:height\" content=\"1600\" \/>\n\t<meta property=\"og:image:type\" content=\"image\/jpeg\" \/>\n<meta name=\"author\" content=\"Viajero\" \/>\n<meta name=\"twitter:card\" content=\"summary_large_image\" \/>\n<meta name=\"twitter:label1\" content=\"Escrit per\" \/>\n\t<meta name=\"twitter:data1\" content=\"Viajero\" \/>\n\t<meta name=\"twitter:label2\" content=\"Temps estimat de lectura\" \/>\n\t<meta name=\"twitter:data2\" content=\"2 minuts\" \/>\n<script type=\"application\/ld+json\" class=\"yoast-schema-graph\">{\"@context\":\"https:\/\/schema.org\",\"@graph\":[{\"@type\":\"WebPage\",\"@id\":\"https:\/\/www.tempsbarcelona.com\/ca\/el-chateau-real-martin\/\",\"url\":\"https:\/\/www.tempsbarcelona.com\/ca\/el-chateau-real-martin\/\",\"name\":\"El Ch\u00e2teau R\u00e9al Martin - Temps Barcelona\",\"isPartOf\":{\"@id\":\"https:\/\/www.tempsbarcelona.com\/ca\/#website\"},\"primaryImageOfPage\":{\"@id\":\"https:\/\/www.tempsbarcelona.com\/ca\/el-chateau-real-martin\/#primaryimage\"},\"image\":{\"@id\":\"https:\/\/www.tempsbarcelona.com\/ca\/el-chateau-real-martin\/#primaryimage\"},\"thumbnailUrl\":\"https:\/\/www.tempsbarcelona.com\/wp-content\/uploads\/2024\/05\/IMG-20240516-WA00341.jpg\",\"datePublished\":\"2024-05-18T11:30:44+00:00\",\"dateModified\":\"2024-05-28T08:31:07+00:00\",\"author\":{\"@id\":\"https:\/\/www.tempsbarcelona.com\/ca\/#\/schema\/person\/42e402d68007d6b23123a37e43aca822\"},\"breadcrumb\":{\"@id\":\"https:\/\/www.tempsbarcelona.com\/ca\/el-chateau-real-martin\/#breadcrumb\"},\"inLanguage\":\"ca\",\"potentialAction\":[{\"@type\":\"ReadAction\",\"target\":[\"https:\/\/www.tempsbarcelona.com\/ca\/el-chateau-real-martin\/\"]}]},{\"@type\":\"ImageObject\",\"inLanguage\":\"ca\",\"@id\":\"https:\/\/www.tempsbarcelona.com\/ca\/el-chateau-real-martin\/#primaryimage\",\"url\":\"https:\/\/www.tempsbarcelona.com\/wp-content\/uploads\/2024\/05\/IMG-20240516-WA00341.jpg\",\"contentUrl\":\"https:\/\/www.tempsbarcelona.com\/wp-content\/uploads\/2024\/05\/IMG-20240516-WA00341.jpg\",\"width\":1201,\"height\":1600},{\"@type\":\"BreadcrumbList\",\"@id\":\"https:\/\/www.tempsbarcelona.com\/ca\/el-chateau-real-martin\/#breadcrumb\",\"itemListElement\":[{\"@type\":\"ListItem\",\"position\":1,\"name\":\"Portada\",\"item\":\"https:\/\/www.tempsbarcelona.com\/ca\/temps-barcelona\/\"},{\"@type\":\"ListItem\",\"position\":2,\"name\":\"El Ch\u00e2teau R\u00e9al Martin\"}]},{\"@type\":\"WebSite\",\"@id\":\"https:\/\/www.tempsbarcelona.com\/ca\/#website\",\"url\":\"https:\/\/www.tempsbarcelona.com\/ca\/\",\"name\":\"Temps Barcelona\",\"description\":\"\",\"potentialAction\":[{\"@type\":\"SearchAction\",\"target\":{\"@type\":\"EntryPoint\",\"urlTemplate\":\"https:\/\/www.tempsbarcelona.com\/ca\/?s={search_term_string}\"},\"query-input\":{\"@type\":\"PropertyValueSpecification\",\"valueRequired\":true,\"valueName\":\"search_term_string\"}}],\"inLanguage\":\"ca\"},{\"@type\":\"Person\",\"@id\":\"https:\/\/www.tempsbarcelona.com\/ca\/#\/schema\/person\/42e402d68007d6b23123a37e43aca822\",\"name\":\"Viajero\",\"image\":{\"@type\":\"ImageObject\",\"inLanguage\":\"ca\",\"@id\":\"https:\/\/www.tempsbarcelona.com\/ca\/#\/schema\/person\/image\/\",\"url\":\"https:\/\/secure.gravatar.com\/avatar\/adc63f40e2c832dac25e11feaef9ac523a32eaf25722d8b78fcb7c6603af7f85?s=96&d=mm&r=g\",\"contentUrl\":\"https:\/\/secure.gravatar.com\/avatar\/adc63f40e2c832dac25e11feaef9ac523a32eaf25722d8b78fcb7c6603af7f85?s=96&d=mm&r=g\",\"caption\":\"Viajero\"}}]}<\/script>\n<!-- \/ Yoast SEO plugin. -->","yoast_head_json":{"title":"El Ch\u00e2teau R\u00e9al Martin - Temps Barcelona","robots":{"index":"noindex","follow":"follow","max-snippet":"max-snippet:-1","max-image-preview":"max-image-preview:large","max-video-preview":"max-video-preview:-1"},"og_locale":"ca_ES","og_type":"article","og_title":"El Ch\u00e2teau R\u00e9al Martin - Temps Barcelona","og_description":"El Ch\u00e2teau R\u00e9al Martin Perle de Ros\u00e9 \u00e9s un vi rosat produ\u00eft a la regi\u00f3 de Proven\u00e7a, a Fran\u00e7a. Aquest vi s&#8217;elabora al Ch\u00e2teau R\u00e9al Martin, una finca vitivin\u00edcola situada al Var, al cor de Proven\u00e7a. El Ch\u00e2teau R\u00e9al Martin est\u00e0 ubicat al municipi de Gonfaron, entre els massissos dels Maures i de la Sainte-Baume, [&hellip;]","og_url":"https:\/\/www.tempsbarcelona.com\/ca\/el-chateau-real-martin\/","og_site_name":"Temps Barcelona","article_published_time":"2024-05-18T11:30:44+00:00","article_modified_time":"2024-05-28T08:31:07+00:00","og_image":[{"width":1201,"height":1600,"url":"https:\/\/www.tempsbarcelona.com\/wp-content\/uploads\/2024\/05\/IMG-20240516-WA00341.jpg","type":"image\/jpeg"}],"author":"Viajero","twitter_card":"summary_large_image","twitter_misc":{"Escrit per":"Viajero","Temps estimat de lectura":"2 minuts"},"schema":{"@context":"https:\/\/schema.org","@graph":[{"@type":"WebPage","@id":"https:\/\/www.tempsbarcelona.com\/ca\/el-chateau-real-martin\/","url":"https:\/\/www.tempsbarcelona.com\/ca\/el-chateau-real-martin\/","name":"El Ch\u00e2teau R\u00e9al Martin - Temps Barcelona","isPartOf":{"@id":"https:\/\/www.tempsbarcelona.com\/ca\/#website"},"primaryImageOfPage":{"@id":"https:\/\/www.tempsbarcelona.com\/ca\/el-chateau-real-martin\/#primaryimage"},"image":{"@id":"https:\/\/www.tempsbarcelona.com\/ca\/el-chateau-real-martin\/#primaryimage"},"thumbnailUrl":"https:\/\/www.tempsbarcelona.com\/wp-content\/uploads\/2024\/05\/IMG-20240516-WA00341.jpg","datePublished":"2024-05-18T11:30:44+00:00","dateModified":"2024-05-28T08:31:07+00:00","author":{"@id":"https:\/\/www.tempsbarcelona.com\/ca\/#\/schema\/person\/42e402d68007d6b23123a37e43aca822"},"breadcrumb":{"@id":"https:\/\/www.tempsbarcelona.com\/ca\/el-chateau-real-martin\/#breadcrumb"},"inLanguage":"ca","potentialAction":[{"@type":"ReadAction","target":["https:\/\/www.tempsbarcelona.com\/ca\/el-chateau-real-martin\/"]}]},{"@type":"ImageObject","inLanguage":"ca","@id":"https:\/\/www.tempsbarcelona.com\/ca\/el-chateau-real-martin\/#primaryimage","url":"https:\/\/www.tempsbarcelona.com\/wp-content\/uploads\/2024\/05\/IMG-20240516-WA00341.jpg","contentUrl":"https:\/\/www.tempsbarcelona.com\/wp-content\/uploads\/2024\/05\/IMG-20240516-WA00341.jpg","width":1201,"height":1600},{"@type":"BreadcrumbList","@id":"https:\/\/www.tempsbarcelona.com\/ca\/el-chateau-real-martin\/#breadcrumb","itemListElement":[{"@type":"ListItem","position":1,"name":"Portada","item":"https:\/\/www.tempsbarcelona.com\/ca\/temps-barcelona\/"},{"@type":"ListItem","position":2,"name":"El Ch\u00e2teau R\u00e9al Martin"}]},{"@type":"WebSite","@id":"https:\/\/www.tempsbarcelona.com\/ca\/#website","url":"https:\/\/www.tempsbarcelona.com\/ca\/","name":"Temps Barcelona","description":"","potentialAction":[{"@type":"SearchAction","target":{"@type":"EntryPoint","urlTemplate":"https:\/\/www.tempsbarcelona.com\/ca\/?s={search_term_string}"},"query-input":{"@type":"PropertyValueSpecification","valueRequired":true,"valueName":"search_term_string"}}],"inLanguage":"ca"},{"@type":"Person","@id":"https:\/\/www.tempsbarcelona.com\/ca\/#\/schema\/person\/42e402d68007d6b23123a37e43aca822","name":"Viajero","image":{"@type":"ImageObject","inLanguage":"ca","@id":"https:\/\/www.tempsbarcelona.com\/ca\/#\/schema\/person\/image\/","url":"https:\/\/secure.gravatar.com\/avatar\/adc63f40e2c832dac25e11feaef9ac523a32eaf25722d8b78fcb7c6603af7f85?s=96&d=mm&r=g","contentUrl":"https:\/\/secure.gravatar.com\/avatar\/adc63f40e2c832dac25e11feaef9ac523a32eaf25722d8b78fcb7c6603af7f85?s=96&d=mm&r=g","caption":"Viajero"}}]}},"_links":{"self":[{"href":"https:\/\/www.tempsbarcelona.com\/ca\/wp-json\/wp\/v2\/posts\/3104","targetHints":{"allow":["GET"]}}],"collection":[{"href":"https:\/\/www.tempsbarcelona.com\/ca\/wp-json\/wp\/v2\/posts"}],"about":[{"href":"https:\/\/www.tempsbarcelona.com\/ca\/wp-json\/wp\/v2\/types\/post"}],"author":[{"embeddable":true,"href":"https:\/\/www.tempsbarcelona.com\/ca\/wp-json\/wp\/v2\/users\/2"}],"replies":[{"embeddable":true,"href":"https:\/\/www.tempsbarcelona.com\/ca\/wp-json\/wp\/v2\/comments?post=3104"}],"version-history":[{"count":1,"href":"https:\/\/www.tempsbarcelona.com\/ca\/wp-json\/wp\/v2\/posts\/3104\/revisions"}],"predecessor-version":[{"id":3105,"href":"https:\/\/www.tempsbarcelona.com\/ca\/wp-json\/wp\/v2\/posts\/3104\/revisions\/3105"}],"wp:featuredmedia":[{"embeddable":true,"href":"https:\/\/www.tempsbarcelona.com\/ca\/wp-json\/wp\/v2\/media\/3099"}],"wp:attachment":[{"href":"https:\/\/www.tempsbarcelona.com\/ca\/wp-json\/wp\/v2\/media?parent=3104"}],"wp:term":[{"taxonomy":"category","embeddable":true,"href":"https:\/\/www.tempsbarcelona.com\/ca\/wp-json\/wp\/v2\/categories?post=3104"},{"taxonomy":"post_tag","embeddable":true,"href":"https:\/\/www.tempsbarcelona.com\/ca\/wp-json\/wp\/v2\/tags?post=3104"}],"curies":[{"name":"wp","href":"https:\/\/api.w.org\/{rel}","templated":true}]}}