{"id":3039,"date":"2024-06-04T11:30:28","date_gmt":"2024-06-04T11:30:28","guid":{"rendered":"https:\/\/derutasyvinos.com\/?p=3039"},"modified":"2024-05-28T07:40:55","modified_gmt":"2024-05-28T07:40:55","slug":"castell-de-fieuzal","status":"publish","type":"post","link":"https:\/\/www.tempsbarcelona.com\/ca\/castell-de-fieuzal\/","title":{"rendered":"Castell de Fieuzal"},"content":{"rendered":"<p>Castell de Fieuzal \u00e9s una prestigiosa finca vin\u00edcola situada a la regi\u00f3 de Pessac-L\u00e9ognan de Bordeus, Fran\u00e7a. Fundada al segle XVIII, aquesta finca t\u00e9 una llarga traject\u00f2ria en la producci\u00f3 de vins excepcionals. El seu patrimoni es remunta a l&#8217;\u00e8poca en qu\u00e8 els monjos carmelitans conreaven vinya en aquestes terres, una tradici\u00f3 mon\u00e0stica transmesa de generaci\u00f3 en generaci\u00f3.<\/p>\n<p>El terreny del Ch\u00e2teau de Fieuzal \u00e9s notable, amb s\u00f2ls argilo-calcaris rics en minerals, ideals per al cultiu de varietats de ra\u00efm nobles com Cabernet Sauvignon, Merlot i Sauvignon Blanc. El microclima favorable de la regi\u00f3 de Pessac-L\u00e9ognan tamb\u00e9 contribueix a la qualitat del ra\u00efm, proporcionant condicions ideals per a una maduraci\u00f3 \u00f2ptima.<\/p>\n<p>Castell de Fieuzal d\u00f3na molta import\u00e0ncia a l&#8217;elaboraci\u00f3 tradicional del vi, combinant tradici\u00f3 i innovaci\u00f3. Cada etapa d&#8217;elaboraci\u00f3 \u00e9s acuradament supervisada per un equip d&#8217;en\u00f2legs apassionats, que vetllen perqu\u00e8 es preservi l&#8217;autenticitat i la identitat de cada anyada.<\/p>\n<h2>Tast de vi<\/h2>\n<p>Castell Roig de Fieuzal:<br \/>\nAquest vi negre es distingeix pel seu color profund i el seu complex bouquet arom\u00e0tic, combinant aromes de fruites negres, esp\u00e8cies i subtils notes de fusta. En boca ofereix una textura sedosa, tanins elegants i un final persistent. Aquest vi promet un potencial de crian\u00e7a notable.<\/p>\n<p>Castell de Fieuzal Blanc:<br \/>\nAquest vi blanc revela un color daurat i un nas expressiu de fruites ex\u00f2tiques, c\u00edtrics i flors blanques. En boca \u00e9s fresc, equilibrat, amb una bella mineralitat i un final harmoni\u00f3s. Un vi blanc de gran finor, perfecte per acompanyar mariscs o plats refinats.<\/p>\n<p>Aquest tast posa de manifest la diversitat i la qualitat dels vins elaborats per Ch\u00e2teau de Fieuzal, testimoni de l&#8217;excel\u00b7l\u00e8ncia i el potencial excepcional d&#8217;aquesta prestigiosa finca vin\u00edcola.<\/p>\n<p>Per obtenir m\u00e9s informaci\u00f3 sobre aquests vins, visiteu el nostre lloc web.https:\/\/www.enjoywinebcn.com\/fr\/recherche?controller=search&amp;orderby=position&amp;orderway=desc&amp;ssa_submit=&amp;search_query=fieuzal<\/p>\n","protected":false},"excerpt":{"rendered":"<p>Castell de Fieuzal \u00e9s una prestigiosa finca vin\u00edcola situada a la regi\u00f3 de Pessac-L\u00e9ognan de Bordeus, Fran\u00e7a. Fundada al segle XVIII, aquesta finca t\u00e9 una llarga traject\u00f2ria en la producci\u00f3 de vins excepcionals. El seu patrimoni es remunta a l&#8217;\u00e8poca en qu\u00e8 els monjos carmelitans conreaven vinya en aquestes terres, una tradici\u00f3 mon\u00e0stica transmesa de [&hellip;]<\/p>\n","protected":false},"author":2,"featured_media":3034,"comment_status":"open","ping_status":"open","sticky":false,"template":"","format":"standard","meta":{"_et_pb_use_builder":"","_et_pb_old_content":"","_et_gb_content_width":"","footnotes":""},"categories":[1],"tags":[],"class_list":["post-3039","post","type-post","status-publish","format-standard","has-post-thumbnail","hentry","category-sin-categorizar"],"yoast_head":"<!-- This site is optimized with the Yoast SEO plugin v25.1 - https:\/\/yoast.com\/wordpress\/plugins\/seo\/ -->\n<title>Castell de Fieuzal - Temps Barcelona<\/title>\n<meta name=\"robots\" content=\"noindex, follow, max-snippet:-1, max-image-preview:large, max-video-preview:-1\" \/>\n<meta property=\"og:locale\" content=\"ca_ES\" \/>\n<meta property=\"og:type\" content=\"article\" \/>\n<meta property=\"og:title\" content=\"Castell de Fieuzal - Temps Barcelona\" \/>\n<meta property=\"og:description\" content=\"Castell de Fieuzal \u00e9s una prestigiosa finca vin\u00edcola situada a la regi\u00f3 de Pessac-L\u00e9ognan de Bordeus, Fran\u00e7a. Fundada al segle XVIII, aquesta finca t\u00e9 una llarga traject\u00f2ria en la producci\u00f3 de vins excepcionals. El seu patrimoni es remunta a l&#8217;\u00e8poca en qu\u00e8 els monjos carmelitans conreaven vinya en aquestes terres, una tradici\u00f3 mon\u00e0stica transmesa de [&hellip;]\" \/>\n<meta property=\"og:url\" content=\"https:\/\/www.tempsbarcelona.com\/ca\/castell-de-fieuzal\/\" \/>\n<meta property=\"og:site_name\" content=\"Temps Barcelona\" \/>\n<meta property=\"article:published_time\" content=\"2024-06-04T11:30:28+00:00\" \/>\n<meta property=\"og:image\" content=\"https:\/\/www.tempsbarcelona.com\/wp-content\/uploads\/2024\/05\/IMG-20240527-WA0094.jpg\" \/>\n\t<meta property=\"og:image:width\" content=\"1200\" \/>\n\t<meta property=\"og:image:height\" content=\"1600\" \/>\n\t<meta property=\"og:image:type\" content=\"image\/jpeg\" \/>\n<meta name=\"author\" content=\"Viajero\" \/>\n<meta name=\"twitter:card\" content=\"summary_large_image\" \/>\n<meta name=\"twitter:label1\" content=\"Escrit per\" \/>\n\t<meta name=\"twitter:data1\" content=\"Viajero\" \/>\n\t<meta name=\"twitter:label2\" content=\"Temps estimat de lectura\" \/>\n\t<meta name=\"twitter:data2\" content=\"2 minuts\" \/>\n<script type=\"application\/ld+json\" class=\"yoast-schema-graph\">{\"@context\":\"https:\/\/schema.org\",\"@graph\":[{\"@type\":\"WebPage\",\"@id\":\"https:\/\/www.tempsbarcelona.com\/ca\/castell-de-fieuzal\/\",\"url\":\"https:\/\/www.tempsbarcelona.com\/ca\/castell-de-fieuzal\/\",\"name\":\"Castell de Fieuzal - Temps Barcelona\",\"isPartOf\":{\"@id\":\"https:\/\/www.tempsbarcelona.com\/ca\/#website\"},\"primaryImageOfPage\":{\"@id\":\"https:\/\/www.tempsbarcelona.com\/ca\/castell-de-fieuzal\/#primaryimage\"},\"image\":{\"@id\":\"https:\/\/www.tempsbarcelona.com\/ca\/castell-de-fieuzal\/#primaryimage\"},\"thumbnailUrl\":\"https:\/\/www.tempsbarcelona.com\/wp-content\/uploads\/2024\/05\/IMG-20240527-WA0094.jpg\",\"datePublished\":\"2024-06-04T11:30:28+00:00\",\"author\":{\"@id\":\"https:\/\/www.tempsbarcelona.com\/ca\/#\/schema\/person\/42e402d68007d6b23123a37e43aca822\"},\"breadcrumb\":{\"@id\":\"https:\/\/www.tempsbarcelona.com\/ca\/castell-de-fieuzal\/#breadcrumb\"},\"inLanguage\":\"ca\",\"potentialAction\":[{\"@type\":\"ReadAction\",\"target\":[\"https:\/\/www.tempsbarcelona.com\/ca\/castell-de-fieuzal\/\"]}]},{\"@type\":\"ImageObject\",\"inLanguage\":\"ca\",\"@id\":\"https:\/\/www.tempsbarcelona.com\/ca\/castell-de-fieuzal\/#primaryimage\",\"url\":\"https:\/\/www.tempsbarcelona.com\/wp-content\/uploads\/2024\/05\/IMG-20240527-WA0094.jpg\",\"contentUrl\":\"https:\/\/www.tempsbarcelona.com\/wp-content\/uploads\/2024\/05\/IMG-20240527-WA0094.jpg\",\"width\":1200,\"height\":1600},{\"@type\":\"BreadcrumbList\",\"@id\":\"https:\/\/www.tempsbarcelona.com\/ca\/castell-de-fieuzal\/#breadcrumb\",\"itemListElement\":[{\"@type\":\"ListItem\",\"position\":1,\"name\":\"Portada\",\"item\":\"https:\/\/www.tempsbarcelona.com\/ca\/temps-barcelona\/\"},{\"@type\":\"ListItem\",\"position\":2,\"name\":\"Castell de Fieuzal\"}]},{\"@type\":\"WebSite\",\"@id\":\"https:\/\/www.tempsbarcelona.com\/ca\/#website\",\"url\":\"https:\/\/www.tempsbarcelona.com\/ca\/\",\"name\":\"Temps Barcelona\",\"description\":\"\",\"potentialAction\":[{\"@type\":\"SearchAction\",\"target\":{\"@type\":\"EntryPoint\",\"urlTemplate\":\"https:\/\/www.tempsbarcelona.com\/ca\/?s={search_term_string}\"},\"query-input\":{\"@type\":\"PropertyValueSpecification\",\"valueRequired\":true,\"valueName\":\"search_term_string\"}}],\"inLanguage\":\"ca\"},{\"@type\":\"Person\",\"@id\":\"https:\/\/www.tempsbarcelona.com\/ca\/#\/schema\/person\/42e402d68007d6b23123a37e43aca822\",\"name\":\"Viajero\",\"image\":{\"@type\":\"ImageObject\",\"inLanguage\":\"ca\",\"@id\":\"https:\/\/www.tempsbarcelona.com\/ca\/#\/schema\/person\/image\/\",\"url\":\"https:\/\/secure.gravatar.com\/avatar\/adc63f40e2c832dac25e11feaef9ac523a32eaf25722d8b78fcb7c6603af7f85?s=96&d=mm&r=g\",\"contentUrl\":\"https:\/\/secure.gravatar.com\/avatar\/adc63f40e2c832dac25e11feaef9ac523a32eaf25722d8b78fcb7c6603af7f85?s=96&d=mm&r=g\",\"caption\":\"Viajero\"}}]}<\/script>\n<!-- \/ Yoast SEO plugin. -->","yoast_head_json":{"title":"Castell de Fieuzal - Temps Barcelona","robots":{"index":"noindex","follow":"follow","max-snippet":"max-snippet:-1","max-image-preview":"max-image-preview:large","max-video-preview":"max-video-preview:-1"},"og_locale":"ca_ES","og_type":"article","og_title":"Castell de Fieuzal - Temps Barcelona","og_description":"Castell de Fieuzal \u00e9s una prestigiosa finca vin\u00edcola situada a la regi\u00f3 de Pessac-L\u00e9ognan de Bordeus, Fran\u00e7a. Fundada al segle XVIII, aquesta finca t\u00e9 una llarga traject\u00f2ria en la producci\u00f3 de vins excepcionals. El seu patrimoni es remunta a l&#8217;\u00e8poca en qu\u00e8 els monjos carmelitans conreaven vinya en aquestes terres, una tradici\u00f3 mon\u00e0stica transmesa de [&hellip;]","og_url":"https:\/\/www.tempsbarcelona.com\/ca\/castell-de-fieuzal\/","og_site_name":"Temps Barcelona","article_published_time":"2024-06-04T11:30:28+00:00","og_image":[{"width":1200,"height":1600,"url":"https:\/\/www.tempsbarcelona.com\/wp-content\/uploads\/2024\/05\/IMG-20240527-WA0094.jpg","type":"image\/jpeg"}],"author":"Viajero","twitter_card":"summary_large_image","twitter_misc":{"Escrit per":"Viajero","Temps estimat de lectura":"2 minuts"},"schema":{"@context":"https:\/\/schema.org","@graph":[{"@type":"WebPage","@id":"https:\/\/www.tempsbarcelona.com\/ca\/castell-de-fieuzal\/","url":"https:\/\/www.tempsbarcelona.com\/ca\/castell-de-fieuzal\/","name":"Castell de Fieuzal - Temps Barcelona","isPartOf":{"@id":"https:\/\/www.tempsbarcelona.com\/ca\/#website"},"primaryImageOfPage":{"@id":"https:\/\/www.tempsbarcelona.com\/ca\/castell-de-fieuzal\/#primaryimage"},"image":{"@id":"https:\/\/www.tempsbarcelona.com\/ca\/castell-de-fieuzal\/#primaryimage"},"thumbnailUrl":"https:\/\/www.tempsbarcelona.com\/wp-content\/uploads\/2024\/05\/IMG-20240527-WA0094.jpg","datePublished":"2024-06-04T11:30:28+00:00","author":{"@id":"https:\/\/www.tempsbarcelona.com\/ca\/#\/schema\/person\/42e402d68007d6b23123a37e43aca822"},"breadcrumb":{"@id":"https:\/\/www.tempsbarcelona.com\/ca\/castell-de-fieuzal\/#breadcrumb"},"inLanguage":"ca","potentialAction":[{"@type":"ReadAction","target":["https:\/\/www.tempsbarcelona.com\/ca\/castell-de-fieuzal\/"]}]},{"@type":"ImageObject","inLanguage":"ca","@id":"https:\/\/www.tempsbarcelona.com\/ca\/castell-de-fieuzal\/#primaryimage","url":"https:\/\/www.tempsbarcelona.com\/wp-content\/uploads\/2024\/05\/IMG-20240527-WA0094.jpg","contentUrl":"https:\/\/www.tempsbarcelona.com\/wp-content\/uploads\/2024\/05\/IMG-20240527-WA0094.jpg","width":1200,"height":1600},{"@type":"BreadcrumbList","@id":"https:\/\/www.tempsbarcelona.com\/ca\/castell-de-fieuzal\/#breadcrumb","itemListElement":[{"@type":"ListItem","position":1,"name":"Portada","item":"https:\/\/www.tempsbarcelona.com\/ca\/temps-barcelona\/"},{"@type":"ListItem","position":2,"name":"Castell de Fieuzal"}]},{"@type":"WebSite","@id":"https:\/\/www.tempsbarcelona.com\/ca\/#website","url":"https:\/\/www.tempsbarcelona.com\/ca\/","name":"Temps Barcelona","description":"","potentialAction":[{"@type":"SearchAction","target":{"@type":"EntryPoint","urlTemplate":"https:\/\/www.tempsbarcelona.com\/ca\/?s={search_term_string}"},"query-input":{"@type":"PropertyValueSpecification","valueRequired":true,"valueName":"search_term_string"}}],"inLanguage":"ca"},{"@type":"Person","@id":"https:\/\/www.tempsbarcelona.com\/ca\/#\/schema\/person\/42e402d68007d6b23123a37e43aca822","name":"Viajero","image":{"@type":"ImageObject","inLanguage":"ca","@id":"https:\/\/www.tempsbarcelona.com\/ca\/#\/schema\/person\/image\/","url":"https:\/\/secure.gravatar.com\/avatar\/adc63f40e2c832dac25e11feaef9ac523a32eaf25722d8b78fcb7c6603af7f85?s=96&d=mm&r=g","contentUrl":"https:\/\/secure.gravatar.com\/avatar\/adc63f40e2c832dac25e11feaef9ac523a32eaf25722d8b78fcb7c6603af7f85?s=96&d=mm&r=g","caption":"Viajero"}}]}},"_links":{"self":[{"href":"https:\/\/www.tempsbarcelona.com\/ca\/wp-json\/wp\/v2\/posts\/3039","targetHints":{"allow":["GET"]}}],"collection":[{"href":"https:\/\/www.tempsbarcelona.com\/ca\/wp-json\/wp\/v2\/posts"}],"about":[{"href":"https:\/\/www.tempsbarcelona.com\/ca\/wp-json\/wp\/v2\/types\/post"}],"author":[{"embeddable":true,"href":"https:\/\/www.tempsbarcelona.com\/ca\/wp-json\/wp\/v2\/users\/2"}],"replies":[{"embeddable":true,"href":"https:\/\/www.tempsbarcelona.com\/ca\/wp-json\/wp\/v2\/comments?post=3039"}],"version-history":[{"count":1,"href":"https:\/\/www.tempsbarcelona.com\/ca\/wp-json\/wp\/v2\/posts\/3039\/revisions"}],"predecessor-version":[{"id":3040,"href":"https:\/\/www.tempsbarcelona.com\/ca\/wp-json\/wp\/v2\/posts\/3039\/revisions\/3040"}],"wp:featuredmedia":[{"embeddable":true,"href":"https:\/\/www.tempsbarcelona.com\/ca\/wp-json\/wp\/v2\/media\/3034"}],"wp:attachment":[{"href":"https:\/\/www.tempsbarcelona.com\/ca\/wp-json\/wp\/v2\/media?parent=3039"}],"wp:term":[{"taxonomy":"category","embeddable":true,"href":"https:\/\/www.tempsbarcelona.com\/ca\/wp-json\/wp\/v2\/categories?post=3039"},{"taxonomy":"post_tag","embeddable":true,"href":"https:\/\/www.tempsbarcelona.com\/ca\/wp-json\/wp\/v2\/tags?post=3039"}],"curies":[{"name":"wp","href":"https:\/\/api.w.org\/{rel}","templated":true}]}}