{"id":3030,"date":"2024-05-17T08:14:08","date_gmt":"2024-05-17T08:14:08","guid":{"rendered":"https:\/\/derutasyvinos.com\/?p=3030"},"modified":"2024-05-17T08:23:38","modified_gmt":"2024-05-17T08:23:38","slug":"el-renaixement-rosat-descobrint-lencant-del-vi-rosat","status":"publish","type":"post","link":"https:\/\/www.tempsbarcelona.com\/ca\/el-renaixement-rosat-descobrint-lencant-del-vi-rosat\/","title":{"rendered":"El Renaixement Rosat: Descobrint l&#8217;Encant del Vi Rosat"},"content":{"rendered":"<p>El vi rosat, amb la seva tonalitat delicada i sabor refrescant, est\u00e0 lluny de ser una tend\u00e8ncia moderna. Les seves arrels es remunten a l&#8217;antiga Gr\u00e8cia i Roma, on els primers vins sovint eren p\u00e0l\u00b7lids a causa del breu contacte amb les pells dels ra\u00efms. Aquest context hist\u00f2ric estableix l&#8217;escenari per a la resurrecci\u00f3 del vi rosat, transformant-lo d&#8217;un aliment b\u00e0sic de l&#8217;antiguitat a un favorit contemporani.<\/p>\n<h2>L&#8217;Espectre del Rosa: Entendre les Varietats<\/h2>\n<h3>Tons i Estils<\/h3>\n<p>Els vins rosats venen en un espectre de tons rosats, que van des del rosa suau fins al f\u00facsia vibrant. El color es determina per la durada en qu\u00e8 les pells dels ra\u00efms romanen en contacte amb el suc. Un breu per\u00edode de maceraci\u00f3 de poques hores a un parell de dies \u00e9s suficient per obtenir el tint rosat caracter\u00edstic.<\/p>\n<h3>Versatilitat de Varietats<\/h3>\n<p>El vi rosat pot fer-se amb una gran varietat de ra\u00efms. Les opcions populars inclouen Garnatxa, Syrah, Monastrell i Pinot Noir. Cada ra\u00efm aporta el seu propi perfil \u00fanic, influenciant el sabor, l&#8217;aroma i l&#8217;estructura del vi. Aquesta diversitat assegura que hi hagi un vi rosat per a cada paladar, ja sigui que prefereixis quelcom sec i cruixent o afruitat i dol\u00e7.<\/p>\n<h2>L&#8217;Art de la Vinificaci\u00f3: Elaboraci\u00f3 del Vi Rosat<\/h2>\n<h3>Premsat Directe<\/h3>\n<p>Una t\u00e8cnica per produir vi rosat \u00e9s el premsat directe, on els ra\u00efms es premsen immediatament despr\u00e9s de la collita. Aquesta t\u00e8cnica produeix un vi rosat molt p\u00e0l\u00b7lid i delicat, sovint amb sabors subtils i un car\u00e0cter refinat.<\/p>\n<h3>M\u00e8tode Saign\u00e9e<\/h3>\n<p>El m\u00e8tode saign\u00e9e (o &#8220;sagnat&#8221;) implica &#8220;sagnar&#8221; una part del suc d&#8217;una fermentaci\u00f3 de vi negre. Aix\u00f2 no nom\u00e9s concentra el vi negre, sin\u00f3 que tamb\u00e9 produeix un vi rosat robust amb un color m\u00e9s profund i sabors m\u00e9s pronunciats. Els en\u00f2legs sovint utilitzen aquest m\u00e8tode per aconseguir un vi rosat m\u00e9s complex i intens.<\/p>\n<h3>Barreges<\/h3>\n<p>En algunes regions, especialment a la Champagne, el vi rosat es fa barrejant una petita quantitat de vi negre amb vi blanc. Aquesta t\u00e8cnica permet un control prec\u00eds sobre el color i el perfil de sabor, resultant en un vi equilibrat i harmoni\u00f3s.<\/p>\n<h2>Maridatge Perfecte: Vi Rosat i Cuina<\/h2>\n<h3>Versatilitat a la Taula<\/h3>\n<p>Un dels atractius m\u00e9s grans del vi rosat \u00e9s la seva versatilitat quan es tracta de maridatges amb menjar. La seva acidesa i naturalesa afruitada el fan un acompanyant meravell\u00f3s per a una \u00e0mplia gamma de plats. Des d&#8217;amanides lleugeres i marisc fins a cuina asi\u00e0tica picant i carns robustes, la capacitat d&#8217;adaptaci\u00f3 del vi rosat enriqueix l&#8217;experi\u00e8ncia culin\u00e0ria.<\/p>\n<h3>Favorits de Temporada<\/h3>\n<p>El vi rosat sovint s&#8217;associa amb el clima c\u00e0lid i els \u00e0pats a l&#8217;aire lliure. Imagina&#8217;t una copa de vi rosat ben freda al costat d&#8217;un p\u00edcnic d&#8217;estiu, amb formatges frescos, embotits i amanides vibrants. No obstant aix\u00f2, la seva versatilitat s&#8217;est\u00e9n m\u00e9s enll\u00e0 de l&#8217;estiu, fent-lo un favorit durant tot l&#8217;any per a maridar amb plats de temporada.<\/p>\n<h2>El Renaixement Global del Vi Rosat<\/h2>\n<h3>Proven\u00e7a: L&#8217;Epicentre<\/h3>\n<p>La regi\u00f3 de Proven\u00e7a, a Fran\u00e7a, \u00e9s sin\u00f2nim de vi rosat. Coneguda pels seus rosats p\u00e0l\u00b7lids, secs i elegants, Proven\u00e7a fixa l&#8217;est\u00e0ndard de qualitat i estil. La devoci\u00f3 de la regi\u00f3 a la tradici\u00f3 i la innovaci\u00f3 ha consolidat la seva reputaci\u00f3 com l&#8217;epicentre de la producci\u00f3 de vi rosat.<\/p>\n<h3>Regions Emergents<\/h3>\n<p>M\u00e9s enll\u00e0 de Proven\u00e7a, altres regions estan deixant la seva empremta en el m\u00f3n del vi rosat. Les valls de Sonoma i Napa a Calif\u00f2rnia, Navarra a Espanya i Puglia a It\u00e0lia s\u00f3n nom\u00e9s alguns exemples de llocs on s&#8217;elaboren vins rosats excepcionals. Aquestes regions aporten els seus propis terroirs \u00fanics i t\u00e8cniques de vinificaci\u00f3, enriquint el paisatge global del vi rosat.<\/p>\n<h2>L&#8217;Estil de Vida del Vi Rosat: M\u00e9s enll\u00e0 de l&#8217;Ampolla<\/h2>\n<h3>Ros\u00e9 Tot el Dia<\/h3>\n<p>La frase &#8220;ros\u00e9 tot el dia&#8221; s&#8217;ha convertit en un fenomen cultural, simbolitzant l&#8217;esperit despreocupat i festiu associat amb aquest vi. Festivals, esdeveniments i tend\u00e8ncies a les xarxes socials han contribu\u00eft a l&#8217;ascens del vi rosat no nom\u00e9s com a vi, sin\u00f3 com a elecci\u00f3 d&#8217;estil de vida.<\/p>\n<h3>El Futur \u00e9s Rosat<\/h3>\n<p>A mesura que la demanda de vi rosat continua creixent, els en\u00f2legs estan explorant noves t\u00e8cniques i portant la tradici\u00f3 m\u00e9s enll\u00e0. Pr\u00e0ctiques sostenibles, envasos innovadors i un enfocament en la qualitat sobre la quantitat estan modelant el futur del vi rosat, assegurant el seu lloc en els cors i copes dels amants del vi durant molts anys.<\/p>\n<h2>Abra\u00e7a el Rosa<\/h2>\n<p>El vi rosat, amb la seva rica hist\u00f2ria, estils diversos i inigualable versatilitat, ens convida a tots a abra\u00e7ar el rosa. Ja siguis un coneixedor experimentat de vins o un bevedor ocasional, hi ha un vi rosat esperant ser descobert. Aix\u00ed que, serveix-te una copa, assaboreix els sabors i uneix-te al renaixement rosat. Salut!<\/p>\n","protected":false},"excerpt":{"rendered":"<p>El vi rosat, amb la seva tonalitat delicada i sabor refrescant, est\u00e0 lluny de ser una tend\u00e8ncia moderna. Les seves arrels es remunten a l&#8217;antiga Gr\u00e8cia i Roma, on els primers vins sovint eren p\u00e0l\u00b7lids a causa del breu contacte amb les pells dels ra\u00efms. Aquest context hist\u00f2ric estableix l&#8217;escenari per a la resurrecci\u00f3 del [&hellip;]<\/p>\n","protected":false},"author":2,"featured_media":3019,"comment_status":"open","ping_status":"open","sticky":false,"template":"","format":"standard","meta":{"_et_pb_use_builder":"","_et_pb_old_content":"","_et_gb_content_width":"","footnotes":""},"categories":[128,129],"tags":[],"class_list":["post-3030","post","type-post","status-publish","format-standard","has-post-thumbnail","hentry","category-grecia-2","category-roma-2"],"yoast_head":"<!-- This site is optimized with the Yoast SEO plugin v25.1 - https:\/\/yoast.com\/wordpress\/plugins\/seo\/ -->\n<title>El Renaixement Rosat: Descobrint l&#039;Encant del Vi Rosat - Temps Barcelona<\/title>\n<meta name=\"robots\" content=\"noindex, follow, max-snippet:-1, max-image-preview:large, max-video-preview:-1\" \/>\n<meta property=\"og:locale\" content=\"ca_ES\" \/>\n<meta property=\"og:type\" content=\"article\" \/>\n<meta property=\"og:title\" content=\"El Renaixement Rosat: Descobrint l&#039;Encant del Vi Rosat - Temps Barcelona\" \/>\n<meta property=\"og:description\" content=\"El vi rosat, amb la seva tonalitat delicada i sabor refrescant, est\u00e0 lluny de ser una tend\u00e8ncia moderna. Les seves arrels es remunten a l&#8217;antiga Gr\u00e8cia i Roma, on els primers vins sovint eren p\u00e0l\u00b7lids a causa del breu contacte amb les pells dels ra\u00efms. Aquest context hist\u00f2ric estableix l&#8217;escenari per a la resurrecci\u00f3 del [&hellip;]\" \/>\n<meta property=\"og:url\" content=\"https:\/\/www.tempsbarcelona.com\/ca\/el-renaixement-rosat-descobrint-lencant-del-vi-rosat\/\" \/>\n<meta property=\"og:site_name\" content=\"Temps Barcelona\" \/>\n<meta property=\"article:published_time\" content=\"2024-05-17T08:14:08+00:00\" \/>\n<meta property=\"article:modified_time\" content=\"2024-05-17T08:23:38+00:00\" \/>\n<meta property=\"og:image\" content=\"https:\/\/www.tempsbarcelona.com\/wp-content\/uploads\/2024\/05\/Sweet_rose_wine_-_two_glasses_of_rose_wine_on_a_table_-_image.jpg\" \/>\n\t<meta property=\"og:image:width\" content=\"1569\" \/>\n\t<meta property=\"og:image:height\" content=\"899\" \/>\n\t<meta property=\"og:image:type\" content=\"image\/jpeg\" \/>\n<meta name=\"author\" content=\"Viajero\" \/>\n<meta name=\"twitter:card\" content=\"summary_large_image\" \/>\n<meta name=\"twitter:label1\" content=\"Escrit per\" \/>\n\t<meta name=\"twitter:data1\" content=\"Viajero\" \/>\n\t<meta name=\"twitter:label2\" content=\"Temps estimat de lectura\" \/>\n\t<meta name=\"twitter:data2\" content=\"4 minuts\" \/>\n<script type=\"application\/ld+json\" class=\"yoast-schema-graph\">{\"@context\":\"https:\/\/schema.org\",\"@graph\":[{\"@type\":\"WebPage\",\"@id\":\"https:\/\/www.tempsbarcelona.com\/ca\/el-renaixement-rosat-descobrint-lencant-del-vi-rosat\/\",\"url\":\"https:\/\/www.tempsbarcelona.com\/ca\/el-renaixement-rosat-descobrint-lencant-del-vi-rosat\/\",\"name\":\"El Renaixement Rosat: Descobrint l'Encant del Vi Rosat - Temps Barcelona\",\"isPartOf\":{\"@id\":\"https:\/\/www.tempsbarcelona.com\/ca\/#website\"},\"primaryImageOfPage\":{\"@id\":\"https:\/\/www.tempsbarcelona.com\/ca\/el-renaixement-rosat-descobrint-lencant-del-vi-rosat\/#primaryimage\"},\"image\":{\"@id\":\"https:\/\/www.tempsbarcelona.com\/ca\/el-renaixement-rosat-descobrint-lencant-del-vi-rosat\/#primaryimage\"},\"thumbnailUrl\":\"https:\/\/www.tempsbarcelona.com\/wp-content\/uploads\/2024\/05\/Sweet_rose_wine_-_two_glasses_of_rose_wine_on_a_table_-_image.jpg\",\"datePublished\":\"2024-05-17T08:14:08+00:00\",\"dateModified\":\"2024-05-17T08:23:38+00:00\",\"author\":{\"@id\":\"https:\/\/www.tempsbarcelona.com\/ca\/#\/schema\/person\/42e402d68007d6b23123a37e43aca822\"},\"breadcrumb\":{\"@id\":\"https:\/\/www.tempsbarcelona.com\/ca\/el-renaixement-rosat-descobrint-lencant-del-vi-rosat\/#breadcrumb\"},\"inLanguage\":\"ca\",\"potentialAction\":[{\"@type\":\"ReadAction\",\"target\":[\"https:\/\/www.tempsbarcelona.com\/ca\/el-renaixement-rosat-descobrint-lencant-del-vi-rosat\/\"]}]},{\"@type\":\"ImageObject\",\"inLanguage\":\"ca\",\"@id\":\"https:\/\/www.tempsbarcelona.com\/ca\/el-renaixement-rosat-descobrint-lencant-del-vi-rosat\/#primaryimage\",\"url\":\"https:\/\/www.tempsbarcelona.com\/wp-content\/uploads\/2024\/05\/Sweet_rose_wine_-_two_glasses_of_rose_wine_on_a_table_-_image.jpg\",\"contentUrl\":\"https:\/\/www.tempsbarcelona.com\/wp-content\/uploads\/2024\/05\/Sweet_rose_wine_-_two_glasses_of_rose_wine_on_a_table_-_image.jpg\",\"width\":1569,\"height\":899},{\"@type\":\"BreadcrumbList\",\"@id\":\"https:\/\/www.tempsbarcelona.com\/ca\/el-renaixement-rosat-descobrint-lencant-del-vi-rosat\/#breadcrumb\",\"itemListElement\":[{\"@type\":\"ListItem\",\"position\":1,\"name\":\"Portada\",\"item\":\"https:\/\/www.tempsbarcelona.com\/ca\/temps-barcelona\/\"},{\"@type\":\"ListItem\",\"position\":2,\"name\":\"El Renaixement Rosat: Descobrint l&#8217;Encant del Vi Rosat\"}]},{\"@type\":\"WebSite\",\"@id\":\"https:\/\/www.tempsbarcelona.com\/ca\/#website\",\"url\":\"https:\/\/www.tempsbarcelona.com\/ca\/\",\"name\":\"Temps Barcelona\",\"description\":\"\",\"potentialAction\":[{\"@type\":\"SearchAction\",\"target\":{\"@type\":\"EntryPoint\",\"urlTemplate\":\"https:\/\/www.tempsbarcelona.com\/ca\/?s={search_term_string}\"},\"query-input\":{\"@type\":\"PropertyValueSpecification\",\"valueRequired\":true,\"valueName\":\"search_term_string\"}}],\"inLanguage\":\"ca\"},{\"@type\":\"Person\",\"@id\":\"https:\/\/www.tempsbarcelona.com\/ca\/#\/schema\/person\/42e402d68007d6b23123a37e43aca822\",\"name\":\"Viajero\",\"image\":{\"@type\":\"ImageObject\",\"inLanguage\":\"ca\",\"@id\":\"https:\/\/www.tempsbarcelona.com\/ca\/#\/schema\/person\/image\/\",\"url\":\"https:\/\/secure.gravatar.com\/avatar\/adc63f40e2c832dac25e11feaef9ac523a32eaf25722d8b78fcb7c6603af7f85?s=96&d=mm&r=g\",\"contentUrl\":\"https:\/\/secure.gravatar.com\/avatar\/adc63f40e2c832dac25e11feaef9ac523a32eaf25722d8b78fcb7c6603af7f85?s=96&d=mm&r=g\",\"caption\":\"Viajero\"}}]}<\/script>\n<!-- \/ Yoast SEO plugin. -->","yoast_head_json":{"title":"El Renaixement Rosat: Descobrint l'Encant del Vi Rosat - Temps Barcelona","robots":{"index":"noindex","follow":"follow","max-snippet":"max-snippet:-1","max-image-preview":"max-image-preview:large","max-video-preview":"max-video-preview:-1"},"og_locale":"ca_ES","og_type":"article","og_title":"El Renaixement Rosat: Descobrint l'Encant del Vi Rosat - Temps Barcelona","og_description":"El vi rosat, amb la seva tonalitat delicada i sabor refrescant, est\u00e0 lluny de ser una tend\u00e8ncia moderna. Les seves arrels es remunten a l&#8217;antiga Gr\u00e8cia i Roma, on els primers vins sovint eren p\u00e0l\u00b7lids a causa del breu contacte amb les pells dels ra\u00efms. Aquest context hist\u00f2ric estableix l&#8217;escenari per a la resurrecci\u00f3 del [&hellip;]","og_url":"https:\/\/www.tempsbarcelona.com\/ca\/el-renaixement-rosat-descobrint-lencant-del-vi-rosat\/","og_site_name":"Temps Barcelona","article_published_time":"2024-05-17T08:14:08+00:00","article_modified_time":"2024-05-17T08:23:38+00:00","og_image":[{"width":1569,"height":899,"url":"https:\/\/www.tempsbarcelona.com\/wp-content\/uploads\/2024\/05\/Sweet_rose_wine_-_two_glasses_of_rose_wine_on_a_table_-_image.jpg","type":"image\/jpeg"}],"author":"Viajero","twitter_card":"summary_large_image","twitter_misc":{"Escrit per":"Viajero","Temps estimat de lectura":"4 minuts"},"schema":{"@context":"https:\/\/schema.org","@graph":[{"@type":"WebPage","@id":"https:\/\/www.tempsbarcelona.com\/ca\/el-renaixement-rosat-descobrint-lencant-del-vi-rosat\/","url":"https:\/\/www.tempsbarcelona.com\/ca\/el-renaixement-rosat-descobrint-lencant-del-vi-rosat\/","name":"El Renaixement Rosat: Descobrint l'Encant del Vi Rosat - Temps Barcelona","isPartOf":{"@id":"https:\/\/www.tempsbarcelona.com\/ca\/#website"},"primaryImageOfPage":{"@id":"https:\/\/www.tempsbarcelona.com\/ca\/el-renaixement-rosat-descobrint-lencant-del-vi-rosat\/#primaryimage"},"image":{"@id":"https:\/\/www.tempsbarcelona.com\/ca\/el-renaixement-rosat-descobrint-lencant-del-vi-rosat\/#primaryimage"},"thumbnailUrl":"https:\/\/www.tempsbarcelona.com\/wp-content\/uploads\/2024\/05\/Sweet_rose_wine_-_two_glasses_of_rose_wine_on_a_table_-_image.jpg","datePublished":"2024-05-17T08:14:08+00:00","dateModified":"2024-05-17T08:23:38+00:00","author":{"@id":"https:\/\/www.tempsbarcelona.com\/ca\/#\/schema\/person\/42e402d68007d6b23123a37e43aca822"},"breadcrumb":{"@id":"https:\/\/www.tempsbarcelona.com\/ca\/el-renaixement-rosat-descobrint-lencant-del-vi-rosat\/#breadcrumb"},"inLanguage":"ca","potentialAction":[{"@type":"ReadAction","target":["https:\/\/www.tempsbarcelona.com\/ca\/el-renaixement-rosat-descobrint-lencant-del-vi-rosat\/"]}]},{"@type":"ImageObject","inLanguage":"ca","@id":"https:\/\/www.tempsbarcelona.com\/ca\/el-renaixement-rosat-descobrint-lencant-del-vi-rosat\/#primaryimage","url":"https:\/\/www.tempsbarcelona.com\/wp-content\/uploads\/2024\/05\/Sweet_rose_wine_-_two_glasses_of_rose_wine_on_a_table_-_image.jpg","contentUrl":"https:\/\/www.tempsbarcelona.com\/wp-content\/uploads\/2024\/05\/Sweet_rose_wine_-_two_glasses_of_rose_wine_on_a_table_-_image.jpg","width":1569,"height":899},{"@type":"BreadcrumbList","@id":"https:\/\/www.tempsbarcelona.com\/ca\/el-renaixement-rosat-descobrint-lencant-del-vi-rosat\/#breadcrumb","itemListElement":[{"@type":"ListItem","position":1,"name":"Portada","item":"https:\/\/www.tempsbarcelona.com\/ca\/temps-barcelona\/"},{"@type":"ListItem","position":2,"name":"El Renaixement Rosat: Descobrint l&#8217;Encant del Vi Rosat"}]},{"@type":"WebSite","@id":"https:\/\/www.tempsbarcelona.com\/ca\/#website","url":"https:\/\/www.tempsbarcelona.com\/ca\/","name":"Temps Barcelona","description":"","potentialAction":[{"@type":"SearchAction","target":{"@type":"EntryPoint","urlTemplate":"https:\/\/www.tempsbarcelona.com\/ca\/?s={search_term_string}"},"query-input":{"@type":"PropertyValueSpecification","valueRequired":true,"valueName":"search_term_string"}}],"inLanguage":"ca"},{"@type":"Person","@id":"https:\/\/www.tempsbarcelona.com\/ca\/#\/schema\/person\/42e402d68007d6b23123a37e43aca822","name":"Viajero","image":{"@type":"ImageObject","inLanguage":"ca","@id":"https:\/\/www.tempsbarcelona.com\/ca\/#\/schema\/person\/image\/","url":"https:\/\/secure.gravatar.com\/avatar\/adc63f40e2c832dac25e11feaef9ac523a32eaf25722d8b78fcb7c6603af7f85?s=96&d=mm&r=g","contentUrl":"https:\/\/secure.gravatar.com\/avatar\/adc63f40e2c832dac25e11feaef9ac523a32eaf25722d8b78fcb7c6603af7f85?s=96&d=mm&r=g","caption":"Viajero"}}]}},"_links":{"self":[{"href":"https:\/\/www.tempsbarcelona.com\/ca\/wp-json\/wp\/v2\/posts\/3030","targetHints":{"allow":["GET"]}}],"collection":[{"href":"https:\/\/www.tempsbarcelona.com\/ca\/wp-json\/wp\/v2\/posts"}],"about":[{"href":"https:\/\/www.tempsbarcelona.com\/ca\/wp-json\/wp\/v2\/types\/post"}],"author":[{"embeddable":true,"href":"https:\/\/www.tempsbarcelona.com\/ca\/wp-json\/wp\/v2\/users\/2"}],"replies":[{"embeddable":true,"href":"https:\/\/www.tempsbarcelona.com\/ca\/wp-json\/wp\/v2\/comments?post=3030"}],"version-history":[{"count":1,"href":"https:\/\/www.tempsbarcelona.com\/ca\/wp-json\/wp\/v2\/posts\/3030\/revisions"}],"predecessor-version":[{"id":3031,"href":"https:\/\/www.tempsbarcelona.com\/ca\/wp-json\/wp\/v2\/posts\/3030\/revisions\/3031"}],"wp:featuredmedia":[{"embeddable":true,"href":"https:\/\/www.tempsbarcelona.com\/ca\/wp-json\/wp\/v2\/media\/3019"}],"wp:attachment":[{"href":"https:\/\/www.tempsbarcelona.com\/ca\/wp-json\/wp\/v2\/media?parent=3030"}],"wp:term":[{"taxonomy":"category","embeddable":true,"href":"https:\/\/www.tempsbarcelona.com\/ca\/wp-json\/wp\/v2\/categories?post=3030"},{"taxonomy":"post_tag","embeddable":true,"href":"https:\/\/www.tempsbarcelona.com\/ca\/wp-json\/wp\/v2\/tags?post=3030"}],"curies":[{"name":"wp","href":"https:\/\/api.w.org\/{rel}","templated":true}]}}