{"id":2421,"date":"2024-05-13T09:58:10","date_gmt":"2024-05-13T09:58:10","guid":{"rendered":"https:\/\/derutasyvinos.com\/?p=2421"},"modified":"2024-05-13T10:29:15","modified_gmt":"2024-05-13T10:29:15","slug":"la-experiencia-de-laperol-spritz-abracant-lesperit-italia","status":"publish","type":"post","link":"https:\/\/www.tempsbarcelona.com\/ca\/la-experiencia-de-laperol-spritz-abracant-lesperit-italia\/","title":{"rendered":"La Experi\u00e8ncia de l&#8217;Aperol Spritz: Abra\u00e7ant l&#8217;esperit Itali\u00e0"},"content":{"rendered":"<div class=\"flex-1 overflow-hidden\">\n<div class=\"react-scroll-to-bottom--css-hpnrw-79elbk h-full\">\n<div class=\"react-scroll-to-bottom--css-hpnrw-1n7m0yu\">\n<div class=\"flex flex-col text-sm pb-9\">\n<div class=\"w-full text-token-text-primary\" dir=\"auto\" data-testid=\"conversation-turn-19\" data-scroll-anchor=\"true\">\n<div class=\"py-2 px-3 text-base md:px-4 m-auto md:px-5 lg:px-1 xl:px-5\">\n<div class=\"mx-auto flex flex-1 gap-3 text-base juice:gap-4 juice:md:gap-6 md:max-w-3xl lg:max-w-[40rem] xl:max-w-[48rem]\">\n<div class=\"relative flex w-full min-w-0 flex-col agent-turn\">\n<div class=\"flex-col gap-1 md:gap-3\">\n<div class=\"flex flex-grow flex-col max-w-full\">\n<div class=\"min-h-[20px] text-message flex flex-col items-start whitespace-pre-wrap break-words [.text-message+&amp;]:mt-5 juice:w-full juice:items-end overflow-x-auto gap-3\" dir=\"auto\" data-message-author-role=\"assistant\" data-message-id=\"dcabf9c6-010a-4060-9600-03429659911d\">\n<div class=\"markdown prose w-full break-words dark:prose-invert dark\">\n<p>En els paisatges banyats pel sol d&#8217;It\u00e0lia, on cada moment est\u00e0 impregnat d&#8217;un sentiment de joia i vitalitat, existeix una beguda que encapsula l&#8217;ess\u00e8ncia mateixa de la cultura italiana: l&#8217;Aperol Spritz. Amb els seus tons vibrants, sabor revigorant i ric patrimoni, aquest c\u00f2ctel ic\u00f2nic ha transcendit fronteres per convertir-se en un fenomen global. Uneix-te a nosaltres mentre ens endinsem en el cor de l&#8217;estimat Aperol Spritz itali\u00e0 i explorem l&#8217;experi\u00e8ncia italiana per excel\u00b7l\u00e8ncia que encarna.<\/p>\n<h1>D&#8217;un Tresor Local a un Icona Global:<\/h1>\n<p>Arrelat a la pintoresca regi\u00f3 de Veneto, situada al nord-est d&#8217;It\u00e0lia, l&#8217;Aperol Spritz emergeix com a testimoni del ric patrimoni culinari d&#8217;It\u00e0lia. Nascut a principis del segle XX enmig de l&#8217;ambient animat de caf\u00e8s a Padua i Ven\u00e8cia, aquesta exquisida barreja va ser creada per estimular els sentits i el paladar. Una simfonia d&#8217;Aperol, prosecco i aigua amb gas, adornada amb una llesca de taronja, l&#8217;Aperol Spritz va captivar els cors dels locals i dels viatgers amb el seu sabor refrescant i encisador encant.<\/p>\n<h1>Creant la Simfonia de Sabors:<\/h1>\n<p>Al cor de l&#8217;Aperol Spritz rau la seva eleg\u00e0ncia senzilla i equilibri perfecte de sabors. Preparar aquest c\u00f2ctel estimat \u00e9s un art, una dansa delicada d&#8217;ingredients que culmina en una fusi\u00f3 harm\u00f2nica de notes amargues, dolces i gasificades. Mentre el gel xoca al got, parts iguals d&#8217;Aperol i prosecco s\u00f3n vessades, seguides d&#8217;una cullerada d&#8217;aigua amb gas per donar-li efervesc\u00e8ncia. Un toc final d&#8217;una llesca de taronja vibrant completa l&#8217;obra d&#8217;art, convidant els sentits a un viatge d&#8217;indulg\u00e8ncia i delit.<\/p>\n<h1>Cultura de l&#8217;Aperitivo: Un Preludi al Plaer Itali\u00e0<\/h1>\n<p>M\u00e9s enll\u00e0 del seu atractiu culinari, l&#8217;Aperol Spritz encarna un significat cultural m\u00e9s profund com a s\u00edmbol de conviv\u00e8ncia i camaraderia. Arrelat en la tradici\u00f3 preuada de l&#8217;aperitiu, o begudes abans del sopar, aquest c\u00f2ctel estimat uneix les persones per relaxar-se, socialitzar i gaudir dels plaers simples de la vida. Ja sigui gaudit en una pla\u00e7a animada a Roma o en una terrassa tranquil\u00b7la amb vistes a la Costa Amalfitana, l&#8217;Aperol Spritz promou moments de connexi\u00f3 i joia enmig de l&#8217;estr\u00e8s de la vida quotidiana.<\/p>\n<h1>Abra\u00e7ant l&#8217;esperit Itali\u00e0:<\/h1>\n<p>En un m\u00f3n ple de tend\u00e8ncies ef\u00edmeres i plaers fugisseros, l&#8217;Aperol Spritz es presenta com un s\u00edmbol etern de l&#8217;eleg\u00e0ncia italiana i la joie de vivre. El seu color captivador, sabor revigorant i resson\u00e0ncia cultural continuen captivant cors i paladars a tot el m\u00f3n. Ja sigui degustat a l&#8217;aire lliure en una c\u00e0lida nit d&#8217;estiu o gaudit al costat del foc durant el fred de l&#8217;hivern, l&#8217;Aperol Spritz ens convida a gaudir dels plaers simples de la vida i abra\u00e7ar la bellesa del moment present. Aix\u00ed que aixeca el teu got, brinda per la dolce vita i deixa que els sabors vibrants de l&#8217;Aperol Spritz itali\u00e0 et transportin a un m\u00f3n de felicitat banyat pel sol. Salut!<\/p>\n<\/div>\n<\/div>\n<\/div>\n<\/div>\n<\/div>\n<\/div>\n<\/div>\n<\/div>\n<\/div>\n<\/div>\n<\/div>\n<\/div>\n","protected":false},"excerpt":{"rendered":"<p>En els paisatges banyats pel sol d&#8217;It\u00e0lia, on cada moment est\u00e0 impregnat d&#8217;un sentiment de joia i vitalitat, existeix una beguda que encapsula l&#8217;ess\u00e8ncia mateixa de la cultura italiana: l&#8217;Aperol Spritz. Amb els seus tons vibrants, sabor revigorant i ric patrimoni, aquest c\u00f2ctel ic\u00f2nic ha transcendit fronteres per convertir-se en un fenomen global. Uneix-te a [&hellip;]<\/p>\n","protected":false},"author":2,"featured_media":2643,"comment_status":"open","ping_status":"open","sticky":false,"template":"","format":"standard","meta":{"_et_pb_use_builder":"","_et_pb_old_content":"","_et_gb_content_width":"","footnotes":""},"categories":[90],"tags":[],"class_list":["post-2421","post","type-post","status-publish","format-standard","has-post-thumbnail","hentry","category-italia-4"],"yoast_head":"<!-- This site is optimized with the Yoast SEO plugin v25.1 - https:\/\/yoast.com\/wordpress\/plugins\/seo\/ -->\n<title>La Experi\u00e8ncia de l&#039;Aperol Spritz: Abra\u00e7ant l&#039;esperit Itali\u00e0 - Temps Barcelona<\/title>\n<meta name=\"robots\" content=\"noindex, follow, max-snippet:-1, max-image-preview:large, max-video-preview:-1\" \/>\n<meta property=\"og:locale\" content=\"ca_ES\" \/>\n<meta property=\"og:type\" content=\"article\" \/>\n<meta property=\"og:title\" content=\"La Experi\u00e8ncia de l&#039;Aperol Spritz: Abra\u00e7ant l&#039;esperit Itali\u00e0 - Temps Barcelona\" \/>\n<meta property=\"og:description\" content=\"En els paisatges banyats pel sol d&#8217;It\u00e0lia, on cada moment est\u00e0 impregnat d&#8217;un sentiment de joia i vitalitat, existeix una beguda que encapsula l&#8217;ess\u00e8ncia mateixa de la cultura italiana: l&#8217;Aperol Spritz. Amb els seus tons vibrants, sabor revigorant i ric patrimoni, aquest c\u00f2ctel ic\u00f2nic ha transcendit fronteres per convertir-se en un fenomen global. Uneix-te a [&hellip;]\" \/>\n<meta property=\"og:url\" content=\"https:\/\/www.tempsbarcelona.com\/ca\/la-experiencia-de-laperol-spritz-abracant-lesperit-italia\/\" \/>\n<meta property=\"og:site_name\" content=\"Temps Barcelona\" \/>\n<meta property=\"article:published_time\" content=\"2024-05-13T09:58:10+00:00\" \/>\n<meta property=\"article:modified_time\" content=\"2024-05-13T10:29:15+00:00\" \/>\n<meta property=\"og:image\" content=\"https:\/\/www.tempsbarcelona.com\/wp-content\/uploads\/2024\/05\/aperol-spritz-index-64873f08af990.jpg\" \/>\n\t<meta property=\"og:image:width\" content=\"1200\" \/>\n\t<meta property=\"og:image:height\" content=\"900\" \/>\n\t<meta property=\"og:image:type\" content=\"image\/jpeg\" \/>\n<meta name=\"author\" content=\"Viajero\" \/>\n<meta name=\"twitter:card\" content=\"summary_large_image\" \/>\n<meta name=\"twitter:label1\" content=\"Escrit per\" \/>\n\t<meta name=\"twitter:data1\" content=\"Viajero\" \/>\n\t<meta name=\"twitter:label2\" content=\"Temps estimat de lectura\" \/>\n\t<meta name=\"twitter:data2\" content=\"3 minuts\" \/>\n<script type=\"application\/ld+json\" class=\"yoast-schema-graph\">{\"@context\":\"https:\/\/schema.org\",\"@graph\":[{\"@type\":\"WebPage\",\"@id\":\"https:\/\/www.tempsbarcelona.com\/ca\/la-experiencia-de-laperol-spritz-abracant-lesperit-italia\/\",\"url\":\"https:\/\/www.tempsbarcelona.com\/ca\/la-experiencia-de-laperol-spritz-abracant-lesperit-italia\/\",\"name\":\"La Experi\u00e8ncia de l'Aperol Spritz: Abra\u00e7ant l'esperit Itali\u00e0 - Temps Barcelona\",\"isPartOf\":{\"@id\":\"https:\/\/www.tempsbarcelona.com\/ca\/#website\"},\"primaryImageOfPage\":{\"@id\":\"https:\/\/www.tempsbarcelona.com\/ca\/la-experiencia-de-laperol-spritz-abracant-lesperit-italia\/#primaryimage\"},\"image\":{\"@id\":\"https:\/\/www.tempsbarcelona.com\/ca\/la-experiencia-de-laperol-spritz-abracant-lesperit-italia\/#primaryimage\"},\"thumbnailUrl\":\"https:\/\/www.tempsbarcelona.com\/wp-content\/uploads\/2024\/05\/IMG-20240403-WA00272.jpg\",\"datePublished\":\"2024-05-13T09:58:10+00:00\",\"dateModified\":\"2024-05-13T10:29:15+00:00\",\"author\":{\"@id\":\"https:\/\/www.tempsbarcelona.com\/ca\/#\/schema\/person\/42e402d68007d6b23123a37e43aca822\"},\"breadcrumb\":{\"@id\":\"https:\/\/www.tempsbarcelona.com\/ca\/la-experiencia-de-laperol-spritz-abracant-lesperit-italia\/#breadcrumb\"},\"inLanguage\":\"ca\",\"potentialAction\":[{\"@type\":\"ReadAction\",\"target\":[\"https:\/\/www.tempsbarcelona.com\/ca\/la-experiencia-de-laperol-spritz-abracant-lesperit-italia\/\"]}]},{\"@type\":\"ImageObject\",\"inLanguage\":\"ca\",\"@id\":\"https:\/\/www.tempsbarcelona.com\/ca\/la-experiencia-de-laperol-spritz-abracant-lesperit-italia\/#primaryimage\",\"url\":\"https:\/\/www.tempsbarcelona.com\/wp-content\/uploads\/2024\/05\/IMG-20240403-WA00272.jpg\",\"contentUrl\":\"https:\/\/www.tempsbarcelona.com\/wp-content\/uploads\/2024\/05\/IMG-20240403-WA00272.jpg\",\"width\":1080,\"height\":1920},{\"@type\":\"BreadcrumbList\",\"@id\":\"https:\/\/www.tempsbarcelona.com\/ca\/la-experiencia-de-laperol-spritz-abracant-lesperit-italia\/#breadcrumb\",\"itemListElement\":[{\"@type\":\"ListItem\",\"position\":1,\"name\":\"Portada\",\"item\":\"https:\/\/www.tempsbarcelona.com\/ca\/temps-barcelona\/\"},{\"@type\":\"ListItem\",\"position\":2,\"name\":\"La Experi\u00e8ncia de l&#8217;Aperol Spritz: Abra\u00e7ant l&#8217;esperit Itali\u00e0\"}]},{\"@type\":\"WebSite\",\"@id\":\"https:\/\/www.tempsbarcelona.com\/ca\/#website\",\"url\":\"https:\/\/www.tempsbarcelona.com\/ca\/\",\"name\":\"Temps Barcelona\",\"description\":\"\",\"potentialAction\":[{\"@type\":\"SearchAction\",\"target\":{\"@type\":\"EntryPoint\",\"urlTemplate\":\"https:\/\/www.tempsbarcelona.com\/ca\/?s={search_term_string}\"},\"query-input\":{\"@type\":\"PropertyValueSpecification\",\"valueRequired\":true,\"valueName\":\"search_term_string\"}}],\"inLanguage\":\"ca\"},{\"@type\":\"Person\",\"@id\":\"https:\/\/www.tempsbarcelona.com\/ca\/#\/schema\/person\/42e402d68007d6b23123a37e43aca822\",\"name\":\"Viajero\",\"image\":{\"@type\":\"ImageObject\",\"inLanguage\":\"ca\",\"@id\":\"https:\/\/www.tempsbarcelona.com\/ca\/#\/schema\/person\/image\/\",\"url\":\"https:\/\/secure.gravatar.com\/avatar\/adc63f40e2c832dac25e11feaef9ac523a32eaf25722d8b78fcb7c6603af7f85?s=96&d=mm&r=g\",\"contentUrl\":\"https:\/\/secure.gravatar.com\/avatar\/adc63f40e2c832dac25e11feaef9ac523a32eaf25722d8b78fcb7c6603af7f85?s=96&d=mm&r=g\",\"caption\":\"Viajero\"}}]}<\/script>\n<!-- \/ Yoast SEO plugin. -->","yoast_head_json":{"title":"La Experi\u00e8ncia de l'Aperol Spritz: Abra\u00e7ant l'esperit Itali\u00e0 - Temps Barcelona","robots":{"index":"noindex","follow":"follow","max-snippet":"max-snippet:-1","max-image-preview":"max-image-preview:large","max-video-preview":"max-video-preview:-1"},"og_locale":"ca_ES","og_type":"article","og_title":"La Experi\u00e8ncia de l'Aperol Spritz: Abra\u00e7ant l'esperit Itali\u00e0 - Temps Barcelona","og_description":"En els paisatges banyats pel sol d&#8217;It\u00e0lia, on cada moment est\u00e0 impregnat d&#8217;un sentiment de joia i vitalitat, existeix una beguda que encapsula l&#8217;ess\u00e8ncia mateixa de la cultura italiana: l&#8217;Aperol Spritz. Amb els seus tons vibrants, sabor revigorant i ric patrimoni, aquest c\u00f2ctel ic\u00f2nic ha transcendit fronteres per convertir-se en un fenomen global. Uneix-te a [&hellip;]","og_url":"https:\/\/www.tempsbarcelona.com\/ca\/la-experiencia-de-laperol-spritz-abracant-lesperit-italia\/","og_site_name":"Temps Barcelona","article_published_time":"2024-05-13T09:58:10+00:00","article_modified_time":"2024-05-13T10:29:15+00:00","og_image":[{"width":1200,"height":900,"url":"https:\/\/www.tempsbarcelona.com\/wp-content\/uploads\/2024\/05\/aperol-spritz-index-64873f08af990.jpg","type":"image\/jpeg"}],"author":"Viajero","twitter_card":"summary_large_image","twitter_misc":{"Escrit per":"Viajero","Temps estimat de lectura":"3 minuts"},"schema":{"@context":"https:\/\/schema.org","@graph":[{"@type":"WebPage","@id":"https:\/\/www.tempsbarcelona.com\/ca\/la-experiencia-de-laperol-spritz-abracant-lesperit-italia\/","url":"https:\/\/www.tempsbarcelona.com\/ca\/la-experiencia-de-laperol-spritz-abracant-lesperit-italia\/","name":"La Experi\u00e8ncia de l'Aperol Spritz: Abra\u00e7ant l'esperit Itali\u00e0 - Temps Barcelona","isPartOf":{"@id":"https:\/\/www.tempsbarcelona.com\/ca\/#website"},"primaryImageOfPage":{"@id":"https:\/\/www.tempsbarcelona.com\/ca\/la-experiencia-de-laperol-spritz-abracant-lesperit-italia\/#primaryimage"},"image":{"@id":"https:\/\/www.tempsbarcelona.com\/ca\/la-experiencia-de-laperol-spritz-abracant-lesperit-italia\/#primaryimage"},"thumbnailUrl":"https:\/\/www.tempsbarcelona.com\/wp-content\/uploads\/2024\/05\/IMG-20240403-WA00272.jpg","datePublished":"2024-05-13T09:58:10+00:00","dateModified":"2024-05-13T10:29:15+00:00","author":{"@id":"https:\/\/www.tempsbarcelona.com\/ca\/#\/schema\/person\/42e402d68007d6b23123a37e43aca822"},"breadcrumb":{"@id":"https:\/\/www.tempsbarcelona.com\/ca\/la-experiencia-de-laperol-spritz-abracant-lesperit-italia\/#breadcrumb"},"inLanguage":"ca","potentialAction":[{"@type":"ReadAction","target":["https:\/\/www.tempsbarcelona.com\/ca\/la-experiencia-de-laperol-spritz-abracant-lesperit-italia\/"]}]},{"@type":"ImageObject","inLanguage":"ca","@id":"https:\/\/www.tempsbarcelona.com\/ca\/la-experiencia-de-laperol-spritz-abracant-lesperit-italia\/#primaryimage","url":"https:\/\/www.tempsbarcelona.com\/wp-content\/uploads\/2024\/05\/IMG-20240403-WA00272.jpg","contentUrl":"https:\/\/www.tempsbarcelona.com\/wp-content\/uploads\/2024\/05\/IMG-20240403-WA00272.jpg","width":1080,"height":1920},{"@type":"BreadcrumbList","@id":"https:\/\/www.tempsbarcelona.com\/ca\/la-experiencia-de-laperol-spritz-abracant-lesperit-italia\/#breadcrumb","itemListElement":[{"@type":"ListItem","position":1,"name":"Portada","item":"https:\/\/www.tempsbarcelona.com\/ca\/temps-barcelona\/"},{"@type":"ListItem","position":2,"name":"La Experi\u00e8ncia de l&#8217;Aperol Spritz: Abra\u00e7ant l&#8217;esperit Itali\u00e0"}]},{"@type":"WebSite","@id":"https:\/\/www.tempsbarcelona.com\/ca\/#website","url":"https:\/\/www.tempsbarcelona.com\/ca\/","name":"Temps Barcelona","description":"","potentialAction":[{"@type":"SearchAction","target":{"@type":"EntryPoint","urlTemplate":"https:\/\/www.tempsbarcelona.com\/ca\/?s={search_term_string}"},"query-input":{"@type":"PropertyValueSpecification","valueRequired":true,"valueName":"search_term_string"}}],"inLanguage":"ca"},{"@type":"Person","@id":"https:\/\/www.tempsbarcelona.com\/ca\/#\/schema\/person\/42e402d68007d6b23123a37e43aca822","name":"Viajero","image":{"@type":"ImageObject","inLanguage":"ca","@id":"https:\/\/www.tempsbarcelona.com\/ca\/#\/schema\/person\/image\/","url":"https:\/\/secure.gravatar.com\/avatar\/adc63f40e2c832dac25e11feaef9ac523a32eaf25722d8b78fcb7c6603af7f85?s=96&d=mm&r=g","contentUrl":"https:\/\/secure.gravatar.com\/avatar\/adc63f40e2c832dac25e11feaef9ac523a32eaf25722d8b78fcb7c6603af7f85?s=96&d=mm&r=g","caption":"Viajero"}}]}},"_links":{"self":[{"href":"https:\/\/www.tempsbarcelona.com\/ca\/wp-json\/wp\/v2\/posts\/2421","targetHints":{"allow":["GET"]}}],"collection":[{"href":"https:\/\/www.tempsbarcelona.com\/ca\/wp-json\/wp\/v2\/posts"}],"about":[{"href":"https:\/\/www.tempsbarcelona.com\/ca\/wp-json\/wp\/v2\/types\/post"}],"author":[{"embeddable":true,"href":"https:\/\/www.tempsbarcelona.com\/ca\/wp-json\/wp\/v2\/users\/2"}],"replies":[{"embeddable":true,"href":"https:\/\/www.tempsbarcelona.com\/ca\/wp-json\/wp\/v2\/comments?post=2421"}],"version-history":[{"count":1,"href":"https:\/\/www.tempsbarcelona.com\/ca\/wp-json\/wp\/v2\/posts\/2421\/revisions"}],"predecessor-version":[{"id":2422,"href":"https:\/\/www.tempsbarcelona.com\/ca\/wp-json\/wp\/v2\/posts\/2421\/revisions\/2422"}],"wp:featuredmedia":[{"embeddable":true,"href":"https:\/\/www.tempsbarcelona.com\/ca\/wp-json\/wp\/v2\/media\/2643"}],"wp:attachment":[{"href":"https:\/\/www.tempsbarcelona.com\/ca\/wp-json\/wp\/v2\/media?parent=2421"}],"wp:term":[{"taxonomy":"category","embeddable":true,"href":"https:\/\/www.tempsbarcelona.com\/ca\/wp-json\/wp\/v2\/categories?post=2421"},{"taxonomy":"post_tag","embeddable":true,"href":"https:\/\/www.tempsbarcelona.com\/ca\/wp-json\/wp\/v2\/tags?post=2421"}],"curies":[{"name":"wp","href":"https:\/\/api.w.org\/{rel}","templated":true}]}}