{"id":2329,"date":"2024-05-02T10:37:49","date_gmt":"2024-05-02T10:37:49","guid":{"rendered":"https:\/\/derutasyvinos.com\/?p=2329"},"modified":"2024-05-15T08:10:23","modified_gmt":"2024-05-15T08:10:23","slug":"descobreix-els-encants-de-la-fira-del-vi-el-paradis-dels-amants-del-vi","status":"publish","type":"post","link":"https:\/\/www.tempsbarcelona.com\/ca\/descobreix-els-encants-de-la-fira-del-vi-el-paradis-dels-amants-del-vi\/","title":{"rendered":"Descobreix els Encants de la Fira del Vi: El Parad\u00eds dels Amants del Vi"},"content":{"rendered":"<p>Endinsa&#8217;t al cor de Falset i empr\u00e8n un viatge a trav\u00e9s de les tradicions vitivin\u00edcoles centen\u00e0ries. La Fira del Vi celebra el ric patrimoni cultural de les regions del Priorat i del Montsant, on l&#8217;elaboraci\u00f3 del vi ha estat un mode de vida durant generacions.<\/p>\n<h1>Una Simfonia de Sabors<\/h1>\n<p>Desperta els teus sentits mentre degustes una selecci\u00f3 exquisida de vins, cadascun explicant una hist\u00f2ria de terrer i artesania. Des dels Garnatxes sedosos fins als Carinyenes elegants, cada glop revela l&#8217;ess\u00e8ncia de la terra i la dedicaci\u00f3 dels seus viticultors.<\/p>\n<p>Uneix-te a altres entusiastes del vi en un ambient festiu ple de m\u00fasica, rialles i camaraderia. Ja sigui compartint hist\u00f2ries amb els viticultors locals o ballant sota les estrelles, la Fira del Vi \u00e9s una celebraci\u00f3 de la vida, l&#8217;amor i la joia de la bona companyia.<\/p>\n<h1>M\u00e9s Enll\u00e0 de l&#8217;Ampolla<\/h1>\n<p>Explora el divers paisatge del Priorat i del Montsant mitjan\u00e7ant visites guiades, degustacions i esdeveniments culturals. Des de caminades pels vinyers fins a demostracions culin\u00e0ries, sempre hi ha alguna cosa nova per descobrir a la Fira del Vi.<\/p>\n<p>Marca el teu calendari i comen\u00e7a a planificar el teu viatge a la Fira del Vi. Amb el seu esperit acollidor i hospitalitat incomparable, Falset et convida a experimentar la m\u00e0gia del vi en un entorn realment inoblidable.<\/p>\n<h1>Salut a la Fira del Vi!<\/h1>\n<p>Mentre el sol es pon sobre les ones de les colines de Catalunya, aixeca el teu got per brindar per les tradicions intemporals i la comunitat vibrant que fan de la Fira del Vi un esdeveniment destacat en el calendari dels amants del vi. Uneix-te a nosaltres per fer un brindis pel passat, present i futur de l&#8217;elaboraci\u00f3 del vi al Priorat i al Montsant.<\/p>\n","protected":false},"excerpt":{"rendered":"<p>Endinsa&#8217;t al cor de Falset i empr\u00e8n un viatge a trav\u00e9s de les tradicions vitivin\u00edcoles centen\u00e0ries. La Fira del Vi celebra el ric patrimoni cultural de les regions del Priorat i del Montsant, on l&#8217;elaboraci\u00f3 del vi ha estat un mode de vida durant generacions. Una Simfonia de Sabors Desperta els teus sentits mentre degustes [&hellip;]<\/p>\n","protected":false},"author":2,"featured_media":2318,"comment_status":"open","ping_status":"open","sticky":false,"template":"","format":"standard","meta":{"_et_pb_use_builder":"","_et_pb_old_content":"","_et_gb_content_width":"","footnotes":""},"categories":[85],"tags":[],"class_list":["post-2329","post","type-post","status-publish","format-standard","has-post-thumbnail","hentry","category-spain-5"],"yoast_head":"<!-- This site is optimized with the Yoast SEO plugin v25.1 - https:\/\/yoast.com\/wordpress\/plugins\/seo\/ -->\n<title>Descobreix els Encants de la Fira del Vi: El Parad\u00eds dels Amants del Vi - Temps Barcelona<\/title>\n<meta name=\"robots\" content=\"noindex, follow, max-snippet:-1, max-image-preview:large, max-video-preview:-1\" \/>\n<meta property=\"og:locale\" content=\"ca_ES\" \/>\n<meta property=\"og:type\" content=\"article\" \/>\n<meta property=\"og:title\" content=\"Descobreix els Encants de la Fira del Vi: El Parad\u00eds dels Amants del Vi - Temps Barcelona\" \/>\n<meta property=\"og:description\" content=\"Endinsa&#8217;t al cor de Falset i empr\u00e8n un viatge a trav\u00e9s de les tradicions vitivin\u00edcoles centen\u00e0ries. La Fira del Vi celebra el ric patrimoni cultural de les regions del Priorat i del Montsant, on l&#8217;elaboraci\u00f3 del vi ha estat un mode de vida durant generacions. Una Simfonia de Sabors Desperta els teus sentits mentre degustes [&hellip;]\" \/>\n<meta property=\"og:url\" content=\"https:\/\/www.tempsbarcelona.com\/ca\/descobreix-els-encants-de-la-fira-del-vi-el-paradis-dels-amants-del-vi\/\" \/>\n<meta property=\"og:site_name\" content=\"Temps Barcelona\" \/>\n<meta property=\"article:published_time\" content=\"2024-05-02T10:37:49+00:00\" \/>\n<meta property=\"article:modified_time\" content=\"2024-05-15T08:10:23+00:00\" \/>\n<meta property=\"og:image\" content=\"https:\/\/www.tempsbarcelona.com\/wp-content\/uploads\/2024\/05\/fira2021-12-scaled-1.jpg\" \/>\n\t<meta property=\"og:image:width\" content=\"2560\" \/>\n\t<meta property=\"og:image:height\" content=\"1440\" \/>\n\t<meta property=\"og:image:type\" content=\"image\/jpeg\" \/>\n<meta name=\"author\" content=\"Viajero\" \/>\n<meta name=\"twitter:card\" content=\"summary_large_image\" \/>\n<meta name=\"twitter:label1\" content=\"Escrit per\" \/>\n\t<meta name=\"twitter:data1\" content=\"Viajero\" \/>\n\t<meta name=\"twitter:label2\" content=\"Temps estimat de lectura\" \/>\n\t<meta name=\"twitter:data2\" content=\"2 minuts\" \/>\n<script type=\"application\/ld+json\" class=\"yoast-schema-graph\">{\"@context\":\"https:\/\/schema.org\",\"@graph\":[{\"@type\":\"WebPage\",\"@id\":\"https:\/\/www.tempsbarcelona.com\/ca\/descobreix-els-encants-de-la-fira-del-vi-el-paradis-dels-amants-del-vi\/\",\"url\":\"https:\/\/www.tempsbarcelona.com\/ca\/descobreix-els-encants-de-la-fira-del-vi-el-paradis-dels-amants-del-vi\/\",\"name\":\"Descobreix els Encants de la Fira del Vi: El Parad\u00eds dels Amants del Vi - Temps Barcelona\",\"isPartOf\":{\"@id\":\"https:\/\/www.tempsbarcelona.com\/ca\/#website\"},\"primaryImageOfPage\":{\"@id\":\"https:\/\/www.tempsbarcelona.com\/ca\/descobreix-els-encants-de-la-fira-del-vi-el-paradis-dels-amants-del-vi\/#primaryimage\"},\"image\":{\"@id\":\"https:\/\/www.tempsbarcelona.com\/ca\/descobreix-els-encants-de-la-fira-del-vi-el-paradis-dels-amants-del-vi\/#primaryimage\"},\"thumbnailUrl\":\"https:\/\/www.tempsbarcelona.com\/wp-content\/uploads\/2024\/05\/fira2021-12-scaled-1.jpg\",\"datePublished\":\"2024-05-02T10:37:49+00:00\",\"dateModified\":\"2024-05-15T08:10:23+00:00\",\"author\":{\"@id\":\"https:\/\/www.tempsbarcelona.com\/ca\/#\/schema\/person\/42e402d68007d6b23123a37e43aca822\"},\"breadcrumb\":{\"@id\":\"https:\/\/www.tempsbarcelona.com\/ca\/descobreix-els-encants-de-la-fira-del-vi-el-paradis-dels-amants-del-vi\/#breadcrumb\"},\"inLanguage\":\"ca\",\"potentialAction\":[{\"@type\":\"ReadAction\",\"target\":[\"https:\/\/www.tempsbarcelona.com\/ca\/descobreix-els-encants-de-la-fira-del-vi-el-paradis-dels-amants-del-vi\/\"]}]},{\"@type\":\"ImageObject\",\"inLanguage\":\"ca\",\"@id\":\"https:\/\/www.tempsbarcelona.com\/ca\/descobreix-els-encants-de-la-fira-del-vi-el-paradis-dels-amants-del-vi\/#primaryimage\",\"url\":\"https:\/\/www.tempsbarcelona.com\/wp-content\/uploads\/2024\/05\/fira2021-12-scaled-1.jpg\",\"contentUrl\":\"https:\/\/www.tempsbarcelona.com\/wp-content\/uploads\/2024\/05\/fira2021-12-scaled-1.jpg\",\"width\":2560,\"height\":1440,\"caption\":\"Fira del Vi de Rub\u00ed-Premis Vinari 2021\"},{\"@type\":\"BreadcrumbList\",\"@id\":\"https:\/\/www.tempsbarcelona.com\/ca\/descobreix-els-encants-de-la-fira-del-vi-el-paradis-dels-amants-del-vi\/#breadcrumb\",\"itemListElement\":[{\"@type\":\"ListItem\",\"position\":1,\"name\":\"Portada\",\"item\":\"https:\/\/www.tempsbarcelona.com\/ca\/temps-barcelona\/\"},{\"@type\":\"ListItem\",\"position\":2,\"name\":\"Descobreix els Encants de la Fira del Vi: El Parad\u00eds dels Amants del Vi\"}]},{\"@type\":\"WebSite\",\"@id\":\"https:\/\/www.tempsbarcelona.com\/ca\/#website\",\"url\":\"https:\/\/www.tempsbarcelona.com\/ca\/\",\"name\":\"Temps Barcelona\",\"description\":\"\",\"potentialAction\":[{\"@type\":\"SearchAction\",\"target\":{\"@type\":\"EntryPoint\",\"urlTemplate\":\"https:\/\/www.tempsbarcelona.com\/ca\/?s={search_term_string}\"},\"query-input\":{\"@type\":\"PropertyValueSpecification\",\"valueRequired\":true,\"valueName\":\"search_term_string\"}}],\"inLanguage\":\"ca\"},{\"@type\":\"Person\",\"@id\":\"https:\/\/www.tempsbarcelona.com\/ca\/#\/schema\/person\/42e402d68007d6b23123a37e43aca822\",\"name\":\"Viajero\",\"image\":{\"@type\":\"ImageObject\",\"inLanguage\":\"ca\",\"@id\":\"https:\/\/www.tempsbarcelona.com\/ca\/#\/schema\/person\/image\/\",\"url\":\"https:\/\/secure.gravatar.com\/avatar\/adc63f40e2c832dac25e11feaef9ac523a32eaf25722d8b78fcb7c6603af7f85?s=96&d=mm&r=g\",\"contentUrl\":\"https:\/\/secure.gravatar.com\/avatar\/adc63f40e2c832dac25e11feaef9ac523a32eaf25722d8b78fcb7c6603af7f85?s=96&d=mm&r=g\",\"caption\":\"Viajero\"}}]}<\/script>\n<!-- \/ Yoast SEO plugin. -->","yoast_head_json":{"title":"Descobreix els Encants de la Fira del Vi: El Parad\u00eds dels Amants del Vi - Temps Barcelona","robots":{"index":"noindex","follow":"follow","max-snippet":"max-snippet:-1","max-image-preview":"max-image-preview:large","max-video-preview":"max-video-preview:-1"},"og_locale":"ca_ES","og_type":"article","og_title":"Descobreix els Encants de la Fira del Vi: El Parad\u00eds dels Amants del Vi - Temps Barcelona","og_description":"Endinsa&#8217;t al cor de Falset i empr\u00e8n un viatge a trav\u00e9s de les tradicions vitivin\u00edcoles centen\u00e0ries. La Fira del Vi celebra el ric patrimoni cultural de les regions del Priorat i del Montsant, on l&#8217;elaboraci\u00f3 del vi ha estat un mode de vida durant generacions. Una Simfonia de Sabors Desperta els teus sentits mentre degustes [&hellip;]","og_url":"https:\/\/www.tempsbarcelona.com\/ca\/descobreix-els-encants-de-la-fira-del-vi-el-paradis-dels-amants-del-vi\/","og_site_name":"Temps Barcelona","article_published_time":"2024-05-02T10:37:49+00:00","article_modified_time":"2024-05-15T08:10:23+00:00","og_image":[{"width":2560,"height":1440,"url":"https:\/\/www.tempsbarcelona.com\/wp-content\/uploads\/2024\/05\/fira2021-12-scaled-1.jpg","type":"image\/jpeg"}],"author":"Viajero","twitter_card":"summary_large_image","twitter_misc":{"Escrit per":"Viajero","Temps estimat de lectura":"2 minuts"},"schema":{"@context":"https:\/\/schema.org","@graph":[{"@type":"WebPage","@id":"https:\/\/www.tempsbarcelona.com\/ca\/descobreix-els-encants-de-la-fira-del-vi-el-paradis-dels-amants-del-vi\/","url":"https:\/\/www.tempsbarcelona.com\/ca\/descobreix-els-encants-de-la-fira-del-vi-el-paradis-dels-amants-del-vi\/","name":"Descobreix els Encants de la Fira del Vi: El Parad\u00eds dels Amants del Vi - Temps Barcelona","isPartOf":{"@id":"https:\/\/www.tempsbarcelona.com\/ca\/#website"},"primaryImageOfPage":{"@id":"https:\/\/www.tempsbarcelona.com\/ca\/descobreix-els-encants-de-la-fira-del-vi-el-paradis-dels-amants-del-vi\/#primaryimage"},"image":{"@id":"https:\/\/www.tempsbarcelona.com\/ca\/descobreix-els-encants-de-la-fira-del-vi-el-paradis-dels-amants-del-vi\/#primaryimage"},"thumbnailUrl":"https:\/\/www.tempsbarcelona.com\/wp-content\/uploads\/2024\/05\/fira2021-12-scaled-1.jpg","datePublished":"2024-05-02T10:37:49+00:00","dateModified":"2024-05-15T08:10:23+00:00","author":{"@id":"https:\/\/www.tempsbarcelona.com\/ca\/#\/schema\/person\/42e402d68007d6b23123a37e43aca822"},"breadcrumb":{"@id":"https:\/\/www.tempsbarcelona.com\/ca\/descobreix-els-encants-de-la-fira-del-vi-el-paradis-dels-amants-del-vi\/#breadcrumb"},"inLanguage":"ca","potentialAction":[{"@type":"ReadAction","target":["https:\/\/www.tempsbarcelona.com\/ca\/descobreix-els-encants-de-la-fira-del-vi-el-paradis-dels-amants-del-vi\/"]}]},{"@type":"ImageObject","inLanguage":"ca","@id":"https:\/\/www.tempsbarcelona.com\/ca\/descobreix-els-encants-de-la-fira-del-vi-el-paradis-dels-amants-del-vi\/#primaryimage","url":"https:\/\/www.tempsbarcelona.com\/wp-content\/uploads\/2024\/05\/fira2021-12-scaled-1.jpg","contentUrl":"https:\/\/www.tempsbarcelona.com\/wp-content\/uploads\/2024\/05\/fira2021-12-scaled-1.jpg","width":2560,"height":1440,"caption":"Fira del Vi de Rub\u00ed-Premis Vinari 2021"},{"@type":"BreadcrumbList","@id":"https:\/\/www.tempsbarcelona.com\/ca\/descobreix-els-encants-de-la-fira-del-vi-el-paradis-dels-amants-del-vi\/#breadcrumb","itemListElement":[{"@type":"ListItem","position":1,"name":"Portada","item":"https:\/\/www.tempsbarcelona.com\/ca\/temps-barcelona\/"},{"@type":"ListItem","position":2,"name":"Descobreix els Encants de la Fira del Vi: El Parad\u00eds dels Amants del Vi"}]},{"@type":"WebSite","@id":"https:\/\/www.tempsbarcelona.com\/ca\/#website","url":"https:\/\/www.tempsbarcelona.com\/ca\/","name":"Temps Barcelona","description":"","potentialAction":[{"@type":"SearchAction","target":{"@type":"EntryPoint","urlTemplate":"https:\/\/www.tempsbarcelona.com\/ca\/?s={search_term_string}"},"query-input":{"@type":"PropertyValueSpecification","valueRequired":true,"valueName":"search_term_string"}}],"inLanguage":"ca"},{"@type":"Person","@id":"https:\/\/www.tempsbarcelona.com\/ca\/#\/schema\/person\/42e402d68007d6b23123a37e43aca822","name":"Viajero","image":{"@type":"ImageObject","inLanguage":"ca","@id":"https:\/\/www.tempsbarcelona.com\/ca\/#\/schema\/person\/image\/","url":"https:\/\/secure.gravatar.com\/avatar\/adc63f40e2c832dac25e11feaef9ac523a32eaf25722d8b78fcb7c6603af7f85?s=96&d=mm&r=g","contentUrl":"https:\/\/secure.gravatar.com\/avatar\/adc63f40e2c832dac25e11feaef9ac523a32eaf25722d8b78fcb7c6603af7f85?s=96&d=mm&r=g","caption":"Viajero"}}]}},"_links":{"self":[{"href":"https:\/\/www.tempsbarcelona.com\/ca\/wp-json\/wp\/v2\/posts\/2329","targetHints":{"allow":["GET"]}}],"collection":[{"href":"https:\/\/www.tempsbarcelona.com\/ca\/wp-json\/wp\/v2\/posts"}],"about":[{"href":"https:\/\/www.tempsbarcelona.com\/ca\/wp-json\/wp\/v2\/types\/post"}],"author":[{"embeddable":true,"href":"https:\/\/www.tempsbarcelona.com\/ca\/wp-json\/wp\/v2\/users\/2"}],"replies":[{"embeddable":true,"href":"https:\/\/www.tempsbarcelona.com\/ca\/wp-json\/wp\/v2\/comments?post=2329"}],"version-history":[{"count":2,"href":"https:\/\/www.tempsbarcelona.com\/ca\/wp-json\/wp\/v2\/posts\/2329\/revisions"}],"predecessor-version":[{"id":2466,"href":"https:\/\/www.tempsbarcelona.com\/ca\/wp-json\/wp\/v2\/posts\/2329\/revisions\/2466"}],"wp:featuredmedia":[{"embeddable":true,"href":"https:\/\/www.tempsbarcelona.com\/ca\/wp-json\/wp\/v2\/media\/2318"}],"wp:attachment":[{"href":"https:\/\/www.tempsbarcelona.com\/ca\/wp-json\/wp\/v2\/media?parent=2329"}],"wp:term":[{"taxonomy":"category","embeddable":true,"href":"https:\/\/www.tempsbarcelona.com\/ca\/wp-json\/wp\/v2\/categories?post=2329"},{"taxonomy":"post_tag","embeddable":true,"href":"https:\/\/www.tempsbarcelona.com\/ca\/wp-json\/wp\/v2\/tags?post=2329"}],"curies":[{"name":"wp","href":"https:\/\/api.w.org\/{rel}","templated":true}]}}