{"id":2006,"date":"2024-04-17T09:13:25","date_gmt":"2024-04-17T09:13:25","guid":{"rendered":"https:\/\/derutasyvinos.com\/?p=2006"},"modified":"2024-04-17T09:17:56","modified_gmt":"2024-04-17T09:17:56","slug":"argentina-un-viatge-al-pais-del-tango-i-del-malbec","status":"publish","type":"post","link":"https:\/\/www.tempsbarcelona.com\/ca\/argentina-un-viatge-al-pais-del-tango-i-del-malbec\/","title":{"rendered":"Argentina: Un Viatge al Pa\u00eds del Tango i del Malbec"},"content":{"rendered":"<p>Argentina, un pa\u00eds de bellesa impressionant on la passi\u00f3, la cultura i els paisatges espectaculars us esperen a cada cantonada. En aquest blog, us portarem a descobrir les meravelles d&#8217;Argentina, des de les ciutats vibrants fins a les terres salvatges, i des dels vins reconeguts fins a la deliciosa cuina.<\/p>\n<h2>Tango, Passi\u00f3 i Cultura<\/h2>\n<p>Argentina \u00e9s el bressol del tango, aquesta dansa sensual i captivadora que captura l&#8217;ess\u00e8ncia mateixa de la passi\u00f3 i l&#8217;emoci\u00f3. A Buenos Aires, la vibranta capital d&#8217;Argentina, podeu gaudir d&#8217;espectacles de tango fascinants en milongues tradicionals, o fins i tot aprendre uns quants passos dels mestres locals. Submergiu-vos en l&#8217;atmosfera el\u00e8ctrica dels barris hist\u00f2rics com San Telmo i La Boca, on l&#8217;art, la m\u00fasica i la dansa es fusionen per crear una experi\u00e8ncia inoblidable.<\/p>\n<h2>Paisatges Impressionants<\/h2>\n<p>Argentina \u00e9s un pa\u00eds de notable diversitat geogr\u00e0fica, amb paisatges tan variats com espectaculars. Des del majestu\u00f3s glaciar Perito Moreno a la Patag\u00f2nia fins a les cims nevats dels Andes, i des de les extenses planes de la pampa fins als deserts \u00e0rids del nord-oest, cada regi\u00f3 ofereix les seves pr\u00f2pies sorpreses i meravelles. Exploreu les catarates d&#8217;Iguaz\u00fa, entre les m\u00e9s grans i espectaculars del m\u00f3n, o feu senderisme als parcs nacionals per descobrir una fauna i flora riques i variades.<\/p>\n<h2>Vins d&#8217;Excel\u00b7l\u00e8ncia i Cuina Deliciosa<\/h2>\n<p>Argentina tamb\u00e9 \u00e9s coneguda per la seva producci\u00f3 de vins de qualitat, especialment el seu emblem\u00e0tic Malbec. Les vinyes argentines s&#8217;estenen per centenars de quil\u00f2metres al llarg dels vessants dels Andes, beneficiant-se d&#8217;un clima ideal i s\u00f2ls f\u00e8rtils per produir vins d&#8217;una gran intensitat i una riquesa arom\u00e0tica incomparable. Descobriu regions vitivin\u00edcoles reconegudes com Mendoza, Salta i San Juan, on podeu tastar Malbecs sedosos, Torront\u00e9s arom\u00e0tics i Cabernet Sauvignons poderosos en entorns encantadors.<\/p>\n<p>La cuina argentina reflecteix la seva diversitat cultural, barrejant influ\u00e8ncies europees, aut\u00f2ctones i africanes per crear plats saborosos i abundants. No deixeu de provar un delici\u00f3s asado, una barbacoa argentina tradicional, acompanyat d&#8217;un got de Malbec per a una experi\u00e8ncia culin\u00e0ria aut\u00e8ntica. Tamb\u00e9 proveu les empanades, els choripanes i els alfajores, del\u00edcies que testimonien la riquesa culin\u00e0ria d&#8217;aquest pa\u00eds fascinant.<\/p>\n<p>Argentina \u00e9s una destinaci\u00f3 que no us podeu perdre per als viatgers que busquen aventura, cultura i gastronomia. Ja sigui que siguin uns apassionats ballarins, uns amants del vi o simplement busquin noves experi\u00e8ncies, aquest pa\u00eds fascinant us captivar\u00e0 i sorprendr\u00e0 a cada gir. Prepareu-vos per a moments inoblidables i per crear records duradors en el vostre viatge a Argentina.<\/p>\n","protected":false},"excerpt":{"rendered":"<p>Argentina, un pa\u00eds de bellesa impressionant on la passi\u00f3, la cultura i els paisatges espectaculars us esperen a cada cantonada. En aquest blog, us portarem a descobrir les meravelles d&#8217;Argentina, des de les ciutats vibrants fins a les terres salvatges, i des dels vins reconeguts fins a la deliciosa cuina. Tango, Passi\u00f3 i Cultura Argentina [&hellip;]<\/p>\n","protected":false},"author":2,"featured_media":1997,"comment_status":"open","ping_status":"open","sticky":false,"template":"","format":"standard","meta":{"_et_pb_use_builder":"","_et_pb_old_content":"","_et_gb_content_width":"","footnotes":""},"categories":[1],"tags":[],"class_list":["post-2006","post","type-post","status-publish","format-standard","has-post-thumbnail","hentry","category-sin-categorizar"],"yoast_head":"<!-- This site is optimized with the Yoast SEO plugin v25.1 - https:\/\/yoast.com\/wordpress\/plugins\/seo\/ -->\n<title>Argentina: Un Viatge al Pa\u00eds del Tango i del Malbec - Temps Barcelona<\/title>\n<meta name=\"robots\" content=\"noindex, follow, max-snippet:-1, max-image-preview:large, max-video-preview:-1\" \/>\n<meta property=\"og:locale\" content=\"ca_ES\" \/>\n<meta property=\"og:type\" content=\"article\" \/>\n<meta property=\"og:title\" content=\"Argentina: Un Viatge al Pa\u00eds del Tango i del Malbec - Temps Barcelona\" \/>\n<meta property=\"og:description\" content=\"Argentina, un pa\u00eds de bellesa impressionant on la passi\u00f3, la cultura i els paisatges espectaculars us esperen a cada cantonada. En aquest blog, us portarem a descobrir les meravelles d&#8217;Argentina, des de les ciutats vibrants fins a les terres salvatges, i des dels vins reconeguts fins a la deliciosa cuina. Tango, Passi\u00f3 i Cultura Argentina [&hellip;]\" \/>\n<meta property=\"og:url\" content=\"https:\/\/www.tempsbarcelona.com\/ca\/argentina-un-viatge-al-pais-del-tango-i-del-malbec\/\" \/>\n<meta property=\"og:site_name\" content=\"Temps Barcelona\" \/>\n<meta property=\"article:published_time\" content=\"2024-04-17T09:13:25+00:00\" \/>\n<meta property=\"article:modified_time\" content=\"2024-04-17T09:17:56+00:00\" \/>\n<meta property=\"og:image\" content=\"https:\/\/www.tempsbarcelona.com\/wp-content\/uploads\/2024\/04\/IMG-20240417-WA0002.jpg\" \/>\n\t<meta property=\"og:image:width\" content=\"1080\" \/>\n\t<meta property=\"og:image:height\" content=\"1920\" \/>\n\t<meta property=\"og:image:type\" content=\"image\/jpeg\" \/>\n<meta name=\"author\" content=\"Viajero\" \/>\n<meta name=\"twitter:card\" content=\"summary_large_image\" \/>\n<meta name=\"twitter:label1\" content=\"Escrit per\" \/>\n\t<meta name=\"twitter:data1\" content=\"Viajero\" \/>\n\t<meta name=\"twitter:label2\" content=\"Temps estimat de lectura\" \/>\n\t<meta name=\"twitter:data2\" content=\"2 minuts\" \/>\n<script type=\"application\/ld+json\" class=\"yoast-schema-graph\">{\"@context\":\"https:\/\/schema.org\",\"@graph\":[{\"@type\":\"WebPage\",\"@id\":\"https:\/\/www.tempsbarcelona.com\/ca\/argentina-un-viatge-al-pais-del-tango-i-del-malbec\/\",\"url\":\"https:\/\/www.tempsbarcelona.com\/ca\/argentina-un-viatge-al-pais-del-tango-i-del-malbec\/\",\"name\":\"Argentina: Un Viatge al Pa\u00eds del Tango i del Malbec - Temps Barcelona\",\"isPartOf\":{\"@id\":\"https:\/\/www.tempsbarcelona.com\/ca\/#website\"},\"primaryImageOfPage\":{\"@id\":\"https:\/\/www.tempsbarcelona.com\/ca\/argentina-un-viatge-al-pais-del-tango-i-del-malbec\/#primaryimage\"},\"image\":{\"@id\":\"https:\/\/www.tempsbarcelona.com\/ca\/argentina-un-viatge-al-pais-del-tango-i-del-malbec\/#primaryimage\"},\"thumbnailUrl\":\"https:\/\/www.tempsbarcelona.com\/wp-content\/uploads\/2024\/04\/IMG-20240417-WA0002.jpg\",\"datePublished\":\"2024-04-17T09:13:25+00:00\",\"dateModified\":\"2024-04-17T09:17:56+00:00\",\"author\":{\"@id\":\"https:\/\/www.tempsbarcelona.com\/ca\/#\/schema\/person\/42e402d68007d6b23123a37e43aca822\"},\"breadcrumb\":{\"@id\":\"https:\/\/www.tempsbarcelona.com\/ca\/argentina-un-viatge-al-pais-del-tango-i-del-malbec\/#breadcrumb\"},\"inLanguage\":\"ca\",\"potentialAction\":[{\"@type\":\"ReadAction\",\"target\":[\"https:\/\/www.tempsbarcelona.com\/ca\/argentina-un-viatge-al-pais-del-tango-i-del-malbec\/\"]}]},{\"@type\":\"ImageObject\",\"inLanguage\":\"ca\",\"@id\":\"https:\/\/www.tempsbarcelona.com\/ca\/argentina-un-viatge-al-pais-del-tango-i-del-malbec\/#primaryimage\",\"url\":\"https:\/\/www.tempsbarcelona.com\/wp-content\/uploads\/2024\/04\/IMG-20240417-WA0002.jpg\",\"contentUrl\":\"https:\/\/www.tempsbarcelona.com\/wp-content\/uploads\/2024\/04\/IMG-20240417-WA0002.jpg\",\"width\":1080,\"height\":1920},{\"@type\":\"BreadcrumbList\",\"@id\":\"https:\/\/www.tempsbarcelona.com\/ca\/argentina-un-viatge-al-pais-del-tango-i-del-malbec\/#breadcrumb\",\"itemListElement\":[{\"@type\":\"ListItem\",\"position\":1,\"name\":\"Portada\",\"item\":\"https:\/\/www.tempsbarcelona.com\/ca\/temps-barcelona\/\"},{\"@type\":\"ListItem\",\"position\":2,\"name\":\"Argentina: Un Viatge al Pa\u00eds del Tango i del Malbec\"}]},{\"@type\":\"WebSite\",\"@id\":\"https:\/\/www.tempsbarcelona.com\/ca\/#website\",\"url\":\"https:\/\/www.tempsbarcelona.com\/ca\/\",\"name\":\"Temps Barcelona\",\"description\":\"\",\"potentialAction\":[{\"@type\":\"SearchAction\",\"target\":{\"@type\":\"EntryPoint\",\"urlTemplate\":\"https:\/\/www.tempsbarcelona.com\/ca\/?s={search_term_string}\"},\"query-input\":{\"@type\":\"PropertyValueSpecification\",\"valueRequired\":true,\"valueName\":\"search_term_string\"}}],\"inLanguage\":\"ca\"},{\"@type\":\"Person\",\"@id\":\"https:\/\/www.tempsbarcelona.com\/ca\/#\/schema\/person\/42e402d68007d6b23123a37e43aca822\",\"name\":\"Viajero\",\"image\":{\"@type\":\"ImageObject\",\"inLanguage\":\"ca\",\"@id\":\"https:\/\/www.tempsbarcelona.com\/ca\/#\/schema\/person\/image\/\",\"url\":\"https:\/\/secure.gravatar.com\/avatar\/adc63f40e2c832dac25e11feaef9ac523a32eaf25722d8b78fcb7c6603af7f85?s=96&d=mm&r=g\",\"contentUrl\":\"https:\/\/secure.gravatar.com\/avatar\/adc63f40e2c832dac25e11feaef9ac523a32eaf25722d8b78fcb7c6603af7f85?s=96&d=mm&r=g\",\"caption\":\"Viajero\"}}]}<\/script>\n<!-- \/ Yoast SEO plugin. -->","yoast_head_json":{"title":"Argentina: Un Viatge al Pa\u00eds del Tango i del Malbec - Temps Barcelona","robots":{"index":"noindex","follow":"follow","max-snippet":"max-snippet:-1","max-image-preview":"max-image-preview:large","max-video-preview":"max-video-preview:-1"},"og_locale":"ca_ES","og_type":"article","og_title":"Argentina: Un Viatge al Pa\u00eds del Tango i del Malbec - Temps Barcelona","og_description":"Argentina, un pa\u00eds de bellesa impressionant on la passi\u00f3, la cultura i els paisatges espectaculars us esperen a cada cantonada. En aquest blog, us portarem a descobrir les meravelles d&#8217;Argentina, des de les ciutats vibrants fins a les terres salvatges, i des dels vins reconeguts fins a la deliciosa cuina. Tango, Passi\u00f3 i Cultura Argentina [&hellip;]","og_url":"https:\/\/www.tempsbarcelona.com\/ca\/argentina-un-viatge-al-pais-del-tango-i-del-malbec\/","og_site_name":"Temps Barcelona","article_published_time":"2024-04-17T09:13:25+00:00","article_modified_time":"2024-04-17T09:17:56+00:00","og_image":[{"width":1080,"height":1920,"url":"https:\/\/www.tempsbarcelona.com\/wp-content\/uploads\/2024\/04\/IMG-20240417-WA0002.jpg","type":"image\/jpeg"}],"author":"Viajero","twitter_card":"summary_large_image","twitter_misc":{"Escrit per":"Viajero","Temps estimat de lectura":"2 minuts"},"schema":{"@context":"https:\/\/schema.org","@graph":[{"@type":"WebPage","@id":"https:\/\/www.tempsbarcelona.com\/ca\/argentina-un-viatge-al-pais-del-tango-i-del-malbec\/","url":"https:\/\/www.tempsbarcelona.com\/ca\/argentina-un-viatge-al-pais-del-tango-i-del-malbec\/","name":"Argentina: Un Viatge al Pa\u00eds del Tango i del Malbec - Temps Barcelona","isPartOf":{"@id":"https:\/\/www.tempsbarcelona.com\/ca\/#website"},"primaryImageOfPage":{"@id":"https:\/\/www.tempsbarcelona.com\/ca\/argentina-un-viatge-al-pais-del-tango-i-del-malbec\/#primaryimage"},"image":{"@id":"https:\/\/www.tempsbarcelona.com\/ca\/argentina-un-viatge-al-pais-del-tango-i-del-malbec\/#primaryimage"},"thumbnailUrl":"https:\/\/www.tempsbarcelona.com\/wp-content\/uploads\/2024\/04\/IMG-20240417-WA0002.jpg","datePublished":"2024-04-17T09:13:25+00:00","dateModified":"2024-04-17T09:17:56+00:00","author":{"@id":"https:\/\/www.tempsbarcelona.com\/ca\/#\/schema\/person\/42e402d68007d6b23123a37e43aca822"},"breadcrumb":{"@id":"https:\/\/www.tempsbarcelona.com\/ca\/argentina-un-viatge-al-pais-del-tango-i-del-malbec\/#breadcrumb"},"inLanguage":"ca","potentialAction":[{"@type":"ReadAction","target":["https:\/\/www.tempsbarcelona.com\/ca\/argentina-un-viatge-al-pais-del-tango-i-del-malbec\/"]}]},{"@type":"ImageObject","inLanguage":"ca","@id":"https:\/\/www.tempsbarcelona.com\/ca\/argentina-un-viatge-al-pais-del-tango-i-del-malbec\/#primaryimage","url":"https:\/\/www.tempsbarcelona.com\/wp-content\/uploads\/2024\/04\/IMG-20240417-WA0002.jpg","contentUrl":"https:\/\/www.tempsbarcelona.com\/wp-content\/uploads\/2024\/04\/IMG-20240417-WA0002.jpg","width":1080,"height":1920},{"@type":"BreadcrumbList","@id":"https:\/\/www.tempsbarcelona.com\/ca\/argentina-un-viatge-al-pais-del-tango-i-del-malbec\/#breadcrumb","itemListElement":[{"@type":"ListItem","position":1,"name":"Portada","item":"https:\/\/www.tempsbarcelona.com\/ca\/temps-barcelona\/"},{"@type":"ListItem","position":2,"name":"Argentina: Un Viatge al Pa\u00eds del Tango i del Malbec"}]},{"@type":"WebSite","@id":"https:\/\/www.tempsbarcelona.com\/ca\/#website","url":"https:\/\/www.tempsbarcelona.com\/ca\/","name":"Temps Barcelona","description":"","potentialAction":[{"@type":"SearchAction","target":{"@type":"EntryPoint","urlTemplate":"https:\/\/www.tempsbarcelona.com\/ca\/?s={search_term_string}"},"query-input":{"@type":"PropertyValueSpecification","valueRequired":true,"valueName":"search_term_string"}}],"inLanguage":"ca"},{"@type":"Person","@id":"https:\/\/www.tempsbarcelona.com\/ca\/#\/schema\/person\/42e402d68007d6b23123a37e43aca822","name":"Viajero","image":{"@type":"ImageObject","inLanguage":"ca","@id":"https:\/\/www.tempsbarcelona.com\/ca\/#\/schema\/person\/image\/","url":"https:\/\/secure.gravatar.com\/avatar\/adc63f40e2c832dac25e11feaef9ac523a32eaf25722d8b78fcb7c6603af7f85?s=96&d=mm&r=g","contentUrl":"https:\/\/secure.gravatar.com\/avatar\/adc63f40e2c832dac25e11feaef9ac523a32eaf25722d8b78fcb7c6603af7f85?s=96&d=mm&r=g","caption":"Viajero"}}]}},"_links":{"self":[{"href":"https:\/\/www.tempsbarcelona.com\/ca\/wp-json\/wp\/v2\/posts\/2006","targetHints":{"allow":["GET"]}}],"collection":[{"href":"https:\/\/www.tempsbarcelona.com\/ca\/wp-json\/wp\/v2\/posts"}],"about":[{"href":"https:\/\/www.tempsbarcelona.com\/ca\/wp-json\/wp\/v2\/types\/post"}],"author":[{"embeddable":true,"href":"https:\/\/www.tempsbarcelona.com\/ca\/wp-json\/wp\/v2\/users\/2"}],"replies":[{"embeddable":true,"href":"https:\/\/www.tempsbarcelona.com\/ca\/wp-json\/wp\/v2\/comments?post=2006"}],"version-history":[{"count":1,"href":"https:\/\/www.tempsbarcelona.com\/ca\/wp-json\/wp\/v2\/posts\/2006\/revisions"}],"predecessor-version":[{"id":2007,"href":"https:\/\/www.tempsbarcelona.com\/ca\/wp-json\/wp\/v2\/posts\/2006\/revisions\/2007"}],"wp:featuredmedia":[{"embeddable":true,"href":"https:\/\/www.tempsbarcelona.com\/ca\/wp-json\/wp\/v2\/media\/1997"}],"wp:attachment":[{"href":"https:\/\/www.tempsbarcelona.com\/ca\/wp-json\/wp\/v2\/media?parent=2006"}],"wp:term":[{"taxonomy":"category","embeddable":true,"href":"https:\/\/www.tempsbarcelona.com\/ca\/wp-json\/wp\/v2\/categories?post=2006"},{"taxonomy":"post_tag","embeddable":true,"href":"https:\/\/www.tempsbarcelona.com\/ca\/wp-json\/wp\/v2\/tags?post=2006"}],"curies":[{"name":"wp","href":"https:\/\/api.w.org\/{rel}","templated":true}]}}