{"id":1991,"date":"2024-04-17T08:27:41","date_gmt":"2024-04-17T08:27:41","guid":{"rendered":"https:\/\/derutasyvinos.com\/?p=1991"},"modified":"2024-04-17T08:56:46","modified_gmt":"2024-04-17T08:56:46","slug":"sud-africa-un-viatge-al-cor-de-la-diversitat","status":"publish","type":"post","link":"https:\/\/www.tempsbarcelona.com\/ca\/sud-africa-un-viatge-al-cor-de-la-diversitat\/","title":{"rendered":"Sud-\u00e0frica: un viatge al cor de la diversitat"},"content":{"rendered":"<p>Benvingut al bressol de la diversitat, Sud-\u00e0frica, un pa\u00eds fascinant que captiva viatgers d&#8217;arreu del m\u00f3n amb la seva rica cultura, bellesa natural i hist\u00f2ria captivadora. En aquest blog, et portarem a descobrir els tresors amagats d&#8217;aquest magn\u00edfic pa\u00eds.<\/p>\n<h2>Un Patchwork Cultural<\/h2>\n<p>Sud-\u00e0frica \u00e9s un aut\u00e8ntic gresol cultural, on les tradicions ancestrals dels pobles ind\u00edgenes es barregen amb influ\u00e8ncies europees, asi\u00e0tiques i africanes. Des dels animats municipis de Johannesburg fins als barris de moda de Ciutat del Cap, cada ciutat ofereix una visi\u00f3 \u00fanica d&#8217;aquesta diversitat cultural. Exploreu els colorits mercats, degusteu les del\u00edcies de la cuina sud-africana i balleu al ritme captivador de la m\u00fasica local per a una experi\u00e8ncia aut\u00e8ntica i inoblidable.<\/p>\n<h2>Natura impressionant<\/h2>\n<p>Sud-\u00e0frica \u00e9s un parad\u00eds per als amants de la natura, amb els seus paisatges variats i espectaculars. Des de l&#8217;\u00e0rid desert de Kalahari fins a les majestuoses muntanyes de Drakensberg, passant per les interminables sabanes del Parc Nacional Kruger, la diversitat geogr\u00e0fica del pa\u00eds \u00e9s impressionant. Fes un safari per observar els cinc grans al seu h\u00e0bitat natural, explora les reserves marines per nedar amb taurons i lleons marins o passeja per les costes salvatges per admirar balenes i dofins.<\/p>\n<h2>Una hist\u00f2ria en moviment<\/h2>\n<p>Sud-\u00e0frica t\u00e9 una hist\u00f2ria tumultuosa marcada per l&#8217;apartheid, per\u00f2 tamb\u00e9 \u00e9s l&#8217;escenari de molts actes de resist\u00e8ncia i reconciliaci\u00f3. Exploreu els museus i monuments que relaten aquest per\u00edode fosc de la hist\u00f2ria del pa\u00eds, com ara el Museu de l&#8217;Apartheid de Johannesburg i l&#8217;illa Robben a la costa de Ciutat del Cap, on Nelson Mandela va estar empresonat durant 18 anys. Descobriu tamb\u00e9 barris hist\u00f2rics com Soweto i District Six, que s\u00f3n testimoni de la lluita i la resili\u00e8ncia del poble sud-afric\u00e0.<\/p>\n<h2>Una destinaci\u00f3 gastron\u00f2mica<\/h2>\n<p>La cuina sud-africana reflecteix la seva diversitat cultural, barrejant sabors i t\u00e8cniques culin\u00e0ries de diferents regions del m\u00f3n. Proveu plats tradicionals com el braai (barbacoa sud-africana), bobotie (un plat picant de carn picada) i biltong (carn seca). A m\u00e9s, no us perdeu de tastar els famosos vins de Ciutat del Cap, produ\u00efts a les pintoresques vinyes de la regi\u00f3 del Cap Occidental.<\/p>\n<p>Sud-\u00e0frica \u00e9s una destinaci\u00f3 privilegiada per als amants del vi, amb els seus pintorescs paisatges vin\u00edcoles i les seves vinyes de renom. La regi\u00f3 del Cap Occidental, en particular, \u00e9s coneguda per la seva producci\u00f3 de vins premium. Exploreu la famosa Ruta del Vi del Cap, que serpenteja per les valls verdes de Stellenbosch, Franschhoek i Paarl, i descobriu cellers de propietat familiar, aix\u00ed com les principals cases de vins.<\/p>\n<p>South African vineyards are renowned for their complex red wines and refreshing white wines, as well as for their world-class sparkling wines. Taste the famous Pinotage, a unique South African grape with a bold character and aromas of red fruits and spices. Also taste the elegant Chardonnays, the aromatic Sauvignons Blancs and the sparkling Methods Cap Classique, which rival the best wines in the world.<\/p>\n<p>Beyond traditional tastings, many wineries also offer unique experiences, such as gourmet lunches with food and wine pairings, guided tours of the cellars and walks through the vineyards. Soak up the peaceful atmosphere of the vineyards, admire the panoramic views of the surrounding mountains and experience the art of South African winemaking on an immersive tour of one of the region\u2019s renowned wineries.<\/p>\n<p>South Africa offers an incomparable wine experience, where passion, tradition and quality come together to create exceptional wines. Whether you are an experienced wine lover or a curious novice, don\u2019t miss the opportunity to discover the wine treasures of this fascinating country on your next visit.<\/p>\n","protected":false},"excerpt":{"rendered":"<p>Benvingut al bressol de la diversitat, Sud-\u00e0frica, un pa\u00eds fascinant que captiva viatgers d&#8217;arreu del m\u00f3n amb la seva rica cultura, bellesa natural i hist\u00f2ria captivadora. En aquest blog, et portarem a descobrir els tresors amagats d&#8217;aquest magn\u00edfic pa\u00eds. Un Patchwork Cultural Sud-\u00e0frica \u00e9s un aut\u00e8ntic gresol cultural, on les tradicions ancestrals dels pobles ind\u00edgenes [&hellip;]<\/p>\n","protected":false},"author":2,"featured_media":1973,"comment_status":"open","ping_status":"open","sticky":false,"template":"","format":"standard","meta":{"_et_pb_use_builder":"","_et_pb_old_content":"","_et_gb_content_width":"","footnotes":""},"categories":[1],"tags":[],"class_list":["post-1991","post","type-post","status-publish","format-standard","has-post-thumbnail","hentry","category-sin-categorizar"],"yoast_head":"<!-- This site is optimized with the Yoast SEO plugin v25.1 - https:\/\/yoast.com\/wordpress\/plugins\/seo\/ -->\n<title>Sud-\u00e0frica: un viatge al cor de la diversitat - Temps Barcelona<\/title>\n<meta name=\"robots\" content=\"noindex, follow, max-snippet:-1, max-image-preview:large, max-video-preview:-1\" \/>\n<meta property=\"og:locale\" content=\"ca_ES\" \/>\n<meta property=\"og:type\" content=\"article\" \/>\n<meta property=\"og:title\" content=\"Sud-\u00e0frica: un viatge al cor de la diversitat - Temps Barcelona\" \/>\n<meta property=\"og:description\" content=\"Benvingut al bressol de la diversitat, Sud-\u00e0frica, un pa\u00eds fascinant que captiva viatgers d&#8217;arreu del m\u00f3n amb la seva rica cultura, bellesa natural i hist\u00f2ria captivadora. En aquest blog, et portarem a descobrir els tresors amagats d&#8217;aquest magn\u00edfic pa\u00eds. Un Patchwork Cultural Sud-\u00e0frica \u00e9s un aut\u00e8ntic gresol cultural, on les tradicions ancestrals dels pobles ind\u00edgenes [&hellip;]\" \/>\n<meta property=\"og:url\" content=\"https:\/\/www.tempsbarcelona.com\/ca\/sud-africa-un-viatge-al-cor-de-la-diversitat\/\" \/>\n<meta property=\"og:site_name\" content=\"Temps Barcelona\" \/>\n<meta property=\"article:published_time\" content=\"2024-04-17T08:27:41+00:00\" \/>\n<meta property=\"article:modified_time\" content=\"2024-04-17T08:56:46+00:00\" \/>\n<meta property=\"og:image\" content=\"https:\/\/www.tempsbarcelona.com\/wp-content\/uploads\/2024\/04\/434510308_315526918240015_5352463443579058424_n.jpg\" \/>\n\t<meta property=\"og:image:width\" content=\"1500\" \/>\n\t<meta property=\"og:image:height\" content=\"2000\" \/>\n\t<meta property=\"og:image:type\" content=\"image\/jpeg\" \/>\n<meta name=\"author\" content=\"Viajero\" \/>\n<meta name=\"twitter:card\" content=\"summary_large_image\" \/>\n<meta name=\"twitter:label1\" content=\"Escrit per\" \/>\n\t<meta name=\"twitter:data1\" content=\"Viajero\" \/>\n\t<meta name=\"twitter:label2\" content=\"Temps estimat de lectura\" \/>\n\t<meta name=\"twitter:data2\" content=\"3 minuts\" \/>\n<script type=\"application\/ld+json\" class=\"yoast-schema-graph\">{\"@context\":\"https:\/\/schema.org\",\"@graph\":[{\"@type\":\"WebPage\",\"@id\":\"https:\/\/www.tempsbarcelona.com\/ca\/sud-africa-un-viatge-al-cor-de-la-diversitat\/\",\"url\":\"https:\/\/www.tempsbarcelona.com\/ca\/sud-africa-un-viatge-al-cor-de-la-diversitat\/\",\"name\":\"Sud-\u00e0frica: un viatge al cor de la diversitat - Temps Barcelona\",\"isPartOf\":{\"@id\":\"https:\/\/www.tempsbarcelona.com\/ca\/#website\"},\"primaryImageOfPage\":{\"@id\":\"https:\/\/www.tempsbarcelona.com\/ca\/sud-africa-un-viatge-al-cor-de-la-diversitat\/#primaryimage\"},\"image\":{\"@id\":\"https:\/\/www.tempsbarcelona.com\/ca\/sud-africa-un-viatge-al-cor-de-la-diversitat\/#primaryimage\"},\"thumbnailUrl\":\"https:\/\/www.tempsbarcelona.com\/wp-content\/uploads\/2024\/04\/434510308_315526918240015_5352463443579058424_n.jpg\",\"datePublished\":\"2024-04-17T08:27:41+00:00\",\"dateModified\":\"2024-04-17T08:56:46+00:00\",\"author\":{\"@id\":\"https:\/\/www.tempsbarcelona.com\/ca\/#\/schema\/person\/42e402d68007d6b23123a37e43aca822\"},\"breadcrumb\":{\"@id\":\"https:\/\/www.tempsbarcelona.com\/ca\/sud-africa-un-viatge-al-cor-de-la-diversitat\/#breadcrumb\"},\"inLanguage\":\"ca\",\"potentialAction\":[{\"@type\":\"ReadAction\",\"target\":[\"https:\/\/www.tempsbarcelona.com\/ca\/sud-africa-un-viatge-al-cor-de-la-diversitat\/\"]}]},{\"@type\":\"ImageObject\",\"inLanguage\":\"ca\",\"@id\":\"https:\/\/www.tempsbarcelona.com\/ca\/sud-africa-un-viatge-al-cor-de-la-diversitat\/#primaryimage\",\"url\":\"https:\/\/www.tempsbarcelona.com\/wp-content\/uploads\/2024\/04\/434510308_315526918240015_5352463443579058424_n.jpg\",\"contentUrl\":\"https:\/\/www.tempsbarcelona.com\/wp-content\/uploads\/2024\/04\/434510308_315526918240015_5352463443579058424_n.jpg\",\"width\":1500,\"height\":2000},{\"@type\":\"BreadcrumbList\",\"@id\":\"https:\/\/www.tempsbarcelona.com\/ca\/sud-africa-un-viatge-al-cor-de-la-diversitat\/#breadcrumb\",\"itemListElement\":[{\"@type\":\"ListItem\",\"position\":1,\"name\":\"Portada\",\"item\":\"https:\/\/www.tempsbarcelona.com\/ca\/temps-barcelona\/\"},{\"@type\":\"ListItem\",\"position\":2,\"name\":\"Sud-\u00e0frica: un viatge al cor de la diversitat\"}]},{\"@type\":\"WebSite\",\"@id\":\"https:\/\/www.tempsbarcelona.com\/ca\/#website\",\"url\":\"https:\/\/www.tempsbarcelona.com\/ca\/\",\"name\":\"Temps Barcelona\",\"description\":\"\",\"potentialAction\":[{\"@type\":\"SearchAction\",\"target\":{\"@type\":\"EntryPoint\",\"urlTemplate\":\"https:\/\/www.tempsbarcelona.com\/ca\/?s={search_term_string}\"},\"query-input\":{\"@type\":\"PropertyValueSpecification\",\"valueRequired\":true,\"valueName\":\"search_term_string\"}}],\"inLanguage\":\"ca\"},{\"@type\":\"Person\",\"@id\":\"https:\/\/www.tempsbarcelona.com\/ca\/#\/schema\/person\/42e402d68007d6b23123a37e43aca822\",\"name\":\"Viajero\",\"image\":{\"@type\":\"ImageObject\",\"inLanguage\":\"ca\",\"@id\":\"https:\/\/www.tempsbarcelona.com\/ca\/#\/schema\/person\/image\/\",\"url\":\"https:\/\/secure.gravatar.com\/avatar\/adc63f40e2c832dac25e11feaef9ac523a32eaf25722d8b78fcb7c6603af7f85?s=96&d=mm&r=g\",\"contentUrl\":\"https:\/\/secure.gravatar.com\/avatar\/adc63f40e2c832dac25e11feaef9ac523a32eaf25722d8b78fcb7c6603af7f85?s=96&d=mm&r=g\",\"caption\":\"Viajero\"}}]}<\/script>\n<!-- \/ Yoast SEO plugin. -->","yoast_head_json":{"title":"Sud-\u00e0frica: un viatge al cor de la diversitat - Temps Barcelona","robots":{"index":"noindex","follow":"follow","max-snippet":"max-snippet:-1","max-image-preview":"max-image-preview:large","max-video-preview":"max-video-preview:-1"},"og_locale":"ca_ES","og_type":"article","og_title":"Sud-\u00e0frica: un viatge al cor de la diversitat - Temps Barcelona","og_description":"Benvingut al bressol de la diversitat, Sud-\u00e0frica, un pa\u00eds fascinant que captiva viatgers d&#8217;arreu del m\u00f3n amb la seva rica cultura, bellesa natural i hist\u00f2ria captivadora. En aquest blog, et portarem a descobrir els tresors amagats d&#8217;aquest magn\u00edfic pa\u00eds. Un Patchwork Cultural Sud-\u00e0frica \u00e9s un aut\u00e8ntic gresol cultural, on les tradicions ancestrals dels pobles ind\u00edgenes [&hellip;]","og_url":"https:\/\/www.tempsbarcelona.com\/ca\/sud-africa-un-viatge-al-cor-de-la-diversitat\/","og_site_name":"Temps Barcelona","article_published_time":"2024-04-17T08:27:41+00:00","article_modified_time":"2024-04-17T08:56:46+00:00","og_image":[{"width":1500,"height":2000,"url":"https:\/\/www.tempsbarcelona.com\/wp-content\/uploads\/2024\/04\/434510308_315526918240015_5352463443579058424_n.jpg","type":"image\/jpeg"}],"author":"Viajero","twitter_card":"summary_large_image","twitter_misc":{"Escrit per":"Viajero","Temps estimat de lectura":"3 minuts"},"schema":{"@context":"https:\/\/schema.org","@graph":[{"@type":"WebPage","@id":"https:\/\/www.tempsbarcelona.com\/ca\/sud-africa-un-viatge-al-cor-de-la-diversitat\/","url":"https:\/\/www.tempsbarcelona.com\/ca\/sud-africa-un-viatge-al-cor-de-la-diversitat\/","name":"Sud-\u00e0frica: un viatge al cor de la diversitat - Temps Barcelona","isPartOf":{"@id":"https:\/\/www.tempsbarcelona.com\/ca\/#website"},"primaryImageOfPage":{"@id":"https:\/\/www.tempsbarcelona.com\/ca\/sud-africa-un-viatge-al-cor-de-la-diversitat\/#primaryimage"},"image":{"@id":"https:\/\/www.tempsbarcelona.com\/ca\/sud-africa-un-viatge-al-cor-de-la-diversitat\/#primaryimage"},"thumbnailUrl":"https:\/\/www.tempsbarcelona.com\/wp-content\/uploads\/2024\/04\/434510308_315526918240015_5352463443579058424_n.jpg","datePublished":"2024-04-17T08:27:41+00:00","dateModified":"2024-04-17T08:56:46+00:00","author":{"@id":"https:\/\/www.tempsbarcelona.com\/ca\/#\/schema\/person\/42e402d68007d6b23123a37e43aca822"},"breadcrumb":{"@id":"https:\/\/www.tempsbarcelona.com\/ca\/sud-africa-un-viatge-al-cor-de-la-diversitat\/#breadcrumb"},"inLanguage":"ca","potentialAction":[{"@type":"ReadAction","target":["https:\/\/www.tempsbarcelona.com\/ca\/sud-africa-un-viatge-al-cor-de-la-diversitat\/"]}]},{"@type":"ImageObject","inLanguage":"ca","@id":"https:\/\/www.tempsbarcelona.com\/ca\/sud-africa-un-viatge-al-cor-de-la-diversitat\/#primaryimage","url":"https:\/\/www.tempsbarcelona.com\/wp-content\/uploads\/2024\/04\/434510308_315526918240015_5352463443579058424_n.jpg","contentUrl":"https:\/\/www.tempsbarcelona.com\/wp-content\/uploads\/2024\/04\/434510308_315526918240015_5352463443579058424_n.jpg","width":1500,"height":2000},{"@type":"BreadcrumbList","@id":"https:\/\/www.tempsbarcelona.com\/ca\/sud-africa-un-viatge-al-cor-de-la-diversitat\/#breadcrumb","itemListElement":[{"@type":"ListItem","position":1,"name":"Portada","item":"https:\/\/www.tempsbarcelona.com\/ca\/temps-barcelona\/"},{"@type":"ListItem","position":2,"name":"Sud-\u00e0frica: un viatge al cor de la diversitat"}]},{"@type":"WebSite","@id":"https:\/\/www.tempsbarcelona.com\/ca\/#website","url":"https:\/\/www.tempsbarcelona.com\/ca\/","name":"Temps Barcelona","description":"","potentialAction":[{"@type":"SearchAction","target":{"@type":"EntryPoint","urlTemplate":"https:\/\/www.tempsbarcelona.com\/ca\/?s={search_term_string}"},"query-input":{"@type":"PropertyValueSpecification","valueRequired":true,"valueName":"search_term_string"}}],"inLanguage":"ca"},{"@type":"Person","@id":"https:\/\/www.tempsbarcelona.com\/ca\/#\/schema\/person\/42e402d68007d6b23123a37e43aca822","name":"Viajero","image":{"@type":"ImageObject","inLanguage":"ca","@id":"https:\/\/www.tempsbarcelona.com\/ca\/#\/schema\/person\/image\/","url":"https:\/\/secure.gravatar.com\/avatar\/adc63f40e2c832dac25e11feaef9ac523a32eaf25722d8b78fcb7c6603af7f85?s=96&d=mm&r=g","contentUrl":"https:\/\/secure.gravatar.com\/avatar\/adc63f40e2c832dac25e11feaef9ac523a32eaf25722d8b78fcb7c6603af7f85?s=96&d=mm&r=g","caption":"Viajero"}}]}},"_links":{"self":[{"href":"https:\/\/www.tempsbarcelona.com\/ca\/wp-json\/wp\/v2\/posts\/1991","targetHints":{"allow":["GET"]}}],"collection":[{"href":"https:\/\/www.tempsbarcelona.com\/ca\/wp-json\/wp\/v2\/posts"}],"about":[{"href":"https:\/\/www.tempsbarcelona.com\/ca\/wp-json\/wp\/v2\/types\/post"}],"author":[{"embeddable":true,"href":"https:\/\/www.tempsbarcelona.com\/ca\/wp-json\/wp\/v2\/users\/2"}],"replies":[{"embeddable":true,"href":"https:\/\/www.tempsbarcelona.com\/ca\/wp-json\/wp\/v2\/comments?post=1991"}],"version-history":[{"count":1,"href":"https:\/\/www.tempsbarcelona.com\/ca\/wp-json\/wp\/v2\/posts\/1991\/revisions"}],"predecessor-version":[{"id":1992,"href":"https:\/\/www.tempsbarcelona.com\/ca\/wp-json\/wp\/v2\/posts\/1991\/revisions\/1992"}],"wp:featuredmedia":[{"embeddable":true,"href":"https:\/\/www.tempsbarcelona.com\/ca\/wp-json\/wp\/v2\/media\/1973"}],"wp:attachment":[{"href":"https:\/\/www.tempsbarcelona.com\/ca\/wp-json\/wp\/v2\/media?parent=1991"}],"wp:term":[{"taxonomy":"category","embeddable":true,"href":"https:\/\/www.tempsbarcelona.com\/ca\/wp-json\/wp\/v2\/categories?post=1991"},{"taxonomy":"post_tag","embeddable":true,"href":"https:\/\/www.tempsbarcelona.com\/ca\/wp-json\/wp\/v2\/tags?post=1991"}],"curies":[{"name":"wp","href":"https:\/\/api.w.org\/{rel}","templated":true}]}}