{"id":1948,"date":"2024-04-16T08:27:38","date_gmt":"2024-04-16T08:27:38","guid":{"rendered":"https:\/\/derutasyvinos.com\/?p=1948"},"modified":"2024-04-16T08:36:50","modified_gmt":"2024-04-16T08:36:50","slug":"gaudint-de-lelegancia-una-immersio-en-el-mon-del-moscatel-de-setubal","status":"publish","type":"post","link":"https:\/\/www.tempsbarcelona.com\/ca\/gaudint-de-lelegancia-una-immersio-en-el-mon-del-moscatel-de-setubal\/","title":{"rendered":"Gaudint de l&#8217;Eleg\u00e0ncia: Una Immersi\u00f3 en el M\u00f3n del Moscatel de Set\u00fabal"},"content":{"rendered":"<p>En els vinyers banyats pel sol de Set\u00fabal, Portugal, es troba un tresor conegut pels coneixedors de vi com a Moscatel de Set\u00fabal. Aquest vi fortificat deliciosament dol\u00e7, amb els seus tons \u00e0mbar profunds i sabors complexos, encarna segles de tradici\u00f3 vin\u00edcola i el terroir \u00fanic de la regi\u00f3. Uneix-te a nosaltres en un viatge sofisticat mentre explorem la hist\u00f2ria, l&#8217;artesania i l&#8217;encant d&#8217;aquest n\u00e8ctar tan preuat.<\/p>\n<h1>Un Patrimoni de Distinci\u00f3<\/h1>\n<p>El Moscatel de Set\u00fabal ha estat celebrat durant molt de temps com un dels vins m\u00e9s distingits de Portugal. Els seus or\u00edgens es remunten al segle XIX, quan les varietats de ra\u00efm Muscat dolces i arom\u00e0tiques van trobar el seu lloc perfecte en els s\u00f2ls sorrencs i el clima assolellat de la pen\u00ednsula de Set\u00fabal. Aquest vi fortificat r\u00e0pidament va guanyar elogis per la seva excepcional qualitat i el seu caracter\u00edstic car\u00e0cter.<\/p>\n<h1>La Ra\u00efm Darrere la M\u00e0gia<\/h1>\n<p>Al cor del Moscatel de Set\u00fabal es troba el ra\u00efm Muscat d&#8217;Alexandria, conegut localment com a Moscatel Gra\u00fado. Aquesta antiga varietat de ra\u00efm \u00e9s preuada pels seus intensos aromes florals i fruiters, que infonen el vi amb capes de complexitat. Cultivades en el microclima \u00fanic de Set\u00fabal, on les brises fresques de l&#8217;Oce\u00e0 Atl\u00e0ntic es troben amb la calor del sol, aquests ra\u00efms arriben al seu ple potencial, desenvolupant sabors rics i una dol\u00e7or exquisida.<\/p>\n<h1>Creant l&#8217;Elixir<\/h1>\n<p>La producci\u00f3 del Moscatel de Set\u00fabal \u00e9s un art, que requereix paci\u00e8ncia, habilitat i un profund coneixement de les nuances del ra\u00efm. Despr\u00e9s de la verema, els ra\u00efms es deixen assecar al sol, concentrant els seus sucres i sabors. Quan arriben al nivell de maduresa desitjat, s\u00f3n delicadament premsats i el suc \u00e9s fermentat.<\/p>\n<p>Per\u00f2 aqu\u00ed \u00e9s on la m\u00e0gia comen\u00e7a de veritat. Per fortificar el vi, s&#8217;afegeix un aiguardent de ra\u00efm neutre al most de ra\u00efm en fermentaci\u00f3, aturant la fermentaci\u00f3 i preservant la dol\u00e7or natural dels ra\u00efms. El vi \u00e9s llavors envellit en b\u00f3tes de roure, on desenvolupa les seves caracter\u00edstiques distintives de mel, flor de taronger, fruits secs i una nota d&#8217;esp\u00e8cies.<\/p>\n<h1>Una Simfonia de Sabors<\/h1>\n<p>En servir un got de Moscatel de Set\u00fabal, un queda immediatament captivat pels seus aromes fascinants. El bouquet \u00e9s una barreja harmoniosa de pell de taronja, albercocs melosos i esp\u00e8cies ex\u00f2tiques, convidant-te a prendre un glop i explorar les seves profunditats.<\/p>\n<p>En boca, el vi t&#8217;envolta en un abra\u00e7ada luxosa de dol\u00e7or aterciopelada equilibrada per una acidesa refrescant. Notes de caramel, figues, panses i ametlles torrades ballen a la teva llengua, portant a un final llarg i persistent que deixa una estela de calidesa i satisfacci\u00f3.<\/p>\n<h1>Perfecte per Acompanyar<\/h1>\n<p>El Moscatel de Set\u00fabal no \u00e9s nom\u00e9s un vi; \u00e9s una experi\u00e8ncia per ser gaudida. La seva dol\u00e7or exquisida el converteix en un company delici\u00f3s per a una varietat de plats i postres. Combina&#8217;l amb formatges blaus cremosos, foie gras o pat\u00e9s rics per a un caprici decadent. Per al postres, brillar\u00e0 al costat de pastissos de fruita, crema catalana, o un plat senzill de figues madures i fruits secs.<\/p>\n<h1>Un Brindis a la Tradici\u00f3<\/h1>\n<p>En al\u00e7ar els nostres gots al Moscatel de Set\u00fabal, fem homenatge a les tradicions vin\u00edcoles centen\u00e0ries de Portugal i a les mans h\u00e0bils que han creat aquest exquisit elixir. Cada glop \u00e9s un viatge a trav\u00e9s del temps, una celebraci\u00f3 de la terra, el ra\u00efm i l&#8217;art que els transforma en una simfonia de sabors.<\/p>\n<p>Aix\u00ed que, la propera vegada que cerquis un vi d&#8217;eleg\u00e0ncia i encant, no busquis m\u00e9s enll\u00e0 del Moscatel de Set\u00fabal. Serveix-te un got, tanca els ulls, i deixa que la dol\u00e7or aterciopelada et transporti als vinyers banyats pel sol de Set\u00fabal, on l&#8217;eleg\u00e0ncia i la tradici\u00f3 es troben en cada gota.<\/p>\n<p>El Moscatel de Set\u00fabal no \u00e9s nom\u00e9s un vi; \u00e9s un oda a l&#8217;eleg\u00e0ncia, un testimoni de la tradici\u00f3, i una celebraci\u00f3 de la bellesa de la viticultura portuguesa. La seva rica hist\u00f2ria, sabors complexos, i qualitat incomparable el converteixen en una joia en el m\u00f3n dels vins, mereixedor del seu lloc entre els vins fortificats m\u00e9s estimats del m\u00f3n.<\/p>\n<p>Aix\u00ed que, brindem pel Moscatel de Set\u00fabal &#8211; que el seu encant i eleg\u00e0ncia continu\u00efn captivant amants del vi per generacions.<\/p>\n","protected":false},"excerpt":{"rendered":"<p>En els vinyers banyats pel sol de Set\u00fabal, Portugal, es troba un tresor conegut pels coneixedors de vi com a Moscatel de Set\u00fabal. Aquest vi fortificat deliciosament dol\u00e7, amb els seus tons \u00e0mbar profunds i sabors complexos, encarna segles de tradici\u00f3 vin\u00edcola i el terroir \u00fanic de la regi\u00f3. Uneix-te a nosaltres en un viatge [&hellip;]<\/p>\n","protected":false},"author":2,"featured_media":2655,"comment_status":"open","ping_status":"open","sticky":false,"template":"","format":"standard","meta":{"_et_pb_use_builder":"","_et_pb_old_content":"","_et_gb_content_width":"","footnotes":""},"categories":[64],"tags":[],"class_list":["post-1948","post","type-post","status-publish","format-standard","has-post-thumbnail","hentry","category-portugal-4"],"yoast_head":"<!-- This site is optimized with the Yoast SEO plugin v25.1 - https:\/\/yoast.com\/wordpress\/plugins\/seo\/ -->\n<title>Gaudint de l&#039;Eleg\u00e0ncia: Una Immersi\u00f3 en el M\u00f3n del Moscatel de Set\u00fabal - Temps Barcelona<\/title>\n<meta name=\"robots\" content=\"noindex, follow, max-snippet:-1, max-image-preview:large, max-video-preview:-1\" \/>\n<meta property=\"og:locale\" content=\"ca_ES\" \/>\n<meta property=\"og:type\" content=\"article\" \/>\n<meta property=\"og:title\" content=\"Gaudint de l&#039;Eleg\u00e0ncia: Una Immersi\u00f3 en el M\u00f3n del Moscatel de Set\u00fabal - Temps Barcelona\" \/>\n<meta property=\"og:description\" content=\"En els vinyers banyats pel sol de Set\u00fabal, Portugal, es troba un tresor conegut pels coneixedors de vi com a Moscatel de Set\u00fabal. Aquest vi fortificat deliciosament dol\u00e7, amb els seus tons \u00e0mbar profunds i sabors complexos, encarna segles de tradici\u00f3 vin\u00edcola i el terroir \u00fanic de la regi\u00f3. Uneix-te a nosaltres en un viatge [&hellip;]\" \/>\n<meta property=\"og:url\" content=\"https:\/\/www.tempsbarcelona.com\/ca\/gaudint-de-lelegancia-una-immersio-en-el-mon-del-moscatel-de-setubal\/\" \/>\n<meta property=\"og:site_name\" content=\"Temps Barcelona\" \/>\n<meta property=\"article:published_time\" content=\"2024-04-16T08:27:38+00:00\" \/>\n<meta property=\"article:modified_time\" content=\"2024-04-16T08:36:50+00:00\" \/>\n<meta property=\"og:image\" content=\"https:\/\/www.tempsbarcelona.com\/wp-content\/uploads\/2024\/05\/IMG-20240403-WA00372.jpg\" \/>\n\t<meta property=\"og:image:width\" content=\"1080\" \/>\n\t<meta property=\"og:image:height\" content=\"1920\" \/>\n\t<meta property=\"og:image:type\" content=\"image\/jpeg\" \/>\n<meta name=\"author\" content=\"Viajero\" \/>\n<meta name=\"twitter:card\" content=\"summary_large_image\" \/>\n<meta name=\"twitter:label1\" content=\"Escrit per\" \/>\n\t<meta name=\"twitter:data1\" content=\"Viajero\" \/>\n\t<meta name=\"twitter:label2\" content=\"Temps estimat de lectura\" \/>\n\t<meta name=\"twitter:data2\" content=\"4 minuts\" \/>\n<script type=\"application\/ld+json\" class=\"yoast-schema-graph\">{\"@context\":\"https:\/\/schema.org\",\"@graph\":[{\"@type\":\"WebPage\",\"@id\":\"https:\/\/www.tempsbarcelona.com\/ca\/gaudint-de-lelegancia-una-immersio-en-el-mon-del-moscatel-de-setubal\/\",\"url\":\"https:\/\/www.tempsbarcelona.com\/ca\/gaudint-de-lelegancia-una-immersio-en-el-mon-del-moscatel-de-setubal\/\",\"name\":\"Gaudint de l'Eleg\u00e0ncia: Una Immersi\u00f3 en el M\u00f3n del Moscatel de Set\u00fabal - Temps Barcelona\",\"isPartOf\":{\"@id\":\"https:\/\/www.tempsbarcelona.com\/ca\/#website\"},\"primaryImageOfPage\":{\"@id\":\"https:\/\/www.tempsbarcelona.com\/ca\/gaudint-de-lelegancia-una-immersio-en-el-mon-del-moscatel-de-setubal\/#primaryimage\"},\"image\":{\"@id\":\"https:\/\/www.tempsbarcelona.com\/ca\/gaudint-de-lelegancia-una-immersio-en-el-mon-del-moscatel-de-setubal\/#primaryimage\"},\"thumbnailUrl\":\"https:\/\/www.tempsbarcelona.com\/wp-content\/uploads\/2024\/05\/IMG-20240403-WA00372.jpg\",\"datePublished\":\"2024-04-16T08:27:38+00:00\",\"dateModified\":\"2024-04-16T08:36:50+00:00\",\"author\":{\"@id\":\"https:\/\/www.tempsbarcelona.com\/ca\/#\/schema\/person\/42e402d68007d6b23123a37e43aca822\"},\"breadcrumb\":{\"@id\":\"https:\/\/www.tempsbarcelona.com\/ca\/gaudint-de-lelegancia-una-immersio-en-el-mon-del-moscatel-de-setubal\/#breadcrumb\"},\"inLanguage\":\"ca\",\"potentialAction\":[{\"@type\":\"ReadAction\",\"target\":[\"https:\/\/www.tempsbarcelona.com\/ca\/gaudint-de-lelegancia-una-immersio-en-el-mon-del-moscatel-de-setubal\/\"]}]},{\"@type\":\"ImageObject\",\"inLanguage\":\"ca\",\"@id\":\"https:\/\/www.tempsbarcelona.com\/ca\/gaudint-de-lelegancia-una-immersio-en-el-mon-del-moscatel-de-setubal\/#primaryimage\",\"url\":\"https:\/\/www.tempsbarcelona.com\/wp-content\/uploads\/2024\/05\/IMG-20240403-WA00372.jpg\",\"contentUrl\":\"https:\/\/www.tempsbarcelona.com\/wp-content\/uploads\/2024\/05\/IMG-20240403-WA00372.jpg\",\"width\":1080,\"height\":1920},{\"@type\":\"BreadcrumbList\",\"@id\":\"https:\/\/www.tempsbarcelona.com\/ca\/gaudint-de-lelegancia-una-immersio-en-el-mon-del-moscatel-de-setubal\/#breadcrumb\",\"itemListElement\":[{\"@type\":\"ListItem\",\"position\":1,\"name\":\"Portada\",\"item\":\"https:\/\/www.tempsbarcelona.com\/ca\/temps-barcelona\/\"},{\"@type\":\"ListItem\",\"position\":2,\"name\":\"Gaudint de l&#8217;Eleg\u00e0ncia: Una Immersi\u00f3 en el M\u00f3n del Moscatel de Set\u00fabal\"}]},{\"@type\":\"WebSite\",\"@id\":\"https:\/\/www.tempsbarcelona.com\/ca\/#website\",\"url\":\"https:\/\/www.tempsbarcelona.com\/ca\/\",\"name\":\"Temps Barcelona\",\"description\":\"\",\"potentialAction\":[{\"@type\":\"SearchAction\",\"target\":{\"@type\":\"EntryPoint\",\"urlTemplate\":\"https:\/\/www.tempsbarcelona.com\/ca\/?s={search_term_string}\"},\"query-input\":{\"@type\":\"PropertyValueSpecification\",\"valueRequired\":true,\"valueName\":\"search_term_string\"}}],\"inLanguage\":\"ca\"},{\"@type\":\"Person\",\"@id\":\"https:\/\/www.tempsbarcelona.com\/ca\/#\/schema\/person\/42e402d68007d6b23123a37e43aca822\",\"name\":\"Viajero\",\"image\":{\"@type\":\"ImageObject\",\"inLanguage\":\"ca\",\"@id\":\"https:\/\/www.tempsbarcelona.com\/ca\/#\/schema\/person\/image\/\",\"url\":\"https:\/\/secure.gravatar.com\/avatar\/adc63f40e2c832dac25e11feaef9ac523a32eaf25722d8b78fcb7c6603af7f85?s=96&d=mm&r=g\",\"contentUrl\":\"https:\/\/secure.gravatar.com\/avatar\/adc63f40e2c832dac25e11feaef9ac523a32eaf25722d8b78fcb7c6603af7f85?s=96&d=mm&r=g\",\"caption\":\"Viajero\"}}]}<\/script>\n<!-- \/ Yoast SEO plugin. -->","yoast_head_json":{"title":"Gaudint de l'Eleg\u00e0ncia: Una Immersi\u00f3 en el M\u00f3n del Moscatel de Set\u00fabal - Temps Barcelona","robots":{"index":"noindex","follow":"follow","max-snippet":"max-snippet:-1","max-image-preview":"max-image-preview:large","max-video-preview":"max-video-preview:-1"},"og_locale":"ca_ES","og_type":"article","og_title":"Gaudint de l'Eleg\u00e0ncia: Una Immersi\u00f3 en el M\u00f3n del Moscatel de Set\u00fabal - Temps Barcelona","og_description":"En els vinyers banyats pel sol de Set\u00fabal, Portugal, es troba un tresor conegut pels coneixedors de vi com a Moscatel de Set\u00fabal. Aquest vi fortificat deliciosament dol\u00e7, amb els seus tons \u00e0mbar profunds i sabors complexos, encarna segles de tradici\u00f3 vin\u00edcola i el terroir \u00fanic de la regi\u00f3. Uneix-te a nosaltres en un viatge [&hellip;]","og_url":"https:\/\/www.tempsbarcelona.com\/ca\/gaudint-de-lelegancia-una-immersio-en-el-mon-del-moscatel-de-setubal\/","og_site_name":"Temps Barcelona","article_published_time":"2024-04-16T08:27:38+00:00","article_modified_time":"2024-04-16T08:36:50+00:00","og_image":[{"width":1080,"height":1920,"url":"https:\/\/www.tempsbarcelona.com\/wp-content\/uploads\/2024\/05\/IMG-20240403-WA00372.jpg","type":"image\/jpeg"}],"author":"Viajero","twitter_card":"summary_large_image","twitter_misc":{"Escrit per":"Viajero","Temps estimat de lectura":"4 minuts"},"schema":{"@context":"https:\/\/schema.org","@graph":[{"@type":"WebPage","@id":"https:\/\/www.tempsbarcelona.com\/ca\/gaudint-de-lelegancia-una-immersio-en-el-mon-del-moscatel-de-setubal\/","url":"https:\/\/www.tempsbarcelona.com\/ca\/gaudint-de-lelegancia-una-immersio-en-el-mon-del-moscatel-de-setubal\/","name":"Gaudint de l'Eleg\u00e0ncia: Una Immersi\u00f3 en el M\u00f3n del Moscatel de Set\u00fabal - Temps Barcelona","isPartOf":{"@id":"https:\/\/www.tempsbarcelona.com\/ca\/#website"},"primaryImageOfPage":{"@id":"https:\/\/www.tempsbarcelona.com\/ca\/gaudint-de-lelegancia-una-immersio-en-el-mon-del-moscatel-de-setubal\/#primaryimage"},"image":{"@id":"https:\/\/www.tempsbarcelona.com\/ca\/gaudint-de-lelegancia-una-immersio-en-el-mon-del-moscatel-de-setubal\/#primaryimage"},"thumbnailUrl":"https:\/\/www.tempsbarcelona.com\/wp-content\/uploads\/2024\/05\/IMG-20240403-WA00372.jpg","datePublished":"2024-04-16T08:27:38+00:00","dateModified":"2024-04-16T08:36:50+00:00","author":{"@id":"https:\/\/www.tempsbarcelona.com\/ca\/#\/schema\/person\/42e402d68007d6b23123a37e43aca822"},"breadcrumb":{"@id":"https:\/\/www.tempsbarcelona.com\/ca\/gaudint-de-lelegancia-una-immersio-en-el-mon-del-moscatel-de-setubal\/#breadcrumb"},"inLanguage":"ca","potentialAction":[{"@type":"ReadAction","target":["https:\/\/www.tempsbarcelona.com\/ca\/gaudint-de-lelegancia-una-immersio-en-el-mon-del-moscatel-de-setubal\/"]}]},{"@type":"ImageObject","inLanguage":"ca","@id":"https:\/\/www.tempsbarcelona.com\/ca\/gaudint-de-lelegancia-una-immersio-en-el-mon-del-moscatel-de-setubal\/#primaryimage","url":"https:\/\/www.tempsbarcelona.com\/wp-content\/uploads\/2024\/05\/IMG-20240403-WA00372.jpg","contentUrl":"https:\/\/www.tempsbarcelona.com\/wp-content\/uploads\/2024\/05\/IMG-20240403-WA00372.jpg","width":1080,"height":1920},{"@type":"BreadcrumbList","@id":"https:\/\/www.tempsbarcelona.com\/ca\/gaudint-de-lelegancia-una-immersio-en-el-mon-del-moscatel-de-setubal\/#breadcrumb","itemListElement":[{"@type":"ListItem","position":1,"name":"Portada","item":"https:\/\/www.tempsbarcelona.com\/ca\/temps-barcelona\/"},{"@type":"ListItem","position":2,"name":"Gaudint de l&#8217;Eleg\u00e0ncia: Una Immersi\u00f3 en el M\u00f3n del Moscatel de Set\u00fabal"}]},{"@type":"WebSite","@id":"https:\/\/www.tempsbarcelona.com\/ca\/#website","url":"https:\/\/www.tempsbarcelona.com\/ca\/","name":"Temps Barcelona","description":"","potentialAction":[{"@type":"SearchAction","target":{"@type":"EntryPoint","urlTemplate":"https:\/\/www.tempsbarcelona.com\/ca\/?s={search_term_string}"},"query-input":{"@type":"PropertyValueSpecification","valueRequired":true,"valueName":"search_term_string"}}],"inLanguage":"ca"},{"@type":"Person","@id":"https:\/\/www.tempsbarcelona.com\/ca\/#\/schema\/person\/42e402d68007d6b23123a37e43aca822","name":"Viajero","image":{"@type":"ImageObject","inLanguage":"ca","@id":"https:\/\/www.tempsbarcelona.com\/ca\/#\/schema\/person\/image\/","url":"https:\/\/secure.gravatar.com\/avatar\/adc63f40e2c832dac25e11feaef9ac523a32eaf25722d8b78fcb7c6603af7f85?s=96&d=mm&r=g","contentUrl":"https:\/\/secure.gravatar.com\/avatar\/adc63f40e2c832dac25e11feaef9ac523a32eaf25722d8b78fcb7c6603af7f85?s=96&d=mm&r=g","caption":"Viajero"}}]}},"_links":{"self":[{"href":"https:\/\/www.tempsbarcelona.com\/ca\/wp-json\/wp\/v2\/posts\/1948","targetHints":{"allow":["GET"]}}],"collection":[{"href":"https:\/\/www.tempsbarcelona.com\/ca\/wp-json\/wp\/v2\/posts"}],"about":[{"href":"https:\/\/www.tempsbarcelona.com\/ca\/wp-json\/wp\/v2\/types\/post"}],"author":[{"embeddable":true,"href":"https:\/\/www.tempsbarcelona.com\/ca\/wp-json\/wp\/v2\/users\/2"}],"replies":[{"embeddable":true,"href":"https:\/\/www.tempsbarcelona.com\/ca\/wp-json\/wp\/v2\/comments?post=1948"}],"version-history":[{"count":1,"href":"https:\/\/www.tempsbarcelona.com\/ca\/wp-json\/wp\/v2\/posts\/1948\/revisions"}],"predecessor-version":[{"id":1949,"href":"https:\/\/www.tempsbarcelona.com\/ca\/wp-json\/wp\/v2\/posts\/1948\/revisions\/1949"}],"wp:featuredmedia":[{"embeddable":true,"href":"https:\/\/www.tempsbarcelona.com\/ca\/wp-json\/wp\/v2\/media\/2655"}],"wp:attachment":[{"href":"https:\/\/www.tempsbarcelona.com\/ca\/wp-json\/wp\/v2\/media?parent=1948"}],"wp:term":[{"taxonomy":"category","embeddable":true,"href":"https:\/\/www.tempsbarcelona.com\/ca\/wp-json\/wp\/v2\/categories?post=1948"},{"taxonomy":"post_tag","embeddable":true,"href":"https:\/\/www.tempsbarcelona.com\/ca\/wp-json\/wp\/v2\/tags?post=1948"}],"curies":[{"name":"wp","href":"https:\/\/api.w.org\/{rel}","templated":true}]}}