{"id":1880,"date":"2024-04-11T09:24:13","date_gmt":"2024-04-11T09:24:13","guid":{"rendered":"https:\/\/derutasyvinos.com\/?p=1880"},"modified":"2024-04-11T09:34:04","modified_gmt":"2024-04-11T09:34:04","slug":"mare-de-deu-de-les-pinyeres-un-viage-sagrat-cap-a-la-devocio-catalana","status":"publish","type":"post","link":"https:\/\/www.tempsbarcelona.com\/ca\/mare-de-deu-de-les-pinyeres-un-viage-sagrat-cap-a-la-devocio-catalana\/","title":{"rendered":"Mare de D\u00e9u de les Pinyeres: Un Viage Sagrat Cap a la Devoci\u00f3 Catalana"},"content":{"rendered":"<p>Al cor de Catalunya, entre les serres ondulants i els paisatges verds, es troba un lloc de profunda espiritualitat i antiga devoci\u00f3. Mare de D\u00e9u de les Pinyeres, o Nuestra Senyora dels Pinars, s&#8217;aixeca com un far de devoci\u00f3 mil\u00b7len\u00e0ria en aquest paisatge impressionant.<\/p>\n<h1>Una Hist\u00f2ria Envolta de Llegendes<\/h1>\n<p>Mare de D\u00e9u de les Pinyeres, coneguda tamb\u00e9 com Nuestra Senyora dels Pinars, \u00e9s un lloc de peregrinaci\u00f3 i devoci\u00f3 mil\u00b7len\u00e0ria al cor de Catalunya. Situada en un entorn natural impressionant, envoltada de densos boscos de pins i muntanyes majestuoses, aquesta antiga ermita ha estat un lloc sagrat de culte i preg\u00e0ria durant segles.<\/p>\n<h1>La Hist\u00f2ria que Envolta la Mare de D\u00e9u<\/h1>\n<p>La hist\u00f2ria de Mare de D\u00e9u de les Pinyeres est\u00e0 envoltada de llegenda i devoci\u00f3 popular. Es diu que la imatge de la Mare de D\u00e9u va ser descoberta al segle XIII per un pastor que va trobar una talla de fusta de la Mare de D\u00e9u Maria entre els pins. Commogut pel descobriment, va portar la imatge al seu poble i va construir una petita ermita al lloc on es va trobar.<\/p>\n<p>Des de llavors, Mare de D\u00e9u de les Pinyeres ha estat venerada com a protectora dels boscos i els pastors, invocada per protegir els ramats i beneir les collites. La seva festa, celebrada el 8 de setembre, atrau a pelegrins i devots de tota Catalunya que acudeixen per retre homenatge i demanar les seves benediccions.<\/p>\n<h1>La Pelegrinaci\u00f3 Anual<\/h1>\n<p>Cada any, a la v\u00edspera del 8 de setembre, els pelegrins de tota Catalunya es congreguen a Mare de D\u00e9u de les Pinyeres per participar en l&#8217;emocionant pelegrinatge nocturn. Amb espelmes a les mans, cants de devoci\u00f3 als llavis i el so de les campanes omplint l&#8217;aire, els fidels recorren els senders il\u00b7luminats per la llum de la lluna fins a arribar a l&#8217;ermita.<\/p>\n<p>L&#8217;atmosfera \u00e9s m\u00e0gica i commovedora, amb una sensaci\u00f3 de comunitat i espiritualitat que es palpa a l&#8217;aire. A mesura que els pelegrins avancen pels camins boscosos, s&#8217;aturen en petits altars decorats amb flors i espelmes, on preguen i deixen ofrenes a la Mare de D\u00e9u.<\/p>\n<h1>La Celebraci\u00f3 de la Mare de D\u00e9u<\/h1>\n<p>L&#8217;arribada a l&#8217;ermita de Mare de D\u00e9u de les Pinyeres \u00e9s un moment de gran emoci\u00f3 i fervor. Les campanes sonen en senyal de benvinguda mentre els pelegrins s&#8217;agenollen davant la imatge de la Mare de D\u00e9u, oferint les seves preg\u00e0ries i agra\u00efments. Una missa solemne es celebra en honor a la Mare de D\u00e9u, seguida d&#8217;una process\u00f3 al voltant de l&#8217;ermita amb la imatge de la Mare de D\u00e9u portada en andes.<\/p>\n<p>Durant la process\u00f3, els pelegrins entonen cants d&#8217;alaban\u00e7a i devoci\u00f3, il\u00b7luminant el cam\u00ed amb les seves espelmes i creant una atmosfera de rever\u00e8ncia i alegria. En finalitzar la process\u00f3, es reparteixen benediccions i es comparteixen menjars i begudes tradicionals en un ambient festiu i fraternal.<\/p>\n<h1>Una Experi\u00e8ncia de Fe i Tradici\u00f3<\/h1>\n<p>Per als fidels i pelegrins, la visita a Mare de D\u00e9u de les Pinyeres \u00e9s una experi\u00e8ncia profundament espiritual i commovedora. \u00c9s un moment per connectar amb el div\u00ed, per oferir gratitud i demanar protecci\u00f3 i benediccions. Tamb\u00e9 \u00e9s un moment per celebrar la rica tradici\u00f3 i cultura de Catalunya, unint les persones en una experi\u00e8ncia compartida de fe i devoci\u00f3.<\/p>\n<p>Per als visitants i curiosos, Mare de D\u00e9u de les Pinyeres ofereix l&#8217;oportunitat de submergir-se en la hist\u00f2ria i l&#8217;espiritualitat de Catalunya. \u00c9s un lloc on la natura i el sagrat s&#8217;entrellacen, on la fe i la tradici\u00f3 es viuen amb intensitat i bellesa.<\/p>\n<p>En \u00faltima inst\u00e0ncia, Mare de D\u00e9u de les Pinyeres \u00e9s molt m\u00e9s que una ermita a les muntanyes de Catalunya. \u00c9s un lloc de trobada entre el terrenal i el div\u00ed, un santuari de devoci\u00f3 i esperan\u00e7a que ha perdurat al llarg dels segles i segueix sent un far de fe per a aquells que busquen consol i benediccions a les seves vides.<\/p>\n","protected":false},"excerpt":{"rendered":"<p>Al cor de Catalunya, entre les serres ondulants i els paisatges verds, es troba un lloc de profunda espiritualitat i antiga devoci\u00f3. Mare de D\u00e9u de les Pinyeres, o Nuestra Senyora dels Pinars, s&#8217;aixeca com un far de devoci\u00f3 mil\u00b7len\u00e0ria en aquest paisatge impressionant. Una Hist\u00f2ria Envolta de Llegendes Mare de D\u00e9u de les Pinyeres, [&hellip;]<\/p>\n","protected":false},"author":2,"featured_media":1869,"comment_status":"open","ping_status":"open","sticky":false,"template":"","format":"standard","meta":{"_et_pb_use_builder":"","_et_pb_old_content":"","_et_gb_content_width":"","footnotes":""},"categories":[1],"tags":[],"class_list":["post-1880","post","type-post","status-publish","format-standard","has-post-thumbnail","hentry","category-sin-categorizar"],"yoast_head":"<!-- This site is optimized with the Yoast SEO plugin v25.1 - https:\/\/yoast.com\/wordpress\/plugins\/seo\/ -->\n<title>Mare de D\u00e9u de les Pinyeres: Un Viage Sagrat Cap a la Devoci\u00f3 Catalana - Temps Barcelona<\/title>\n<meta name=\"robots\" content=\"noindex, follow, max-snippet:-1, max-image-preview:large, max-video-preview:-1\" \/>\n<meta property=\"og:locale\" content=\"ca_ES\" \/>\n<meta property=\"og:type\" content=\"article\" \/>\n<meta property=\"og:title\" content=\"Mare de D\u00e9u de les Pinyeres: Un Viage Sagrat Cap a la Devoci\u00f3 Catalana - Temps Barcelona\" \/>\n<meta property=\"og:description\" content=\"Al cor de Catalunya, entre les serres ondulants i els paisatges verds, es troba un lloc de profunda espiritualitat i antiga devoci\u00f3. Mare de D\u00e9u de les Pinyeres, o Nuestra Senyora dels Pinars, s&#8217;aixeca com un far de devoci\u00f3 mil\u00b7len\u00e0ria en aquest paisatge impressionant. Una Hist\u00f2ria Envolta de Llegendes Mare de D\u00e9u de les Pinyeres, [&hellip;]\" \/>\n<meta property=\"og:url\" content=\"https:\/\/www.tempsbarcelona.com\/ca\/mare-de-deu-de-les-pinyeres-un-viage-sagrat-cap-a-la-devocio-catalana\/\" \/>\n<meta property=\"og:site_name\" content=\"Temps Barcelona\" \/>\n<meta property=\"article:published_time\" content=\"2024-04-11T09:24:13+00:00\" \/>\n<meta property=\"article:modified_time\" content=\"2024-04-11T09:34:04+00:00\" \/>\n<meta property=\"og:image\" content=\"https:\/\/www.tempsbarcelona.com\/wp-content\/uploads\/2024\/04\/Mare-de-Deu-de-les-Pinyeres-1.jpg\" \/>\n\t<meta property=\"og:image:width\" content=\"1000\" \/>\n\t<meta property=\"og:image:height\" content=\"640\" \/>\n\t<meta property=\"og:image:type\" content=\"image\/jpeg\" \/>\n<meta name=\"author\" content=\"Viajero\" \/>\n<meta name=\"twitter:card\" content=\"summary_large_image\" \/>\n<meta name=\"twitter:label1\" content=\"Escrit per\" \/>\n\t<meta name=\"twitter:data1\" content=\"Viajero\" \/>\n\t<meta name=\"twitter:label2\" content=\"Temps estimat de lectura\" \/>\n\t<meta name=\"twitter:data2\" content=\"4 minuts\" \/>\n<script type=\"application\/ld+json\" class=\"yoast-schema-graph\">{\"@context\":\"https:\/\/schema.org\",\"@graph\":[{\"@type\":\"WebPage\",\"@id\":\"https:\/\/www.tempsbarcelona.com\/ca\/mare-de-deu-de-les-pinyeres-un-viage-sagrat-cap-a-la-devocio-catalana\/\",\"url\":\"https:\/\/www.tempsbarcelona.com\/ca\/mare-de-deu-de-les-pinyeres-un-viage-sagrat-cap-a-la-devocio-catalana\/\",\"name\":\"Mare de D\u00e9u de les Pinyeres: Un Viage Sagrat Cap a la Devoci\u00f3 Catalana - Temps Barcelona\",\"isPartOf\":{\"@id\":\"https:\/\/www.tempsbarcelona.com\/ca\/#website\"},\"primaryImageOfPage\":{\"@id\":\"https:\/\/www.tempsbarcelona.com\/ca\/mare-de-deu-de-les-pinyeres-un-viage-sagrat-cap-a-la-devocio-catalana\/#primaryimage\"},\"image\":{\"@id\":\"https:\/\/www.tempsbarcelona.com\/ca\/mare-de-deu-de-les-pinyeres-un-viage-sagrat-cap-a-la-devocio-catalana\/#primaryimage\"},\"thumbnailUrl\":\"https:\/\/www.tempsbarcelona.com\/wp-content\/uploads\/2024\/04\/Mare-de-Deu-de-les-Pinyeres-1.jpg\",\"datePublished\":\"2024-04-11T09:24:13+00:00\",\"dateModified\":\"2024-04-11T09:34:04+00:00\",\"author\":{\"@id\":\"https:\/\/www.tempsbarcelona.com\/ca\/#\/schema\/person\/42e402d68007d6b23123a37e43aca822\"},\"breadcrumb\":{\"@id\":\"https:\/\/www.tempsbarcelona.com\/ca\/mare-de-deu-de-les-pinyeres-un-viage-sagrat-cap-a-la-devocio-catalana\/#breadcrumb\"},\"inLanguage\":\"ca\",\"potentialAction\":[{\"@type\":\"ReadAction\",\"target\":[\"https:\/\/www.tempsbarcelona.com\/ca\/mare-de-deu-de-les-pinyeres-un-viage-sagrat-cap-a-la-devocio-catalana\/\"]}]},{\"@type\":\"ImageObject\",\"inLanguage\":\"ca\",\"@id\":\"https:\/\/www.tempsbarcelona.com\/ca\/mare-de-deu-de-les-pinyeres-un-viage-sagrat-cap-a-la-devocio-catalana\/#primaryimage\",\"url\":\"https:\/\/www.tempsbarcelona.com\/wp-content\/uploads\/2024\/04\/Mare-de-Deu-de-les-Pinyeres-1.jpg\",\"contentUrl\":\"https:\/\/www.tempsbarcelona.com\/wp-content\/uploads\/2024\/04\/Mare-de-Deu-de-les-Pinyeres-1.jpg\",\"width\":1000,\"height\":640},{\"@type\":\"BreadcrumbList\",\"@id\":\"https:\/\/www.tempsbarcelona.com\/ca\/mare-de-deu-de-les-pinyeres-un-viage-sagrat-cap-a-la-devocio-catalana\/#breadcrumb\",\"itemListElement\":[{\"@type\":\"ListItem\",\"position\":1,\"name\":\"Portada\",\"item\":\"https:\/\/www.tempsbarcelona.com\/ca\/temps-barcelona\/\"},{\"@type\":\"ListItem\",\"position\":2,\"name\":\"Mare de D\u00e9u de les Pinyeres: Un Viage Sagrat Cap a la Devoci\u00f3 Catalana\"}]},{\"@type\":\"WebSite\",\"@id\":\"https:\/\/www.tempsbarcelona.com\/ca\/#website\",\"url\":\"https:\/\/www.tempsbarcelona.com\/ca\/\",\"name\":\"Temps Barcelona\",\"description\":\"\",\"potentialAction\":[{\"@type\":\"SearchAction\",\"target\":{\"@type\":\"EntryPoint\",\"urlTemplate\":\"https:\/\/www.tempsbarcelona.com\/ca\/?s={search_term_string}\"},\"query-input\":{\"@type\":\"PropertyValueSpecification\",\"valueRequired\":true,\"valueName\":\"search_term_string\"}}],\"inLanguage\":\"ca\"},{\"@type\":\"Person\",\"@id\":\"https:\/\/www.tempsbarcelona.com\/ca\/#\/schema\/person\/42e402d68007d6b23123a37e43aca822\",\"name\":\"Viajero\",\"image\":{\"@type\":\"ImageObject\",\"inLanguage\":\"ca\",\"@id\":\"https:\/\/www.tempsbarcelona.com\/ca\/#\/schema\/person\/image\/\",\"url\":\"https:\/\/secure.gravatar.com\/avatar\/adc63f40e2c832dac25e11feaef9ac523a32eaf25722d8b78fcb7c6603af7f85?s=96&d=mm&r=g\",\"contentUrl\":\"https:\/\/secure.gravatar.com\/avatar\/adc63f40e2c832dac25e11feaef9ac523a32eaf25722d8b78fcb7c6603af7f85?s=96&d=mm&r=g\",\"caption\":\"Viajero\"}}]}<\/script>\n<!-- \/ Yoast SEO plugin. -->","yoast_head_json":{"title":"Mare de D\u00e9u de les Pinyeres: Un Viage Sagrat Cap a la Devoci\u00f3 Catalana - Temps Barcelona","robots":{"index":"noindex","follow":"follow","max-snippet":"max-snippet:-1","max-image-preview":"max-image-preview:large","max-video-preview":"max-video-preview:-1"},"og_locale":"ca_ES","og_type":"article","og_title":"Mare de D\u00e9u de les Pinyeres: Un Viage Sagrat Cap a la Devoci\u00f3 Catalana - Temps Barcelona","og_description":"Al cor de Catalunya, entre les serres ondulants i els paisatges verds, es troba un lloc de profunda espiritualitat i antiga devoci\u00f3. Mare de D\u00e9u de les Pinyeres, o Nuestra Senyora dels Pinars, s&#8217;aixeca com un far de devoci\u00f3 mil\u00b7len\u00e0ria en aquest paisatge impressionant. Una Hist\u00f2ria Envolta de Llegendes Mare de D\u00e9u de les Pinyeres, [&hellip;]","og_url":"https:\/\/www.tempsbarcelona.com\/ca\/mare-de-deu-de-les-pinyeres-un-viage-sagrat-cap-a-la-devocio-catalana\/","og_site_name":"Temps Barcelona","article_published_time":"2024-04-11T09:24:13+00:00","article_modified_time":"2024-04-11T09:34:04+00:00","og_image":[{"width":1000,"height":640,"url":"https:\/\/www.tempsbarcelona.com\/wp-content\/uploads\/2024\/04\/Mare-de-Deu-de-les-Pinyeres-1.jpg","type":"image\/jpeg"}],"author":"Viajero","twitter_card":"summary_large_image","twitter_misc":{"Escrit per":"Viajero","Temps estimat de lectura":"4 minuts"},"schema":{"@context":"https:\/\/schema.org","@graph":[{"@type":"WebPage","@id":"https:\/\/www.tempsbarcelona.com\/ca\/mare-de-deu-de-les-pinyeres-un-viage-sagrat-cap-a-la-devocio-catalana\/","url":"https:\/\/www.tempsbarcelona.com\/ca\/mare-de-deu-de-les-pinyeres-un-viage-sagrat-cap-a-la-devocio-catalana\/","name":"Mare de D\u00e9u de les Pinyeres: Un Viage Sagrat Cap a la Devoci\u00f3 Catalana - Temps Barcelona","isPartOf":{"@id":"https:\/\/www.tempsbarcelona.com\/ca\/#website"},"primaryImageOfPage":{"@id":"https:\/\/www.tempsbarcelona.com\/ca\/mare-de-deu-de-les-pinyeres-un-viage-sagrat-cap-a-la-devocio-catalana\/#primaryimage"},"image":{"@id":"https:\/\/www.tempsbarcelona.com\/ca\/mare-de-deu-de-les-pinyeres-un-viage-sagrat-cap-a-la-devocio-catalana\/#primaryimage"},"thumbnailUrl":"https:\/\/www.tempsbarcelona.com\/wp-content\/uploads\/2024\/04\/Mare-de-Deu-de-les-Pinyeres-1.jpg","datePublished":"2024-04-11T09:24:13+00:00","dateModified":"2024-04-11T09:34:04+00:00","author":{"@id":"https:\/\/www.tempsbarcelona.com\/ca\/#\/schema\/person\/42e402d68007d6b23123a37e43aca822"},"breadcrumb":{"@id":"https:\/\/www.tempsbarcelona.com\/ca\/mare-de-deu-de-les-pinyeres-un-viage-sagrat-cap-a-la-devocio-catalana\/#breadcrumb"},"inLanguage":"ca","potentialAction":[{"@type":"ReadAction","target":["https:\/\/www.tempsbarcelona.com\/ca\/mare-de-deu-de-les-pinyeres-un-viage-sagrat-cap-a-la-devocio-catalana\/"]}]},{"@type":"ImageObject","inLanguage":"ca","@id":"https:\/\/www.tempsbarcelona.com\/ca\/mare-de-deu-de-les-pinyeres-un-viage-sagrat-cap-a-la-devocio-catalana\/#primaryimage","url":"https:\/\/www.tempsbarcelona.com\/wp-content\/uploads\/2024\/04\/Mare-de-Deu-de-les-Pinyeres-1.jpg","contentUrl":"https:\/\/www.tempsbarcelona.com\/wp-content\/uploads\/2024\/04\/Mare-de-Deu-de-les-Pinyeres-1.jpg","width":1000,"height":640},{"@type":"BreadcrumbList","@id":"https:\/\/www.tempsbarcelona.com\/ca\/mare-de-deu-de-les-pinyeres-un-viage-sagrat-cap-a-la-devocio-catalana\/#breadcrumb","itemListElement":[{"@type":"ListItem","position":1,"name":"Portada","item":"https:\/\/www.tempsbarcelona.com\/ca\/temps-barcelona\/"},{"@type":"ListItem","position":2,"name":"Mare de D\u00e9u de les Pinyeres: Un Viage Sagrat Cap a la Devoci\u00f3 Catalana"}]},{"@type":"WebSite","@id":"https:\/\/www.tempsbarcelona.com\/ca\/#website","url":"https:\/\/www.tempsbarcelona.com\/ca\/","name":"Temps Barcelona","description":"","potentialAction":[{"@type":"SearchAction","target":{"@type":"EntryPoint","urlTemplate":"https:\/\/www.tempsbarcelona.com\/ca\/?s={search_term_string}"},"query-input":{"@type":"PropertyValueSpecification","valueRequired":true,"valueName":"search_term_string"}}],"inLanguage":"ca"},{"@type":"Person","@id":"https:\/\/www.tempsbarcelona.com\/ca\/#\/schema\/person\/42e402d68007d6b23123a37e43aca822","name":"Viajero","image":{"@type":"ImageObject","inLanguage":"ca","@id":"https:\/\/www.tempsbarcelona.com\/ca\/#\/schema\/person\/image\/","url":"https:\/\/secure.gravatar.com\/avatar\/adc63f40e2c832dac25e11feaef9ac523a32eaf25722d8b78fcb7c6603af7f85?s=96&d=mm&r=g","contentUrl":"https:\/\/secure.gravatar.com\/avatar\/adc63f40e2c832dac25e11feaef9ac523a32eaf25722d8b78fcb7c6603af7f85?s=96&d=mm&r=g","caption":"Viajero"}}]}},"_links":{"self":[{"href":"https:\/\/www.tempsbarcelona.com\/ca\/wp-json\/wp\/v2\/posts\/1880","targetHints":{"allow":["GET"]}}],"collection":[{"href":"https:\/\/www.tempsbarcelona.com\/ca\/wp-json\/wp\/v2\/posts"}],"about":[{"href":"https:\/\/www.tempsbarcelona.com\/ca\/wp-json\/wp\/v2\/types\/post"}],"author":[{"embeddable":true,"href":"https:\/\/www.tempsbarcelona.com\/ca\/wp-json\/wp\/v2\/users\/2"}],"replies":[{"embeddable":true,"href":"https:\/\/www.tempsbarcelona.com\/ca\/wp-json\/wp\/v2\/comments?post=1880"}],"version-history":[{"count":1,"href":"https:\/\/www.tempsbarcelona.com\/ca\/wp-json\/wp\/v2\/posts\/1880\/revisions"}],"predecessor-version":[{"id":1881,"href":"https:\/\/www.tempsbarcelona.com\/ca\/wp-json\/wp\/v2\/posts\/1880\/revisions\/1881"}],"wp:featuredmedia":[{"embeddable":true,"href":"https:\/\/www.tempsbarcelona.com\/ca\/wp-json\/wp\/v2\/media\/1869"}],"wp:attachment":[{"href":"https:\/\/www.tempsbarcelona.com\/ca\/wp-json\/wp\/v2\/media?parent=1880"}],"wp:term":[{"taxonomy":"category","embeddable":true,"href":"https:\/\/www.tempsbarcelona.com\/ca\/wp-json\/wp\/v2\/categories?post=1880"},{"taxonomy":"post_tag","embeddable":true,"href":"https:\/\/www.tempsbarcelona.com\/ca\/wp-json\/wp\/v2\/tags?post=1880"}],"curies":[{"name":"wp","href":"https:\/\/api.w.org\/{rel}","templated":true}]}}