{"id":1779,"date":"2024-04-08T08:19:29","date_gmt":"2024-04-08T08:19:29","guid":{"rendered":"https:\/\/derutasyvinos.com\/?p=1779"},"modified":"2024-04-08T08:22:45","modified_gmt":"2024-04-08T08:22:45","slug":"exploracio-culinaria-i-vitivinicola-a-portugal","status":"publish","type":"post","link":"https:\/\/www.tempsbarcelona.com\/ca\/exploracio-culinaria-i-vitivinicola-a-portugal\/","title":{"rendered":"Exploraci\u00f3 culin\u00e0ria i vitivin\u00edcola a Portugal"},"content":{"rendered":"<p>Enclavat al cor dels paisatges pintorescs de Portugal, Taylor&#8217;s Port Wine Estate ofereix una escapada sensorial com cap altra. Envoltada de vinyes frondoses i banyada pel suau sol mediterrani, aquesta finca est\u00e0 plena d&#8217;hist\u00f2ria i tradici\u00f3.<br \/>\nTan bon punt arribis, deixa&#8217;t captivar per la bellesa de les vinyes que s&#8217;estenen fins on es veu. Exploreu els cellers centenaris on el vi envelleix amb gr\u00e0cia, impregnant cada gota de l&#8217;ess\u00e8ncia mateixa d&#8217;aquesta terra f\u00e8rtil.<\/p>\n<p>Coneix els apassionats viticultors que perpetuen els m\u00e8todes artesanals heretats de generaci\u00f3 en generaci\u00f3. El seu saber fer ancestral es reflecteix en cada ampolla, capturant l&#8217;\u00e0nima i la riquesa del terroir portugu\u00e8s.<\/p>\n<p>Despr\u00e9s d&#8217;assaborir la m\u00e0gia de les vinyes, \u00e9s el moment de delectar-se amb les del\u00edcies de la cuina portuguesa. Al restaurant r\u00fastic de la finca, deixeu-vos seduir per una festa gastron\u00f2mica destacant productes de proximitat i receptes tradicionals.<br \/>\nComenceu degustant una exquisida selecci\u00f3 de formatges artesans, acompanyats de melmelades casolanes i pa cruixent. Aleshores, deixa&#8217;t temptar pels sabors mariners amb un plat de delici\u00f3s marisc fresc, real\u00e7at amb un toc d&#8217;oli d&#8217;oliva verge extra.<\/p>\n<p>Per al plat principal, degusta l&#8217;autenticitat dels plats emblem\u00e0tics de Portugal. Deixa&#8217;t seduir pel bacall\u00e0 a la crema, un plat div\u00ed que encarna l&#8217;ess\u00e8ncia mateixa de la cuina portuguesa. Acompanyeu el vostre \u00e0pat amb una copa del vi d&#8217;autor de la finca, perfectament combinat amb cada mos.<br \/>\nAcaba la teva experi\u00e8ncia gastron\u00f2mica amb estil amb un toc dol\u00e7. Submergeix-te en un m\u00f3n de dol\u00e7os amb els famosos pasteis de nata, petits flams amb pasta de full, la recepta dels quals es transmet gelosament de generaci\u00f3 en generaci\u00f3.<\/p>\n<p>La nostra exploraci\u00f3 de la finca vitivin\u00edcola i la gastronomia portuguesa ens van transportar a un m\u00f3n de sabors captivadors i emocions aut\u00e8ntiques. A trav\u00e9s de cada tast, cada trobada, vam descobrir l&#8217;\u00e0nima mateixa de Portugal, vibrant al ritme de les seves tradicions centen\u00e0ries i la seva passi\u00f3 pel benestar.<\/p>\n","protected":false},"excerpt":{"rendered":"<p>Enclavat al cor dels paisatges pintorescs de Portugal, Taylor&#8217;s Port Wine Estate ofereix una escapada sensorial com cap altra. Envoltada de vinyes frondoses i banyada pel suau sol mediterrani, aquesta finca est\u00e0 plena d&#8217;hist\u00f2ria i tradici\u00f3. Tan bon punt arribis, deixa&#8217;t captivar per la bellesa de les vinyes que s&#8217;estenen fins on es veu. Exploreu [&hellip;]<\/p>\n","protected":false},"author":2,"featured_media":1774,"comment_status":"open","ping_status":"open","sticky":false,"template":"","format":"standard","meta":{"_et_pb_use_builder":"","_et_pb_old_content":"","_et_gb_content_width":"","footnotes":""},"categories":[1],"tags":[],"class_list":["post-1779","post","type-post","status-publish","format-standard","has-post-thumbnail","hentry","category-sin-categorizar"],"yoast_head":"<!-- This site is optimized with the Yoast SEO plugin v25.1 - https:\/\/yoast.com\/wordpress\/plugins\/seo\/ -->\n<title>Exploraci\u00f3 culin\u00e0ria i vitivin\u00edcola a Portugal - Temps Barcelona<\/title>\n<meta name=\"robots\" content=\"noindex, follow, max-snippet:-1, max-image-preview:large, max-video-preview:-1\" \/>\n<meta property=\"og:locale\" content=\"ca_ES\" \/>\n<meta property=\"og:type\" content=\"article\" \/>\n<meta property=\"og:title\" content=\"Exploraci\u00f3 culin\u00e0ria i vitivin\u00edcola a Portugal - Temps Barcelona\" \/>\n<meta property=\"og:description\" content=\"Enclavat al cor dels paisatges pintorescs de Portugal, Taylor&#8217;s Port Wine Estate ofereix una escapada sensorial com cap altra. Envoltada de vinyes frondoses i banyada pel suau sol mediterrani, aquesta finca est\u00e0 plena d&#8217;hist\u00f2ria i tradici\u00f3. Tan bon punt arribis, deixa&#8217;t captivar per la bellesa de les vinyes que s&#8217;estenen fins on es veu. Exploreu [&hellip;]\" \/>\n<meta property=\"og:url\" content=\"https:\/\/www.tempsbarcelona.com\/ca\/exploracio-culinaria-i-vitivinicola-a-portugal\/\" \/>\n<meta property=\"og:site_name\" content=\"Temps Barcelona\" \/>\n<meta property=\"article:published_time\" content=\"2024-04-08T08:19:29+00:00\" \/>\n<meta property=\"article:modified_time\" content=\"2024-04-08T08:22:45+00:00\" \/>\n<meta property=\"og:image\" content=\"https:\/\/www.tempsbarcelona.com\/wp-content\/uploads\/2024\/04\/IMG-20240403-WA0037.jpg\" \/>\n\t<meta property=\"og:image:width\" content=\"1080\" \/>\n\t<meta property=\"og:image:height\" content=\"1920\" \/>\n\t<meta property=\"og:image:type\" content=\"image\/jpeg\" \/>\n<meta name=\"author\" content=\"Viajero\" \/>\n<meta name=\"twitter:card\" content=\"summary_large_image\" \/>\n<meta name=\"twitter:label1\" content=\"Escrit per\" \/>\n\t<meta name=\"twitter:data1\" content=\"Viajero\" \/>\n\t<meta name=\"twitter:label2\" content=\"Temps estimat de lectura\" \/>\n\t<meta name=\"twitter:data2\" content=\"2 minuts\" \/>\n<script type=\"application\/ld+json\" class=\"yoast-schema-graph\">{\"@context\":\"https:\/\/schema.org\",\"@graph\":[{\"@type\":\"WebPage\",\"@id\":\"https:\/\/www.tempsbarcelona.com\/ca\/exploracio-culinaria-i-vitivinicola-a-portugal\/\",\"url\":\"https:\/\/www.tempsbarcelona.com\/ca\/exploracio-culinaria-i-vitivinicola-a-portugal\/\",\"name\":\"Exploraci\u00f3 culin\u00e0ria i vitivin\u00edcola a Portugal - Temps Barcelona\",\"isPartOf\":{\"@id\":\"https:\/\/www.tempsbarcelona.com\/ca\/#website\"},\"primaryImageOfPage\":{\"@id\":\"https:\/\/www.tempsbarcelona.com\/ca\/exploracio-culinaria-i-vitivinicola-a-portugal\/#primaryimage\"},\"image\":{\"@id\":\"https:\/\/www.tempsbarcelona.com\/ca\/exploracio-culinaria-i-vitivinicola-a-portugal\/#primaryimage\"},\"thumbnailUrl\":\"https:\/\/www.tempsbarcelona.com\/wp-content\/uploads\/2024\/04\/IMG-20240403-WA0037.jpg\",\"datePublished\":\"2024-04-08T08:19:29+00:00\",\"dateModified\":\"2024-04-08T08:22:45+00:00\",\"author\":{\"@id\":\"https:\/\/www.tempsbarcelona.com\/ca\/#\/schema\/person\/42e402d68007d6b23123a37e43aca822\"},\"breadcrumb\":{\"@id\":\"https:\/\/www.tempsbarcelona.com\/ca\/exploracio-culinaria-i-vitivinicola-a-portugal\/#breadcrumb\"},\"inLanguage\":\"ca\",\"potentialAction\":[{\"@type\":\"ReadAction\",\"target\":[\"https:\/\/www.tempsbarcelona.com\/ca\/exploracio-culinaria-i-vitivinicola-a-portugal\/\"]}]},{\"@type\":\"ImageObject\",\"inLanguage\":\"ca\",\"@id\":\"https:\/\/www.tempsbarcelona.com\/ca\/exploracio-culinaria-i-vitivinicola-a-portugal\/#primaryimage\",\"url\":\"https:\/\/www.tempsbarcelona.com\/wp-content\/uploads\/2024\/04\/IMG-20240403-WA0037.jpg\",\"contentUrl\":\"https:\/\/www.tempsbarcelona.com\/wp-content\/uploads\/2024\/04\/IMG-20240403-WA0037.jpg\",\"width\":1080,\"height\":1920},{\"@type\":\"BreadcrumbList\",\"@id\":\"https:\/\/www.tempsbarcelona.com\/ca\/exploracio-culinaria-i-vitivinicola-a-portugal\/#breadcrumb\",\"itemListElement\":[{\"@type\":\"ListItem\",\"position\":1,\"name\":\"Portada\",\"item\":\"https:\/\/www.tempsbarcelona.com\/ca\/temps-barcelona\/\"},{\"@type\":\"ListItem\",\"position\":2,\"name\":\"Exploraci\u00f3 culin\u00e0ria i vitivin\u00edcola a Portugal\"}]},{\"@type\":\"WebSite\",\"@id\":\"https:\/\/www.tempsbarcelona.com\/ca\/#website\",\"url\":\"https:\/\/www.tempsbarcelona.com\/ca\/\",\"name\":\"Temps Barcelona\",\"description\":\"\",\"potentialAction\":[{\"@type\":\"SearchAction\",\"target\":{\"@type\":\"EntryPoint\",\"urlTemplate\":\"https:\/\/www.tempsbarcelona.com\/ca\/?s={search_term_string}\"},\"query-input\":{\"@type\":\"PropertyValueSpecification\",\"valueRequired\":true,\"valueName\":\"search_term_string\"}}],\"inLanguage\":\"ca\"},{\"@type\":\"Person\",\"@id\":\"https:\/\/www.tempsbarcelona.com\/ca\/#\/schema\/person\/42e402d68007d6b23123a37e43aca822\",\"name\":\"Viajero\",\"image\":{\"@type\":\"ImageObject\",\"inLanguage\":\"ca\",\"@id\":\"https:\/\/www.tempsbarcelona.com\/ca\/#\/schema\/person\/image\/\",\"url\":\"https:\/\/secure.gravatar.com\/avatar\/adc63f40e2c832dac25e11feaef9ac523a32eaf25722d8b78fcb7c6603af7f85?s=96&d=mm&r=g\",\"contentUrl\":\"https:\/\/secure.gravatar.com\/avatar\/adc63f40e2c832dac25e11feaef9ac523a32eaf25722d8b78fcb7c6603af7f85?s=96&d=mm&r=g\",\"caption\":\"Viajero\"}}]}<\/script>\n<!-- \/ Yoast SEO plugin. -->","yoast_head_json":{"title":"Exploraci\u00f3 culin\u00e0ria i vitivin\u00edcola a Portugal - Temps Barcelona","robots":{"index":"noindex","follow":"follow","max-snippet":"max-snippet:-1","max-image-preview":"max-image-preview:large","max-video-preview":"max-video-preview:-1"},"og_locale":"ca_ES","og_type":"article","og_title":"Exploraci\u00f3 culin\u00e0ria i vitivin\u00edcola a Portugal - Temps Barcelona","og_description":"Enclavat al cor dels paisatges pintorescs de Portugal, Taylor&#8217;s Port Wine Estate ofereix una escapada sensorial com cap altra. Envoltada de vinyes frondoses i banyada pel suau sol mediterrani, aquesta finca est\u00e0 plena d&#8217;hist\u00f2ria i tradici\u00f3. Tan bon punt arribis, deixa&#8217;t captivar per la bellesa de les vinyes que s&#8217;estenen fins on es veu. Exploreu [&hellip;]","og_url":"https:\/\/www.tempsbarcelona.com\/ca\/exploracio-culinaria-i-vitivinicola-a-portugal\/","og_site_name":"Temps Barcelona","article_published_time":"2024-04-08T08:19:29+00:00","article_modified_time":"2024-04-08T08:22:45+00:00","og_image":[{"width":1080,"height":1920,"url":"https:\/\/www.tempsbarcelona.com\/wp-content\/uploads\/2024\/04\/IMG-20240403-WA0037.jpg","type":"image\/jpeg"}],"author":"Viajero","twitter_card":"summary_large_image","twitter_misc":{"Escrit per":"Viajero","Temps estimat de lectura":"2 minuts"},"schema":{"@context":"https:\/\/schema.org","@graph":[{"@type":"WebPage","@id":"https:\/\/www.tempsbarcelona.com\/ca\/exploracio-culinaria-i-vitivinicola-a-portugal\/","url":"https:\/\/www.tempsbarcelona.com\/ca\/exploracio-culinaria-i-vitivinicola-a-portugal\/","name":"Exploraci\u00f3 culin\u00e0ria i vitivin\u00edcola a Portugal - Temps Barcelona","isPartOf":{"@id":"https:\/\/www.tempsbarcelona.com\/ca\/#website"},"primaryImageOfPage":{"@id":"https:\/\/www.tempsbarcelona.com\/ca\/exploracio-culinaria-i-vitivinicola-a-portugal\/#primaryimage"},"image":{"@id":"https:\/\/www.tempsbarcelona.com\/ca\/exploracio-culinaria-i-vitivinicola-a-portugal\/#primaryimage"},"thumbnailUrl":"https:\/\/www.tempsbarcelona.com\/wp-content\/uploads\/2024\/04\/IMG-20240403-WA0037.jpg","datePublished":"2024-04-08T08:19:29+00:00","dateModified":"2024-04-08T08:22:45+00:00","author":{"@id":"https:\/\/www.tempsbarcelona.com\/ca\/#\/schema\/person\/42e402d68007d6b23123a37e43aca822"},"breadcrumb":{"@id":"https:\/\/www.tempsbarcelona.com\/ca\/exploracio-culinaria-i-vitivinicola-a-portugal\/#breadcrumb"},"inLanguage":"ca","potentialAction":[{"@type":"ReadAction","target":["https:\/\/www.tempsbarcelona.com\/ca\/exploracio-culinaria-i-vitivinicola-a-portugal\/"]}]},{"@type":"ImageObject","inLanguage":"ca","@id":"https:\/\/www.tempsbarcelona.com\/ca\/exploracio-culinaria-i-vitivinicola-a-portugal\/#primaryimage","url":"https:\/\/www.tempsbarcelona.com\/wp-content\/uploads\/2024\/04\/IMG-20240403-WA0037.jpg","contentUrl":"https:\/\/www.tempsbarcelona.com\/wp-content\/uploads\/2024\/04\/IMG-20240403-WA0037.jpg","width":1080,"height":1920},{"@type":"BreadcrumbList","@id":"https:\/\/www.tempsbarcelona.com\/ca\/exploracio-culinaria-i-vitivinicola-a-portugal\/#breadcrumb","itemListElement":[{"@type":"ListItem","position":1,"name":"Portada","item":"https:\/\/www.tempsbarcelona.com\/ca\/temps-barcelona\/"},{"@type":"ListItem","position":2,"name":"Exploraci\u00f3 culin\u00e0ria i vitivin\u00edcola a Portugal"}]},{"@type":"WebSite","@id":"https:\/\/www.tempsbarcelona.com\/ca\/#website","url":"https:\/\/www.tempsbarcelona.com\/ca\/","name":"Temps Barcelona","description":"","potentialAction":[{"@type":"SearchAction","target":{"@type":"EntryPoint","urlTemplate":"https:\/\/www.tempsbarcelona.com\/ca\/?s={search_term_string}"},"query-input":{"@type":"PropertyValueSpecification","valueRequired":true,"valueName":"search_term_string"}}],"inLanguage":"ca"},{"@type":"Person","@id":"https:\/\/www.tempsbarcelona.com\/ca\/#\/schema\/person\/42e402d68007d6b23123a37e43aca822","name":"Viajero","image":{"@type":"ImageObject","inLanguage":"ca","@id":"https:\/\/www.tempsbarcelona.com\/ca\/#\/schema\/person\/image\/","url":"https:\/\/secure.gravatar.com\/avatar\/adc63f40e2c832dac25e11feaef9ac523a32eaf25722d8b78fcb7c6603af7f85?s=96&d=mm&r=g","contentUrl":"https:\/\/secure.gravatar.com\/avatar\/adc63f40e2c832dac25e11feaef9ac523a32eaf25722d8b78fcb7c6603af7f85?s=96&d=mm&r=g","caption":"Viajero"}}]}},"_links":{"self":[{"href":"https:\/\/www.tempsbarcelona.com\/ca\/wp-json\/wp\/v2\/posts\/1779","targetHints":{"allow":["GET"]}}],"collection":[{"href":"https:\/\/www.tempsbarcelona.com\/ca\/wp-json\/wp\/v2\/posts"}],"about":[{"href":"https:\/\/www.tempsbarcelona.com\/ca\/wp-json\/wp\/v2\/types\/post"}],"author":[{"embeddable":true,"href":"https:\/\/www.tempsbarcelona.com\/ca\/wp-json\/wp\/v2\/users\/2"}],"replies":[{"embeddable":true,"href":"https:\/\/www.tempsbarcelona.com\/ca\/wp-json\/wp\/v2\/comments?post=1779"}],"version-history":[{"count":1,"href":"https:\/\/www.tempsbarcelona.com\/ca\/wp-json\/wp\/v2\/posts\/1779\/revisions"}],"predecessor-version":[{"id":1780,"href":"https:\/\/www.tempsbarcelona.com\/ca\/wp-json\/wp\/v2\/posts\/1779\/revisions\/1780"}],"wp:featuredmedia":[{"embeddable":true,"href":"https:\/\/www.tempsbarcelona.com\/ca\/wp-json\/wp\/v2\/media\/1774"}],"wp:attachment":[{"href":"https:\/\/www.tempsbarcelona.com\/ca\/wp-json\/wp\/v2\/media?parent=1779"}],"wp:term":[{"taxonomy":"category","embeddable":true,"href":"https:\/\/www.tempsbarcelona.com\/ca\/wp-json\/wp\/v2\/categories?post=1779"},{"taxonomy":"post_tag","embeddable":true,"href":"https:\/\/www.tempsbarcelona.com\/ca\/wp-json\/wp\/v2\/tags?post=1779"}],"curies":[{"name":"wp","href":"https:\/\/api.w.org\/{rel}","templated":true}]}}