{"id":1599,"date":"2024-03-28T11:24:00","date_gmt":"2024-03-28T11:24:00","guid":{"rendered":"https:\/\/derutasyvinos.com\/?p=1599"},"modified":"2024-03-28T11:53:27","modified_gmt":"2024-03-28T11:53:27","slug":"descobrint-porto-vi-arquitectura-i-tradicio","status":"publish","type":"post","link":"https:\/\/www.tempsbarcelona.com\/ca\/descobrint-porto-vi-arquitectura-i-tradicio\/","title":{"rendered":"Descobrint Porto: Vi, Arquitectura i Tradici\u00f3"},"content":{"rendered":"<p>Situada al llarg del sinu\u00f3s riu Douro, Porto es converteix en un testimoni de la rica hist\u00f2ria de Portugal, fusionant tradicions centen\u00e0ries amb una arquitectura impressionant i, per descomptat, el mundialment conegut Vinho do Porto. Acompanyeu-nos en un viatge per aquesta ciutat encantadora, on cada carrer empedrat conta una hist\u00f2ria i cada glop de vi de Porto \u00e9s un tast d&#8217;hist\u00f2ria.<\/p>\n<h1>Vinho do Porto: Un Sabor de Tradici\u00f3<\/h1>\n<p>La nostra aventura comen\u00e7a amb un brindis a la tradici\u00f3 al cor de Porto: les bodegues del Vinho do Porto. Aquest vi fortificat, conegut pels seus sabors dol\u00e7os i rics, es produeix a la vall del Douro des de fa m\u00e9s de tres segles. Explora les hist\u00f2riques bodegues al llarg del passeig mar\u00edtim a Vila Nova de Gaia, on els barrils de roure amb vi de Porto envellien, cadascun guardant els secrets del temps i l&#8217;artesania.<\/p>\n<p>Endinsa&#8217;t en el m\u00f3n d&#8217;una bodega de vi de Porto, on l&#8217;aire est\u00e0 impregnat amb l&#8217;aroma dels vins tawny, ruby i vintage envellits. Apr\u00e8n sobre el meticul\u00f3s proc\u00e9s de vinificaci\u00f3, de la ra\u00efm al got, i gaudeix de degustacions d&#8217;aquests exquisits vins, cadascun amb el seu propi car\u00e0cter \u00fanic. Siguis un en\u00f2fil experimentat o nou en el m\u00f3n del vi de Porto, l&#8217;experi\u00e8ncia promet ser inoblidable.<\/p>\n<h1>Meravelles Arquitect\u00f2niques: Ponts i Barroc<\/h1>\n<p>Mentre deambulem pels carrers laber\u00edntics de Porto, som rebuts per una rica barreja d&#8217;estils arquitect\u00f2nics que teixeixen el passat i el present de la ciutat. L&#8217;iconic Pont Dom Lu\u00eds I, amb les seves arcades met\u00e0l\u00b7liques de doble pis que travessen el riu Douro, es converteix en un s\u00edmbol del patrimoni industrial de Porto. Creua aquest pont a peu, gaudint de vistes panor\u00e0miques del riu a sota i del colorit districte de Ribeira al seu voltant.<\/p>\n<p>Aventura&#8217;t m\u00e9s enll\u00e0 de la ciutat i descobreix la bellesa ornamental de l&#8217;arquitectura barroca de Porto. Maravella&#8217;t de la intricada fa\u00e7ana de l&#8217;Estaci\u00f3 de Tren de S\u00e3o Bento, adornada amb impressionants rajoles azulejo que representen la hist\u00f2ria de Portugal. Submergeix-te en la grandesa del Pal\u00e1cio da Bolsa, un edifici neocl\u00e0ssic del segle XIX que antigament albergava la borsa de la ciutat i ara \u00e9s un Lloc Patrimoni de la Humanitat de la UNESCO.<\/p>\n<h1>Abra\u00e7ant la Tradici\u00f3: Fado i Festes<\/h1>\n<p>Cap visita a Porto est\u00e0 completa sense submergir-se en les vibrants tradicions culturals de la ciutat. Experimenta les melod\u00edes commovedores del Fado, el g\u00e8nere musical melanc\u00f2lic de Portugal, interpretat en llocs \u00edntims per tota la ciutat. Deixa que les vocals captivadores i els acords plorosos de la guitarra et transportin a una altra \u00e8poca, on l&#8217;amor, la p\u00e8rdua i el desig estan entrella\u00e7ats en cada nota.<\/p>\n<p>Si la teva visita coincideix amb un dels animats festivals de Porto, com el Festival de S\u00e3o Jo\u00e3o al juny, prepara&#8217;t per unir-te als habitants en celebracions plenes de color que desborden pels carrers. Balla al ritme de la m\u00fasica folkl\u00f2rica tradicional, prova sardines a la graella sobre flames obertes i participa en l&#8217;antiga tradici\u00f3 de colpejar suau a amics i desconeguts al cap amb martells de pl\u00e0stic &#8211; tot en bona diversi\u00f3, \u00e9s clar!<\/p>\n<h1>Descobreix els Encants de Porto<\/h1>\n<p>A Porto, el passat \u00e9s sempre present, ja sigui en els vells barrils de roure del Vinho do Porto, les rajoles intricades que adornen els seus edificis, o les melodies intemporals del Fado. \u00c9s una ciutat on es celebra la tradici\u00f3, on l&#8217;arquitectura explica hist\u00f2ries d&#8217;\u00e8poques passades, i on cada glop de vi de Porto \u00e9s un sorbit de hist\u00f2ria. Acompanya&#8217;ns en aquest viatge per Porto, on el encant del vell m\u00f3n es troba amb l&#8217;atractiu modern, i l&#8217;esperit de les tradicions de Portugal pren vida. Salut a la m\u00e0gia de Porto! Que capturi el teu cor com ha capturat el nostre.<\/p>\n<p>Planeja avui mateix la teva aventura a Porto i experimenta la bellesa, la hist\u00f2ria i els sabors d&#8217;aquesta ciutat captivadora! <em><strong>Obrigado<\/strong><\/em> per llegir!<\/p>\n<p>&nbsp;<\/p>\n","protected":false},"excerpt":{"rendered":"<p>Situada al llarg del sinu\u00f3s riu Douro, Porto es converteix en un testimoni de la rica hist\u00f2ria de Portugal, fusionant tradicions centen\u00e0ries amb una arquitectura impressionant i, per descomptat, el mundialment conegut Vinho do Porto. Acompanyeu-nos en un viatge per aquesta ciutat encantadora, on cada carrer empedrat conta una hist\u00f2ria i cada glop de vi [&hellip;]<\/p>\n","protected":false},"author":2,"featured_media":2553,"comment_status":"open","ping_status":"open","sticky":false,"template":"","format":"standard","meta":{"_et_pb_use_builder":"","_et_pb_old_content":"","_et_gb_content_width":"","footnotes":""},"categories":[1],"tags":[],"class_list":["post-1599","post","type-post","status-publish","format-standard","has-post-thumbnail","hentry","category-sin-categorizar"],"yoast_head":"<!-- This site is optimized with the Yoast SEO plugin v25.1 - https:\/\/yoast.com\/wordpress\/plugins\/seo\/ -->\n<title>Descobrint Porto: Vi, Arquitectura i Tradici\u00f3 - Temps Barcelona<\/title>\n<meta name=\"robots\" content=\"noindex, follow, max-snippet:-1, max-image-preview:large, max-video-preview:-1\" \/>\n<meta property=\"og:locale\" content=\"ca_ES\" \/>\n<meta property=\"og:type\" content=\"article\" \/>\n<meta property=\"og:title\" content=\"Descobrint Porto: Vi, Arquitectura i Tradici\u00f3 - Temps Barcelona\" \/>\n<meta property=\"og:description\" content=\"Situada al llarg del sinu\u00f3s riu Douro, Porto es converteix en un testimoni de la rica hist\u00f2ria de Portugal, fusionant tradicions centen\u00e0ries amb una arquitectura impressionant i, per descomptat, el mundialment conegut Vinho do Porto. Acompanyeu-nos en un viatge per aquesta ciutat encantadora, on cada carrer empedrat conta una hist\u00f2ria i cada glop de vi [&hellip;]\" \/>\n<meta property=\"og:url\" content=\"https:\/\/www.tempsbarcelona.com\/ca\/descobrint-porto-vi-arquitectura-i-tradicio\/\" \/>\n<meta property=\"og:site_name\" content=\"Temps Barcelona\" \/>\n<meta property=\"article:published_time\" content=\"2024-03-28T11:24:00+00:00\" \/>\n<meta property=\"article:modified_time\" content=\"2024-03-28T11:53:27+00:00\" \/>\n<meta property=\"og:image\" content=\"https:\/\/www.tempsbarcelona.com\/wp-content\/uploads\/2024\/03\/porto.jpg\" \/>\n\t<meta property=\"og:image:width\" content=\"1600\" \/>\n\t<meta property=\"og:image:height\" content=\"1067\" \/>\n\t<meta property=\"og:image:type\" content=\"image\/jpeg\" \/>\n<meta name=\"author\" content=\"Viajero\" \/>\n<meta name=\"twitter:card\" content=\"summary_large_image\" \/>\n<meta name=\"twitter:label1\" content=\"Escrit per\" \/>\n\t<meta name=\"twitter:data1\" content=\"Viajero\" \/>\n\t<meta name=\"twitter:label2\" content=\"Temps estimat de lectura\" \/>\n\t<meta name=\"twitter:data2\" content=\"4 minuts\" \/>\n<script type=\"application\/ld+json\" class=\"yoast-schema-graph\">{\"@context\":\"https:\/\/schema.org\",\"@graph\":[{\"@type\":\"WebPage\",\"@id\":\"https:\/\/www.tempsbarcelona.com\/ca\/descobrint-porto-vi-arquitectura-i-tradicio\/\",\"url\":\"https:\/\/www.tempsbarcelona.com\/ca\/descobrint-porto-vi-arquitectura-i-tradicio\/\",\"name\":\"Descobrint Porto: Vi, Arquitectura i Tradici\u00f3 - Temps Barcelona\",\"isPartOf\":{\"@id\":\"https:\/\/www.tempsbarcelona.com\/ca\/#website\"},\"primaryImageOfPage\":{\"@id\":\"https:\/\/www.tempsbarcelona.com\/ca\/descobrint-porto-vi-arquitectura-i-tradicio\/#primaryimage\"},\"image\":{\"@id\":\"https:\/\/www.tempsbarcelona.com\/ca\/descobrint-porto-vi-arquitectura-i-tradicio\/#primaryimage\"},\"thumbnailUrl\":\"https:\/\/www.tempsbarcelona.com\/wp-content\/uploads\/2024\/03\/IMG-20240403-WA00181.jpg\",\"datePublished\":\"2024-03-28T11:24:00+00:00\",\"dateModified\":\"2024-03-28T11:53:27+00:00\",\"author\":{\"@id\":\"https:\/\/www.tempsbarcelona.com\/ca\/#\/schema\/person\/42e402d68007d6b23123a37e43aca822\"},\"breadcrumb\":{\"@id\":\"https:\/\/www.tempsbarcelona.com\/ca\/descobrint-porto-vi-arquitectura-i-tradicio\/#breadcrumb\"},\"inLanguage\":\"ca\",\"potentialAction\":[{\"@type\":\"ReadAction\",\"target\":[\"https:\/\/www.tempsbarcelona.com\/ca\/descobrint-porto-vi-arquitectura-i-tradicio\/\"]}]},{\"@type\":\"ImageObject\",\"inLanguage\":\"ca\",\"@id\":\"https:\/\/www.tempsbarcelona.com\/ca\/descobrint-porto-vi-arquitectura-i-tradicio\/#primaryimage\",\"url\":\"https:\/\/www.tempsbarcelona.com\/wp-content\/uploads\/2024\/03\/IMG-20240403-WA00181.jpg\",\"contentUrl\":\"https:\/\/www.tempsbarcelona.com\/wp-content\/uploads\/2024\/03\/IMG-20240403-WA00181.jpg\",\"width\":1920,\"height\":1080},{\"@type\":\"BreadcrumbList\",\"@id\":\"https:\/\/www.tempsbarcelona.com\/ca\/descobrint-porto-vi-arquitectura-i-tradicio\/#breadcrumb\",\"itemListElement\":[{\"@type\":\"ListItem\",\"position\":1,\"name\":\"Portada\",\"item\":\"https:\/\/www.tempsbarcelona.com\/ca\/temps-barcelona\/\"},{\"@type\":\"ListItem\",\"position\":2,\"name\":\"Descobrint Porto: Vi, Arquitectura i Tradici\u00f3\"}]},{\"@type\":\"WebSite\",\"@id\":\"https:\/\/www.tempsbarcelona.com\/ca\/#website\",\"url\":\"https:\/\/www.tempsbarcelona.com\/ca\/\",\"name\":\"Temps Barcelona\",\"description\":\"\",\"potentialAction\":[{\"@type\":\"SearchAction\",\"target\":{\"@type\":\"EntryPoint\",\"urlTemplate\":\"https:\/\/www.tempsbarcelona.com\/ca\/?s={search_term_string}\"},\"query-input\":{\"@type\":\"PropertyValueSpecification\",\"valueRequired\":true,\"valueName\":\"search_term_string\"}}],\"inLanguage\":\"ca\"},{\"@type\":\"Person\",\"@id\":\"https:\/\/www.tempsbarcelona.com\/ca\/#\/schema\/person\/42e402d68007d6b23123a37e43aca822\",\"name\":\"Viajero\",\"image\":{\"@type\":\"ImageObject\",\"inLanguage\":\"ca\",\"@id\":\"https:\/\/www.tempsbarcelona.com\/ca\/#\/schema\/person\/image\/\",\"url\":\"https:\/\/secure.gravatar.com\/avatar\/adc63f40e2c832dac25e11feaef9ac523a32eaf25722d8b78fcb7c6603af7f85?s=96&d=mm&r=g\",\"contentUrl\":\"https:\/\/secure.gravatar.com\/avatar\/adc63f40e2c832dac25e11feaef9ac523a32eaf25722d8b78fcb7c6603af7f85?s=96&d=mm&r=g\",\"caption\":\"Viajero\"}}]}<\/script>\n<!-- \/ Yoast SEO plugin. -->","yoast_head_json":{"title":"Descobrint Porto: Vi, Arquitectura i Tradici\u00f3 - Temps Barcelona","robots":{"index":"noindex","follow":"follow","max-snippet":"max-snippet:-1","max-image-preview":"max-image-preview:large","max-video-preview":"max-video-preview:-1"},"og_locale":"ca_ES","og_type":"article","og_title":"Descobrint Porto: Vi, Arquitectura i Tradici\u00f3 - Temps Barcelona","og_description":"Situada al llarg del sinu\u00f3s riu Douro, Porto es converteix en un testimoni de la rica hist\u00f2ria de Portugal, fusionant tradicions centen\u00e0ries amb una arquitectura impressionant i, per descomptat, el mundialment conegut Vinho do Porto. Acompanyeu-nos en un viatge per aquesta ciutat encantadora, on cada carrer empedrat conta una hist\u00f2ria i cada glop de vi [&hellip;]","og_url":"https:\/\/www.tempsbarcelona.com\/ca\/descobrint-porto-vi-arquitectura-i-tradicio\/","og_site_name":"Temps Barcelona","article_published_time":"2024-03-28T11:24:00+00:00","article_modified_time":"2024-03-28T11:53:27+00:00","og_image":[{"width":1600,"height":1067,"url":"https:\/\/www.tempsbarcelona.com\/wp-content\/uploads\/2024\/03\/porto.jpg","type":"image\/jpeg"}],"author":"Viajero","twitter_card":"summary_large_image","twitter_misc":{"Escrit per":"Viajero","Temps estimat de lectura":"4 minuts"},"schema":{"@context":"https:\/\/schema.org","@graph":[{"@type":"WebPage","@id":"https:\/\/www.tempsbarcelona.com\/ca\/descobrint-porto-vi-arquitectura-i-tradicio\/","url":"https:\/\/www.tempsbarcelona.com\/ca\/descobrint-porto-vi-arquitectura-i-tradicio\/","name":"Descobrint Porto: Vi, Arquitectura i Tradici\u00f3 - Temps Barcelona","isPartOf":{"@id":"https:\/\/www.tempsbarcelona.com\/ca\/#website"},"primaryImageOfPage":{"@id":"https:\/\/www.tempsbarcelona.com\/ca\/descobrint-porto-vi-arquitectura-i-tradicio\/#primaryimage"},"image":{"@id":"https:\/\/www.tempsbarcelona.com\/ca\/descobrint-porto-vi-arquitectura-i-tradicio\/#primaryimage"},"thumbnailUrl":"https:\/\/www.tempsbarcelona.com\/wp-content\/uploads\/2024\/03\/IMG-20240403-WA00181.jpg","datePublished":"2024-03-28T11:24:00+00:00","dateModified":"2024-03-28T11:53:27+00:00","author":{"@id":"https:\/\/www.tempsbarcelona.com\/ca\/#\/schema\/person\/42e402d68007d6b23123a37e43aca822"},"breadcrumb":{"@id":"https:\/\/www.tempsbarcelona.com\/ca\/descobrint-porto-vi-arquitectura-i-tradicio\/#breadcrumb"},"inLanguage":"ca","potentialAction":[{"@type":"ReadAction","target":["https:\/\/www.tempsbarcelona.com\/ca\/descobrint-porto-vi-arquitectura-i-tradicio\/"]}]},{"@type":"ImageObject","inLanguage":"ca","@id":"https:\/\/www.tempsbarcelona.com\/ca\/descobrint-porto-vi-arquitectura-i-tradicio\/#primaryimage","url":"https:\/\/www.tempsbarcelona.com\/wp-content\/uploads\/2024\/03\/IMG-20240403-WA00181.jpg","contentUrl":"https:\/\/www.tempsbarcelona.com\/wp-content\/uploads\/2024\/03\/IMG-20240403-WA00181.jpg","width":1920,"height":1080},{"@type":"BreadcrumbList","@id":"https:\/\/www.tempsbarcelona.com\/ca\/descobrint-porto-vi-arquitectura-i-tradicio\/#breadcrumb","itemListElement":[{"@type":"ListItem","position":1,"name":"Portada","item":"https:\/\/www.tempsbarcelona.com\/ca\/temps-barcelona\/"},{"@type":"ListItem","position":2,"name":"Descobrint Porto: Vi, Arquitectura i Tradici\u00f3"}]},{"@type":"WebSite","@id":"https:\/\/www.tempsbarcelona.com\/ca\/#website","url":"https:\/\/www.tempsbarcelona.com\/ca\/","name":"Temps Barcelona","description":"","potentialAction":[{"@type":"SearchAction","target":{"@type":"EntryPoint","urlTemplate":"https:\/\/www.tempsbarcelona.com\/ca\/?s={search_term_string}"},"query-input":{"@type":"PropertyValueSpecification","valueRequired":true,"valueName":"search_term_string"}}],"inLanguage":"ca"},{"@type":"Person","@id":"https:\/\/www.tempsbarcelona.com\/ca\/#\/schema\/person\/42e402d68007d6b23123a37e43aca822","name":"Viajero","image":{"@type":"ImageObject","inLanguage":"ca","@id":"https:\/\/www.tempsbarcelona.com\/ca\/#\/schema\/person\/image\/","url":"https:\/\/secure.gravatar.com\/avatar\/adc63f40e2c832dac25e11feaef9ac523a32eaf25722d8b78fcb7c6603af7f85?s=96&d=mm&r=g","contentUrl":"https:\/\/secure.gravatar.com\/avatar\/adc63f40e2c832dac25e11feaef9ac523a32eaf25722d8b78fcb7c6603af7f85?s=96&d=mm&r=g","caption":"Viajero"}}]}},"_links":{"self":[{"href":"https:\/\/www.tempsbarcelona.com\/ca\/wp-json\/wp\/v2\/posts\/1599","targetHints":{"allow":["GET"]}}],"collection":[{"href":"https:\/\/www.tempsbarcelona.com\/ca\/wp-json\/wp\/v2\/posts"}],"about":[{"href":"https:\/\/www.tempsbarcelona.com\/ca\/wp-json\/wp\/v2\/types\/post"}],"author":[{"embeddable":true,"href":"https:\/\/www.tempsbarcelona.com\/ca\/wp-json\/wp\/v2\/users\/2"}],"replies":[{"embeddable":true,"href":"https:\/\/www.tempsbarcelona.com\/ca\/wp-json\/wp\/v2\/comments?post=1599"}],"version-history":[{"count":1,"href":"https:\/\/www.tempsbarcelona.com\/ca\/wp-json\/wp\/v2\/posts\/1599\/revisions"}],"predecessor-version":[{"id":1600,"href":"https:\/\/www.tempsbarcelona.com\/ca\/wp-json\/wp\/v2\/posts\/1599\/revisions\/1600"}],"wp:featuredmedia":[{"embeddable":true,"href":"https:\/\/www.tempsbarcelona.com\/ca\/wp-json\/wp\/v2\/media\/2553"}],"wp:attachment":[{"href":"https:\/\/www.tempsbarcelona.com\/ca\/wp-json\/wp\/v2\/media?parent=1599"}],"wp:term":[{"taxonomy":"category","embeddable":true,"href":"https:\/\/www.tempsbarcelona.com\/ca\/wp-json\/wp\/v2\/categories?post=1599"},{"taxonomy":"post_tag","embeddable":true,"href":"https:\/\/www.tempsbarcelona.com\/ca\/wp-json\/wp\/v2\/tags?post=1599"}],"curies":[{"name":"wp","href":"https:\/\/api.w.org\/{rel}","templated":true}]}}