{"id":1433,"date":"2024-03-14T10:12:10","date_gmt":"2024-03-14T10:12:10","guid":{"rendered":"https:\/\/derutasyvinos.com\/?p=1433"},"modified":"2024-03-25T09:39:06","modified_gmt":"2024-03-25T09:39:06","slug":"el-pais-basc-un-viatge-per-una-cultura-viva-i-una-natura-enlluernadora","status":"publish","type":"post","link":"https:\/\/www.tempsbarcelona.com\/ca\/el-pais-basc-un-viatge-per-una-cultura-viva-i-una-natura-enlluernadora\/","title":{"rendered":"El Pa\u00eds Basc: un viatge per una cultura viva i una natura enlluernadora"},"content":{"rendered":"<p><span style=\"vertical-align: inherit;\"><span style=\"vertical-align: inherit;\">Le Pays Basque, r\u00e9gion embl\u00e9matique entre la France et l&#8217;Espagne, s\u00e9duit les voyageurs par sa riche vie culturelle, son univers culinaire r\u00e9put\u00e9 et ses paysages impressionnants. Nous avons plong\u00e9 dans l\u2019essence de cette destination fascinante et avons d\u00e9couvert qu\u2019il s\u2019agissait d\u2019un lieu unique et fascinant.<\/span><\/span><\/p>\n<h2><span style=\"vertical-align: inherit;\"><span style=\"vertical-align: inherit;\">Un plateau de tradition et de modernit\u00e9<\/span><\/span><\/h2>\n<p><span style=\"vertical-align: inherit;\"><span style=\"vertical-align: inherit;\">Le Pays Basque est une terre o\u00f9 l&#8217;ancien et le nouveau cohabitent harmonieusement. Dans les rues pav\u00e9es des villes historiques comme Bilbao et Sant Sebasti\u00e0, nous trouvons les traces d&#8217;une histoire mill\u00e9naire, avec des \u00e9glises m\u00e9di\u00e9vales, des ch\u00e2teaux impressionnants et des traditions ancestrales qui vous font vivre. Mais le Pays Basque est aussi un bastion de modernit\u00e9, avec des centres d&#8217;art contemporain, des festivals culturels dynamiques et un panorama gastronomique \u00e0 la pointe de l&#8217;innovation.<\/span><\/span><\/p>\n<p><span style=\"vertical-align: inherit;\"><span style=\"vertical-align: inherit;\">La gastronomie basque est c\u00e9l\u00e8bre dans le monde entier et partout. Des pintxos (rubans basques) aux plateaux de fruits de mer frais, chaque \u00e0pat est une c\u00e9l\u00e9bration des saveurs et des produits locaux. Les march\u00e9s color\u00e9s regorgent de produits frais et artisanaux, offrant aux visiteurs un go\u00fbt authentique de la cuisine basque. Ne manquez pas d&#8217;essayer le fameux \u00ab polp a la gallega \u00bb ou de d\u00e9guster une txuleta grill\u00e9e dans certains des meilleurs restaurants de la r\u00e9gion.<\/span><\/span><\/p>\n<h2><span style=\"vertical-align: inherit;\"><span style=\"vertical-align: inherit;\">Un caract\u00e8re impressionnant<\/span><\/span><\/h2>\n<p><span style=\"vertical-align: inherit;\"><span style=\"vertical-align: inherit;\">Le Pays Basque poss\u00e8de une nature spectaculaire, plusieurs c\u00f4tes accident\u00e9es, des plages dor\u00e9es et des montagnes verdoyantes. Les randonneurs se retrouveront \u00e0 la recherche des pittoresques sentiers c\u00f4tiers ou des majestueuses montagnes des Pyr\u00e9n\u00e9es basques. Pour les amateurs de sports aquatiques, les plages de Biarritz et de Saint-Jean-de-Luz offrent d&#8217;excellentes conditions pour le surf, le paddle et la baignade.<\/span><\/span><\/p>\n<h2><span style=\"vertical-align: inherit;\"><span style=\"vertical-align: inherit;\">Culture vivante et tradition<\/span><\/span><\/h2>\n<p><span style=\"vertical-align: inherit;\"><span style=\"vertical-align: inherit;\">Le Pays Basque est \u00e9galement connu pour sa culture vibrante, ses nombreuses danses populaires captivantes, sa musique traditionnelle entra\u00eenante et ses festivals anim\u00e9s \u00e0 travers le monde. Les f\u00eates basques, comme les c\u00e9l\u00e8bres \u00ab F\u00eates de Bayonne \u00bb et les \u00ab F\u00eates de San Ferm\u00edn \u00bb de Pampelune, sont des \u00e9v\u00e9nements incontournables qui d\u00e9montrent l&#8217;esprit festif et la chaleureuse hospitalit\u00e9 des Basques.<\/span><\/span><\/p>\n<p><span style=\"vertical-align: inherit;\"><span style=\"vertical-align: inherit;\">Le Pays Basque est une destination qui saura vous ravir, que vous soyez amateur de culture, de gastronomie, de nature ou simplement en qu\u00eate d&#8217;aventure. Avec sa combinaison unique de tradition et de modernit\u00e9, ses paysages impressionnants et sa richesse culturelle, le Pays Basque fait r\u00eaver et chaque voyage devient une exp\u00e9rience inoubliable.<\/span><\/span><\/p>\n","protected":false},"excerpt":{"rendered":"<p>Le Pays Basque, r\u00e9gion embl\u00e9matique entre la France et l&#8217;Espagne, s\u00e9duit les voyageurs par sa riche vie culturelle, son univers culinaire r\u00e9put\u00e9 et ses paysages impressionnants. Nous avons plong\u00e9 dans l\u2019essence de cette destination fascinante et avons d\u00e9couvert qu\u2019il s\u2019agissait d\u2019un lieu unique et fascinant. Un plateau de tradition et de modernit\u00e9 Le Pays Basque [&hellip;]<\/p>\n","protected":false},"author":2,"featured_media":2577,"comment_status":"open","ping_status":"open","sticky":false,"template":"","format":"standard","meta":{"_et_pb_use_builder":"","_et_pb_old_content":"","_et_gb_content_width":"","footnotes":""},"categories":[1],"tags":[],"class_list":["post-1433","post","type-post","status-publish","format-standard","has-post-thumbnail","hentry","category-sin-categorizar"],"yoast_head":"<!-- This site is optimized with the Yoast SEO plugin v25.1 - https:\/\/yoast.com\/wordpress\/plugins\/seo\/ -->\n<title>El Pa\u00eds Basc: un viatge per una cultura viva i una natura enlluernadora - Temps Barcelona<\/title>\n<meta name=\"robots\" content=\"noindex, follow, max-snippet:-1, max-image-preview:large, max-video-preview:-1\" \/>\n<meta property=\"og:locale\" content=\"ca_ES\" \/>\n<meta property=\"og:type\" content=\"article\" \/>\n<meta property=\"og:title\" content=\"El Pa\u00eds Basc: un viatge per una cultura viva i una natura enlluernadora - Temps Barcelona\" \/>\n<meta property=\"og:description\" content=\"Le Pays Basque, r\u00e9gion embl\u00e9matique entre la France et l&#8217;Espagne, s\u00e9duit les voyageurs par sa riche vie culturelle, son univers culinaire r\u00e9put\u00e9 et ses paysages impressionnants. Nous avons plong\u00e9 dans l\u2019essence de cette destination fascinante et avons d\u00e9couvert qu\u2019il s\u2019agissait d\u2019un lieu unique et fascinant. Un plateau de tradition et de modernit\u00e9 Le Pays Basque [&hellip;]\" \/>\n<meta property=\"og:url\" content=\"https:\/\/www.tempsbarcelona.com\/ca\/el-pais-basc-un-viatge-per-una-cultura-viva-i-una-natura-enlluernadora\/\" \/>\n<meta property=\"og:site_name\" content=\"Temps Barcelona\" \/>\n<meta property=\"article:published_time\" content=\"2024-03-14T10:12:10+00:00\" \/>\n<meta property=\"article:modified_time\" content=\"2024-03-25T09:39:06+00:00\" \/>\n<meta property=\"og:image\" content=\"https:\/\/www.tempsbarcelona.com\/wp-content\/uploads\/2024\/03\/IMG-20240403-WA0040.jpg\" \/>\n\t<meta property=\"og:image:width\" content=\"1080\" \/>\n\t<meta property=\"og:image:height\" content=\"1920\" \/>\n\t<meta property=\"og:image:type\" content=\"image\/jpeg\" \/>\n<meta name=\"author\" content=\"Viajero\" \/>\n<meta name=\"twitter:card\" content=\"summary_large_image\" \/>\n<meta name=\"twitter:label1\" content=\"Escrit per\" \/>\n\t<meta name=\"twitter:data1\" content=\"Viajero\" \/>\n\t<meta name=\"twitter:label2\" content=\"Temps estimat de lectura\" \/>\n\t<meta name=\"twitter:data2\" content=\"2 minuts\" \/>\n<script type=\"application\/ld+json\" class=\"yoast-schema-graph\">{\"@context\":\"https:\/\/schema.org\",\"@graph\":[{\"@type\":\"WebPage\",\"@id\":\"https:\/\/www.tempsbarcelona.com\/ca\/el-pais-basc-un-viatge-per-una-cultura-viva-i-una-natura-enlluernadora\/\",\"url\":\"https:\/\/www.tempsbarcelona.com\/ca\/el-pais-basc-un-viatge-per-una-cultura-viva-i-una-natura-enlluernadora\/\",\"name\":\"El Pa\u00eds Basc: un viatge per una cultura viva i una natura enlluernadora - Temps Barcelona\",\"isPartOf\":{\"@id\":\"https:\/\/www.tempsbarcelona.com\/ca\/#website\"},\"primaryImageOfPage\":{\"@id\":\"https:\/\/www.tempsbarcelona.com\/ca\/el-pais-basc-un-viatge-per-una-cultura-viva-i-una-natura-enlluernadora\/#primaryimage\"},\"image\":{\"@id\":\"https:\/\/www.tempsbarcelona.com\/ca\/el-pais-basc-un-viatge-per-una-cultura-viva-i-una-natura-enlluernadora\/#primaryimage\"},\"thumbnailUrl\":\"https:\/\/www.tempsbarcelona.com\/wp-content\/uploads\/2024\/03\/IMG-20240403-WA0040.jpg\",\"datePublished\":\"2024-03-14T10:12:10+00:00\",\"dateModified\":\"2024-03-25T09:39:06+00:00\",\"author\":{\"@id\":\"https:\/\/www.tempsbarcelona.com\/ca\/#\/schema\/person\/42e402d68007d6b23123a37e43aca822\"},\"breadcrumb\":{\"@id\":\"https:\/\/www.tempsbarcelona.com\/ca\/el-pais-basc-un-viatge-per-una-cultura-viva-i-una-natura-enlluernadora\/#breadcrumb\"},\"inLanguage\":\"ca\",\"potentialAction\":[{\"@type\":\"ReadAction\",\"target\":[\"https:\/\/www.tempsbarcelona.com\/ca\/el-pais-basc-un-viatge-per-una-cultura-viva-i-una-natura-enlluernadora\/\"]}]},{\"@type\":\"ImageObject\",\"inLanguage\":\"ca\",\"@id\":\"https:\/\/www.tempsbarcelona.com\/ca\/el-pais-basc-un-viatge-per-una-cultura-viva-i-una-natura-enlluernadora\/#primaryimage\",\"url\":\"https:\/\/www.tempsbarcelona.com\/wp-content\/uploads\/2024\/03\/IMG-20240403-WA0040.jpg\",\"contentUrl\":\"https:\/\/www.tempsbarcelona.com\/wp-content\/uploads\/2024\/03\/IMG-20240403-WA0040.jpg\",\"width\":1080,\"height\":1920},{\"@type\":\"BreadcrumbList\",\"@id\":\"https:\/\/www.tempsbarcelona.com\/ca\/el-pais-basc-un-viatge-per-una-cultura-viva-i-una-natura-enlluernadora\/#breadcrumb\",\"itemListElement\":[{\"@type\":\"ListItem\",\"position\":1,\"name\":\"Portada\",\"item\":\"https:\/\/www.tempsbarcelona.com\/ca\/temps-barcelona\/\"},{\"@type\":\"ListItem\",\"position\":2,\"name\":\"El Pa\u00eds Basc: un viatge per una cultura viva i una natura enlluernadora\"}]},{\"@type\":\"WebSite\",\"@id\":\"https:\/\/www.tempsbarcelona.com\/ca\/#website\",\"url\":\"https:\/\/www.tempsbarcelona.com\/ca\/\",\"name\":\"Temps Barcelona\",\"description\":\"\",\"potentialAction\":[{\"@type\":\"SearchAction\",\"target\":{\"@type\":\"EntryPoint\",\"urlTemplate\":\"https:\/\/www.tempsbarcelona.com\/ca\/?s={search_term_string}\"},\"query-input\":{\"@type\":\"PropertyValueSpecification\",\"valueRequired\":true,\"valueName\":\"search_term_string\"}}],\"inLanguage\":\"ca\"},{\"@type\":\"Person\",\"@id\":\"https:\/\/www.tempsbarcelona.com\/ca\/#\/schema\/person\/42e402d68007d6b23123a37e43aca822\",\"name\":\"Viajero\",\"image\":{\"@type\":\"ImageObject\",\"inLanguage\":\"ca\",\"@id\":\"https:\/\/www.tempsbarcelona.com\/ca\/#\/schema\/person\/image\/\",\"url\":\"https:\/\/secure.gravatar.com\/avatar\/adc63f40e2c832dac25e11feaef9ac523a32eaf25722d8b78fcb7c6603af7f85?s=96&d=mm&r=g\",\"contentUrl\":\"https:\/\/secure.gravatar.com\/avatar\/adc63f40e2c832dac25e11feaef9ac523a32eaf25722d8b78fcb7c6603af7f85?s=96&d=mm&r=g\",\"caption\":\"Viajero\"}}]}<\/script>\n<!-- \/ Yoast SEO plugin. -->","yoast_head_json":{"title":"El Pa\u00eds Basc: un viatge per una cultura viva i una natura enlluernadora - Temps Barcelona","robots":{"index":"noindex","follow":"follow","max-snippet":"max-snippet:-1","max-image-preview":"max-image-preview:large","max-video-preview":"max-video-preview:-1"},"og_locale":"ca_ES","og_type":"article","og_title":"El Pa\u00eds Basc: un viatge per una cultura viva i una natura enlluernadora - Temps Barcelona","og_description":"Le Pays Basque, r\u00e9gion embl\u00e9matique entre la France et l&#8217;Espagne, s\u00e9duit les voyageurs par sa riche vie culturelle, son univers culinaire r\u00e9put\u00e9 et ses paysages impressionnants. Nous avons plong\u00e9 dans l\u2019essence de cette destination fascinante et avons d\u00e9couvert qu\u2019il s\u2019agissait d\u2019un lieu unique et fascinant. Un plateau de tradition et de modernit\u00e9 Le Pays Basque [&hellip;]","og_url":"https:\/\/www.tempsbarcelona.com\/ca\/el-pais-basc-un-viatge-per-una-cultura-viva-i-una-natura-enlluernadora\/","og_site_name":"Temps Barcelona","article_published_time":"2024-03-14T10:12:10+00:00","article_modified_time":"2024-03-25T09:39:06+00:00","og_image":[{"width":1080,"height":1920,"url":"https:\/\/www.tempsbarcelona.com\/wp-content\/uploads\/2024\/03\/IMG-20240403-WA0040.jpg","type":"image\/jpeg"}],"author":"Viajero","twitter_card":"summary_large_image","twitter_misc":{"Escrit per":"Viajero","Temps estimat de lectura":"2 minuts"},"schema":{"@context":"https:\/\/schema.org","@graph":[{"@type":"WebPage","@id":"https:\/\/www.tempsbarcelona.com\/ca\/el-pais-basc-un-viatge-per-una-cultura-viva-i-una-natura-enlluernadora\/","url":"https:\/\/www.tempsbarcelona.com\/ca\/el-pais-basc-un-viatge-per-una-cultura-viva-i-una-natura-enlluernadora\/","name":"El Pa\u00eds Basc: un viatge per una cultura viva i una natura enlluernadora - Temps Barcelona","isPartOf":{"@id":"https:\/\/www.tempsbarcelona.com\/ca\/#website"},"primaryImageOfPage":{"@id":"https:\/\/www.tempsbarcelona.com\/ca\/el-pais-basc-un-viatge-per-una-cultura-viva-i-una-natura-enlluernadora\/#primaryimage"},"image":{"@id":"https:\/\/www.tempsbarcelona.com\/ca\/el-pais-basc-un-viatge-per-una-cultura-viva-i-una-natura-enlluernadora\/#primaryimage"},"thumbnailUrl":"https:\/\/www.tempsbarcelona.com\/wp-content\/uploads\/2024\/03\/IMG-20240403-WA0040.jpg","datePublished":"2024-03-14T10:12:10+00:00","dateModified":"2024-03-25T09:39:06+00:00","author":{"@id":"https:\/\/www.tempsbarcelona.com\/ca\/#\/schema\/person\/42e402d68007d6b23123a37e43aca822"},"breadcrumb":{"@id":"https:\/\/www.tempsbarcelona.com\/ca\/el-pais-basc-un-viatge-per-una-cultura-viva-i-una-natura-enlluernadora\/#breadcrumb"},"inLanguage":"ca","potentialAction":[{"@type":"ReadAction","target":["https:\/\/www.tempsbarcelona.com\/ca\/el-pais-basc-un-viatge-per-una-cultura-viva-i-una-natura-enlluernadora\/"]}]},{"@type":"ImageObject","inLanguage":"ca","@id":"https:\/\/www.tempsbarcelona.com\/ca\/el-pais-basc-un-viatge-per-una-cultura-viva-i-una-natura-enlluernadora\/#primaryimage","url":"https:\/\/www.tempsbarcelona.com\/wp-content\/uploads\/2024\/03\/IMG-20240403-WA0040.jpg","contentUrl":"https:\/\/www.tempsbarcelona.com\/wp-content\/uploads\/2024\/03\/IMG-20240403-WA0040.jpg","width":1080,"height":1920},{"@type":"BreadcrumbList","@id":"https:\/\/www.tempsbarcelona.com\/ca\/el-pais-basc-un-viatge-per-una-cultura-viva-i-una-natura-enlluernadora\/#breadcrumb","itemListElement":[{"@type":"ListItem","position":1,"name":"Portada","item":"https:\/\/www.tempsbarcelona.com\/ca\/temps-barcelona\/"},{"@type":"ListItem","position":2,"name":"El Pa\u00eds Basc: un viatge per una cultura viva i una natura enlluernadora"}]},{"@type":"WebSite","@id":"https:\/\/www.tempsbarcelona.com\/ca\/#website","url":"https:\/\/www.tempsbarcelona.com\/ca\/","name":"Temps Barcelona","description":"","potentialAction":[{"@type":"SearchAction","target":{"@type":"EntryPoint","urlTemplate":"https:\/\/www.tempsbarcelona.com\/ca\/?s={search_term_string}"},"query-input":{"@type":"PropertyValueSpecification","valueRequired":true,"valueName":"search_term_string"}}],"inLanguage":"ca"},{"@type":"Person","@id":"https:\/\/www.tempsbarcelona.com\/ca\/#\/schema\/person\/42e402d68007d6b23123a37e43aca822","name":"Viajero","image":{"@type":"ImageObject","inLanguage":"ca","@id":"https:\/\/www.tempsbarcelona.com\/ca\/#\/schema\/person\/image\/","url":"https:\/\/secure.gravatar.com\/avatar\/adc63f40e2c832dac25e11feaef9ac523a32eaf25722d8b78fcb7c6603af7f85?s=96&d=mm&r=g","contentUrl":"https:\/\/secure.gravatar.com\/avatar\/adc63f40e2c832dac25e11feaef9ac523a32eaf25722d8b78fcb7c6603af7f85?s=96&d=mm&r=g","caption":"Viajero"}}]}},"_links":{"self":[{"href":"https:\/\/www.tempsbarcelona.com\/ca\/wp-json\/wp\/v2\/posts\/1433","targetHints":{"allow":["GET"]}}],"collection":[{"href":"https:\/\/www.tempsbarcelona.com\/ca\/wp-json\/wp\/v2\/posts"}],"about":[{"href":"https:\/\/www.tempsbarcelona.com\/ca\/wp-json\/wp\/v2\/types\/post"}],"author":[{"embeddable":true,"href":"https:\/\/www.tempsbarcelona.com\/ca\/wp-json\/wp\/v2\/users\/2"}],"replies":[{"embeddable":true,"href":"https:\/\/www.tempsbarcelona.com\/ca\/wp-json\/wp\/v2\/comments?post=1433"}],"version-history":[{"count":2,"href":"https:\/\/www.tempsbarcelona.com\/ca\/wp-json\/wp\/v2\/posts\/1433\/revisions"}],"predecessor-version":[{"id":1490,"href":"https:\/\/www.tempsbarcelona.com\/ca\/wp-json\/wp\/v2\/posts\/1433\/revisions\/1490"}],"wp:featuredmedia":[{"embeddable":true,"href":"https:\/\/www.tempsbarcelona.com\/ca\/wp-json\/wp\/v2\/media\/2577"}],"wp:attachment":[{"href":"https:\/\/www.tempsbarcelona.com\/ca\/wp-json\/wp\/v2\/media?parent=1433"}],"wp:term":[{"taxonomy":"category","embeddable":true,"href":"https:\/\/www.tempsbarcelona.com\/ca\/wp-json\/wp\/v2\/categories?post=1433"},{"taxonomy":"post_tag","embeddable":true,"href":"https:\/\/www.tempsbarcelona.com\/ca\/wp-json\/wp\/v2\/tags?post=1433"}],"curies":[{"name":"wp","href":"https:\/\/api.w.org\/{rel}","templated":true}]}}