{"id":1024,"date":"2024-02-26T09:40:21","date_gmt":"2024-02-26T09:40:21","guid":{"rendered":"https:\/\/derutasyvinos.com\/?p=1024"},"modified":"2024-03-05T10:31:13","modified_gmt":"2024-03-05T10:31:13","slug":"descobreix-el-monestir-de-poblet","status":"publish","type":"post","link":"https:\/\/www.tempsbarcelona.com\/ca\/descobreix-el-monestir-de-poblet\/","title":{"rendered":"Descobreix el monestir de Poblet"},"content":{"rendered":"<p>Benvinguts al cor espiritual del Priorat, on es troben hist\u00f2ria, serenitat, arquitectura majestuosa i exquisida gastronomia: el Monestir de Poblet. Enclavat als peus de les muntanyes i envoltat de vinyes verdes, aquest lloc emblem\u00e0tic transporta el visitant a una \u00e8poca en qu\u00e8 el temps semblava aturat.<\/p>\n<h2>Hist\u00f2ria i espiritualitat<\/h2>\n<p>El monestir de Poblet t\u00e9 una rica hist\u00f2ria que es remunta a m\u00e9s de 800 anys. Fundat al segle XII, va ser l&#8217;etern lloc de descans de reis i nobles. Passejant pels seus claustres, capelles i sales sagrades, hom sent una profunda connexi\u00f3 amb el passat, una immersi\u00f3 en l&#8217;espiritualitat que impregna cada pedra del monestir.<\/p>\n<h2>Arquitectura impressionant<\/h2>\n<p>L&#8217;arquitectura del monestir de Poblet \u00e9s una obra mestra del g\u00f2tic que desperta admiraci\u00f3. Els elegants arcs, els detalls tallats i les impressionants voltes demostren l&#8217;habilitat dels artesans medievals. Cada rac\u00f3 del monestir explica una hist\u00f2ria, captivant la imaginaci\u00f3 dels visitants amb la seva bellesa atemporal.<\/p>\n<h2>vida mon\u00e0stica<\/h2>\n<p>El monestir continua acollint una comunitat cistercenca. Els visitants poden experimentar la vida mon\u00e0stica fent visites guiades. L&#8217;atmosfera tranquil\u00b7la i la senzillesa de la vida quotidiana dels monjos ofereixen un descans benvingut de l&#8217;enrenou de la vida moderna.<\/p>\n<h2>Jardins i vinyes<\/h2>\n<p>Els tranquils jardins que envolten el monestir s\u00f3n un lloc ideal per a la contemplaci\u00f3. Camins tranquils condueixen a racons a\u00efllats on meditar en pau. Les vinyes dels voltants aporten un toc de m\u00e0gia a l&#8217;estaci\u00f3, creant un ambient \u00fanic on l&#8217;espiritualitat i la natura s&#8217;uneixen.<\/p>\n<h2>Divina gastronomia<\/h2>\n<p>Una visita al Monestir de Poblet no estaria completa sense assaborir la divina gastronomia que caracteritza aquesta excepcional regi\u00f3 vin\u00edcola. Els restaurants locals, sovint dirigits per xefs apassionats, ofereixen aut\u00e8ntica cuina catalana. Els plats elaborats amb productes de proximitat, acompanyats dels millors vins del Priorat, ofereixen una experi\u00e8ncia culin\u00e0ria inoblidable.<\/p>\n<h2>Actes culturals<\/h2>\n<p>El monestir de Poblet no \u00e9s nom\u00e9s un lloc de preg\u00e0ria, sin\u00f3 tamb\u00e9 l&#8217;escenari d&#8217;una gran varietat d&#8217;actes culturals al llarg de l&#8217;any. Des de concerts de m\u00fasica sacra fins a exposicions d&#8217;art, cada esdeveniment afegeix una nova dimensi\u00f3 a l&#8217;experi\u00e8ncia del monestir.<\/p>\n<p>Per arribar a aquest santuari espiritual i gastron\u00f2mic, seguiu la pintoresca carretera que serpenteja pels turons del Priorat. Un cop all\u00e0, submergeix-te en la m\u00e0gia del monestir de Poblet.<br \/>\nEl Monestir de Poblet ofereix molt m\u00e9s que una visita tur\u00edstica. \u00c9s una immersi\u00f3 en la hist\u00f2ria, l&#8217;espiritualitat, la bellesa atemporal i una experi\u00e8ncia gastron\u00f2mica que eleva el paladar. Si busqueu una experi\u00e8ncia que nodreixi l&#8217;\u00e0nima i les papil\u00b7les gustatives, no busqueu m\u00e9s que aquest tresor del Priorat.<\/p>\n","protected":false},"excerpt":{"rendered":"<p>Benvinguts al cor espiritual del Priorat, on es troben hist\u00f2ria, serenitat, arquitectura majestuosa i exquisida gastronomia: el Monestir de Poblet. Enclavat als peus de les muntanyes i envoltat de vinyes verdes, aquest lloc emblem\u00e0tic transporta el visitant a una \u00e8poca en qu\u00e8 el temps semblava aturat. Hist\u00f2ria i espiritualitat El monestir de Poblet t\u00e9 una [&hellip;]<\/p>\n","protected":false},"author":2,"featured_media":698,"comment_status":"open","ping_status":"open","sticky":false,"template":"","format":"standard","meta":{"_et_pb_use_builder":"off","_et_pb_old_content":"","_et_gb_content_width":"","footnotes":""},"categories":[1],"tags":[],"class_list":["post-1024","post","type-post","status-publish","format-standard","has-post-thumbnail","hentry","category-sin-categorizar"],"yoast_head":"<!-- This site is optimized with the Yoast SEO plugin v25.1 - https:\/\/yoast.com\/wordpress\/plugins\/seo\/ -->\n<title>Descobreix el monestir de Poblet - Temps Barcelona<\/title>\n<meta name=\"robots\" content=\"noindex, follow, max-snippet:-1, max-image-preview:large, max-video-preview:-1\" \/>\n<meta property=\"og:locale\" content=\"ca_ES\" \/>\n<meta property=\"og:type\" content=\"article\" \/>\n<meta property=\"og:title\" content=\"Descobreix el monestir de Poblet - Temps Barcelona\" \/>\n<meta property=\"og:description\" content=\"Benvinguts al cor espiritual del Priorat, on es troben hist\u00f2ria, serenitat, arquitectura majestuosa i exquisida gastronomia: el Monestir de Poblet. Enclavat als peus de les muntanyes i envoltat de vinyes verdes, aquest lloc emblem\u00e0tic transporta el visitant a una \u00e8poca en qu\u00e8 el temps semblava aturat. Hist\u00f2ria i espiritualitat El monestir de Poblet t\u00e9 una [&hellip;]\" \/>\n<meta property=\"og:url\" content=\"https:\/\/www.tempsbarcelona.com\/ca\/descobreix-el-monestir-de-poblet\/\" \/>\n<meta property=\"og:site_name\" content=\"Temps Barcelona\" \/>\n<meta property=\"article:published_time\" content=\"2024-02-26T09:40:21+00:00\" \/>\n<meta property=\"article:modified_time\" content=\"2024-03-05T10:31:13+00:00\" \/>\n<meta property=\"og:image\" content=\"https:\/\/www.tempsbarcelona.com\/wp-content\/uploads\/2024\/02\/Screenshot-2024-02-26-10.39.44.png\" \/>\n\t<meta property=\"og:image:width\" content=\"634\" \/>\n\t<meta property=\"og:image:height\" content=\"446\" \/>\n\t<meta property=\"og:image:type\" content=\"image\/png\" \/>\n<meta name=\"author\" content=\"Viajero\" \/>\n<meta name=\"twitter:card\" content=\"summary_large_image\" \/>\n<meta name=\"twitter:label1\" content=\"Escrit per\" \/>\n\t<meta name=\"twitter:data1\" content=\"Viajero\" \/>\n\t<meta name=\"twitter:label2\" content=\"Temps estimat de lectura\" \/>\n\t<meta name=\"twitter:data2\" content=\"2 minuts\" \/>\n<script type=\"application\/ld+json\" class=\"yoast-schema-graph\">{\"@context\":\"https:\/\/schema.org\",\"@graph\":[{\"@type\":\"WebPage\",\"@id\":\"https:\/\/www.tempsbarcelona.com\/ca\/descobreix-el-monestir-de-poblet\/\",\"url\":\"https:\/\/www.tempsbarcelona.com\/ca\/descobreix-el-monestir-de-poblet\/\",\"name\":\"Descobreix el monestir de Poblet - Temps Barcelona\",\"isPartOf\":{\"@id\":\"https:\/\/www.tempsbarcelona.com\/ca\/#website\"},\"primaryImageOfPage\":{\"@id\":\"https:\/\/www.tempsbarcelona.com\/ca\/descobreix-el-monestir-de-poblet\/#primaryimage\"},\"image\":{\"@id\":\"https:\/\/www.tempsbarcelona.com\/ca\/descobreix-el-monestir-de-poblet\/#primaryimage\"},\"thumbnailUrl\":\"https:\/\/www.tempsbarcelona.com\/wp-content\/uploads\/2024\/02\/Screenshot-2024-02-26-10.39.44.png\",\"datePublished\":\"2024-02-26T09:40:21+00:00\",\"dateModified\":\"2024-03-05T10:31:13+00:00\",\"author\":{\"@id\":\"https:\/\/www.tempsbarcelona.com\/ca\/#\/schema\/person\/42e402d68007d6b23123a37e43aca822\"},\"breadcrumb\":{\"@id\":\"https:\/\/www.tempsbarcelona.com\/ca\/descobreix-el-monestir-de-poblet\/#breadcrumb\"},\"inLanguage\":\"ca\",\"potentialAction\":[{\"@type\":\"ReadAction\",\"target\":[\"https:\/\/www.tempsbarcelona.com\/ca\/descobreix-el-monestir-de-poblet\/\"]}]},{\"@type\":\"ImageObject\",\"inLanguage\":\"ca\",\"@id\":\"https:\/\/www.tempsbarcelona.com\/ca\/descobreix-el-monestir-de-poblet\/#primaryimage\",\"url\":\"https:\/\/www.tempsbarcelona.com\/wp-content\/uploads\/2024\/02\/Screenshot-2024-02-26-10.39.44.png\",\"contentUrl\":\"https:\/\/www.tempsbarcelona.com\/wp-content\/uploads\/2024\/02\/Screenshot-2024-02-26-10.39.44.png\",\"width\":634,\"height\":446},{\"@type\":\"BreadcrumbList\",\"@id\":\"https:\/\/www.tempsbarcelona.com\/ca\/descobreix-el-monestir-de-poblet\/#breadcrumb\",\"itemListElement\":[{\"@type\":\"ListItem\",\"position\":1,\"name\":\"Portada\",\"item\":\"https:\/\/www.tempsbarcelona.com\/ca\/temps-barcelona\/\"},{\"@type\":\"ListItem\",\"position\":2,\"name\":\"Descobreix el monestir de Poblet\"}]},{\"@type\":\"WebSite\",\"@id\":\"https:\/\/www.tempsbarcelona.com\/ca\/#website\",\"url\":\"https:\/\/www.tempsbarcelona.com\/ca\/\",\"name\":\"Temps Barcelona\",\"description\":\"\",\"potentialAction\":[{\"@type\":\"SearchAction\",\"target\":{\"@type\":\"EntryPoint\",\"urlTemplate\":\"https:\/\/www.tempsbarcelona.com\/ca\/?s={search_term_string}\"},\"query-input\":{\"@type\":\"PropertyValueSpecification\",\"valueRequired\":true,\"valueName\":\"search_term_string\"}}],\"inLanguage\":\"ca\"},{\"@type\":\"Person\",\"@id\":\"https:\/\/www.tempsbarcelona.com\/ca\/#\/schema\/person\/42e402d68007d6b23123a37e43aca822\",\"name\":\"Viajero\",\"image\":{\"@type\":\"ImageObject\",\"inLanguage\":\"ca\",\"@id\":\"https:\/\/www.tempsbarcelona.com\/ca\/#\/schema\/person\/image\/\",\"url\":\"https:\/\/secure.gravatar.com\/avatar\/adc63f40e2c832dac25e11feaef9ac523a32eaf25722d8b78fcb7c6603af7f85?s=96&d=mm&r=g\",\"contentUrl\":\"https:\/\/secure.gravatar.com\/avatar\/adc63f40e2c832dac25e11feaef9ac523a32eaf25722d8b78fcb7c6603af7f85?s=96&d=mm&r=g\",\"caption\":\"Viajero\"}}]}<\/script>\n<!-- \/ Yoast SEO plugin. -->","yoast_head_json":{"title":"Descobreix el monestir de Poblet - Temps Barcelona","robots":{"index":"noindex","follow":"follow","max-snippet":"max-snippet:-1","max-image-preview":"max-image-preview:large","max-video-preview":"max-video-preview:-1"},"og_locale":"ca_ES","og_type":"article","og_title":"Descobreix el monestir de Poblet - Temps Barcelona","og_description":"Benvinguts al cor espiritual del Priorat, on es troben hist\u00f2ria, serenitat, arquitectura majestuosa i exquisida gastronomia: el Monestir de Poblet. Enclavat als peus de les muntanyes i envoltat de vinyes verdes, aquest lloc emblem\u00e0tic transporta el visitant a una \u00e8poca en qu\u00e8 el temps semblava aturat. Hist\u00f2ria i espiritualitat El monestir de Poblet t\u00e9 una [&hellip;]","og_url":"https:\/\/www.tempsbarcelona.com\/ca\/descobreix-el-monestir-de-poblet\/","og_site_name":"Temps Barcelona","article_published_time":"2024-02-26T09:40:21+00:00","article_modified_time":"2024-03-05T10:31:13+00:00","og_image":[{"width":634,"height":446,"url":"https:\/\/www.tempsbarcelona.com\/wp-content\/uploads\/2024\/02\/Screenshot-2024-02-26-10.39.44.png","type":"image\/png"}],"author":"Viajero","twitter_card":"summary_large_image","twitter_misc":{"Escrit per":"Viajero","Temps estimat de lectura":"2 minuts"},"schema":{"@context":"https:\/\/schema.org","@graph":[{"@type":"WebPage","@id":"https:\/\/www.tempsbarcelona.com\/ca\/descobreix-el-monestir-de-poblet\/","url":"https:\/\/www.tempsbarcelona.com\/ca\/descobreix-el-monestir-de-poblet\/","name":"Descobreix el monestir de Poblet - Temps Barcelona","isPartOf":{"@id":"https:\/\/www.tempsbarcelona.com\/ca\/#website"},"primaryImageOfPage":{"@id":"https:\/\/www.tempsbarcelona.com\/ca\/descobreix-el-monestir-de-poblet\/#primaryimage"},"image":{"@id":"https:\/\/www.tempsbarcelona.com\/ca\/descobreix-el-monestir-de-poblet\/#primaryimage"},"thumbnailUrl":"https:\/\/www.tempsbarcelona.com\/wp-content\/uploads\/2024\/02\/Screenshot-2024-02-26-10.39.44.png","datePublished":"2024-02-26T09:40:21+00:00","dateModified":"2024-03-05T10:31:13+00:00","author":{"@id":"https:\/\/www.tempsbarcelona.com\/ca\/#\/schema\/person\/42e402d68007d6b23123a37e43aca822"},"breadcrumb":{"@id":"https:\/\/www.tempsbarcelona.com\/ca\/descobreix-el-monestir-de-poblet\/#breadcrumb"},"inLanguage":"ca","potentialAction":[{"@type":"ReadAction","target":["https:\/\/www.tempsbarcelona.com\/ca\/descobreix-el-monestir-de-poblet\/"]}]},{"@type":"ImageObject","inLanguage":"ca","@id":"https:\/\/www.tempsbarcelona.com\/ca\/descobreix-el-monestir-de-poblet\/#primaryimage","url":"https:\/\/www.tempsbarcelona.com\/wp-content\/uploads\/2024\/02\/Screenshot-2024-02-26-10.39.44.png","contentUrl":"https:\/\/www.tempsbarcelona.com\/wp-content\/uploads\/2024\/02\/Screenshot-2024-02-26-10.39.44.png","width":634,"height":446},{"@type":"BreadcrumbList","@id":"https:\/\/www.tempsbarcelona.com\/ca\/descobreix-el-monestir-de-poblet\/#breadcrumb","itemListElement":[{"@type":"ListItem","position":1,"name":"Portada","item":"https:\/\/www.tempsbarcelona.com\/ca\/temps-barcelona\/"},{"@type":"ListItem","position":2,"name":"Descobreix el monestir de Poblet"}]},{"@type":"WebSite","@id":"https:\/\/www.tempsbarcelona.com\/ca\/#website","url":"https:\/\/www.tempsbarcelona.com\/ca\/","name":"Temps Barcelona","description":"","potentialAction":[{"@type":"SearchAction","target":{"@type":"EntryPoint","urlTemplate":"https:\/\/www.tempsbarcelona.com\/ca\/?s={search_term_string}"},"query-input":{"@type":"PropertyValueSpecification","valueRequired":true,"valueName":"search_term_string"}}],"inLanguage":"ca"},{"@type":"Person","@id":"https:\/\/www.tempsbarcelona.com\/ca\/#\/schema\/person\/42e402d68007d6b23123a37e43aca822","name":"Viajero","image":{"@type":"ImageObject","inLanguage":"ca","@id":"https:\/\/www.tempsbarcelona.com\/ca\/#\/schema\/person\/image\/","url":"https:\/\/secure.gravatar.com\/avatar\/adc63f40e2c832dac25e11feaef9ac523a32eaf25722d8b78fcb7c6603af7f85?s=96&d=mm&r=g","contentUrl":"https:\/\/secure.gravatar.com\/avatar\/adc63f40e2c832dac25e11feaef9ac523a32eaf25722d8b78fcb7c6603af7f85?s=96&d=mm&r=g","caption":"Viajero"}}]}},"_links":{"self":[{"href":"https:\/\/www.tempsbarcelona.com\/ca\/wp-json\/wp\/v2\/posts\/1024","targetHints":{"allow":["GET"]}}],"collection":[{"href":"https:\/\/www.tempsbarcelona.com\/ca\/wp-json\/wp\/v2\/posts"}],"about":[{"href":"https:\/\/www.tempsbarcelona.com\/ca\/wp-json\/wp\/v2\/types\/post"}],"author":[{"embeddable":true,"href":"https:\/\/www.tempsbarcelona.com\/ca\/wp-json\/wp\/v2\/users\/2"}],"replies":[{"embeddable":true,"href":"https:\/\/www.tempsbarcelona.com\/ca\/wp-json\/wp\/v2\/comments?post=1024"}],"version-history":[{"count":1,"href":"https:\/\/www.tempsbarcelona.com\/ca\/wp-json\/wp\/v2\/posts\/1024\/revisions"}],"predecessor-version":[{"id":1025,"href":"https:\/\/www.tempsbarcelona.com\/ca\/wp-json\/wp\/v2\/posts\/1024\/revisions\/1025"}],"wp:featuredmedia":[{"embeddable":true,"href":"https:\/\/www.tempsbarcelona.com\/ca\/wp-json\/wp\/v2\/media\/698"}],"wp:attachment":[{"href":"https:\/\/www.tempsbarcelona.com\/ca\/wp-json\/wp\/v2\/media?parent=1024"}],"wp:term":[{"taxonomy":"category","embeddable":true,"href":"https:\/\/www.tempsbarcelona.com\/ca\/wp-json\/wp\/v2\/categories?post=1024"},{"taxonomy":"post_tag","embeddable":true,"href":"https:\/\/www.tempsbarcelona.com\/ca\/wp-json\/wp\/v2\/tags?post=1024"}],"curies":[{"name":"wp","href":"https:\/\/api.w.org\/{rel}","templated":true}]}}